{"id":8480,"date":"2026-05-01T02:03:44","date_gmt":"2026-05-01T09:03:44","guid":{"rendered":"https:\/\/buenosdiasbcs.com\/?p=8480"},"modified":"2026-05-01T02:03:56","modified_gmt":"2026-05-01T09:03:56","slug":"baja-california-sur-la-pelea-por-el-poder-sofia-garcia","status":"publish","type":"post","link":"https:\/\/buenosdiasbcs.com\/?p=8480","title":{"rendered":"Baja California Sur: la pelea por el poder \/ Sof\u00eda Garcia"},"content":{"rendered":"\n<h2 class=\"wp-block-heading\" id=\"h-lo-que-esta-en-juego-no-se-definira-unicamente-en-las-mesas-donde-se-reparten-candidaturas-pesara-quien-logre-construir-respaldo-territorial-quien-conecte-con-la-gente-y-quien-sea-capaz-de-sostener-su-proyecto-mas-alla-de-los-acuerdos-internos\">Lo que est\u00e1 en juego no se definir\u00e1 \u00fanicamente en las mesas donde se reparten candidaturas. Pesar\u00e1 qui\u00e9n logre construir respaldo territorial, qui\u00e9n conecte con la gente y qui\u00e9n sea capaz de sostener su proyecto m\u00e1s all\u00e1 de los acuerdos internos<a href=\"https:\/\/web.whatsapp.com\/send?text=Baja%20California%20Sur:%20la%20pelea%20por%20el%20poder%20eLo%20que%20est%C3%A1%20en%20juego%20no%20se%20definir%C3%A1%20%C3%BAnicamente%20en%20las%20mesas%20donde%20se%20reparten%20candidaturas.%20Pesar%C3%A1%20qui%C3%A9n%20logre%20construir%20respaldo%20territorial,%20qui%C3%A9n%20conecte%20con%20la%20gente%20y%20qui%C3%A9n%20sea%20capaz%20de%20sostener%20su%20proyecto%20m%C3%A1s%20all%C3%A1%20de%20los%20acuerdos%20internos%20https:\/\/heraldodemexico.com.mx\/opinion\/2026\/4\/30\/baja-california-sur-la-pelea-por-el-poder-804686.html\" target=\"_blank\" rel=\"noreferrer noopener\"><\/a><\/h2>\n\n\n\n<p class=\"has-drop-cap\">En pleno proceso interno de los partidos para definir candidaturas rumbo a las<strong>&nbsp;17 gubernaturas<\/strong>&nbsp;que estar\u00e1n en juego,&nbsp;<strong>Baja California Sur<\/strong>&nbsp;ya perfila una contienda marcada por dos rutas principalmente:&nbsp;<strong>Milena Quiroga Romero y Christian Ag\u00fandez G\u00f3mez.<\/strong><\/p>\n\n\n\n<p>De un lado est\u00e1&nbsp;<strong>Milena Quiroga,&nbsp;presidenta municipal reelecta en La Paz<\/strong>&nbsp;y exdiputada local, con un perfil construido desde la administraci\u00f3n p\u00fablica y sin una estructura familiar detr\u00e1s. Su principal activo ha sido la gesti\u00f3n, particularmente en el<strong>&nbsp;tema del agua,<\/strong>&nbsp;donde ha logrado avances que le han dado estabilidad pol\u00edtica en la capital. A eso se suma que es bien vista desde&nbsp;<strong>Palacio Nacional,<\/strong>&nbsp;un factor que pesa en un proceso que se anticipa complejo, tanto en el estado como en el resto de las entidades que se renovar\u00e1n.<\/p>\n\n\n\n<p>Del otro lado est\u00e1&nbsp;<strong>Christian Ag\u00fandez, presidente municipal de Los Cabos,&nbsp;<\/strong>con una trayectoria pol\u00edtica distinta. Su proyecto no se entiende sin el apellido ni sin la permanencia de su grupo en el poder en ese municipio.<strong>&nbsp;Hijo del exgobernador Narciso Ag\u00fandez Monta\u00f1o,<\/strong>&nbsp;ha crecido arropado por una estructura que lleva a\u00f1os operando y que se ha mantenido vigente en distintas posiciones, incluso dentro del propio cabildo.<\/p>\n\n\n\n<p>Su avance tambi\u00e9n se ha sostenido en sectores que han tomado distancia del&nbsp;<strong>gobernador V\u00edctor Castro,&nbsp;<\/strong>adem\u00e1s del respaldo de aliados como el&nbsp;PT,&nbsp;que si bien ha expresado su intenci\u00f3n de ir en alianza con Morena en Baja California Sur, tambi\u00e9n ha dejado claro que busca&nbsp;<strong>impulsarlo como su&nbsp;carta&nbsp;para la gubernatura.<\/strong><\/p>\n\n\n\n<p>Los Cabos, su principal basti\u00f3n, enfrenta problemas relevantes: crecimiento desbordado, presi\u00f3n sobre los servicios b\u00e1sicos, rezagos en el abasto de agua potable, conflictos por la tierra y colonias que se expanden sin orden, muchas de ellas en condiciones precarias y entre acumulaci\u00f3n de basura. Son&nbsp;<strong>reclamos constantes<\/strong>&nbsp;entre la poblaci\u00f3n.<\/p>\n\n\n\n<p>En el caso de<strong>&nbsp;Milena,&nbsp;<\/strong>el reto es distinto. Su cercan\u00eda con el poder federal y estatal la coloca en una posici\u00f3n competitiva, pero tambi\u00e9n la expone. Ha enfrentado tensiones con sectores como los piperos que controlaban de manera ilegal la distribuci\u00f3n de agua, un tema en el que decidi\u00f3 intervenir sin titubeos. Esa acci\u00f3n, lejos de debilitarla, le permiti\u00f3 recuperar control y autoridad en uno de los&nbsp;<strong>problemas m\u00e1s sensibles del estado.<\/strong><\/p>\n\n\n\n<p>Tambi\u00e9n aparece&nbsp;<strong>el PVEM,<\/strong>&nbsp;un partido af\u00edn a la 4T, que podr\u00eda competir por separado en esta contienda y que ha expresado abiertamente su respaldo al&nbsp;<strong>diputado Manuel Cota C\u00e1rdenas.<\/strong><\/p>\n\n\n\n<p>Debajo de ellos se posiciona el&nbsp;<strong>panista Francisco Pelayo Covarrubias,&nbsp;<\/strong>quien regresa a la escena con la intenci\u00f3n de reagrupar a quienes no se identifican con Morena, apoyado en su base en&nbsp;<strong>Comond\u00fa,&nbsp;<\/strong>donde fue presidente municipal. M\u00e1s atr\u00e1s se mueve&nbsp;<strong>Ricardo Barroso Agramont,&nbsp;<\/strong>ahora en&nbsp;<strong>Movimiento Ciudadano,&nbsp;<\/strong>con margen para incidir dependiendo de c\u00f3mo se acomoden los bloques.<\/p>\n\n\n\n<p>Lo que est\u00e1 en juego en&nbsp;<strong>Baja California Sur&nbsp;<\/strong>no se definir\u00e1 \u00fanicamente en las mesas donde se reparten candidaturas. Pesar\u00e1 qui\u00e9n logre construir respaldo territorial, qui\u00e9n conecte con la gente y qui\u00e9n sea capaz de sostener su proyecto m\u00e1s all\u00e1 de los acuerdos internos. Porque al final, la decisi\u00f3n no s\u00f3lo pasa por los partidos, tambi\u00e9n recae en el electorado.<\/p>\n\n\n\n<p><strong>EN CORTO.\u2014&nbsp;La Fiscal\u00eda del Edomex detuvo a Edgar \u201cN\u201d,&nbsp;exsubdirector de Seguridad de Xalatlaco,&nbsp;<\/strong>tras difundirse un video donde&nbsp;<strong>agrede a su pareja.<\/strong>&nbsp;Fue ingresado al&nbsp;<strong>penal de Tenango del Valle<\/strong>&nbsp;y enfrenta cargos por lesiones, cohecho y delitos contra la salud. Aunque no hubo denuncia, el caso se persigue de oficio. El Ayuntamiento lo separ\u00f3 del cargo y un juez definir\u00e1 su situaci\u00f3n jur\u00eddica.<\/p>\n\n\n\n<p>TOMADO DE EL HERALDO DE M\u00c9XICO<\/p>\n","protected":false},"excerpt":{"rendered":"<p>Lo que est\u00e1 en juego no se definir\u00e1 \u00fanicamente en las mesas donde se reparten candidaturas. Pesar\u00e1 qui\u00e9n logre construir&#8230;<\/p>\n","protected":false},"author":2,"featured_media":8481,"comment_status":"open","ping_status":"open","sticky":false,"template":"","format":"standard","meta":{"footnotes":""},"categories":[240],"tags":[],"class_list":["post-8480","post","type-post","status-publish","format-standard","has-post-thumbnail","hentry","category-autores"],"yoast_head":"<!-- This site is optimized with the Yoast SEO Premium plugin v26.8 (Yoast SEO v27.5) - https:\/\/yoast.com\/product\/yoast-seo-premium-wordpress\/ -->\n<title>Baja California Sur: la pelea por el poder \/ Sof\u00eda Garcia - Buenos D&iacute;as BCS<\/title>\n<meta name=\"robots\" content=\"index, follow, max-snippet:-1, max-image-preview:large, max-video-preview:-1\" \/>\n<link rel=\"canonical\" href=\"https:\/\/buenosdiasbcs.com\/?p=8480\" \/>\n<meta property=\"og:locale\" content=\"es_ES\" \/>\n<meta property=\"og:type\" content=\"article\" \/>\n<meta property=\"og:title\" content=\"Baja California Sur: la pelea por el poder \/ Sof\u00eda Garcia\" \/>\n<meta property=\"og:description\" content=\"Lo que est\u00e1 en juego no se definir\u00e1 \u00fanicamente en las mesas donde se reparten candidaturas. Pesar\u00e1 qui\u00e9n logre construir...\" \/>\n<meta property=\"og:url\" content=\"https:\/\/buenosdiasbcs.com\/?p=8480\" \/>\n<meta property=\"og:site_name\" content=\"Buenos D&iacute;as BCS\" \/>\n<meta property=\"article:published_time\" content=\"2026-05-01T09:03:44+00:00\" \/>\n<meta property=\"article:modified_time\" content=\"2026-05-01T09:03:56+00:00\" \/>\n<meta property=\"og:image\" content=\"https:\/\/buenosdiasbcs.com\/wp-content\/uploads\/2026\/05\/images-2.png\" \/>\n\t<meta property=\"og:image:width\" content=\"299\" \/>\n\t<meta property=\"og:image:height\" content=\"168\" \/>\n\t<meta property=\"og:image:type\" content=\"image\/png\" \/>\n<meta name=\"author\" content=\"Edici\u00f3n Buenos D\u00edas\" \/>\n<meta name=\"twitter:card\" content=\"summary_large_image\" \/>\n<meta name=\"twitter:label1\" content=\"Escrito por\" \/>\n\t<meta name=\"twitter:data1\" content=\"Edici\u00f3n Buenos D\u00edas\" \/>\n\t<meta name=\"twitter:label2\" content=\"Tiempo de lectura\" \/>\n\t<meta name=\"twitter:data2\" content=\"4 minutos\" \/>\n<script type=\"application\/ld+json\" class=\"yoast-schema-graph\">{\"@context\":\"https:\\\/\\\/schema.org\",\"@graph\":[{\"@type\":\"Article\",\"@id\":\"https:\\\/\\\/buenosdiasbcs.com\\\/?p=8480#article\",\"isPartOf\":{\"@id\":\"https:\\\/\\\/buenosdiasbcs.com\\\/?p=8480\"},\"author\":{\"name\":\"Edici\u00f3n Buenos D\u00edas\",\"@id\":\"https:\\\/\\\/buenosdiasbcs.com\\\/#\\\/schema\\\/person\\\/15aedc247eab7070ee5d76d6d069a821\"},\"headline\":\"Baja California Sur: la pelea por el poder \\\/ Sof\u00eda Garcia\",\"datePublished\":\"2026-05-01T09:03:44+00:00\",\"dateModified\":\"2026-05-01T09:03:56+00:00\",\"mainEntityOfPage\":{\"@id\":\"https:\\\/\\\/buenosdiasbcs.com\\\/?p=8480\"},\"wordCount\":747,\"commentCount\":0,\"publisher\":{\"@id\":\"https:\\\/\\\/buenosdiasbcs.com\\\/#organization\"},\"image\":{\"@id\":\"https:\\\/\\\/buenosdiasbcs.com\\\/?p=8480#primaryimage\"},\"thumbnailUrl\":\"https:\\\/\\\/buenosdiasbcs.com\\\/wp-content\\\/uploads\\\/2026\\\/05\\\/images-2.png\",\"articleSection\":[\"Autores\"],\"inLanguage\":\"es\",\"potentialAction\":[{\"@type\":\"CommentAction\",\"name\":\"Comment\",\"target\":[\"https:\\\/\\\/buenosdiasbcs.com\\\/?p=8480#respond\"]}]},{\"@type\":\"WebPage\",\"@id\":\"https:\\\/\\\/buenosdiasbcs.com\\\/?p=8480\",\"url\":\"https:\\\/\\\/buenosdiasbcs.com\\\/?p=8480\",\"name\":\"Baja California Sur: la pelea por el poder \\\/ Sof\u00eda Garcia - Buenos D&iacute;as BCS\",\"isPartOf\":{\"@id\":\"https:\\\/\\\/buenosdiasbcs.com\\\/#website\"},\"primaryImageOfPage\":{\"@id\":\"https:\\\/\\\/buenosdiasbcs.com\\\/?p=8480#primaryimage\"},\"image\":{\"@id\":\"https:\\\/\\\/buenosdiasbcs.com\\\/?p=8480#primaryimage\"},\"thumbnailUrl\":\"https:\\\/\\\/buenosdiasbcs.com\\\/wp-content\\\/uploads\\\/2026\\\/05\\\/images-2.png\",\"datePublished\":\"2026-05-01T09:03:44+00:00\",\"dateModified\":\"2026-05-01T09:03:56+00:00\",\"breadcrumb\":{\"@id\":\"https:\\\/\\\/buenosdiasbcs.com\\\/?p=8480#breadcrumb\"},\"inLanguage\":\"es\",\"potentialAction\":[{\"@type\":\"ReadAction\",\"target\":[\"https:\\\/\\\/buenosdiasbcs.com\\\/?p=8480\"]}]},{\"@type\":\"ImageObject\",\"inLanguage\":\"es\",\"@id\":\"https:\\\/\\\/buenosdiasbcs.com\\\/?p=8480#primaryimage\",\"url\":\"https:\\\/\\\/buenosdiasbcs.com\\\/wp-content\\\/uploads\\\/2026\\\/05\\\/images-2.png\",\"contentUrl\":\"https:\\\/\\\/buenosdiasbcs.com\\\/wp-content\\\/uploads\\\/2026\\\/05\\\/images-2.png\",\"width\":299,\"height\":168},{\"@type\":\"BreadcrumbList\",\"@id\":\"https:\\\/\\\/buenosdiasbcs.com\\\/?p=8480#breadcrumb\",\"itemListElement\":[{\"@type\":\"ListItem\",\"position\":1,\"name\":\"Portada\",\"item\":\"https:\\\/\\\/buenosdiasbcs.com\\\/\"},{\"@type\":\"ListItem\",\"position\":2,\"name\":\"Baja California Sur: la pelea por el poder \\\/ Sof\u00eda Garcia\"}]},{\"@type\":\"WebSite\",\"@id\":\"https:\\\/\\\/buenosdiasbcs.com\\\/#website\",\"url\":\"https:\\\/\\\/buenosdiasbcs.com\\\/\",\"name\":\"Buenos D\u00edas BCS\",\"description\":\"\",\"publisher\":{\"@id\":\"https:\\\/\\\/buenosdiasbcs.com\\\/#organization\"},\"potentialAction\":[{\"@type\":\"SearchAction\",\"target\":{\"@type\":\"EntryPoint\",\"urlTemplate\":\"https:\\\/\\\/buenosdiasbcs.com\\\/?s={search_term_string}\"},\"query-input\":{\"@type\":\"PropertyValueSpecification\",\"valueRequired\":true,\"valueName\":\"search_term_string\"}}],\"inLanguage\":\"es\"},{\"@type\":\"Organization\",\"@id\":\"https:\\\/\\\/buenosdiasbcs.com\\\/#organization\",\"name\":\"Buenos D\u00edas BCS\",\"url\":\"https:\\\/\\\/buenosdiasbcs.com\\\/\",\"logo\":{\"@type\":\"ImageObject\",\"inLanguage\":\"es\",\"@id\":\"https:\\\/\\\/buenosdiasbcs.com\\\/#\\\/schema\\\/logo\\\/image\\\/\",\"url\":\"https:\\\/\\\/buenosdiasbcs.com\\\/wp-content\\\/uploads\\\/2026\\\/01\\\/logo-buenos-dias-40-01.png\",\"contentUrl\":\"https:\\\/\\\/buenosdiasbcs.com\\\/wp-content\\\/uploads\\\/2026\\\/01\\\/logo-buenos-dias-40-01.png\",\"width\":277,\"height\":40,\"caption\":\"Buenos D\u00edas BCS\"},\"image\":{\"@id\":\"https:\\\/\\\/buenosdiasbcs.com\\\/#\\\/schema\\\/logo\\\/image\\\/\"}},{\"@type\":\"Person\",\"@id\":\"https:\\\/\\\/buenosdiasbcs.com\\\/#\\\/schema\\\/person\\\/15aedc247eab7070ee5d76d6d069a821\",\"name\":\"Edici\u00f3n Buenos D\u00edas\",\"image\":{\"@type\":\"ImageObject\",\"inLanguage\":\"es\",\"@id\":\"https:\\\/\\\/buenosdiasbcs.com\\\/wp-content\\\/uploads\\\/2026\\\/01\\\/cropped-sol-96x96.png\",\"url\":\"https:\\\/\\\/buenosdiasbcs.com\\\/wp-content\\\/uploads\\\/2026\\\/01\\\/cropped-sol-96x96.png\",\"contentUrl\":\"https:\\\/\\\/buenosdiasbcs.com\\\/wp-content\\\/uploads\\\/2026\\\/01\\\/cropped-sol-96x96.png\",\"caption\":\"Edici\u00f3n Buenos D\u00edas\"},\"url\":\"https:\\\/\\\/buenosdiasbcs.com\\\/?author=2\"}]}<\/script>\n<!-- \/ Yoast SEO Premium plugin. -->","yoast_head_json":{"title":"Baja California Sur: la pelea por el poder \/ Sof\u00eda Garcia - Buenos D&iacute;as BCS","robots":{"index":"index","follow":"follow","max-snippet":"max-snippet:-1","max-image-preview":"max-image-preview:large","max-video-preview":"max-video-preview:-1"},"canonical":"https:\/\/buenosdiasbcs.com\/?p=8480","og_locale":"es_ES","og_type":"article","og_title":"Baja California Sur: la pelea por el poder \/ Sof\u00eda Garcia","og_description":"Lo que est\u00e1 en juego no se definir\u00e1 \u00fanicamente en las mesas donde se reparten candidaturas. Pesar\u00e1 qui\u00e9n logre construir...","og_url":"https:\/\/buenosdiasbcs.com\/?p=8480","og_site_name":"Buenos D&iacute;as BCS","article_published_time":"2026-05-01T09:03:44+00:00","article_modified_time":"2026-05-01T09:03:56+00:00","og_image":[{"width":299,"height":168,"url":"https:\/\/buenosdiasbcs.com\/wp-content\/uploads\/2026\/05\/images-2.png","type":"image\/png"}],"author":"Edici\u00f3n Buenos D\u00edas","twitter_card":"summary_large_image","twitter_misc":{"Escrito por":"Edici\u00f3n Buenos D\u00edas","Tiempo de lectura":"4 minutos"},"schema":{"@context":"https:\/\/schema.org","@graph":[{"@type":"Article","@id":"https:\/\/buenosdiasbcs.com\/?p=8480#article","isPartOf":{"@id":"https:\/\/buenosdiasbcs.com\/?p=8480"},"author":{"name":"Edici\u00f3n Buenos D\u00edas","@id":"https:\/\/buenosdiasbcs.com\/#\/schema\/person\/15aedc247eab7070ee5d76d6d069a821"},"headline":"Baja California Sur: la pelea por el poder \/ Sof\u00eda Garcia","datePublished":"2026-05-01T09:03:44+00:00","dateModified":"2026-05-01T09:03:56+00:00","mainEntityOfPage":{"@id":"https:\/\/buenosdiasbcs.com\/?p=8480"},"wordCount":747,"commentCount":0,"publisher":{"@id":"https:\/\/buenosdiasbcs.com\/#organization"},"image":{"@id":"https:\/\/buenosdiasbcs.com\/?p=8480#primaryimage"},"thumbnailUrl":"https:\/\/buenosdiasbcs.com\/wp-content\/uploads\/2026\/05\/images-2.png","articleSection":["Autores"],"inLanguage":"es","potentialAction":[{"@type":"CommentAction","name":"Comment","target":["https:\/\/buenosdiasbcs.com\/?p=8480#respond"]}]},{"@type":"WebPage","@id":"https:\/\/buenosdiasbcs.com\/?p=8480","url":"https:\/\/buenosdiasbcs.com\/?p=8480","name":"Baja California Sur: la pelea por el poder \/ Sof\u00eda Garcia - Buenos D&iacute;as BCS","isPartOf":{"@id":"https:\/\/buenosdiasbcs.com\/#website"},"primaryImageOfPage":{"@id":"https:\/\/buenosdiasbcs.com\/?p=8480#primaryimage"},"image":{"@id":"https:\/\/buenosdiasbcs.com\/?p=8480#primaryimage"},"thumbnailUrl":"https:\/\/buenosdiasbcs.com\/wp-content\/uploads\/2026\/05\/images-2.png","datePublished":"2026-05-01T09:03:44+00:00","dateModified":"2026-05-01T09:03:56+00:00","breadcrumb":{"@id":"https:\/\/buenosdiasbcs.com\/?p=8480#breadcrumb"},"inLanguage":"es","potentialAction":[{"@type":"ReadAction","target":["https:\/\/buenosdiasbcs.com\/?p=8480"]}]},{"@type":"ImageObject","inLanguage":"es","@id":"https:\/\/buenosdiasbcs.com\/?p=8480#primaryimage","url":"https:\/\/buenosdiasbcs.com\/wp-content\/uploads\/2026\/05\/images-2.png","contentUrl":"https:\/\/buenosdiasbcs.com\/wp-content\/uploads\/2026\/05\/images-2.png","width":299,"height":168},{"@type":"BreadcrumbList","@id":"https:\/\/buenosdiasbcs.com\/?p=8480#breadcrumb","itemListElement":[{"@type":"ListItem","position":1,"name":"Portada","item":"https:\/\/buenosdiasbcs.com\/"},{"@type":"ListItem","position":2,"name":"Baja California Sur: la pelea por el poder \/ Sof\u00eda Garcia"}]},{"@type":"WebSite","@id":"https:\/\/buenosdiasbcs.com\/#website","url":"https:\/\/buenosdiasbcs.com\/","name":"Buenos D\u00edas BCS","description":"","publisher":{"@id":"https:\/\/buenosdiasbcs.com\/#organization"},"potentialAction":[{"@type":"SearchAction","target":{"@type":"EntryPoint","urlTemplate":"https:\/\/buenosdiasbcs.com\/?s={search_term_string}"},"query-input":{"@type":"PropertyValueSpecification","valueRequired":true,"valueName":"search_term_string"}}],"inLanguage":"es"},{"@type":"Organization","@id":"https:\/\/buenosdiasbcs.com\/#organization","name":"Buenos D\u00edas BCS","url":"https:\/\/buenosdiasbcs.com\/","logo":{"@type":"ImageObject","inLanguage":"es","@id":"https:\/\/buenosdiasbcs.com\/#\/schema\/logo\/image\/","url":"https:\/\/buenosdiasbcs.com\/wp-content\/uploads\/2026\/01\/logo-buenos-dias-40-01.png","contentUrl":"https:\/\/buenosdiasbcs.com\/wp-content\/uploads\/2026\/01\/logo-buenos-dias-40-01.png","width":277,"height":40,"caption":"Buenos D\u00edas BCS"},"image":{"@id":"https:\/\/buenosdiasbcs.com\/#\/schema\/logo\/image\/"}},{"@type":"Person","@id":"https:\/\/buenosdiasbcs.com\/#\/schema\/person\/15aedc247eab7070ee5d76d6d069a821","name":"Edici\u00f3n Buenos D\u00edas","image":{"@type":"ImageObject","inLanguage":"es","@id":"https:\/\/buenosdiasbcs.com\/wp-content\/uploads\/2026\/01\/cropped-sol-96x96.png","url":"https:\/\/buenosdiasbcs.com\/wp-content\/uploads\/2026\/01\/cropped-sol-96x96.png","contentUrl":"https:\/\/buenosdiasbcs.com\/wp-content\/uploads\/2026\/01\/cropped-sol-96x96.png","caption":"Edici\u00f3n Buenos D\u00edas"},"url":"https:\/\/buenosdiasbcs.com\/?author=2"}]}},"amp_enabled":true,"_links":{"self":[{"href":"https:\/\/buenosdiasbcs.com\/index.php?rest_route=\/wp\/v2\/posts\/8480","targetHints":{"allow":["GET"]}}],"collection":[{"href":"https:\/\/buenosdiasbcs.com\/index.php?rest_route=\/wp\/v2\/posts"}],"about":[{"href":"https:\/\/buenosdiasbcs.com\/index.php?rest_route=\/wp\/v2\/types\/post"}],"author":[{"embeddable":true,"href":"https:\/\/buenosdiasbcs.com\/index.php?rest_route=\/wp\/v2\/users\/2"}],"replies":[{"embeddable":true,"href":"https:\/\/buenosdiasbcs.com\/index.php?rest_route=%2Fwp%2Fv2%2Fcomments&post=8480"}],"version-history":[{"count":1,"href":"https:\/\/buenosdiasbcs.com\/index.php?rest_route=\/wp\/v2\/posts\/8480\/revisions"}],"predecessor-version":[{"id":8482,"href":"https:\/\/buenosdiasbcs.com\/index.php?rest_route=\/wp\/v2\/posts\/8480\/revisions\/8482"}],"wp:featuredmedia":[{"embeddable":true,"href":"https:\/\/buenosdiasbcs.com\/index.php?rest_route=\/wp\/v2\/media\/8481"}],"wp:attachment":[{"href":"https:\/\/buenosdiasbcs.com\/index.php?rest_route=%2Fwp%2Fv2%2Fmedia&parent=8480"}],"wp:term":[{"taxonomy":"category","embeddable":true,"href":"https:\/\/buenosdiasbcs.com\/index.php?rest_route=%2Fwp%2Fv2%2Fcategories&post=8480"},{"taxonomy":"post_tag","embeddable":true,"href":"https:\/\/buenosdiasbcs.com\/index.php?rest_route=%2Fwp%2Fv2%2Ftags&post=8480"}],"curies":[{"name":"wp","href":"https:\/\/api.w.org\/{rel}","templated":true}]}}