{"id":8475,"date":"2026-05-01T00:51:00","date_gmt":"2026-05-01T07:51:00","guid":{"rendered":"https:\/\/buenosdiasbcs.com\/?p=8475"},"modified":"2026-04-30T22:54:19","modified_gmt":"2026-05-01T05:54:19","slug":"y-nos-llegaron-muchos-dias-a-festejar-desde-la-ninez-hasta-la-decena-de-dias-que-nos-trae-mayo-dialogos-sobre-el-solitario","status":"publish","type":"post","link":"https:\/\/buenosdiasbcs.com\/?p=8475","title":{"rendered":"Y NOS LLEGARON MUCHOS D\u00cdAS A FESTEJAR, DESDE LA NI\u00d1EZ HASTA LA DECENA DE \u201cD\u00cdAS\u201d QUE NOS TRAE MAYO. * DI\u00c1LOGOS SOBRE EL SOLITARIO."},"content":{"rendered":"\n<p class=\"has-drop-cap\">Antes de hacer mis comentarios sobre estos significativos d\u00edas en torno a la ni\u00f1ez el 30 de abril y algo adelantar sobre los significativos d\u00edas que trae el mes de mayo les dir\u00e9 que los primeros 4 dias, representan ciertos sentimientos personales y de patria, que tienen m\u00e1s festejos como estos\u2026 iniciando con el 1 de mayo, luego el 3, el 5, el 10, y los que siguen con significancia\u2026, miren, el 1\u00ba. de mayo, d\u00eda del trabajo; el 3, el de la Santa cruz conjuntado con la fundaci\u00f3n de la Paz B.C.S. y de los alba\u00f1iles; el del 5 de mayo por la batalla de Puebla, y le sigue el mero mero 10 de mayo \u00a1el d\u00eda de las madres!.<\/p>\n\n\n\n<p>Pero tenemos una fecha inmediata como es el 30 de abril muy significativa como es la del \u201cD\u00eda del ni\u00f1o\u201d que abre el paso a la ni\u00f1ez el este d\u00eda \u00faltimo de abril y luego ya en el 1 de mayo iniciar esas significativas fechas ya dichas\u2026As\u00ed entonces pondr\u00e9 por lo pronto estos fragmentos hist\u00f3ricos.<\/p>\n\n\n\n<h2 class=\"wp-block-heading\" id=\"h-nbsp-nbsp-nbsp-nbsp-nbsp-nbsp-nbsp-nbsp-algunos-fragmentos-sobre-la-ninez-en-su-dia-del-nino-su-historia\">\u00b7&nbsp;&nbsp;&nbsp;&nbsp;&nbsp;&nbsp;&nbsp;&nbsp;<strong>ALGUNOS FRAGMENTOS SOBRE LA NI\u00d1EZ EN SU D\u00cdA DEL NI\u00d1O, SU HISTORIA.<\/strong><\/h2>\n\n\n\n<p>El D\u00eda del Ni\u00f1o (o de la Ni\u00f1ez) se celebra el 30 de abril en M\u00e9xico para conmemorar los derechos, bienestar y desarrollo de la infancia, formalizado en 1924 bajo el gobierno de \u00c1lvaro Obreg\u00f3n. Busca resaltar la importancia de proteger a los menores, garantizar su educaci\u00f3n, salud y una vida libre de violencia, consinti\u00e9ndolos con actividades y regalos.<\/p>\n\n\n\n<p>Pero\u2026\u00bfy por qu\u00e9 se festeja?. El origen se remonta a la necesidad de proteger a los ni\u00f1os tras la Primera Guerra Mundial. En M\u00e9xico, en 1924, el presidente \u00c1lvaro Obreg\u00f3n y el secretario de Educaci\u00f3n, Jos\u00e9 Vasconcelos, oficializaron el 30 de abril para impulsar la fraternidad y comprensi\u00f3n hacia la ni\u00f1ez. Esto es con el prop\u00f3sito de fomentar el respeto a los derechos humanos de la infancia, promover su bienestar y celebrar su etapa de vida. Y esto significa que m\u00e1s que solo recibir regalos, es una fecha para reafirmar el derecho a un desarrollo estable e integral. A menudo se usa el t\u00e9rmino &#8220;D\u00eda de la Ni\u00f1ez&#8221; para ser inclusivos.<\/p>\n\n\n\n<h2 class=\"wp-block-heading\" id=\"h-nbsp-nbsp-nbsp-nbsp-nbsp-nbsp-nbsp-nbsp-origenes-y-proposito-del-porque-se-festeja-con-esta-positiva-magnitud\">\u00b7&nbsp;&nbsp;&nbsp;&nbsp;&nbsp;&nbsp;&nbsp;&nbsp;<strong>OR\u00cdGENES Y PROP\u00d3SITO DEL PORQU\u00c9 SE FESTEJA CON ESTA POSITIVA MAGNITUD.<\/strong><\/h2>\n\n\n\n<p>Despu\u00e9s del contexto Hist\u00f3rico; el Prop\u00f3sito es Fomentar el respeto a los derechos humanos de la infancia, promover su bienestar y celebrar su etapa de vida. En cuanto a celebraciones abiertas, se realizan fiestas en escuelas, juegos al aire libre, actividades culturales, convivencia familiar y en ocasiones se otorgan obsequios.<\/p>\n\n\n\n<p>Sin\u00f3nimos\/Variaciones: D\u00eda de la Ni\u00f1ez, D\u00eda Universal del Ni\u00f1o (aunque la ONU promueve otra fecha internacional), D\u00eda de la Infancia. En conclusi\u00f3n, esto t\u00f3menlo como un recordatorio continuo de la necesidad de trabajar por un mundo donde los ni\u00f1os puedan crecer con amor, seguridad y oportunidades, que desgraciadamente en este mundo actual buena parte de la ni\u00f1ez es masacrada por amargos y perversos intereses que a diario se dan a conocer en los medios de comunicaci\u00f3n, desgraciadamente.<\/p>\n\n\n\n<h2 class=\"wp-block-heading\" id=\"h-nbsp-nbsp-nbsp-nbsp-nbsp-nbsp-nbsp-nbsp-horario-dialogo-por-watss-con-una-colega-amiga-sobre-el-solitario\">\u00b7&nbsp;&nbsp;&nbsp;&nbsp;&nbsp;&nbsp;&nbsp;&nbsp;<strong>HORARIO.- DI\u00c1LOGO POR WATSS CON UNA COLEGA AMIGA SOBRE EL SOLITARIO.<\/strong><\/h2>\n\n\n\n<p>Yo lo inici\u00e9 con esta amiga que me apoya en mi periodismo bastante y en tem\u00e1ticas espec\u00edficas, inclusive en temas de m\u00fasica, historia, etc. cuando por watsapp le pregunto que si vio un video pensamiento po\u00e9tico llamado \u201cEl solitario\u201d. *Y ella me dice: : Lo que vi hace d\u00edas es \u201cMi soledad\u201d, canci\u00f3n francesa que luego te envi\u00e9 en voz de su autor\u2026A ver si la hallo, te va a gustar, te la acabo de enviar, si?. *Ok, le digo, ya la o\u00ed, y est\u00e1 bonita\u2026.*Ella.- A mi no. \u201cMi soledad\u201d no es elegida, as\u00ed me toc\u00f3 y no me quejo\u2026de hecho no me alcanza el tiempo para todo lo que quiero o tengo que hacer\u2026Y no hay el humor para expresar mi sentir hondo hacia eso\u2026 as\u00ed que s\u00f3lo digo por hoy el lugar com\u00fan de los que \u201cprefieren estar solos que mal acompa\u00f1ados\u201d\u2026pues que se acompa\u00f1en bien, en eso veo soberbia: a poco son los \u00fanicos- los solitarios- en el mundo que valen la pena?. En fin\u2026que esto no tenga \u201cla menor importancia \u201c\u2026Te soy franca o te doy por el lado?. Y qu\u00e9 opinas?.* Y contesto, no es m\u00edo, pero en parte s\u00ed me cay\u00f3 bien. *. A mi no. \u201cMi soledad\u201d no es elegida, as\u00ed me toc\u00f3 y no me quejo\u2026de hecho no me alcanza el tiempo para todo lo que quiero o tengo que hacer\u2026No estoy de humor para expresar mi sentir hondo hacia eso\u2026as\u00ed que solo concluyo por hoy con el lugar com\u00fan de los que \u201cprefieren estar solos que mal acompa\u00f1ados\u201d\u2026pues que se acompa\u00f1en bien: ah\u00ed incluso veo soberbia: a poco son los \u00fanicos en el mundo que valen la pena?, en fin\u2026Podemos hacer que esto \u201cno tenga la menor importancia \u201c\u2026<\/p>\n\n\n\n<p>Ok\u2026je je, no me hagas caso, * Yo.- S\u00ed, claro, no se trata de discutir pues no hay porqu\u00e9. *Ella.- Pero se pueden intercambiar pensamientos\u2026de manera tolerante y respetuosa, verdad? *Yo.- Ah, pero no es igual SOLEDAD que SOLITARIO eh?. Yo a veces casi tengo todo el d\u00eda SOLITARIO (aunque me llamen o llam\u00e9, o escriba, sigo solitario (yo creo que quiere decir solitario f\u00edsicamente, y soledad abarca como sentimientos angustiados, en fin&#8230;Yo te entiendo bien lo que t\u00fa dices, y no tambi\u00e9n. * Petici\u00f3n. A prop\u00f3sito amiga colega, te pido que del video que te envi\u00e9 declamado \u201cEl solitario\u201d me lo pases a escrito para publicarlo; quieres? *.- S\u00ed, te lo enviar\u00e9 ma\u00f1ana, no de voz sino escrito. VA\u2026<\/p>\n\n\n\n<p>EL SOLITARIO. Siempre fui solitario\u2026no me acostumbr\u00e9 mucho a eso de rodearme de muchos.\/ Me gusta eso de la soledad\/ y de las tardes en silencio.\/ Fui solitario desde que vi que las palabras abundan y los hechos no tanto.\/ Lo fui cuando vi que la amistad sincera es escasa.\/ Y le tom\u00e9 m\u00e1s gusto cuando entend\u00ed\/ que no toda compa\u00f1\u00eda realmente acompa\u00f1a.\/ Me volv\u00ed solitario cuando escuchaba m\u00e1s en los silencios que en los sonidos de la mayor\u00eda.\/ He sido as\u00ed, solitario.\/ Me di cuenta cuando prefer\u00eda ponerme los aud\u00edfonos para no hablar con nadie\/ y cuando prefer\u00ed sentarme a comer solo para escuchar todo eso que mi mente gritaba.\/ Fui solitario cuando entend\u00ed que no cualquiera puede ocupar un lugar cercano al coraz\u00f3n;\/ no cualquiera sabe quedarse.\/Y es entonces que te haces solitario y reservas palabras para no gastarlas en o\u00eddos equivocados\/ Es sencillamente eso: comprendes que ser solitario no es tan malo\u2026Hasta aqu\u00ed. Buenos d\u00edas.<\/p>\n","protected":false},"excerpt":{"rendered":"<p>Antes de hacer mis comentarios sobre estos significativos d\u00edas en torno a la ni\u00f1ez el 30 de abril y algo&#8230;<\/p>\n","protected":false},"author":2,"featured_media":8476,"comment_status":"open","ping_status":"open","sticky":false,"template":"","format":"standard","meta":{"footnotes":""},"categories":[36],"tags":[],"class_list":["post-8475","post","type-post","status-publish","format-standard","has-post-thumbnail","hentry","category-editorial"],"yoast_head":"<!-- This site is optimized with the Yoast SEO Premium plugin v26.8 (Yoast SEO v27.5) - https:\/\/yoast.com\/product\/yoast-seo-premium-wordpress\/ -->\n<title>Y NOS LLEGARON MUCHOS D\u00cdAS A FESTEJAR, DESDE LA NI\u00d1EZ HASTA LA DECENA DE \u201cD\u00cdAS\u201d QUE NOS TRAE MAYO. * DI\u00c1LOGOS SOBRE EL SOLITARIO. - Buenos D&iacute;as BCS<\/title>\n<meta name=\"robots\" content=\"index, follow, max-snippet:-1, max-image-preview:large, max-video-preview:-1\" \/>\n<link rel=\"canonical\" href=\"https:\/\/buenosdiasbcs.com\/?p=8475\" \/>\n<meta property=\"og:locale\" content=\"es_ES\" \/>\n<meta property=\"og:type\" content=\"article\" \/>\n<meta property=\"og:title\" content=\"Y NOS LLEGARON MUCHOS D\u00cdAS A FESTEJAR, DESDE LA NI\u00d1EZ HASTA LA DECENA DE \u201cD\u00cdAS\u201d QUE NOS TRAE MAYO. * DI\u00c1LOGOS SOBRE EL SOLITARIO.\" \/>\n<meta property=\"og:description\" content=\"Antes de hacer mis comentarios sobre estos significativos d\u00edas en torno a la ni\u00f1ez el 30 de abril y algo...\" \/>\n<meta property=\"og:url\" content=\"https:\/\/buenosdiasbcs.com\/?p=8475\" \/>\n<meta property=\"og:site_name\" content=\"Buenos D&iacute;as BCS\" \/>\n<meta property=\"article:published_time\" content=\"2026-05-01T07:51:00+00:00\" \/>\n<meta property=\"og:image\" content=\"https:\/\/buenosdiasbcs.com\/wp-content\/uploads\/2026\/04\/Copia-de-buenos-dias-columna-1.png\" \/>\n\t<meta property=\"og:image:width\" content=\"800\" \/>\n\t<meta property=\"og:image:height\" content=\"542\" \/>\n\t<meta property=\"og:image:type\" content=\"image\/png\" \/>\n<meta name=\"author\" content=\"Edici\u00f3n Buenos D\u00edas\" \/>\n<meta name=\"twitter:card\" content=\"summary_large_image\" \/>\n<meta name=\"twitter:label1\" content=\"Escrito por\" \/>\n\t<meta name=\"twitter:data1\" content=\"Edici\u00f3n Buenos D\u00edas\" \/>\n\t<meta name=\"twitter:label2\" content=\"Tiempo de lectura\" \/>\n\t<meta name=\"twitter:data2\" content=\"6 minutos\" \/>\n<script type=\"application\/ld+json\" class=\"yoast-schema-graph\">{\"@context\":\"https:\\\/\\\/schema.org\",\"@graph\":[{\"@type\":\"Article\",\"@id\":\"https:\\\/\\\/buenosdiasbcs.com\\\/?p=8475#article\",\"isPartOf\":{\"@id\":\"https:\\\/\\\/buenosdiasbcs.com\\\/?p=8475\"},\"author\":{\"name\":\"Edici\u00f3n Buenos D\u00edas\",\"@id\":\"https:\\\/\\\/buenosdiasbcs.com\\\/#\\\/schema\\\/person\\\/15aedc247eab7070ee5d76d6d069a821\"},\"headline\":\"Y NOS LLEGARON MUCHOS D\u00cdAS A FESTEJAR, DESDE LA NI\u00d1EZ HASTA LA DECENA DE \u201cD\u00cdAS\u201d QUE NOS TRAE MAYO. * DI\u00c1LOGOS SOBRE EL SOLITARIO.\",\"datePublished\":\"2026-05-01T07:51:00+00:00\",\"mainEntityOfPage\":{\"@id\":\"https:\\\/\\\/buenosdiasbcs.com\\\/?p=8475\"},\"wordCount\":1212,\"commentCount\":0,\"publisher\":{\"@id\":\"https:\\\/\\\/buenosdiasbcs.com\\\/#organization\"},\"image\":{\"@id\":\"https:\\\/\\\/buenosdiasbcs.com\\\/?p=8475#primaryimage\"},\"thumbnailUrl\":\"https:\\\/\\\/buenosdiasbcs.com\\\/wp-content\\\/uploads\\\/2026\\\/04\\\/Copia-de-buenos-dias-columna-1.png\",\"articleSection\":[\"Editorial\"],\"inLanguage\":\"es\",\"potentialAction\":[{\"@type\":\"CommentAction\",\"name\":\"Comment\",\"target\":[\"https:\\\/\\\/buenosdiasbcs.com\\\/?p=8475#respond\"]}]},{\"@type\":\"WebPage\",\"@id\":\"https:\\\/\\\/buenosdiasbcs.com\\\/?p=8475\",\"url\":\"https:\\\/\\\/buenosdiasbcs.com\\\/?p=8475\",\"name\":\"Y NOS LLEGARON MUCHOS D\u00cdAS A FESTEJAR, DESDE LA NI\u00d1EZ HASTA LA DECENA DE \u201cD\u00cdAS\u201d QUE NOS TRAE MAYO. * DI\u00c1LOGOS SOBRE EL SOLITARIO. - Buenos D&iacute;as BCS\",\"isPartOf\":{\"@id\":\"https:\\\/\\\/buenosdiasbcs.com\\\/#website\"},\"primaryImageOfPage\":{\"@id\":\"https:\\\/\\\/buenosdiasbcs.com\\\/?p=8475#primaryimage\"},\"image\":{\"@id\":\"https:\\\/\\\/buenosdiasbcs.com\\\/?p=8475#primaryimage\"},\"thumbnailUrl\":\"https:\\\/\\\/buenosdiasbcs.com\\\/wp-content\\\/uploads\\\/2026\\\/04\\\/Copia-de-buenos-dias-columna-1.png\",\"datePublished\":\"2026-05-01T07:51:00+00:00\",\"breadcrumb\":{\"@id\":\"https:\\\/\\\/buenosdiasbcs.com\\\/?p=8475#breadcrumb\"},\"inLanguage\":\"es\",\"potentialAction\":[{\"@type\":\"ReadAction\",\"target\":[\"https:\\\/\\\/buenosdiasbcs.com\\\/?p=8475\"]}]},{\"@type\":\"ImageObject\",\"inLanguage\":\"es\",\"@id\":\"https:\\\/\\\/buenosdiasbcs.com\\\/?p=8475#primaryimage\",\"url\":\"https:\\\/\\\/buenosdiasbcs.com\\\/wp-content\\\/uploads\\\/2026\\\/04\\\/Copia-de-buenos-dias-columna-1.png\",\"contentUrl\":\"https:\\\/\\\/buenosdiasbcs.com\\\/wp-content\\\/uploads\\\/2026\\\/04\\\/Copia-de-buenos-dias-columna-1.png\",\"width\":800,\"height\":542},{\"@type\":\"BreadcrumbList\",\"@id\":\"https:\\\/\\\/buenosdiasbcs.com\\\/?p=8475#breadcrumb\",\"itemListElement\":[{\"@type\":\"ListItem\",\"position\":1,\"name\":\"Portada\",\"item\":\"https:\\\/\\\/buenosdiasbcs.com\\\/\"},{\"@type\":\"ListItem\",\"position\":2,\"name\":\"Y NOS LLEGARON MUCHOS D\u00cdAS A FESTEJAR, DESDE LA NI\u00d1EZ HASTA LA DECENA DE \u201cD\u00cdAS\u201d QUE NOS TRAE MAYO. * DI\u00c1LOGOS SOBRE EL SOLITARIO.\"}]},{\"@type\":\"WebSite\",\"@id\":\"https:\\\/\\\/buenosdiasbcs.com\\\/#website\",\"url\":\"https:\\\/\\\/buenosdiasbcs.com\\\/\",\"name\":\"Buenos D\u00edas BCS\",\"description\":\"\",\"publisher\":{\"@id\":\"https:\\\/\\\/buenosdiasbcs.com\\\/#organization\"},\"potentialAction\":[{\"@type\":\"SearchAction\",\"target\":{\"@type\":\"EntryPoint\",\"urlTemplate\":\"https:\\\/\\\/buenosdiasbcs.com\\\/?s={search_term_string}\"},\"query-input\":{\"@type\":\"PropertyValueSpecification\",\"valueRequired\":true,\"valueName\":\"search_term_string\"}}],\"inLanguage\":\"es\"},{\"@type\":\"Organization\",\"@id\":\"https:\\\/\\\/buenosdiasbcs.com\\\/#organization\",\"name\":\"Buenos D\u00edas BCS\",\"url\":\"https:\\\/\\\/buenosdiasbcs.com\\\/\",\"logo\":{\"@type\":\"ImageObject\",\"inLanguage\":\"es\",\"@id\":\"https:\\\/\\\/buenosdiasbcs.com\\\/#\\\/schema\\\/logo\\\/image\\\/\",\"url\":\"https:\\\/\\\/buenosdiasbcs.com\\\/wp-content\\\/uploads\\\/2026\\\/01\\\/logo-buenos-dias-40-01.png\",\"contentUrl\":\"https:\\\/\\\/buenosdiasbcs.com\\\/wp-content\\\/uploads\\\/2026\\\/01\\\/logo-buenos-dias-40-01.png\",\"width\":277,\"height\":40,\"caption\":\"Buenos D\u00edas BCS\"},\"image\":{\"@id\":\"https:\\\/\\\/buenosdiasbcs.com\\\/#\\\/schema\\\/logo\\\/image\\\/\"}},{\"@type\":\"Person\",\"@id\":\"https:\\\/\\\/buenosdiasbcs.com\\\/#\\\/schema\\\/person\\\/15aedc247eab7070ee5d76d6d069a821\",\"name\":\"Edici\u00f3n Buenos D\u00edas\",\"image\":{\"@type\":\"ImageObject\",\"inLanguage\":\"es\",\"@id\":\"https:\\\/\\\/buenosdiasbcs.com\\\/wp-content\\\/uploads\\\/2026\\\/01\\\/cropped-sol-96x96.png\",\"url\":\"https:\\\/\\\/buenosdiasbcs.com\\\/wp-content\\\/uploads\\\/2026\\\/01\\\/cropped-sol-96x96.png\",\"contentUrl\":\"https:\\\/\\\/buenosdiasbcs.com\\\/wp-content\\\/uploads\\\/2026\\\/01\\\/cropped-sol-96x96.png\",\"caption\":\"Edici\u00f3n Buenos D\u00edas\"},\"url\":\"https:\\\/\\\/buenosdiasbcs.com\\\/?author=2\"}]}<\/script>\n<!-- \/ Yoast SEO Premium plugin. -->","yoast_head_json":{"title":"Y NOS LLEGARON MUCHOS D\u00cdAS A FESTEJAR, DESDE LA NI\u00d1EZ HASTA LA DECENA DE \u201cD\u00cdAS\u201d QUE NOS TRAE MAYO. * DI\u00c1LOGOS SOBRE EL SOLITARIO. - Buenos D&iacute;as BCS","robots":{"index":"index","follow":"follow","max-snippet":"max-snippet:-1","max-image-preview":"max-image-preview:large","max-video-preview":"max-video-preview:-1"},"canonical":"https:\/\/buenosdiasbcs.com\/?p=8475","og_locale":"es_ES","og_type":"article","og_title":"Y NOS LLEGARON MUCHOS D\u00cdAS A FESTEJAR, DESDE LA NI\u00d1EZ HASTA LA DECENA DE \u201cD\u00cdAS\u201d QUE NOS TRAE MAYO. * DI\u00c1LOGOS SOBRE EL SOLITARIO.","og_description":"Antes de hacer mis comentarios sobre estos significativos d\u00edas en torno a la ni\u00f1ez el 30 de abril y algo...","og_url":"https:\/\/buenosdiasbcs.com\/?p=8475","og_site_name":"Buenos D&iacute;as BCS","article_published_time":"2026-05-01T07:51:00+00:00","og_image":[{"width":800,"height":542,"url":"https:\/\/buenosdiasbcs.com\/wp-content\/uploads\/2026\/04\/Copia-de-buenos-dias-columna-1.png","type":"image\/png"}],"author":"Edici\u00f3n Buenos D\u00edas","twitter_card":"summary_large_image","twitter_misc":{"Escrito por":"Edici\u00f3n Buenos D\u00edas","Tiempo de lectura":"6 minutos"},"schema":{"@context":"https:\/\/schema.org","@graph":[{"@type":"Article","@id":"https:\/\/buenosdiasbcs.com\/?p=8475#article","isPartOf":{"@id":"https:\/\/buenosdiasbcs.com\/?p=8475"},"author":{"name":"Edici\u00f3n Buenos D\u00edas","@id":"https:\/\/buenosdiasbcs.com\/#\/schema\/person\/15aedc247eab7070ee5d76d6d069a821"},"headline":"Y NOS LLEGARON MUCHOS D\u00cdAS A FESTEJAR, DESDE LA NI\u00d1EZ HASTA LA DECENA DE \u201cD\u00cdAS\u201d QUE NOS TRAE MAYO. * DI\u00c1LOGOS SOBRE EL SOLITARIO.","datePublished":"2026-05-01T07:51:00+00:00","mainEntityOfPage":{"@id":"https:\/\/buenosdiasbcs.com\/?p=8475"},"wordCount":1212,"commentCount":0,"publisher":{"@id":"https:\/\/buenosdiasbcs.com\/#organization"},"image":{"@id":"https:\/\/buenosdiasbcs.com\/?p=8475#primaryimage"},"thumbnailUrl":"https:\/\/buenosdiasbcs.com\/wp-content\/uploads\/2026\/04\/Copia-de-buenos-dias-columna-1.png","articleSection":["Editorial"],"inLanguage":"es","potentialAction":[{"@type":"CommentAction","name":"Comment","target":["https:\/\/buenosdiasbcs.com\/?p=8475#respond"]}]},{"@type":"WebPage","@id":"https:\/\/buenosdiasbcs.com\/?p=8475","url":"https:\/\/buenosdiasbcs.com\/?p=8475","name":"Y NOS LLEGARON MUCHOS D\u00cdAS A FESTEJAR, DESDE LA NI\u00d1EZ HASTA LA DECENA DE \u201cD\u00cdAS\u201d QUE NOS TRAE MAYO. * DI\u00c1LOGOS SOBRE EL SOLITARIO. - Buenos D&iacute;as BCS","isPartOf":{"@id":"https:\/\/buenosdiasbcs.com\/#website"},"primaryImageOfPage":{"@id":"https:\/\/buenosdiasbcs.com\/?p=8475#primaryimage"},"image":{"@id":"https:\/\/buenosdiasbcs.com\/?p=8475#primaryimage"},"thumbnailUrl":"https:\/\/buenosdiasbcs.com\/wp-content\/uploads\/2026\/04\/Copia-de-buenos-dias-columna-1.png","datePublished":"2026-05-01T07:51:00+00:00","breadcrumb":{"@id":"https:\/\/buenosdiasbcs.com\/?p=8475#breadcrumb"},"inLanguage":"es","potentialAction":[{"@type":"ReadAction","target":["https:\/\/buenosdiasbcs.com\/?p=8475"]}]},{"@type":"ImageObject","inLanguage":"es","@id":"https:\/\/buenosdiasbcs.com\/?p=8475#primaryimage","url":"https:\/\/buenosdiasbcs.com\/wp-content\/uploads\/2026\/04\/Copia-de-buenos-dias-columna-1.png","contentUrl":"https:\/\/buenosdiasbcs.com\/wp-content\/uploads\/2026\/04\/Copia-de-buenos-dias-columna-1.png","width":800,"height":542},{"@type":"BreadcrumbList","@id":"https:\/\/buenosdiasbcs.com\/?p=8475#breadcrumb","itemListElement":[{"@type":"ListItem","position":1,"name":"Portada","item":"https:\/\/buenosdiasbcs.com\/"},{"@type":"ListItem","position":2,"name":"Y NOS LLEGARON MUCHOS D\u00cdAS A FESTEJAR, DESDE LA NI\u00d1EZ HASTA LA DECENA DE \u201cD\u00cdAS\u201d QUE NOS TRAE MAYO. * DI\u00c1LOGOS SOBRE EL SOLITARIO."}]},{"@type":"WebSite","@id":"https:\/\/buenosdiasbcs.com\/#website","url":"https:\/\/buenosdiasbcs.com\/","name":"Buenos D\u00edas BCS","description":"","publisher":{"@id":"https:\/\/buenosdiasbcs.com\/#organization"},"potentialAction":[{"@type":"SearchAction","target":{"@type":"EntryPoint","urlTemplate":"https:\/\/buenosdiasbcs.com\/?s={search_term_string}"},"query-input":{"@type":"PropertyValueSpecification","valueRequired":true,"valueName":"search_term_string"}}],"inLanguage":"es"},{"@type":"Organization","@id":"https:\/\/buenosdiasbcs.com\/#organization","name":"Buenos D\u00edas BCS","url":"https:\/\/buenosdiasbcs.com\/","logo":{"@type":"ImageObject","inLanguage":"es","@id":"https:\/\/buenosdiasbcs.com\/#\/schema\/logo\/image\/","url":"https:\/\/buenosdiasbcs.com\/wp-content\/uploads\/2026\/01\/logo-buenos-dias-40-01.png","contentUrl":"https:\/\/buenosdiasbcs.com\/wp-content\/uploads\/2026\/01\/logo-buenos-dias-40-01.png","width":277,"height":40,"caption":"Buenos D\u00edas BCS"},"image":{"@id":"https:\/\/buenosdiasbcs.com\/#\/schema\/logo\/image\/"}},{"@type":"Person","@id":"https:\/\/buenosdiasbcs.com\/#\/schema\/person\/15aedc247eab7070ee5d76d6d069a821","name":"Edici\u00f3n Buenos D\u00edas","image":{"@type":"ImageObject","inLanguage":"es","@id":"https:\/\/buenosdiasbcs.com\/wp-content\/uploads\/2026\/01\/cropped-sol-96x96.png","url":"https:\/\/buenosdiasbcs.com\/wp-content\/uploads\/2026\/01\/cropped-sol-96x96.png","contentUrl":"https:\/\/buenosdiasbcs.com\/wp-content\/uploads\/2026\/01\/cropped-sol-96x96.png","caption":"Edici\u00f3n Buenos D\u00edas"},"url":"https:\/\/buenosdiasbcs.com\/?author=2"}]}},"amp_enabled":true,"_links":{"self":[{"href":"https:\/\/buenosdiasbcs.com\/index.php?rest_route=\/wp\/v2\/posts\/8475","targetHints":{"allow":["GET"]}}],"collection":[{"href":"https:\/\/buenosdiasbcs.com\/index.php?rest_route=\/wp\/v2\/posts"}],"about":[{"href":"https:\/\/buenosdiasbcs.com\/index.php?rest_route=\/wp\/v2\/types\/post"}],"author":[{"embeddable":true,"href":"https:\/\/buenosdiasbcs.com\/index.php?rest_route=\/wp\/v2\/users\/2"}],"replies":[{"embeddable":true,"href":"https:\/\/buenosdiasbcs.com\/index.php?rest_route=%2Fwp%2Fv2%2Fcomments&post=8475"}],"version-history":[{"count":1,"href":"https:\/\/buenosdiasbcs.com\/index.php?rest_route=\/wp\/v2\/posts\/8475\/revisions"}],"predecessor-version":[{"id":8477,"href":"https:\/\/buenosdiasbcs.com\/index.php?rest_route=\/wp\/v2\/posts\/8475\/revisions\/8477"}],"wp:featuredmedia":[{"embeddable":true,"href":"https:\/\/buenosdiasbcs.com\/index.php?rest_route=\/wp\/v2\/media\/8476"}],"wp:attachment":[{"href":"https:\/\/buenosdiasbcs.com\/index.php?rest_route=%2Fwp%2Fv2%2Fmedia&parent=8475"}],"wp:term":[{"taxonomy":"category","embeddable":true,"href":"https:\/\/buenosdiasbcs.com\/index.php?rest_route=%2Fwp%2Fv2%2Fcategories&post=8475"},{"taxonomy":"post_tag","embeddable":true,"href":"https:\/\/buenosdiasbcs.com\/index.php?rest_route=%2Fwp%2Fv2%2Ftags&post=8475"}],"curies":[{"name":"wp","href":"https:\/\/api.w.org\/{rel}","templated":true}]}}