{"id":8471,"date":"2026-05-01T00:56:00","date_gmt":"2026-05-01T07:56:00","guid":{"rendered":"https:\/\/buenosdiasbcs.com\/?p=8471"},"modified":"2026-04-30T22:02:35","modified_gmt":"2026-05-01T05:02:35","slug":"cierre-de-vialidades-en-la-paz-y-los-cabos-por-marcha-del-dia-del-trabajo","status":"publish","type":"post","link":"https:\/\/buenosdiasbcs.com\/?p=8471","title":{"rendered":"Cierre de vialidades en La Paz y Los Cabos por marcha del D\u00eda del Trabajo"},"content":{"rendered":"\n<h2 class=\"wp-block-heading\" id=\"h-el-transito-sera-restablecido-una-vez-concluido-el-recorrido-del-desfile-del-dia-del-trabajo\">El tr\u00e1nsito ser\u00e1 restablecido una vez concluido el recorrido del desfile del D\u00eda del Trabajo.<\/h2>\n\n\n\n<p><a href=\"https:\/\/www.posta.com.mx\/bcs\/1-de-mayo-2026-en-bcs-habra-puente-largo-de-4-dias-para-estudiantes\/vl2196628\">Este 01 de mayo del 2026 habr\u00e1 puente largo de 4 d\u00edas en Baja California Sur<\/a>, sin embargo, autoridades municipales tambi\u00e9n&nbsp;informaron sobre&nbsp;<strong>cierres viales<\/strong>&nbsp;y afectaciones a la circulaci\u00f3n este&nbsp;<strong>durante este d\u00eda<\/strong>, con motivo de los desfiles conmemorativos del&nbsp;<strong>D\u00eda Internacional del Trabajo<\/strong>&nbsp;en&nbsp;<strong>La Paz y Los Cabos<\/strong>.<\/p>\n\n\n\n<p><strong>Y es&nbsp;<\/strong>que como cada a\u00f1o, se prev\u00e9 la participaci\u00f3n de contingentes y actividades desde temprana hora.<\/p>\n\n\n\n<h2 class=\"wp-block-heading\" id=\"h-que-calles-estaran-cerradas-en-la-paz-por-el-desfile-del-1-de-mayo\">\u00bfQu\u00e9 calles estar\u00e1n cerradas en\u00a0<strong>La Paz<\/strong>\u00a0por el\u00a0<strong>desfile<\/strong> del\u00a0<strong>1 de mayo<\/strong>?<\/h2>\n\n\n\n<p>En&nbsp;<strong>La Paz<\/strong>, el Gobierno del Estado convoc\u00f3 al&nbsp;<strong>desfile<\/strong>&nbsp;del D\u00eda del Trabajo, el cual se llevar\u00e1 a cabo este viernes&nbsp;<strong>1 de mayo<\/strong>&nbsp;en punto de las&nbsp;<strong>08:00 horas<\/strong>.&nbsp;<\/p>\n\n\n\n<p>El punto de reuni\u00f3n ser\u00e1 en el cruce de las<strong>&nbsp;calles Isabel la Cat\u00f3lica y bulevar 5 de febrero,<\/strong>&nbsp;a un costado del parque Morelos, en la colonia Centro.<\/p>\n\n\n\n<p>Debido al desarrollo del&nbsp;<strong>desfile<\/strong>, se prev\u00e9&nbsp;<strong>cierre de vialidades<\/strong>&nbsp;en esa&nbsp;<strong>zona&nbsp;<\/strong>de la ciudad, principalmente en las calles cercanas a la vialidad en la que se realizar\u00e1 el&nbsp;<strong>recorrido de los contingentes<\/strong>.<\/p>\n\n\n\n<p>Se recomienda a la ciudadan\u00eda tomar&nbsp;<strong>precauciones<\/strong>, anticipar&nbsp;<strong>traslados<\/strong>&nbsp;y considerar&nbsp;<strong>rutas alternas<\/strong>&nbsp;durante el desarrollo del evento.<\/p>\n\n\n\n<p>Cabe mencionar que, en el marco del D\u00eda del Ni\u00f1o, hoy en d\u00eda es com\u00fan ver las<strong>nuevas actividades&nbsp;<\/strong>para celebrar este 30 de abril, como lo son los&nbsp;<a href=\"https:\/\/www.posta.com.mx\/bcs\/peinado-loco-sin-mochila-y-mas-ideas-para-celebrar-el-dia-del-nino\/vl2195312\">peinados loco, todo menos mochilas y otras ideas m\u00e1s<\/a>.<\/p>\n\n\n\n<h2 class=\"wp-block-heading\" id=\"h-que-vialidades-estaran-cerradas-en-nbsp-los-cabos-nbsp-por-el-dia-del-trabajo\">\u00bfQu\u00e9 vialidades estar\u00e1n cerradas en&nbsp;<strong>Los Cabos<\/strong>&nbsp;por el D\u00eda del Trabajo?<\/h2>\n\n\n\n<p>En&nbsp;<strong>Los Cabos<\/strong>, la Direcci\u00f3n General de Seguridad P\u00fablica inform\u00f3 que habr\u00e1&nbsp;<strong>cierre parcia<\/strong>l de calles a partir de las&nbsp;<strong>08:00 horas<\/strong>&nbsp;del&nbsp;<strong>1 de mayo<\/strong>, debido al&nbsp;<strong>desfile<\/strong>&nbsp;conmemorativo.<\/p>\n\n\n\n<p>El&nbsp;<strong>cierre<\/strong>&nbsp;se aplicar\u00e1 en el \u00e1rea donde se desarrollar\u00e1 el&nbsp;<strong>recorrido de los contingentes<\/strong>, principalmente en la zona cercana a la&nbsp;<strong>plaza Mijares<\/strong>. Las&nbsp;<strong>autoridades<\/strong>&nbsp;indicaron que el tr\u00e1nsito ser\u00e1 controlado conforme avance el&nbsp;<strong>desfile<\/strong>.<\/p>\n\n\n\n<p>Asimismo, se inform\u00f3 que durante el evento se mantendr\u00e1&nbsp;<strong>doble circulaci\u00f3n<\/strong>&nbsp;en vialidades como el&nbsp;<strong>bulevar Antonio Mijares<\/strong>&nbsp;y la&nbsp;<strong>avenida Centenario<\/strong>, con el objetivo de reducir afectaciones al tr\u00e1nsito vehicular.<\/p>\n\n\n\n<p>Las&nbsp;<strong>autoridades<\/strong>&nbsp;se\u00f1alaron que las calles ser\u00e1n reabiertas una vez que concluyan las actividades del&nbsp;<strong>desfile<\/strong>&nbsp;y los contingentes hayan finalizado su recorrido.<\/p>\n\n\n\n<h2 class=\"wp-block-heading\" id=\"h-que-recomendaciones-hay-para-la-ciudadania-este-nbsp-1-de-mayo-nbsp-en-bcs\">\u00bfQu\u00e9 recomendaciones hay para la ciudadan\u00eda este&nbsp;<strong>1 de mayo<\/strong>&nbsp;en BCS?<\/h2>\n\n\n\n<p>Ante el aviso de que se encontrar\u00e1n algunas calles aleda\u00f1as a la marcha por el 1 de mayo, se&nbsp;<strong>exhorta<\/strong>&nbsp;a la&nbsp;<strong>poblaci\u00f3n<\/strong>&nbsp;a:<\/p>\n\n\n\n<ul class=\"wp-block-list\">\n<li><strong>Salir con anticipaci\u00f3n<\/strong>\u00a0si se transitar\u00e1 por zonas cercanas a los desfiles\u00a0<\/li>\n\n\n\n<li>Utilizar\u00a0<strong>v\u00edas alternas<\/strong><\/li>\n\n\n\n<li>Atender las\u00a0<strong>indicaciones de tr\u00e1nsito<\/strong>\u00a0y seguridad<\/li>\n<\/ul>\n\n\n\n<p>Los eventos forman parte de la conmemoraci\u00f3n del&nbsp;<strong>D\u00eda Internacional del Trabajo<\/strong>, por lo que se espera presencia de&nbsp;<strong>trabajadores<\/strong>,&nbsp;<strong>sindicatos<\/strong>&nbsp;y organizaciones en ambos municipios.<\/p>\n\n\n\n<p><\/p>\n","protected":false},"excerpt":{"rendered":"<p>El tr\u00e1nsito ser\u00e1 restablecido una vez concluido el recorrido del desfile del D\u00eda del Trabajo. Este 01 de mayo del&#8230;<\/p>\n","protected":false},"author":2,"featured_media":8472,"comment_status":"open","ping_status":"open","sticky":false,"template":"","format":"standard","meta":{"footnotes":""},"categories":[25],"tags":[],"class_list":["post-8471","post","type-post","status-publish","format-standard","has-post-thumbnail","hentry","category-sociedad"],"yoast_head":"<!-- This site is optimized with the Yoast SEO Premium plugin v26.8 (Yoast SEO v27.5) - https:\/\/yoast.com\/product\/yoast-seo-premium-wordpress\/ -->\n<title>Cierre de vialidades en La Paz y Los Cabos por marcha del D\u00eda del Trabajo - Buenos D&iacute;as BCS<\/title>\n<meta name=\"robots\" content=\"index, follow, max-snippet:-1, max-image-preview:large, max-video-preview:-1\" \/>\n<link rel=\"canonical\" href=\"https:\/\/buenosdiasbcs.com\/?p=8471\" \/>\n<meta property=\"og:locale\" content=\"es_ES\" \/>\n<meta property=\"og:type\" content=\"article\" \/>\n<meta property=\"og:title\" content=\"Cierre de vialidades en La Paz y Los Cabos por marcha del D\u00eda del Trabajo\" \/>\n<meta property=\"og:description\" content=\"El tr\u00e1nsito ser\u00e1 restablecido una vez concluido el recorrido del desfile del D\u00eda del Trabajo. Este 01 de mayo del...\" \/>\n<meta property=\"og:url\" content=\"https:\/\/buenosdiasbcs.com\/?p=8471\" \/>\n<meta property=\"og:site_name\" content=\"Buenos D&iacute;as BCS\" \/>\n<meta property=\"article:published_time\" content=\"2026-05-01T07:56:00+00:00\" \/>\n<meta property=\"og:image\" content=\"https:\/\/buenosdiasbcs.com\/wp-content\/uploads\/2026\/04\/images-17.jpeg\" \/>\n\t<meta property=\"og:image:width\" content=\"275\" \/>\n\t<meta property=\"og:image:height\" content=\"183\" \/>\n\t<meta property=\"og:image:type\" content=\"image\/jpeg\" \/>\n<meta name=\"author\" content=\"Edici\u00f3n Buenos D\u00edas\" \/>\n<meta name=\"twitter:card\" content=\"summary_large_image\" \/>\n<meta name=\"twitter:label1\" content=\"Escrito por\" \/>\n\t<meta name=\"twitter:data1\" content=\"Edici\u00f3n Buenos D\u00edas\" \/>\n\t<meta name=\"twitter:label2\" content=\"Tiempo de lectura\" \/>\n\t<meta name=\"twitter:data2\" content=\"3 minutos\" \/>\n<script type=\"application\/ld+json\" class=\"yoast-schema-graph\">{\"@context\":\"https:\\\/\\\/schema.org\",\"@graph\":[{\"@type\":\"Article\",\"@id\":\"https:\\\/\\\/buenosdiasbcs.com\\\/?p=8471#article\",\"isPartOf\":{\"@id\":\"https:\\\/\\\/buenosdiasbcs.com\\\/?p=8471\"},\"author\":{\"name\":\"Edici\u00f3n Buenos D\u00edas\",\"@id\":\"https:\\\/\\\/buenosdiasbcs.com\\\/#\\\/schema\\\/person\\\/15aedc247eab7070ee5d76d6d069a821\"},\"headline\":\"Cierre de vialidades en La Paz y Los Cabos por marcha del D\u00eda del Trabajo\",\"datePublished\":\"2026-05-01T07:56:00+00:00\",\"mainEntityOfPage\":{\"@id\":\"https:\\\/\\\/buenosdiasbcs.com\\\/?p=8471\"},\"wordCount\":568,\"commentCount\":0,\"publisher\":{\"@id\":\"https:\\\/\\\/buenosdiasbcs.com\\\/#organization\"},\"image\":{\"@id\":\"https:\\\/\\\/buenosdiasbcs.com\\\/?p=8471#primaryimage\"},\"thumbnailUrl\":\"https:\\\/\\\/buenosdiasbcs.com\\\/wp-content\\\/uploads\\\/2026\\\/04\\\/images-17.jpeg\",\"articleSection\":[\"Sociedad\"],\"inLanguage\":\"es\",\"potentialAction\":[{\"@type\":\"CommentAction\",\"name\":\"Comment\",\"target\":[\"https:\\\/\\\/buenosdiasbcs.com\\\/?p=8471#respond\"]}]},{\"@type\":\"WebPage\",\"@id\":\"https:\\\/\\\/buenosdiasbcs.com\\\/?p=8471\",\"url\":\"https:\\\/\\\/buenosdiasbcs.com\\\/?p=8471\",\"name\":\"Cierre de vialidades en La Paz y Los Cabos por marcha del D\u00eda del Trabajo - Buenos D&iacute;as BCS\",\"isPartOf\":{\"@id\":\"https:\\\/\\\/buenosdiasbcs.com\\\/#website\"},\"primaryImageOfPage\":{\"@id\":\"https:\\\/\\\/buenosdiasbcs.com\\\/?p=8471#primaryimage\"},\"image\":{\"@id\":\"https:\\\/\\\/buenosdiasbcs.com\\\/?p=8471#primaryimage\"},\"thumbnailUrl\":\"https:\\\/\\\/buenosdiasbcs.com\\\/wp-content\\\/uploads\\\/2026\\\/04\\\/images-17.jpeg\",\"datePublished\":\"2026-05-01T07:56:00+00:00\",\"breadcrumb\":{\"@id\":\"https:\\\/\\\/buenosdiasbcs.com\\\/?p=8471#breadcrumb\"},\"inLanguage\":\"es\",\"potentialAction\":[{\"@type\":\"ReadAction\",\"target\":[\"https:\\\/\\\/buenosdiasbcs.com\\\/?p=8471\"]}]},{\"@type\":\"ImageObject\",\"inLanguage\":\"es\",\"@id\":\"https:\\\/\\\/buenosdiasbcs.com\\\/?p=8471#primaryimage\",\"url\":\"https:\\\/\\\/buenosdiasbcs.com\\\/wp-content\\\/uploads\\\/2026\\\/04\\\/images-17.jpeg\",\"contentUrl\":\"https:\\\/\\\/buenosdiasbcs.com\\\/wp-content\\\/uploads\\\/2026\\\/04\\\/images-17.jpeg\",\"width\":275,\"height\":183},{\"@type\":\"BreadcrumbList\",\"@id\":\"https:\\\/\\\/buenosdiasbcs.com\\\/?p=8471#breadcrumb\",\"itemListElement\":[{\"@type\":\"ListItem\",\"position\":1,\"name\":\"Portada\",\"item\":\"https:\\\/\\\/buenosdiasbcs.com\\\/\"},{\"@type\":\"ListItem\",\"position\":2,\"name\":\"Cierre de vialidades en La Paz y Los Cabos por marcha del D\u00eda del Trabajo\"}]},{\"@type\":\"WebSite\",\"@id\":\"https:\\\/\\\/buenosdiasbcs.com\\\/#website\",\"url\":\"https:\\\/\\\/buenosdiasbcs.com\\\/\",\"name\":\"Buenos D\u00edas BCS\",\"description\":\"\",\"publisher\":{\"@id\":\"https:\\\/\\\/buenosdiasbcs.com\\\/#organization\"},\"potentialAction\":[{\"@type\":\"SearchAction\",\"target\":{\"@type\":\"EntryPoint\",\"urlTemplate\":\"https:\\\/\\\/buenosdiasbcs.com\\\/?s={search_term_string}\"},\"query-input\":{\"@type\":\"PropertyValueSpecification\",\"valueRequired\":true,\"valueName\":\"search_term_string\"}}],\"inLanguage\":\"es\"},{\"@type\":\"Organization\",\"@id\":\"https:\\\/\\\/buenosdiasbcs.com\\\/#organization\",\"name\":\"Buenos D\u00edas BCS\",\"url\":\"https:\\\/\\\/buenosdiasbcs.com\\\/\",\"logo\":{\"@type\":\"ImageObject\",\"inLanguage\":\"es\",\"@id\":\"https:\\\/\\\/buenosdiasbcs.com\\\/#\\\/schema\\\/logo\\\/image\\\/\",\"url\":\"https:\\\/\\\/buenosdiasbcs.com\\\/wp-content\\\/uploads\\\/2026\\\/01\\\/logo-buenos-dias-40-01.png\",\"contentUrl\":\"https:\\\/\\\/buenosdiasbcs.com\\\/wp-content\\\/uploads\\\/2026\\\/01\\\/logo-buenos-dias-40-01.png\",\"width\":277,\"height\":40,\"caption\":\"Buenos D\u00edas BCS\"},\"image\":{\"@id\":\"https:\\\/\\\/buenosdiasbcs.com\\\/#\\\/schema\\\/logo\\\/image\\\/\"}},{\"@type\":\"Person\",\"@id\":\"https:\\\/\\\/buenosdiasbcs.com\\\/#\\\/schema\\\/person\\\/15aedc247eab7070ee5d76d6d069a821\",\"name\":\"Edici\u00f3n Buenos D\u00edas\",\"image\":{\"@type\":\"ImageObject\",\"inLanguage\":\"es\",\"@id\":\"https:\\\/\\\/buenosdiasbcs.com\\\/wp-content\\\/uploads\\\/2026\\\/01\\\/cropped-sol-96x96.png\",\"url\":\"https:\\\/\\\/buenosdiasbcs.com\\\/wp-content\\\/uploads\\\/2026\\\/01\\\/cropped-sol-96x96.png\",\"contentUrl\":\"https:\\\/\\\/buenosdiasbcs.com\\\/wp-content\\\/uploads\\\/2026\\\/01\\\/cropped-sol-96x96.png\",\"caption\":\"Edici\u00f3n Buenos D\u00edas\"},\"url\":\"https:\\\/\\\/buenosdiasbcs.com\\\/?author=2\"}]}<\/script>\n<!-- \/ Yoast SEO Premium plugin. -->","yoast_head_json":{"title":"Cierre de vialidades en La Paz y Los Cabos por marcha del D\u00eda del Trabajo - Buenos D&iacute;as BCS","robots":{"index":"index","follow":"follow","max-snippet":"max-snippet:-1","max-image-preview":"max-image-preview:large","max-video-preview":"max-video-preview:-1"},"canonical":"https:\/\/buenosdiasbcs.com\/?p=8471","og_locale":"es_ES","og_type":"article","og_title":"Cierre de vialidades en La Paz y Los Cabos por marcha del D\u00eda del Trabajo","og_description":"El tr\u00e1nsito ser\u00e1 restablecido una vez concluido el recorrido del desfile del D\u00eda del Trabajo. Este 01 de mayo del...","og_url":"https:\/\/buenosdiasbcs.com\/?p=8471","og_site_name":"Buenos D&iacute;as BCS","article_published_time":"2026-05-01T07:56:00+00:00","og_image":[{"width":275,"height":183,"url":"https:\/\/buenosdiasbcs.com\/wp-content\/uploads\/2026\/04\/images-17.jpeg","type":"image\/jpeg"}],"author":"Edici\u00f3n Buenos D\u00edas","twitter_card":"summary_large_image","twitter_misc":{"Escrito por":"Edici\u00f3n Buenos D\u00edas","Tiempo de lectura":"3 minutos"},"schema":{"@context":"https:\/\/schema.org","@graph":[{"@type":"Article","@id":"https:\/\/buenosdiasbcs.com\/?p=8471#article","isPartOf":{"@id":"https:\/\/buenosdiasbcs.com\/?p=8471"},"author":{"name":"Edici\u00f3n Buenos D\u00edas","@id":"https:\/\/buenosdiasbcs.com\/#\/schema\/person\/15aedc247eab7070ee5d76d6d069a821"},"headline":"Cierre de vialidades en La Paz y Los Cabos por marcha del D\u00eda del Trabajo","datePublished":"2026-05-01T07:56:00+00:00","mainEntityOfPage":{"@id":"https:\/\/buenosdiasbcs.com\/?p=8471"},"wordCount":568,"commentCount":0,"publisher":{"@id":"https:\/\/buenosdiasbcs.com\/#organization"},"image":{"@id":"https:\/\/buenosdiasbcs.com\/?p=8471#primaryimage"},"thumbnailUrl":"https:\/\/buenosdiasbcs.com\/wp-content\/uploads\/2026\/04\/images-17.jpeg","articleSection":["Sociedad"],"inLanguage":"es","potentialAction":[{"@type":"CommentAction","name":"Comment","target":["https:\/\/buenosdiasbcs.com\/?p=8471#respond"]}]},{"@type":"WebPage","@id":"https:\/\/buenosdiasbcs.com\/?p=8471","url":"https:\/\/buenosdiasbcs.com\/?p=8471","name":"Cierre de vialidades en La Paz y Los Cabos por marcha del D\u00eda del Trabajo - Buenos D&iacute;as BCS","isPartOf":{"@id":"https:\/\/buenosdiasbcs.com\/#website"},"primaryImageOfPage":{"@id":"https:\/\/buenosdiasbcs.com\/?p=8471#primaryimage"},"image":{"@id":"https:\/\/buenosdiasbcs.com\/?p=8471#primaryimage"},"thumbnailUrl":"https:\/\/buenosdiasbcs.com\/wp-content\/uploads\/2026\/04\/images-17.jpeg","datePublished":"2026-05-01T07:56:00+00:00","breadcrumb":{"@id":"https:\/\/buenosdiasbcs.com\/?p=8471#breadcrumb"},"inLanguage":"es","potentialAction":[{"@type":"ReadAction","target":["https:\/\/buenosdiasbcs.com\/?p=8471"]}]},{"@type":"ImageObject","inLanguage":"es","@id":"https:\/\/buenosdiasbcs.com\/?p=8471#primaryimage","url":"https:\/\/buenosdiasbcs.com\/wp-content\/uploads\/2026\/04\/images-17.jpeg","contentUrl":"https:\/\/buenosdiasbcs.com\/wp-content\/uploads\/2026\/04\/images-17.jpeg","width":275,"height":183},{"@type":"BreadcrumbList","@id":"https:\/\/buenosdiasbcs.com\/?p=8471#breadcrumb","itemListElement":[{"@type":"ListItem","position":1,"name":"Portada","item":"https:\/\/buenosdiasbcs.com\/"},{"@type":"ListItem","position":2,"name":"Cierre de vialidades en La Paz y Los Cabos por marcha del D\u00eda del Trabajo"}]},{"@type":"WebSite","@id":"https:\/\/buenosdiasbcs.com\/#website","url":"https:\/\/buenosdiasbcs.com\/","name":"Buenos D\u00edas BCS","description":"","publisher":{"@id":"https:\/\/buenosdiasbcs.com\/#organization"},"potentialAction":[{"@type":"SearchAction","target":{"@type":"EntryPoint","urlTemplate":"https:\/\/buenosdiasbcs.com\/?s={search_term_string}"},"query-input":{"@type":"PropertyValueSpecification","valueRequired":true,"valueName":"search_term_string"}}],"inLanguage":"es"},{"@type":"Organization","@id":"https:\/\/buenosdiasbcs.com\/#organization","name":"Buenos D\u00edas BCS","url":"https:\/\/buenosdiasbcs.com\/","logo":{"@type":"ImageObject","inLanguage":"es","@id":"https:\/\/buenosdiasbcs.com\/#\/schema\/logo\/image\/","url":"https:\/\/buenosdiasbcs.com\/wp-content\/uploads\/2026\/01\/logo-buenos-dias-40-01.png","contentUrl":"https:\/\/buenosdiasbcs.com\/wp-content\/uploads\/2026\/01\/logo-buenos-dias-40-01.png","width":277,"height":40,"caption":"Buenos D\u00edas BCS"},"image":{"@id":"https:\/\/buenosdiasbcs.com\/#\/schema\/logo\/image\/"}},{"@type":"Person","@id":"https:\/\/buenosdiasbcs.com\/#\/schema\/person\/15aedc247eab7070ee5d76d6d069a821","name":"Edici\u00f3n Buenos D\u00edas","image":{"@type":"ImageObject","inLanguage":"es","@id":"https:\/\/buenosdiasbcs.com\/wp-content\/uploads\/2026\/01\/cropped-sol-96x96.png","url":"https:\/\/buenosdiasbcs.com\/wp-content\/uploads\/2026\/01\/cropped-sol-96x96.png","contentUrl":"https:\/\/buenosdiasbcs.com\/wp-content\/uploads\/2026\/01\/cropped-sol-96x96.png","caption":"Edici\u00f3n Buenos D\u00edas"},"url":"https:\/\/buenosdiasbcs.com\/?author=2"}]}},"amp_enabled":true,"_links":{"self":[{"href":"https:\/\/buenosdiasbcs.com\/index.php?rest_route=\/wp\/v2\/posts\/8471","targetHints":{"allow":["GET"]}}],"collection":[{"href":"https:\/\/buenosdiasbcs.com\/index.php?rest_route=\/wp\/v2\/posts"}],"about":[{"href":"https:\/\/buenosdiasbcs.com\/index.php?rest_route=\/wp\/v2\/types\/post"}],"author":[{"embeddable":true,"href":"https:\/\/buenosdiasbcs.com\/index.php?rest_route=\/wp\/v2\/users\/2"}],"replies":[{"embeddable":true,"href":"https:\/\/buenosdiasbcs.com\/index.php?rest_route=%2Fwp%2Fv2%2Fcomments&post=8471"}],"version-history":[{"count":2,"href":"https:\/\/buenosdiasbcs.com\/index.php?rest_route=\/wp\/v2\/posts\/8471\/revisions"}],"predecessor-version":[{"id":8474,"href":"https:\/\/buenosdiasbcs.com\/index.php?rest_route=\/wp\/v2\/posts\/8471\/revisions\/8474"}],"wp:featuredmedia":[{"embeddable":true,"href":"https:\/\/buenosdiasbcs.com\/index.php?rest_route=\/wp\/v2\/media\/8472"}],"wp:attachment":[{"href":"https:\/\/buenosdiasbcs.com\/index.php?rest_route=%2Fwp%2Fv2%2Fmedia&parent=8471"}],"wp:term":[{"taxonomy":"category","embeddable":true,"href":"https:\/\/buenosdiasbcs.com\/index.php?rest_route=%2Fwp%2Fv2%2Fcategories&post=8471"},{"taxonomy":"post_tag","embeddable":true,"href":"https:\/\/buenosdiasbcs.com\/index.php?rest_route=%2Fwp%2Fv2%2Ftags&post=8471"}],"curies":[{"name":"wp","href":"https:\/\/api.w.org\/{rel}","templated":true}]}}