{"id":8459,"date":"2026-05-01T00:44:00","date_gmt":"2026-05-01T07:44:00","guid":{"rendered":"https:\/\/buenosdiasbcs.com\/?p=8459"},"modified":"2026-04-30T21:47:23","modified_gmt":"2026-05-01T04:47:23","slug":"joven-casi-atropella-a-policias-en-la-paz-su-padre-intento-defenderlo-y-ambos-terminaron-arrestados","status":"publish","type":"post","link":"https:\/\/buenosdiasbcs.com\/?p=8459","title":{"rendered":"Joven casi atropella a polic\u00edas en La Paz; su padre intent\u00f3 defenderlo y ambos terminaron arrestados"},"content":{"rendered":"\n<h2 class=\"wp-block-heading\" id=\"resumenNota\">El joven presuntamente circulaba a exceso de velocidad cuando inicio la persecuci\u00f3n que termin\u00f3 en su arresto en Chametla, La Paz<\/h2>\n\n\n\n<p>Un joven fue&nbsp;<strong>detenido<\/strong>&nbsp;en&nbsp;<strong>La Paz<\/strong>&nbsp;luego de presuntamente manejar a exceso de velocidad, lo que provoc\u00f3 una&nbsp;<strong>persecuci\u00f3n<\/strong>&nbsp;que termin\u00f3 en&nbsp;<strong>Chametla<\/strong>, caso similar al que ocurri\u00f3 a finales de marzo en&nbsp;<strong>Los Cabos<\/strong>, donde&nbsp;<a href=\"https:\/\/www.posta.com.mx\/bcs\/detienen-a-chofer-de-transporte-publico-en-los-cabos-tras-atropellamiento-fatal\/vl2182956\">un conductor atropell\u00f3 a una persona que viajaba con sus dos hijos.<\/a><\/p>\n\n\n\n<p>Seg\u00fan los reportes, el joven tambi\u00e9n habr\u00eda estado&nbsp;<strong>cerca de atropellar<\/strong>&nbsp;a&nbsp;<strong>polic\u00edas<\/strong>&nbsp;durante la movilizaci\u00f3n. Despu\u00e9s de su arresto, su padre presuntamente insult\u00f3 y enfrent\u00f3 verbalmente a los agentes al intentar defenderlo, por lo que ambos terminaron detenidos.<\/p>\n\n\n\n<p>Una&nbsp;<strong>movilizaci\u00f3n policial<\/strong>&nbsp;que inici\u00f3 en la zona de&nbsp;<strong>El Centenario<\/strong>&nbsp;y termin\u00f3 en&nbsp;<strong>Chametla<\/strong>&nbsp;ha causado revuelo en&nbsp;<strong>redes sociales<\/strong>&nbsp;debido a la difusi\u00f3n de un video donde se observa el arresto de un joven.<\/p>\n\n\n\n<h2 class=\"wp-block-heading\" id=\"h-como-fue-la-nbsp-detencion-nbsp-de-padre-e-hijo-en-nbsp-la-paz\">\u00bfC\u00f3mo fue la&nbsp;<strong>detenci\u00f3n<\/strong>&nbsp;de padre e hijo en&nbsp;<strong>La Paz<\/strong>?<\/h2>\n\n\n\n<p>El incidente comenz\u00f3 cuando elementos de la&nbsp;<strong>Polic\u00eda Estatal Preventiva<\/strong>&nbsp;detectaron una camioneta&nbsp;<strong>Toyota Tacoma gris<\/strong>&nbsp;realizando&nbsp;<strong>maniobras peligrosas<\/strong>, lo que presuntamente incluy\u00f3 exceso de velocidad y un intento de arrollar a los agentes.<\/p>\n\n\n\n<p>Tras ignorar las \u00f3rdenes de detenerse, se inici\u00f3 una&nbsp;<strong>persecuci\u00f3n<\/strong>&nbsp;que culmin\u00f3 con el conductor y su&nbsp;<strong>padre bajo custodia<\/strong>.<\/p>\n\n\n\n<p>De acuerdo con los&nbsp;<strong>primeros reportes<\/strong>&nbsp;que circulan, el conductor de la Tacoma gris realizaba&nbsp;<strong>derrapes innecesarios<\/strong>&nbsp;en las calles de&nbsp;<strong>El Centenario<\/strong>.&nbsp;<\/p>\n\n\n\n<p>Al notar la presencia de la Polic\u00eda Estatal, el hombre habr\u00eda acelerado, poniendo en riesgo a los oficiales que intentaban&nbsp;<strong>marcarle el alto<\/strong>.&nbsp;<\/p>\n\n\n\n<p>Esta acci\u00f3n desat\u00f3 una&nbsp;<strong>persecuci\u00f3n<\/strong>&nbsp;por varios kil\u00f3metros hasta que los agentes lograron&nbsp;<strong>cerrarle el paso<\/strong>&nbsp;en la comunidad de&nbsp;<strong>Chametla<\/strong>.<\/p>\n\n\n\n<p>En el&nbsp;<strong>veh\u00edculo<\/strong>&nbsp;viajaba el joven acompa\u00f1ado de una mujer. Versiones de&nbsp;<strong>testigos<\/strong>&nbsp;sugieren que los agentes lograron detenerlo luego de que este se les atravesara en el trayecto.&nbsp;<\/p>\n\n\n\n<p>Un&nbsp;<strong>oficial<\/strong>&nbsp;que aparece en las grabaciones de&nbsp;<strong>ciudadanos<\/strong>&nbsp;explic\u00f3 que el conductor presuntamente estuvo a punto de provocar&nbsp;<strong>accidentes graves<\/strong>&nbsp;en al menos dos ocasiones y que se resisti\u00f3 al arresto desde el primer contacto.<\/p>\n\n\n\n<h2 class=\"wp-block-heading\" id=\"h-que-se-observa-en-el-video-que-se-volvio-viral-sobre-la-nbsp-detencion-nbsp-de-padre-e-hijo-en-nbsp-la-paz\">\u00bfQu\u00e9 se observa en el video que se volvi\u00f3 viral sobre la&nbsp;<strong>detenci\u00f3n<\/strong>&nbsp;de padre e hijo en&nbsp;<strong>La Paz<\/strong>?<\/h2>\n\n\n\n<p>A trav\u00e9s de&nbsp;<strong>redes sociales<\/strong>&nbsp;comenz\u00f3 a circular un video grabado por personas que presenciaron el momento en que termin\u00f3 la&nbsp;<strong>persecuci\u00f3n<\/strong>.<\/p>\n\n\n\n<p>En las im\u00e1genes se observa a varios&nbsp;<strong>polic\u00edas<\/strong>&nbsp;<strong>sometiendo al joven en el suelo<\/strong>&nbsp;para subirlo a una patrulla, mientras otros agentes intentan alejar a las personas que se acercaban a grabar.<\/p>\n\n\n\n<p>La persona que graba&nbsp;<strong>reclama<\/strong>&nbsp;a gritos que \u201cesa no es la manera\u201d de detener a alguien y asegura que los&nbsp;<strong>polic\u00edas<\/strong>presuntamente le \u201c<strong>cortaron cartucho<\/strong>\u201d al&nbsp;<strong>detenido<\/strong>&nbsp;durante el operativo, aunque esto no ha sido confirmado oficialmente.<\/p>\n\n\n\n<p>Tambi\u00e9n se escucha a algunos&nbsp;<strong>ciudadanos<\/strong>&nbsp;pedir que se contacte a familiares del joven. Durante el arresto, hubo momentos de&nbsp;<strong>tensi\u00f3n<\/strong>&nbsp;entre civiles y&nbsp;<strong>polic\u00edas<\/strong>, quienes afirmaban que actuaban por el riesgo que representaba la forma en que era conducida la camioneta.<\/p>\n\n\n\n<p>El caso ocurre semanas despu\u00e9s de otro&nbsp;<strong>hecho vial<\/strong>&nbsp;registrado en abril sobre la carretera de Santiago, en&nbsp;<strong>Los Cabos<\/strong>, donde un hombre fue procesado por&nbsp;<a href=\"https:\/\/www.posta.com.mx\/bcs\/procesan-a-hombre-por-causar-volcadura-y-perdida-total-de-un-auto-en-carretera-de-santiago\/vl2191248\">provocar una volcadura que dej\u00f3 10 jornaleros lesionados y un veh\u00edculo con p\u00e9rdida total.<\/a><\/p>\n\n\n\n<h2 class=\"wp-block-heading\" id=\"h-por-que-terminaron-arrestando-tambien-al-padre-en-nbsp-la-paz\">\u00bfPor qu\u00e9 terminaron arrestando tambi\u00e9n al padre en&nbsp;<strong>La Paz<\/strong>?<\/h2>\n\n\n\n<p>Minutos despu\u00e9s de que la camioneta fue interceptada, el padre del conductor lleg\u00f3 al&nbsp;<strong>lugar donde ocurr\u00eda la<\/strong><strong>detenci\u00f3n<\/strong>.<\/p>\n\n\n\n<p>De acuerdo con los reportes, el hombre presuntamente comenz\u00f3 a&nbsp;<strong>discutir<\/strong>&nbsp;e insultar a los elementos de la Polic\u00eda Estatal, por lo que tambi\u00e9n fue&nbsp;<strong>detenido<\/strong>&nbsp;tras interferir con el operativo.<\/p>\n\n\n\n<p>Tanto el joven como su padre fueron&nbsp;<strong>trasladados<\/strong>&nbsp;y puestos a disposici\u00f3n de las&nbsp;<strong>autoridades<\/strong>&nbsp;correspondientes.<\/p>\n\n\n\n<p>Mientras tanto, la camioneta&nbsp;<strong>Toyota Tacoma<\/strong>&nbsp;fue&nbsp;<strong>asegurada<\/strong>&nbsp;y qued\u00f3 bajo resguardo&nbsp;<strong>oficial<\/strong>&nbsp;mientras contin\u00faan las&nbsp;<strong>investigaciones<\/strong>&nbsp;por las presuntas faltas de tr\u00e1nsito y la posible agresi\u00f3n contra los agentes.<\/p>\n\n\n\n<p>El caso record\u00f3 otro hecho ocurrido en 2025 en&nbsp;<strong>Cabo San Lucas<\/strong>, donde una mujer provoc\u00f3 un accidente que termin\u00f3 con la amputaci\u00f3n de la pierna de un motociclista. Recientemente, las&nbsp;<strong>autoridades<\/strong>&nbsp;informaron que la conductora fue vinculada a proceso.<\/p>\n","protected":false},"excerpt":{"rendered":"<p>El joven presuntamente circulaba a exceso de velocidad cuando inicio la persecuci\u00f3n que termin\u00f3 en su arresto en Chametla, La&#8230;<\/p>\n","protected":false},"author":2,"featured_media":8460,"comment_status":"open","ping_status":"open","sticky":false,"template":"","format":"standard","meta":{"footnotes":""},"categories":[237],"tags":[],"class_list":["post-8459","post","type-post","status-publish","format-standard","has-post-thumbnail","hentry","category-seguridad"],"yoast_head":"<!-- This site is optimized with the Yoast SEO Premium plugin v26.8 (Yoast SEO v27.5) - https:\/\/yoast.com\/product\/yoast-seo-premium-wordpress\/ -->\n<title>Joven casi atropella a polic\u00edas en La Paz; su padre intent\u00f3 defenderlo y ambos terminaron arrestados - Buenos D&iacute;as BCS<\/title>\n<meta name=\"robots\" content=\"index, follow, max-snippet:-1, max-image-preview:large, max-video-preview:-1\" \/>\n<link rel=\"canonical\" href=\"https:\/\/buenosdiasbcs.com\/?p=8459\" \/>\n<meta property=\"og:locale\" content=\"es_ES\" \/>\n<meta property=\"og:type\" content=\"article\" \/>\n<meta property=\"og:title\" content=\"Joven casi atropella a polic\u00edas en La Paz; su padre intent\u00f3 defenderlo y ambos terminaron arrestados\" \/>\n<meta property=\"og:description\" content=\"El joven presuntamente circulaba a exceso de velocidad cuando inicio la persecuci\u00f3n que termin\u00f3 en su arresto en Chametla, La...\" \/>\n<meta property=\"og:url\" content=\"https:\/\/buenosdiasbcs.com\/?p=8459\" \/>\n<meta property=\"og:site_name\" content=\"Buenos D&iacute;as BCS\" \/>\n<meta property=\"article:published_time\" content=\"2026-05-01T07:44:00+00:00\" \/>\n<meta property=\"og:image\" content=\"https:\/\/buenosdiasbcs.com\/wp-content\/uploads\/2026\/04\/detienen-a-joven-por-casi-atropellar-a-policias-y-a-su-padre-por-agredirlos-verbalmente-al-defenderlo-f6a8beaa-focus-0-0-1479-828.webp\" \/>\n\t<meta property=\"og:image:width\" content=\"1280\" \/>\n\t<meta property=\"og:image:height\" content=\"720\" \/>\n\t<meta property=\"og:image:type\" content=\"image\/webp\" \/>\n<meta name=\"author\" content=\"Edici\u00f3n Buenos D\u00edas\" \/>\n<meta name=\"twitter:card\" content=\"summary_large_image\" \/>\n<meta name=\"twitter:label1\" content=\"Escrito por\" \/>\n\t<meta name=\"twitter:data1\" content=\"Edici\u00f3n Buenos D\u00edas\" \/>\n\t<meta name=\"twitter:label2\" content=\"Tiempo de lectura\" \/>\n\t<meta name=\"twitter:data2\" content=\"4 minutos\" \/>\n<script type=\"application\/ld+json\" class=\"yoast-schema-graph\">{\"@context\":\"https:\\\/\\\/schema.org\",\"@graph\":[{\"@type\":\"Article\",\"@id\":\"https:\\\/\\\/buenosdiasbcs.com\\\/?p=8459#article\",\"isPartOf\":{\"@id\":\"https:\\\/\\\/buenosdiasbcs.com\\\/?p=8459\"},\"author\":{\"name\":\"Edici\u00f3n Buenos D\u00edas\",\"@id\":\"https:\\\/\\\/buenosdiasbcs.com\\\/#\\\/schema\\\/person\\\/15aedc247eab7070ee5d76d6d069a821\"},\"headline\":\"Joven casi atropella a polic\u00edas en La Paz; su padre intent\u00f3 defenderlo y ambos terminaron arrestados\",\"datePublished\":\"2026-05-01T07:44:00+00:00\",\"mainEntityOfPage\":{\"@id\":\"https:\\\/\\\/buenosdiasbcs.com\\\/?p=8459\"},\"wordCount\":840,\"commentCount\":0,\"publisher\":{\"@id\":\"https:\\\/\\\/buenosdiasbcs.com\\\/#organization\"},\"image\":{\"@id\":\"https:\\\/\\\/buenosdiasbcs.com\\\/?p=8459#primaryimage\"},\"thumbnailUrl\":\"https:\\\/\\\/buenosdiasbcs.com\\\/wp-content\\\/uploads\\\/2026\\\/04\\\/detienen-a-joven-por-casi-atropellar-a-policias-y-a-su-padre-por-agredirlos-verbalmente-al-defenderlo-f6a8beaa-focus-0-0-1479-828.webp\",\"articleSection\":[\"Seguridad\"],\"inLanguage\":\"es\",\"potentialAction\":[{\"@type\":\"CommentAction\",\"name\":\"Comment\",\"target\":[\"https:\\\/\\\/buenosdiasbcs.com\\\/?p=8459#respond\"]}]},{\"@type\":\"WebPage\",\"@id\":\"https:\\\/\\\/buenosdiasbcs.com\\\/?p=8459\",\"url\":\"https:\\\/\\\/buenosdiasbcs.com\\\/?p=8459\",\"name\":\"Joven casi atropella a polic\u00edas en La Paz; su padre intent\u00f3 defenderlo y ambos terminaron arrestados - Buenos D&iacute;as BCS\",\"isPartOf\":{\"@id\":\"https:\\\/\\\/buenosdiasbcs.com\\\/#website\"},\"primaryImageOfPage\":{\"@id\":\"https:\\\/\\\/buenosdiasbcs.com\\\/?p=8459#primaryimage\"},\"image\":{\"@id\":\"https:\\\/\\\/buenosdiasbcs.com\\\/?p=8459#primaryimage\"},\"thumbnailUrl\":\"https:\\\/\\\/buenosdiasbcs.com\\\/wp-content\\\/uploads\\\/2026\\\/04\\\/detienen-a-joven-por-casi-atropellar-a-policias-y-a-su-padre-por-agredirlos-verbalmente-al-defenderlo-f6a8beaa-focus-0-0-1479-828.webp\",\"datePublished\":\"2026-05-01T07:44:00+00:00\",\"breadcrumb\":{\"@id\":\"https:\\\/\\\/buenosdiasbcs.com\\\/?p=8459#breadcrumb\"},\"inLanguage\":\"es\",\"potentialAction\":[{\"@type\":\"ReadAction\",\"target\":[\"https:\\\/\\\/buenosdiasbcs.com\\\/?p=8459\"]}]},{\"@type\":\"ImageObject\",\"inLanguage\":\"es\",\"@id\":\"https:\\\/\\\/buenosdiasbcs.com\\\/?p=8459#primaryimage\",\"url\":\"https:\\\/\\\/buenosdiasbcs.com\\\/wp-content\\\/uploads\\\/2026\\\/04\\\/detienen-a-joven-por-casi-atropellar-a-policias-y-a-su-padre-por-agredirlos-verbalmente-al-defenderlo-f6a8beaa-focus-0-0-1479-828.webp\",\"contentUrl\":\"https:\\\/\\\/buenosdiasbcs.com\\\/wp-content\\\/uploads\\\/2026\\\/04\\\/detienen-a-joven-por-casi-atropellar-a-policias-y-a-su-padre-por-agredirlos-verbalmente-al-defenderlo-f6a8beaa-focus-0-0-1479-828.webp\",\"width\":1280,\"height\":720},{\"@type\":\"BreadcrumbList\",\"@id\":\"https:\\\/\\\/buenosdiasbcs.com\\\/?p=8459#breadcrumb\",\"itemListElement\":[{\"@type\":\"ListItem\",\"position\":1,\"name\":\"Portada\",\"item\":\"https:\\\/\\\/buenosdiasbcs.com\\\/\"},{\"@type\":\"ListItem\",\"position\":2,\"name\":\"Joven casi atropella a polic\u00edas en La Paz; su padre intent\u00f3 defenderlo y ambos terminaron arrestados\"}]},{\"@type\":\"WebSite\",\"@id\":\"https:\\\/\\\/buenosdiasbcs.com\\\/#website\",\"url\":\"https:\\\/\\\/buenosdiasbcs.com\\\/\",\"name\":\"Buenos D\u00edas BCS\",\"description\":\"\",\"publisher\":{\"@id\":\"https:\\\/\\\/buenosdiasbcs.com\\\/#organization\"},\"potentialAction\":[{\"@type\":\"SearchAction\",\"target\":{\"@type\":\"EntryPoint\",\"urlTemplate\":\"https:\\\/\\\/buenosdiasbcs.com\\\/?s={search_term_string}\"},\"query-input\":{\"@type\":\"PropertyValueSpecification\",\"valueRequired\":true,\"valueName\":\"search_term_string\"}}],\"inLanguage\":\"es\"},{\"@type\":\"Organization\",\"@id\":\"https:\\\/\\\/buenosdiasbcs.com\\\/#organization\",\"name\":\"Buenos D\u00edas BCS\",\"url\":\"https:\\\/\\\/buenosdiasbcs.com\\\/\",\"logo\":{\"@type\":\"ImageObject\",\"inLanguage\":\"es\",\"@id\":\"https:\\\/\\\/buenosdiasbcs.com\\\/#\\\/schema\\\/logo\\\/image\\\/\",\"url\":\"https:\\\/\\\/buenosdiasbcs.com\\\/wp-content\\\/uploads\\\/2026\\\/01\\\/logo-buenos-dias-40-01.png\",\"contentUrl\":\"https:\\\/\\\/buenosdiasbcs.com\\\/wp-content\\\/uploads\\\/2026\\\/01\\\/logo-buenos-dias-40-01.png\",\"width\":277,\"height\":40,\"caption\":\"Buenos D\u00edas BCS\"},\"image\":{\"@id\":\"https:\\\/\\\/buenosdiasbcs.com\\\/#\\\/schema\\\/logo\\\/image\\\/\"}},{\"@type\":\"Person\",\"@id\":\"https:\\\/\\\/buenosdiasbcs.com\\\/#\\\/schema\\\/person\\\/15aedc247eab7070ee5d76d6d069a821\",\"name\":\"Edici\u00f3n Buenos D\u00edas\",\"image\":{\"@type\":\"ImageObject\",\"inLanguage\":\"es\",\"@id\":\"https:\\\/\\\/buenosdiasbcs.com\\\/wp-content\\\/uploads\\\/2026\\\/01\\\/cropped-sol-96x96.png\",\"url\":\"https:\\\/\\\/buenosdiasbcs.com\\\/wp-content\\\/uploads\\\/2026\\\/01\\\/cropped-sol-96x96.png\",\"contentUrl\":\"https:\\\/\\\/buenosdiasbcs.com\\\/wp-content\\\/uploads\\\/2026\\\/01\\\/cropped-sol-96x96.png\",\"caption\":\"Edici\u00f3n Buenos D\u00edas\"},\"url\":\"https:\\\/\\\/buenosdiasbcs.com\\\/?author=2\"}]}<\/script>\n<!-- \/ Yoast SEO Premium plugin. -->","yoast_head_json":{"title":"Joven casi atropella a polic\u00edas en La Paz; su padre intent\u00f3 defenderlo y ambos terminaron arrestados - Buenos D&iacute;as BCS","robots":{"index":"index","follow":"follow","max-snippet":"max-snippet:-1","max-image-preview":"max-image-preview:large","max-video-preview":"max-video-preview:-1"},"canonical":"https:\/\/buenosdiasbcs.com\/?p=8459","og_locale":"es_ES","og_type":"article","og_title":"Joven casi atropella a polic\u00edas en La Paz; su padre intent\u00f3 defenderlo y ambos terminaron arrestados","og_description":"El joven presuntamente circulaba a exceso de velocidad cuando inicio la persecuci\u00f3n que termin\u00f3 en su arresto en Chametla, La...","og_url":"https:\/\/buenosdiasbcs.com\/?p=8459","og_site_name":"Buenos D&iacute;as BCS","article_published_time":"2026-05-01T07:44:00+00:00","og_image":[{"width":1280,"height":720,"url":"https:\/\/buenosdiasbcs.com\/wp-content\/uploads\/2026\/04\/detienen-a-joven-por-casi-atropellar-a-policias-y-a-su-padre-por-agredirlos-verbalmente-al-defenderlo-f6a8beaa-focus-0-0-1479-828.webp","type":"image\/webp"}],"author":"Edici\u00f3n Buenos D\u00edas","twitter_card":"summary_large_image","twitter_misc":{"Escrito por":"Edici\u00f3n Buenos D\u00edas","Tiempo de lectura":"4 minutos"},"schema":{"@context":"https:\/\/schema.org","@graph":[{"@type":"Article","@id":"https:\/\/buenosdiasbcs.com\/?p=8459#article","isPartOf":{"@id":"https:\/\/buenosdiasbcs.com\/?p=8459"},"author":{"name":"Edici\u00f3n Buenos D\u00edas","@id":"https:\/\/buenosdiasbcs.com\/#\/schema\/person\/15aedc247eab7070ee5d76d6d069a821"},"headline":"Joven casi atropella a polic\u00edas en La Paz; su padre intent\u00f3 defenderlo y ambos terminaron arrestados","datePublished":"2026-05-01T07:44:00+00:00","mainEntityOfPage":{"@id":"https:\/\/buenosdiasbcs.com\/?p=8459"},"wordCount":840,"commentCount":0,"publisher":{"@id":"https:\/\/buenosdiasbcs.com\/#organization"},"image":{"@id":"https:\/\/buenosdiasbcs.com\/?p=8459#primaryimage"},"thumbnailUrl":"https:\/\/buenosdiasbcs.com\/wp-content\/uploads\/2026\/04\/detienen-a-joven-por-casi-atropellar-a-policias-y-a-su-padre-por-agredirlos-verbalmente-al-defenderlo-f6a8beaa-focus-0-0-1479-828.webp","articleSection":["Seguridad"],"inLanguage":"es","potentialAction":[{"@type":"CommentAction","name":"Comment","target":["https:\/\/buenosdiasbcs.com\/?p=8459#respond"]}]},{"@type":"WebPage","@id":"https:\/\/buenosdiasbcs.com\/?p=8459","url":"https:\/\/buenosdiasbcs.com\/?p=8459","name":"Joven casi atropella a polic\u00edas en La Paz; su padre intent\u00f3 defenderlo y ambos terminaron arrestados - Buenos D&iacute;as BCS","isPartOf":{"@id":"https:\/\/buenosdiasbcs.com\/#website"},"primaryImageOfPage":{"@id":"https:\/\/buenosdiasbcs.com\/?p=8459#primaryimage"},"image":{"@id":"https:\/\/buenosdiasbcs.com\/?p=8459#primaryimage"},"thumbnailUrl":"https:\/\/buenosdiasbcs.com\/wp-content\/uploads\/2026\/04\/detienen-a-joven-por-casi-atropellar-a-policias-y-a-su-padre-por-agredirlos-verbalmente-al-defenderlo-f6a8beaa-focus-0-0-1479-828.webp","datePublished":"2026-05-01T07:44:00+00:00","breadcrumb":{"@id":"https:\/\/buenosdiasbcs.com\/?p=8459#breadcrumb"},"inLanguage":"es","potentialAction":[{"@type":"ReadAction","target":["https:\/\/buenosdiasbcs.com\/?p=8459"]}]},{"@type":"ImageObject","inLanguage":"es","@id":"https:\/\/buenosdiasbcs.com\/?p=8459#primaryimage","url":"https:\/\/buenosdiasbcs.com\/wp-content\/uploads\/2026\/04\/detienen-a-joven-por-casi-atropellar-a-policias-y-a-su-padre-por-agredirlos-verbalmente-al-defenderlo-f6a8beaa-focus-0-0-1479-828.webp","contentUrl":"https:\/\/buenosdiasbcs.com\/wp-content\/uploads\/2026\/04\/detienen-a-joven-por-casi-atropellar-a-policias-y-a-su-padre-por-agredirlos-verbalmente-al-defenderlo-f6a8beaa-focus-0-0-1479-828.webp","width":1280,"height":720},{"@type":"BreadcrumbList","@id":"https:\/\/buenosdiasbcs.com\/?p=8459#breadcrumb","itemListElement":[{"@type":"ListItem","position":1,"name":"Portada","item":"https:\/\/buenosdiasbcs.com\/"},{"@type":"ListItem","position":2,"name":"Joven casi atropella a polic\u00edas en La Paz; su padre intent\u00f3 defenderlo y ambos terminaron arrestados"}]},{"@type":"WebSite","@id":"https:\/\/buenosdiasbcs.com\/#website","url":"https:\/\/buenosdiasbcs.com\/","name":"Buenos D\u00edas BCS","description":"","publisher":{"@id":"https:\/\/buenosdiasbcs.com\/#organization"},"potentialAction":[{"@type":"SearchAction","target":{"@type":"EntryPoint","urlTemplate":"https:\/\/buenosdiasbcs.com\/?s={search_term_string}"},"query-input":{"@type":"PropertyValueSpecification","valueRequired":true,"valueName":"search_term_string"}}],"inLanguage":"es"},{"@type":"Organization","@id":"https:\/\/buenosdiasbcs.com\/#organization","name":"Buenos D\u00edas BCS","url":"https:\/\/buenosdiasbcs.com\/","logo":{"@type":"ImageObject","inLanguage":"es","@id":"https:\/\/buenosdiasbcs.com\/#\/schema\/logo\/image\/","url":"https:\/\/buenosdiasbcs.com\/wp-content\/uploads\/2026\/01\/logo-buenos-dias-40-01.png","contentUrl":"https:\/\/buenosdiasbcs.com\/wp-content\/uploads\/2026\/01\/logo-buenos-dias-40-01.png","width":277,"height":40,"caption":"Buenos D\u00edas BCS"},"image":{"@id":"https:\/\/buenosdiasbcs.com\/#\/schema\/logo\/image\/"}},{"@type":"Person","@id":"https:\/\/buenosdiasbcs.com\/#\/schema\/person\/15aedc247eab7070ee5d76d6d069a821","name":"Edici\u00f3n Buenos D\u00edas","image":{"@type":"ImageObject","inLanguage":"es","@id":"https:\/\/buenosdiasbcs.com\/wp-content\/uploads\/2026\/01\/cropped-sol-96x96.png","url":"https:\/\/buenosdiasbcs.com\/wp-content\/uploads\/2026\/01\/cropped-sol-96x96.png","contentUrl":"https:\/\/buenosdiasbcs.com\/wp-content\/uploads\/2026\/01\/cropped-sol-96x96.png","caption":"Edici\u00f3n Buenos D\u00edas"},"url":"https:\/\/buenosdiasbcs.com\/?author=2"}]}},"amp_enabled":true,"_links":{"self":[{"href":"https:\/\/buenosdiasbcs.com\/index.php?rest_route=\/wp\/v2\/posts\/8459","targetHints":{"allow":["GET"]}}],"collection":[{"href":"https:\/\/buenosdiasbcs.com\/index.php?rest_route=\/wp\/v2\/posts"}],"about":[{"href":"https:\/\/buenosdiasbcs.com\/index.php?rest_route=\/wp\/v2\/types\/post"}],"author":[{"embeddable":true,"href":"https:\/\/buenosdiasbcs.com\/index.php?rest_route=\/wp\/v2\/users\/2"}],"replies":[{"embeddable":true,"href":"https:\/\/buenosdiasbcs.com\/index.php?rest_route=%2Fwp%2Fv2%2Fcomments&post=8459"}],"version-history":[{"count":1,"href":"https:\/\/buenosdiasbcs.com\/index.php?rest_route=\/wp\/v2\/posts\/8459\/revisions"}],"predecessor-version":[{"id":8461,"href":"https:\/\/buenosdiasbcs.com\/index.php?rest_route=\/wp\/v2\/posts\/8459\/revisions\/8461"}],"wp:featuredmedia":[{"embeddable":true,"href":"https:\/\/buenosdiasbcs.com\/index.php?rest_route=\/wp\/v2\/media\/8460"}],"wp:attachment":[{"href":"https:\/\/buenosdiasbcs.com\/index.php?rest_route=%2Fwp%2Fv2%2Fmedia&parent=8459"}],"wp:term":[{"taxonomy":"category","embeddable":true,"href":"https:\/\/buenosdiasbcs.com\/index.php?rest_route=%2Fwp%2Fv2%2Fcategories&post=8459"},{"taxonomy":"post_tag","embeddable":true,"href":"https:\/\/buenosdiasbcs.com\/index.php?rest_route=%2Fwp%2Fv2%2Ftags&post=8459"}],"curies":[{"name":"wp","href":"https:\/\/api.w.org\/{rel}","templated":true}]}}