{"id":8456,"date":"2026-05-01T00:41:00","date_gmt":"2026-05-01T07:41:00","guid":{"rendered":"https:\/\/buenosdiasbcs.com\/?p=8456"},"modified":"2026-04-30T21:43:41","modified_gmt":"2026-05-01T04:43:41","slug":"quienes-integraran-el-observatorio-de-obra-publica-y-servicio-aprobado-por-el-congreso-de-bcs","status":"publish","type":"post","link":"https:\/\/buenosdiasbcs.com\/?p=8456","title":{"rendered":"Qui\u00e9nes integrar\u00e1n el Observatorio de Obra P\u00fablica y Servicio aprobado por el Congreso de BCS"},"content":{"rendered":"\n<h2 class=\"wp-block-heading\" id=\"h-el-organismo-incluira-representantes-de-colegios-academia-sector-construccion-y-sociedad-civil\">El organismo incluir\u00e1 representantes de colegios, academia, sector construcci\u00f3n y sociedad civil.<\/h2>\n\n\n\n<p>El&nbsp;<strong><a href=\"https:\/\/www.posta.com.mx\/bcs\/congreso-de-bcs-aprueba-observatorio-ciudadano-para-vigilar-obras-publicas\/vl2193009\">Congreso del Estado<\/a><\/strong><a href=\"https:\/\/www.posta.com.mx\/bcs\/congreso-de-bcs-aprueba-observatorio-ciudadano-para-vigilar-obras-publicas\/vl2193009\">&nbsp;de Baja California Sur aprob\u00f3 la creaci\u00f3n del&nbsp;<strong>Observatorio de Obra P\u00fablica<\/strong>&nbsp;y Servicio<\/a>, un&nbsp;<strong>\u00f3rgano ciudadano<\/strong>&nbsp;que tendr\u00e1 como objetivo vigilar,&nbsp;<strong>emitir recomendaciones<\/strong>&nbsp;y dar&nbsp;<strong>seguimiento<\/strong>&nbsp;a los procesos relacionados con obras p\u00fablicas en toda la entidad.<\/p>\n\n\n\n<p>La conformaci\u00f3n formal del organismo depender\u00e1 de su&nbsp;<strong>publicaci\u00f3n<\/strong>&nbsp;en el&nbsp;<strong>Bolet\u00edn Oficial<\/strong>&nbsp;del Gobierno del Estado, proceso que a\u00fan est\u00e1 pendiente.<\/p>\n\n\n\n<h2 class=\"wp-block-heading\" id=\"h-quienes-integraran-el-nbsp-observatorio-ciudadano-de-obra-publica-nbsp-en-bcs\">\u00bfQui\u00e9nes integrar\u00e1n el&nbsp;<strong>Observatorio Ciudadano de Obra P\u00fablica<\/strong>&nbsp;en BCS?<\/h2>\n\n\n\n<p>De acuerdo con lo expuesto por&nbsp;<strong>Yuma P\u00e9rez<\/strong>, coordinadora del&nbsp;<strong>Programa de Vigilancia Ciudadana<\/strong>, el observatorio estar\u00e1 conformado por representantes de distintos sectores para garantizar&nbsp;<strong>pluralidad<\/strong>&nbsp;y&nbsp;<strong>participaci\u00f3n<\/strong>&nbsp;ciudadana.<\/p>\n\n\n\n<p>La<strong>&nbsp;integraci\u00f3n<\/strong>&nbsp;incluye a:<\/p>\n\n\n\n<ul class=\"wp-block-list\">\n<li>Una persona de la\u00a0<strong>C\u00e1mara Mexicana de la Industria de la Construcci\u00f3n<\/strong>(CMIC)<\/li>\n\n\n\n<li>Una del\u00a0<strong>Colegio de Ingenieros<\/strong><\/li>\n\n\n\n<li>Una del\u00a0<strong>Colegio de Arquitectos<\/strong>.\u00a0<\/li>\n\n\n\n<li>Tambi\u00e9n se contempla la\u00a0<strong>participaci\u00f3n<\/strong>\u00a0de una persona del\u00a0<strong>gremio de peritos valuadores<\/strong><\/li>\n<\/ul>\n\n\n\n<p>En el&nbsp;<strong>\u00e1mbito acad\u00e9mico<\/strong>, se integrar\u00e1 una persona del Instituto Tecnol\u00f3gico de La Paz y una de la&nbsp;<strong>Universidad Aut\u00f3noma de Baja California Sur (UABCS)<\/strong>. A ello se suma un&nbsp;<strong>representante<\/strong>&nbsp;del&nbsp;<strong>Colegio de Abogados<\/strong>.<\/p>\n\n\n\n<p>Adem\u00e1s, el observatorio contar\u00e1 con la participaci\u00f3n de&nbsp;<strong>tres personas<\/strong>provenientes de&nbsp;<strong>organizaciones de la sociedad civil<\/strong>.<\/p>\n\n\n\n<h2 class=\"wp-block-heading\" id=\"h-como-funcionara-el-nbsp-observatorio-ciudadano-de-obras-publicas-nbsp-en-baja-california-sur\">\u00bfC\u00f3mo funcionar\u00e1 el&nbsp;<strong>Observatorio Ciudadano de Obras P\u00fablicas<\/strong>&nbsp;en Baja California Sur?<\/h2>\n\n\n\n<p>El organismo tendr\u00e1 como funci\u00f3n principal&nbsp;<strong>vigilar procesos<\/strong>&nbsp;de&nbsp;<strong>contrataci\u00f3n<\/strong>, licitaci\u00f3n y&nbsp;<strong>ejecuci\u00f3n de obras p\u00fablicas<\/strong>&nbsp;en todo el estado, no solo en un municipio.<\/p>\n\n\n\n<p>Tambi\u00e9n podr\u00e1&nbsp;<strong>emitir recomendaciones<\/strong>&nbsp;y dar&nbsp;<strong>seguimiento<\/strong>&nbsp;a decisiones relacionadas con el uso de&nbsp;<strong>recursos p\u00fablicos<\/strong>&nbsp;en infraestructura.<\/p>\n\n\n\n<p>La integraci\u00f3n del observatorio ser\u00e1 equitativa, conformado por un<strong>&nbsp;50% de mujeres y 50% de hombres<\/strong>, con el objetivo de garantizar&nbsp;<strong>equilibrio<\/strong>&nbsp;en la representaci\u00f3n.<\/p>\n\n\n\n<p>Cabe mencionar que&nbsp;<a href=\"https:\/\/www.posta.com.mx\/bcs\/invertiran-4-millones-al-teatro-miguel-lomeli-en-cabo-san-lucas-sigue-parado-desde-odile\/vl2192970\">en Cabo San Lucas, se anunci\u00f3 la intervenci\u00f3n 4 millones de pesos al Teatro Miguel Lomeli el cual,&nbsp;<\/a><strong><a href=\"https:\/\/www.posta.com.mx\/bcs\/invertiran-4-millones-al-teatro-miguel-lomeli-en-cabo-san-lucas-sigue-parado-desde-odile\/vl2192970\">sigue parado desde Odile<\/a>.<\/strong><strong><\/strong><\/p>\n\n\n\n<h2 class=\"wp-block-heading\" id=\"h-que-falta-para-que-se-conforme-el-nbsp-observatorio-de-obra-publica-nbsp-en-bcs\">\u00bfQu\u00e9 falta para que se conforme el&nbsp;<strong>Observatorio de Obra P\u00fablica<\/strong>&nbsp;en BCS?<\/h2>\n\n\n\n<p>Aunque la reforma ya fue aprobada por el Congreso, a\u00fan falta su&nbsp;<strong>publicaci\u00f3n<\/strong>&nbsp;en el&nbsp;<strong>Bolet\u00edn Oficial<\/strong>&nbsp;del Gobierno del Estado para que comiencen a correr los&nbsp;<strong>plazos legales<\/strong>.<\/p>\n\n\n\n<p>Una vez publicada, se contar\u00e1 con&nbsp;<strong>120 d\u00edas<\/strong>&nbsp;para la&nbsp;<strong>conformaci\u00f3n total<\/strong>&nbsp;del observatorio.&nbsp;Dentro de este periodo, el&nbsp;<strong>Congreso del Estado<\/strong>&nbsp;tendr\u00e1&nbsp;<strong>30 d\u00edas<\/strong>para emitir la&nbsp;<strong>convocatoria<\/strong>&nbsp;dirigida a las&nbsp;<strong>organizaciones de la sociedad civil<\/strong>, mientras que c\u00e1maras y colegios deber\u00e1n designar a sus representantes.<\/p>\n\n\n\n<p>Posteriormente, tras la&nbsp;<strong>toma de protesta<\/strong>, se tendr\u00e1n&nbsp;<strong>60 d\u00edas<\/strong>&nbsp;para la elaboraci\u00f3n del&nbsp;<strong>reglamento interno<\/strong>&nbsp;de operaci\u00f3n.<\/p>\n","protected":false},"excerpt":{"rendered":"<p>El organismo incluir\u00e1 representantes de colegios, academia, sector construcci\u00f3n y sociedad civil. El&nbsp;Congreso del Estado&nbsp;de Baja California Sur aprob\u00f3 la&#8230;<\/p>\n","protected":false},"author":2,"featured_media":8457,"comment_status":"open","ping_status":"open","sticky":false,"template":"","format":"standard","meta":{"footnotes":""},"categories":[27],"tags":[],"class_list":["post-8456","post","type-post","status-publish","format-standard","has-post-thumbnail","hentry","category-finanzas"],"yoast_head":"<!-- This site is optimized with the Yoast SEO Premium plugin v26.8 (Yoast SEO v27.5) - https:\/\/yoast.com\/product\/yoast-seo-premium-wordpress\/ -->\n<title>Qui\u00e9nes integrar\u00e1n el Observatorio de Obra P\u00fablica y Servicio aprobado por el Congreso de BCS - Buenos D&iacute;as BCS<\/title>\n<meta name=\"robots\" content=\"index, follow, max-snippet:-1, max-image-preview:large, max-video-preview:-1\" \/>\n<link rel=\"canonical\" href=\"https:\/\/buenosdiasbcs.com\/?p=8456\" \/>\n<meta property=\"og:locale\" content=\"es_ES\" \/>\n<meta property=\"og:type\" content=\"article\" \/>\n<meta property=\"og:title\" content=\"Qui\u00e9nes integrar\u00e1n el Observatorio de Obra P\u00fablica y Servicio aprobado por el Congreso de BCS\" \/>\n<meta property=\"og:description\" content=\"El organismo incluir\u00e1 representantes de colegios, academia, sector construcci\u00f3n y sociedad civil. El&nbsp;Congreso del Estado&nbsp;de Baja California Sur aprob\u00f3 la...\" \/>\n<meta property=\"og:url\" content=\"https:\/\/buenosdiasbcs.com\/?p=8456\" \/>\n<meta property=\"og:site_name\" content=\"Buenos D&iacute;as BCS\" \/>\n<meta property=\"article:published_time\" content=\"2026-05-01T07:41:00+00:00\" \/>\n<meta property=\"og:image\" content=\"https:\/\/buenosdiasbcs.com\/wp-content\/uploads\/2026\/04\/quienes-integraran-el-observatorio-de-obra-publica-y-servicio-aprobado-por-el-congreso-de-bcs-d4b93d66-focus-0-0-1479-828.webp\" \/>\n\t<meta property=\"og:image:width\" content=\"1280\" \/>\n\t<meta property=\"og:image:height\" content=\"720\" \/>\n\t<meta property=\"og:image:type\" content=\"image\/webp\" \/>\n<meta name=\"author\" content=\"Edici\u00f3n Buenos D\u00edas\" \/>\n<meta name=\"twitter:card\" content=\"summary_large_image\" \/>\n<meta name=\"twitter:label1\" content=\"Escrito por\" \/>\n\t<meta name=\"twitter:data1\" content=\"Edici\u00f3n Buenos D\u00edas\" \/>\n\t<meta name=\"twitter:label2\" content=\"Tiempo de lectura\" \/>\n\t<meta name=\"twitter:data2\" content=\"3 minutos\" \/>\n<script type=\"application\/ld+json\" class=\"yoast-schema-graph\">{\"@context\":\"https:\\\/\\\/schema.org\",\"@graph\":[{\"@type\":\"Article\",\"@id\":\"https:\\\/\\\/buenosdiasbcs.com\\\/?p=8456#article\",\"isPartOf\":{\"@id\":\"https:\\\/\\\/buenosdiasbcs.com\\\/?p=8456\"},\"author\":{\"name\":\"Edici\u00f3n Buenos D\u00edas\",\"@id\":\"https:\\\/\\\/buenosdiasbcs.com\\\/#\\\/schema\\\/person\\\/15aedc247eab7070ee5d76d6d069a821\"},\"headline\":\"Qui\u00e9nes integrar\u00e1n el Observatorio de Obra P\u00fablica y Servicio aprobado por el Congreso de BCS\",\"datePublished\":\"2026-05-01T07:41:00+00:00\",\"mainEntityOfPage\":{\"@id\":\"https:\\\/\\\/buenosdiasbcs.com\\\/?p=8456\"},\"wordCount\":549,\"commentCount\":0,\"publisher\":{\"@id\":\"https:\\\/\\\/buenosdiasbcs.com\\\/#organization\"},\"image\":{\"@id\":\"https:\\\/\\\/buenosdiasbcs.com\\\/?p=8456#primaryimage\"},\"thumbnailUrl\":\"https:\\\/\\\/buenosdiasbcs.com\\\/wp-content\\\/uploads\\\/2026\\\/04\\\/quienes-integraran-el-observatorio-de-obra-publica-y-servicio-aprobado-por-el-congreso-de-bcs-d4b93d66-focus-0-0-1479-828.webp\",\"articleSection\":[\"Finanzas\"],\"inLanguage\":\"es\",\"potentialAction\":[{\"@type\":\"CommentAction\",\"name\":\"Comment\",\"target\":[\"https:\\\/\\\/buenosdiasbcs.com\\\/?p=8456#respond\"]}]},{\"@type\":\"WebPage\",\"@id\":\"https:\\\/\\\/buenosdiasbcs.com\\\/?p=8456\",\"url\":\"https:\\\/\\\/buenosdiasbcs.com\\\/?p=8456\",\"name\":\"Qui\u00e9nes integrar\u00e1n el Observatorio de Obra P\u00fablica y Servicio aprobado por el Congreso de BCS - Buenos D&iacute;as BCS\",\"isPartOf\":{\"@id\":\"https:\\\/\\\/buenosdiasbcs.com\\\/#website\"},\"primaryImageOfPage\":{\"@id\":\"https:\\\/\\\/buenosdiasbcs.com\\\/?p=8456#primaryimage\"},\"image\":{\"@id\":\"https:\\\/\\\/buenosdiasbcs.com\\\/?p=8456#primaryimage\"},\"thumbnailUrl\":\"https:\\\/\\\/buenosdiasbcs.com\\\/wp-content\\\/uploads\\\/2026\\\/04\\\/quienes-integraran-el-observatorio-de-obra-publica-y-servicio-aprobado-por-el-congreso-de-bcs-d4b93d66-focus-0-0-1479-828.webp\",\"datePublished\":\"2026-05-01T07:41:00+00:00\",\"breadcrumb\":{\"@id\":\"https:\\\/\\\/buenosdiasbcs.com\\\/?p=8456#breadcrumb\"},\"inLanguage\":\"es\",\"potentialAction\":[{\"@type\":\"ReadAction\",\"target\":[\"https:\\\/\\\/buenosdiasbcs.com\\\/?p=8456\"]}]},{\"@type\":\"ImageObject\",\"inLanguage\":\"es\",\"@id\":\"https:\\\/\\\/buenosdiasbcs.com\\\/?p=8456#primaryimage\",\"url\":\"https:\\\/\\\/buenosdiasbcs.com\\\/wp-content\\\/uploads\\\/2026\\\/04\\\/quienes-integraran-el-observatorio-de-obra-publica-y-servicio-aprobado-por-el-congreso-de-bcs-d4b93d66-focus-0-0-1479-828.webp\",\"contentUrl\":\"https:\\\/\\\/buenosdiasbcs.com\\\/wp-content\\\/uploads\\\/2026\\\/04\\\/quienes-integraran-el-observatorio-de-obra-publica-y-servicio-aprobado-por-el-congreso-de-bcs-d4b93d66-focus-0-0-1479-828.webp\",\"width\":1280,\"height\":720},{\"@type\":\"BreadcrumbList\",\"@id\":\"https:\\\/\\\/buenosdiasbcs.com\\\/?p=8456#breadcrumb\",\"itemListElement\":[{\"@type\":\"ListItem\",\"position\":1,\"name\":\"Portada\",\"item\":\"https:\\\/\\\/buenosdiasbcs.com\\\/\"},{\"@type\":\"ListItem\",\"position\":2,\"name\":\"Qui\u00e9nes integrar\u00e1n el Observatorio de Obra P\u00fablica y Servicio aprobado por el Congreso de BCS\"}]},{\"@type\":\"WebSite\",\"@id\":\"https:\\\/\\\/buenosdiasbcs.com\\\/#website\",\"url\":\"https:\\\/\\\/buenosdiasbcs.com\\\/\",\"name\":\"Buenos D\u00edas BCS\",\"description\":\"\",\"publisher\":{\"@id\":\"https:\\\/\\\/buenosdiasbcs.com\\\/#organization\"},\"potentialAction\":[{\"@type\":\"SearchAction\",\"target\":{\"@type\":\"EntryPoint\",\"urlTemplate\":\"https:\\\/\\\/buenosdiasbcs.com\\\/?s={search_term_string}\"},\"query-input\":{\"@type\":\"PropertyValueSpecification\",\"valueRequired\":true,\"valueName\":\"search_term_string\"}}],\"inLanguage\":\"es\"},{\"@type\":\"Organization\",\"@id\":\"https:\\\/\\\/buenosdiasbcs.com\\\/#organization\",\"name\":\"Buenos D\u00edas BCS\",\"url\":\"https:\\\/\\\/buenosdiasbcs.com\\\/\",\"logo\":{\"@type\":\"ImageObject\",\"inLanguage\":\"es\",\"@id\":\"https:\\\/\\\/buenosdiasbcs.com\\\/#\\\/schema\\\/logo\\\/image\\\/\",\"url\":\"https:\\\/\\\/buenosdiasbcs.com\\\/wp-content\\\/uploads\\\/2026\\\/01\\\/logo-buenos-dias-40-01.png\",\"contentUrl\":\"https:\\\/\\\/buenosdiasbcs.com\\\/wp-content\\\/uploads\\\/2026\\\/01\\\/logo-buenos-dias-40-01.png\",\"width\":277,\"height\":40,\"caption\":\"Buenos D\u00edas BCS\"},\"image\":{\"@id\":\"https:\\\/\\\/buenosdiasbcs.com\\\/#\\\/schema\\\/logo\\\/image\\\/\"}},{\"@type\":\"Person\",\"@id\":\"https:\\\/\\\/buenosdiasbcs.com\\\/#\\\/schema\\\/person\\\/15aedc247eab7070ee5d76d6d069a821\",\"name\":\"Edici\u00f3n Buenos D\u00edas\",\"image\":{\"@type\":\"ImageObject\",\"inLanguage\":\"es\",\"@id\":\"https:\\\/\\\/buenosdiasbcs.com\\\/wp-content\\\/uploads\\\/2026\\\/01\\\/cropped-sol-96x96.png\",\"url\":\"https:\\\/\\\/buenosdiasbcs.com\\\/wp-content\\\/uploads\\\/2026\\\/01\\\/cropped-sol-96x96.png\",\"contentUrl\":\"https:\\\/\\\/buenosdiasbcs.com\\\/wp-content\\\/uploads\\\/2026\\\/01\\\/cropped-sol-96x96.png\",\"caption\":\"Edici\u00f3n Buenos D\u00edas\"},\"url\":\"https:\\\/\\\/buenosdiasbcs.com\\\/?author=2\"}]}<\/script>\n<!-- \/ Yoast SEO Premium plugin. -->","yoast_head_json":{"title":"Qui\u00e9nes integrar\u00e1n el Observatorio de Obra P\u00fablica y Servicio aprobado por el Congreso de BCS - Buenos D&iacute;as BCS","robots":{"index":"index","follow":"follow","max-snippet":"max-snippet:-1","max-image-preview":"max-image-preview:large","max-video-preview":"max-video-preview:-1"},"canonical":"https:\/\/buenosdiasbcs.com\/?p=8456","og_locale":"es_ES","og_type":"article","og_title":"Qui\u00e9nes integrar\u00e1n el Observatorio de Obra P\u00fablica y Servicio aprobado por el Congreso de BCS","og_description":"El organismo incluir\u00e1 representantes de colegios, academia, sector construcci\u00f3n y sociedad civil. El&nbsp;Congreso del Estado&nbsp;de Baja California Sur aprob\u00f3 la...","og_url":"https:\/\/buenosdiasbcs.com\/?p=8456","og_site_name":"Buenos D&iacute;as BCS","article_published_time":"2026-05-01T07:41:00+00:00","og_image":[{"width":1280,"height":720,"url":"https:\/\/buenosdiasbcs.com\/wp-content\/uploads\/2026\/04\/quienes-integraran-el-observatorio-de-obra-publica-y-servicio-aprobado-por-el-congreso-de-bcs-d4b93d66-focus-0-0-1479-828.webp","type":"image\/webp"}],"author":"Edici\u00f3n Buenos D\u00edas","twitter_card":"summary_large_image","twitter_misc":{"Escrito por":"Edici\u00f3n Buenos D\u00edas","Tiempo de lectura":"3 minutos"},"schema":{"@context":"https:\/\/schema.org","@graph":[{"@type":"Article","@id":"https:\/\/buenosdiasbcs.com\/?p=8456#article","isPartOf":{"@id":"https:\/\/buenosdiasbcs.com\/?p=8456"},"author":{"name":"Edici\u00f3n Buenos D\u00edas","@id":"https:\/\/buenosdiasbcs.com\/#\/schema\/person\/15aedc247eab7070ee5d76d6d069a821"},"headline":"Qui\u00e9nes integrar\u00e1n el Observatorio de Obra P\u00fablica y Servicio aprobado por el Congreso de BCS","datePublished":"2026-05-01T07:41:00+00:00","mainEntityOfPage":{"@id":"https:\/\/buenosdiasbcs.com\/?p=8456"},"wordCount":549,"commentCount":0,"publisher":{"@id":"https:\/\/buenosdiasbcs.com\/#organization"},"image":{"@id":"https:\/\/buenosdiasbcs.com\/?p=8456#primaryimage"},"thumbnailUrl":"https:\/\/buenosdiasbcs.com\/wp-content\/uploads\/2026\/04\/quienes-integraran-el-observatorio-de-obra-publica-y-servicio-aprobado-por-el-congreso-de-bcs-d4b93d66-focus-0-0-1479-828.webp","articleSection":["Finanzas"],"inLanguage":"es","potentialAction":[{"@type":"CommentAction","name":"Comment","target":["https:\/\/buenosdiasbcs.com\/?p=8456#respond"]}]},{"@type":"WebPage","@id":"https:\/\/buenosdiasbcs.com\/?p=8456","url":"https:\/\/buenosdiasbcs.com\/?p=8456","name":"Qui\u00e9nes integrar\u00e1n el Observatorio de Obra P\u00fablica y Servicio aprobado por el Congreso de BCS - Buenos D&iacute;as BCS","isPartOf":{"@id":"https:\/\/buenosdiasbcs.com\/#website"},"primaryImageOfPage":{"@id":"https:\/\/buenosdiasbcs.com\/?p=8456#primaryimage"},"image":{"@id":"https:\/\/buenosdiasbcs.com\/?p=8456#primaryimage"},"thumbnailUrl":"https:\/\/buenosdiasbcs.com\/wp-content\/uploads\/2026\/04\/quienes-integraran-el-observatorio-de-obra-publica-y-servicio-aprobado-por-el-congreso-de-bcs-d4b93d66-focus-0-0-1479-828.webp","datePublished":"2026-05-01T07:41:00+00:00","breadcrumb":{"@id":"https:\/\/buenosdiasbcs.com\/?p=8456#breadcrumb"},"inLanguage":"es","potentialAction":[{"@type":"ReadAction","target":["https:\/\/buenosdiasbcs.com\/?p=8456"]}]},{"@type":"ImageObject","inLanguage":"es","@id":"https:\/\/buenosdiasbcs.com\/?p=8456#primaryimage","url":"https:\/\/buenosdiasbcs.com\/wp-content\/uploads\/2026\/04\/quienes-integraran-el-observatorio-de-obra-publica-y-servicio-aprobado-por-el-congreso-de-bcs-d4b93d66-focus-0-0-1479-828.webp","contentUrl":"https:\/\/buenosdiasbcs.com\/wp-content\/uploads\/2026\/04\/quienes-integraran-el-observatorio-de-obra-publica-y-servicio-aprobado-por-el-congreso-de-bcs-d4b93d66-focus-0-0-1479-828.webp","width":1280,"height":720},{"@type":"BreadcrumbList","@id":"https:\/\/buenosdiasbcs.com\/?p=8456#breadcrumb","itemListElement":[{"@type":"ListItem","position":1,"name":"Portada","item":"https:\/\/buenosdiasbcs.com\/"},{"@type":"ListItem","position":2,"name":"Qui\u00e9nes integrar\u00e1n el Observatorio de Obra P\u00fablica y Servicio aprobado por el Congreso de BCS"}]},{"@type":"WebSite","@id":"https:\/\/buenosdiasbcs.com\/#website","url":"https:\/\/buenosdiasbcs.com\/","name":"Buenos D\u00edas BCS","description":"","publisher":{"@id":"https:\/\/buenosdiasbcs.com\/#organization"},"potentialAction":[{"@type":"SearchAction","target":{"@type":"EntryPoint","urlTemplate":"https:\/\/buenosdiasbcs.com\/?s={search_term_string}"},"query-input":{"@type":"PropertyValueSpecification","valueRequired":true,"valueName":"search_term_string"}}],"inLanguage":"es"},{"@type":"Organization","@id":"https:\/\/buenosdiasbcs.com\/#organization","name":"Buenos D\u00edas BCS","url":"https:\/\/buenosdiasbcs.com\/","logo":{"@type":"ImageObject","inLanguage":"es","@id":"https:\/\/buenosdiasbcs.com\/#\/schema\/logo\/image\/","url":"https:\/\/buenosdiasbcs.com\/wp-content\/uploads\/2026\/01\/logo-buenos-dias-40-01.png","contentUrl":"https:\/\/buenosdiasbcs.com\/wp-content\/uploads\/2026\/01\/logo-buenos-dias-40-01.png","width":277,"height":40,"caption":"Buenos D\u00edas BCS"},"image":{"@id":"https:\/\/buenosdiasbcs.com\/#\/schema\/logo\/image\/"}},{"@type":"Person","@id":"https:\/\/buenosdiasbcs.com\/#\/schema\/person\/15aedc247eab7070ee5d76d6d069a821","name":"Edici\u00f3n Buenos D\u00edas","image":{"@type":"ImageObject","inLanguage":"es","@id":"https:\/\/buenosdiasbcs.com\/wp-content\/uploads\/2026\/01\/cropped-sol-96x96.png","url":"https:\/\/buenosdiasbcs.com\/wp-content\/uploads\/2026\/01\/cropped-sol-96x96.png","contentUrl":"https:\/\/buenosdiasbcs.com\/wp-content\/uploads\/2026\/01\/cropped-sol-96x96.png","caption":"Edici\u00f3n Buenos D\u00edas"},"url":"https:\/\/buenosdiasbcs.com\/?author=2"}]}},"amp_enabled":true,"_links":{"self":[{"href":"https:\/\/buenosdiasbcs.com\/index.php?rest_route=\/wp\/v2\/posts\/8456","targetHints":{"allow":["GET"]}}],"collection":[{"href":"https:\/\/buenosdiasbcs.com\/index.php?rest_route=\/wp\/v2\/posts"}],"about":[{"href":"https:\/\/buenosdiasbcs.com\/index.php?rest_route=\/wp\/v2\/types\/post"}],"author":[{"embeddable":true,"href":"https:\/\/buenosdiasbcs.com\/index.php?rest_route=\/wp\/v2\/users\/2"}],"replies":[{"embeddable":true,"href":"https:\/\/buenosdiasbcs.com\/index.php?rest_route=%2Fwp%2Fv2%2Fcomments&post=8456"}],"version-history":[{"count":1,"href":"https:\/\/buenosdiasbcs.com\/index.php?rest_route=\/wp\/v2\/posts\/8456\/revisions"}],"predecessor-version":[{"id":8458,"href":"https:\/\/buenosdiasbcs.com\/index.php?rest_route=\/wp\/v2\/posts\/8456\/revisions\/8458"}],"wp:featuredmedia":[{"embeddable":true,"href":"https:\/\/buenosdiasbcs.com\/index.php?rest_route=\/wp\/v2\/media\/8457"}],"wp:attachment":[{"href":"https:\/\/buenosdiasbcs.com\/index.php?rest_route=%2Fwp%2Fv2%2Fmedia&parent=8456"}],"wp:term":[{"taxonomy":"category","embeddable":true,"href":"https:\/\/buenosdiasbcs.com\/index.php?rest_route=%2Fwp%2Fv2%2Fcategories&post=8456"},{"taxonomy":"post_tag","embeddable":true,"href":"https:\/\/buenosdiasbcs.com\/index.php?rest_route=%2Fwp%2Fv2%2Ftags&post=8456"}],"curies":[{"name":"wp","href":"https:\/\/api.w.org\/{rel}","templated":true}]}}