{"id":8452,"date":"2026-05-01T00:38:00","date_gmt":"2026-05-01T07:38:00","guid":{"rendered":"https:\/\/buenosdiasbcs.com\/?p=8452"},"modified":"2026-04-30T21:40:25","modified_gmt":"2026-05-01T04:40:25","slug":"el-calor-llama-a-la-playa-este-fin-de-semana-largo-en-bcs","status":"publish","type":"post","link":"https:\/\/buenosdiasbcs.com\/?p=8452","title":{"rendered":"El calor llama a la playa este fin de semana largo en BCS"},"content":{"rendered":"\n<h2 class=\"wp-block-heading\" id=\"h-por-fortuna-no-se-esperan-condiciones-climaticas-adversas-al-contrario-las-altas-temperaturas-son-ideales-para-ir-a-las-playas-de-la-paz-y-los-cabos\">Por fortuna, no se esperan condiciones clim\u00e1ticas adversas, al contrario, las altas temperaturas son ideales para ir a las playas de La Paz y Los Cabos.<\/h2>\n\n\n\n<p>Playas como El Tecolote, seguramente, se volver\u00e1n a ver llenas de gente este fin de semana largo. Foto: Modesto Peralta Delgado.<\/p>\n\n\n\n<p>El&nbsp;<strong>clima en Baja California Sur&nbsp;<\/strong>apunta a<strong>&nbsp;d\u00edas ideales<\/strong>&nbsp;para actividades al aire libre&nbsp;<a href=\"https:\/\/www.posta.com.mx\/bcs\/1-de-mayo-2026-en-bcs-habra-puente-largo-de-4-dias-para-estudiantes\/vl2196628\">este<\/a><strong><a href=\"https:\/\/www.posta.com.mx\/bcs\/1-de-mayo-2026-en-bcs-habra-puente-largo-de-4-dias-para-estudiantes\/vl2196628\">&nbsp;fin de semana largo<\/a>;<\/strong>&nbsp;de acuerdo con reportes de Conagua y Meteored, el&nbsp;<strong>calor<\/strong>&nbsp;ser\u00e1 protagonista en destinos como&nbsp;<strong>La Paz y Los Cabos,<\/strong>&nbsp;como para ir a la&nbsp;<strong>playa<\/strong>.<\/p>\n\n\n\n<h2 class=\"wp-block-heading\" id=\"h-que-temperaturas-se-esperan-en-la-paz\">\u00bfQu\u00e9 temperaturas se esperan en La Paz?<\/h2>\n\n\n\n<p>En&nbsp;<strong>La Paz<\/strong>, el term\u00f3metro subir\u00e1 de forma constante entre&nbsp;<strong>viernes y domingo<\/strong>; se prev\u00e9n m\u00e1ximas cercanas a los&nbsp;<strong>32 a 35\u00b0C<\/strong>, y m\u00ednimas alrededor de los&nbsp;<strong>20 a 22\u00b0C<\/strong>; el ambiente ser\u00e1 mayormente soleado durante todo el periodo.<\/p>\n\n\n\n<p>La&nbsp;<strong>sensaci\u00f3n t\u00e9rmica<\/strong>&nbsp;podr\u00eda ser m\u00e1s&nbsp;<strong>elevada<\/strong>&nbsp;en horas pico; autoridades recomiendan evitar exposici\u00f3n prolongada al sol al mediod\u00eda; el uso de protector solar y mantenerse hidratado&nbsp;<a href=\"https:\/\/www.posta.com.mx\/bcs\/saldo-blanco-en-playas-de-la-paz-en-semana-santa-deja-97-atenciones-medicas\/vl2186591\">ser\u00e1 clave para disfrutar sin riesgos<\/a>.<\/p>\n\n\n\n<h2 class=\"wp-block-heading\" id=\"h-habra-viento-o-condiciones-adversas-en-los-cabos\">\u00bfHabr\u00e1 viento o condiciones adversas en Los Cabos?<\/h2>\n\n\n\n<p>En&nbsp;<strong>Los Cabos,<\/strong>&nbsp;<a href=\"https:\/\/www.posta.com.mx\/bcs\/mexicali-podria-llegar-a-36c-y-la-paz-a-30c-este-es-el-pronostico-del-clima-para-hoy\/vl2195770\">el panorama ser\u00e1 similar con temperaturas que rondar\u00e1n los<strong>&nbsp;30 a 33\u00b0C<\/strong><\/a>; sin embargo, el&nbsp;<strong>viento<\/strong>&nbsp;ser\u00e1 un factor relevante, especialmente, por las tardes; se esperan rachas moderadas que podr\u00edan intensificarse en zonas costeras.<\/p>\n\n\n\n<p>Estas condiciones pueden generar&nbsp;<strong>oleaje ligero a moderado;&nbsp;<\/strong>aunque no se anticipan lluvias, se sugiere a turistas y locales estar atentos a banderas en playas; las actividades acu\u00e1ticas deber\u00e1n realizarse con precauci\u00f3n.<\/p>\n\n\n\n<h2 class=\"wp-block-heading\" id=\"h-se-esperan-lluvias-o-cambios-repentinos-para-el-clima-en-bcs\">\u00bfSe esperan lluvias o cambios repentinos para el clima en BCS?<\/h2>\n\n\n\n<p>Seg\u00fan los pron\u00f3sticos,&nbsp;<strong>no hay se\u00f1ales de lluvias<\/strong>&nbsp;para este&nbsp;<strong>fin de semana en Baja California Sur;&nbsp;<\/strong>el cielo permanecer\u00e1 despejado o con nubosidad ligera; esto favorecer\u00e1 planes tur\u00edsticos y eventos al aire libre.<\/p>\n\n\n\n<p>Sin embargo, Meteored advierte que los&nbsp;<strong>cambios de viento<\/strong>&nbsp;pueden modificar la percepci\u00f3n del clima; las ma\u00f1anas ser\u00e1n&nbsp;<strong>frescas&nbsp;<\/strong>en comparaci\u00f3n con las tardes; la variaci\u00f3n t\u00e9rmica ser\u00e1 un punto a considerar en la planeaci\u00f3n diaria.<\/p>\n\n\n\n<p>En general,<strong>&nbsp;el fin de semana largo<\/strong>&nbsp;se perfila como uno de los m\u00e1s atractivos en lo que va de la temporada;&nbsp;<strong>el calor, el sol&nbsp;<\/strong>y el cielo despejado crear\u00e1n el escenario perfecto para&nbsp;<strong>playas<\/strong>&nbsp;y actividades recreativas.<\/p>\n","protected":false},"excerpt":{"rendered":"<p>Por fortuna, no se esperan condiciones clim\u00e1ticas adversas, al contrario, las altas temperaturas son ideales para ir a las playas&#8230;<\/p>\n","protected":false},"author":2,"featured_media":8454,"comment_status":"open","ping_status":"open","sticky":false,"template":"","format":"standard","meta":{"footnotes":""},"categories":[23],"tags":[],"class_list":["post-8452","post","type-post","status-publish","format-standard","has-post-thumbnail","hentry","category-clima"],"yoast_head":"<!-- This site is optimized with the Yoast SEO Premium plugin v26.8 (Yoast SEO v27.5) - https:\/\/yoast.com\/product\/yoast-seo-premium-wordpress\/ -->\n<title>El calor llama a la playa este fin de semana largo en BCS - Buenos D&iacute;as BCS<\/title>\n<meta name=\"robots\" content=\"index, follow, max-snippet:-1, max-image-preview:large, max-video-preview:-1\" \/>\n<link rel=\"canonical\" href=\"https:\/\/buenosdiasbcs.com\/?p=8452\" \/>\n<meta property=\"og:locale\" content=\"es_ES\" \/>\n<meta property=\"og:type\" content=\"article\" \/>\n<meta property=\"og:title\" content=\"El calor llama a la playa este fin de semana largo en BCS\" \/>\n<meta property=\"og:description\" content=\"Por fortuna, no se esperan condiciones clim\u00e1ticas adversas, al contrario, las altas temperaturas son ideales para ir a las playas...\" \/>\n<meta property=\"og:url\" content=\"https:\/\/buenosdiasbcs.com\/?p=8452\" \/>\n<meta property=\"og:site_name\" content=\"Buenos D&iacute;as BCS\" \/>\n<meta property=\"article:published_time\" content=\"2026-05-01T07:38:00+00:00\" \/>\n<meta property=\"og:image\" content=\"https:\/\/buenosdiasbcs.com\/wp-content\/uploads\/2026\/04\/la-paz-playa-55d3a594-focus-0-0-1479-828.webp\" \/>\n\t<meta property=\"og:image:width\" content=\"1280\" \/>\n\t<meta property=\"og:image:height\" content=\"800\" \/>\n\t<meta property=\"og:image:type\" content=\"image\/webp\" \/>\n<meta name=\"author\" content=\"Edici\u00f3n Buenos D\u00edas\" \/>\n<meta name=\"twitter:card\" content=\"summary_large_image\" \/>\n<meta name=\"twitter:label1\" content=\"Escrito por\" \/>\n\t<meta name=\"twitter:data1\" content=\"Edici\u00f3n Buenos D\u00edas\" \/>\n\t<meta name=\"twitter:label2\" content=\"Tiempo de lectura\" \/>\n\t<meta name=\"twitter:data2\" content=\"2 minutos\" \/>\n<script type=\"application\/ld+json\" class=\"yoast-schema-graph\">{\"@context\":\"https:\\\/\\\/schema.org\",\"@graph\":[{\"@type\":\"Article\",\"@id\":\"https:\\\/\\\/buenosdiasbcs.com\\\/?p=8452#article\",\"isPartOf\":{\"@id\":\"https:\\\/\\\/buenosdiasbcs.com\\\/?p=8452\"},\"author\":{\"name\":\"Edici\u00f3n Buenos D\u00edas\",\"@id\":\"https:\\\/\\\/buenosdiasbcs.com\\\/#\\\/schema\\\/person\\\/15aedc247eab7070ee5d76d6d069a821\"},\"headline\":\"El calor llama a la playa este fin de semana largo en BCS\",\"datePublished\":\"2026-05-01T07:38:00+00:00\",\"mainEntityOfPage\":{\"@id\":\"https:\\\/\\\/buenosdiasbcs.com\\\/?p=8452\"},\"wordCount\":452,\"commentCount\":0,\"publisher\":{\"@id\":\"https:\\\/\\\/buenosdiasbcs.com\\\/#organization\"},\"image\":{\"@id\":\"https:\\\/\\\/buenosdiasbcs.com\\\/?p=8452#primaryimage\"},\"thumbnailUrl\":\"https:\\\/\\\/buenosdiasbcs.com\\\/wp-content\\\/uploads\\\/2026\\\/04\\\/la-paz-playa-55d3a594-focus-0-0-1479-828.webp\",\"articleSection\":[\"Clima\"],\"inLanguage\":\"es\",\"potentialAction\":[{\"@type\":\"CommentAction\",\"name\":\"Comment\",\"target\":[\"https:\\\/\\\/buenosdiasbcs.com\\\/?p=8452#respond\"]}]},{\"@type\":\"WebPage\",\"@id\":\"https:\\\/\\\/buenosdiasbcs.com\\\/?p=8452\",\"url\":\"https:\\\/\\\/buenosdiasbcs.com\\\/?p=8452\",\"name\":\"El calor llama a la playa este fin de semana largo en BCS - Buenos D&iacute;as BCS\",\"isPartOf\":{\"@id\":\"https:\\\/\\\/buenosdiasbcs.com\\\/#website\"},\"primaryImageOfPage\":{\"@id\":\"https:\\\/\\\/buenosdiasbcs.com\\\/?p=8452#primaryimage\"},\"image\":{\"@id\":\"https:\\\/\\\/buenosdiasbcs.com\\\/?p=8452#primaryimage\"},\"thumbnailUrl\":\"https:\\\/\\\/buenosdiasbcs.com\\\/wp-content\\\/uploads\\\/2026\\\/04\\\/la-paz-playa-55d3a594-focus-0-0-1479-828.webp\",\"datePublished\":\"2026-05-01T07:38:00+00:00\",\"breadcrumb\":{\"@id\":\"https:\\\/\\\/buenosdiasbcs.com\\\/?p=8452#breadcrumb\"},\"inLanguage\":\"es\",\"potentialAction\":[{\"@type\":\"ReadAction\",\"target\":[\"https:\\\/\\\/buenosdiasbcs.com\\\/?p=8452\"]}]},{\"@type\":\"ImageObject\",\"inLanguage\":\"es\",\"@id\":\"https:\\\/\\\/buenosdiasbcs.com\\\/?p=8452#primaryimage\",\"url\":\"https:\\\/\\\/buenosdiasbcs.com\\\/wp-content\\\/uploads\\\/2026\\\/04\\\/la-paz-playa-55d3a594-focus-0-0-1479-828.webp\",\"contentUrl\":\"https:\\\/\\\/buenosdiasbcs.com\\\/wp-content\\\/uploads\\\/2026\\\/04\\\/la-paz-playa-55d3a594-focus-0-0-1479-828.webp\",\"width\":1280,\"height\":800},{\"@type\":\"BreadcrumbList\",\"@id\":\"https:\\\/\\\/buenosdiasbcs.com\\\/?p=8452#breadcrumb\",\"itemListElement\":[{\"@type\":\"ListItem\",\"position\":1,\"name\":\"Portada\",\"item\":\"https:\\\/\\\/buenosdiasbcs.com\\\/\"},{\"@type\":\"ListItem\",\"position\":2,\"name\":\"El calor llama a la playa este fin de semana largo en BCS\"}]},{\"@type\":\"WebSite\",\"@id\":\"https:\\\/\\\/buenosdiasbcs.com\\\/#website\",\"url\":\"https:\\\/\\\/buenosdiasbcs.com\\\/\",\"name\":\"Buenos D\u00edas BCS\",\"description\":\"\",\"publisher\":{\"@id\":\"https:\\\/\\\/buenosdiasbcs.com\\\/#organization\"},\"potentialAction\":[{\"@type\":\"SearchAction\",\"target\":{\"@type\":\"EntryPoint\",\"urlTemplate\":\"https:\\\/\\\/buenosdiasbcs.com\\\/?s={search_term_string}\"},\"query-input\":{\"@type\":\"PropertyValueSpecification\",\"valueRequired\":true,\"valueName\":\"search_term_string\"}}],\"inLanguage\":\"es\"},{\"@type\":\"Organization\",\"@id\":\"https:\\\/\\\/buenosdiasbcs.com\\\/#organization\",\"name\":\"Buenos D\u00edas BCS\",\"url\":\"https:\\\/\\\/buenosdiasbcs.com\\\/\",\"logo\":{\"@type\":\"ImageObject\",\"inLanguage\":\"es\",\"@id\":\"https:\\\/\\\/buenosdiasbcs.com\\\/#\\\/schema\\\/logo\\\/image\\\/\",\"url\":\"https:\\\/\\\/buenosdiasbcs.com\\\/wp-content\\\/uploads\\\/2026\\\/01\\\/logo-buenos-dias-40-01.png\",\"contentUrl\":\"https:\\\/\\\/buenosdiasbcs.com\\\/wp-content\\\/uploads\\\/2026\\\/01\\\/logo-buenos-dias-40-01.png\",\"width\":277,\"height\":40,\"caption\":\"Buenos D\u00edas BCS\"},\"image\":{\"@id\":\"https:\\\/\\\/buenosdiasbcs.com\\\/#\\\/schema\\\/logo\\\/image\\\/\"}},{\"@type\":\"Person\",\"@id\":\"https:\\\/\\\/buenosdiasbcs.com\\\/#\\\/schema\\\/person\\\/15aedc247eab7070ee5d76d6d069a821\",\"name\":\"Edici\u00f3n Buenos D\u00edas\",\"image\":{\"@type\":\"ImageObject\",\"inLanguage\":\"es\",\"@id\":\"https:\\\/\\\/buenosdiasbcs.com\\\/wp-content\\\/uploads\\\/2026\\\/01\\\/cropped-sol-96x96.png\",\"url\":\"https:\\\/\\\/buenosdiasbcs.com\\\/wp-content\\\/uploads\\\/2026\\\/01\\\/cropped-sol-96x96.png\",\"contentUrl\":\"https:\\\/\\\/buenosdiasbcs.com\\\/wp-content\\\/uploads\\\/2026\\\/01\\\/cropped-sol-96x96.png\",\"caption\":\"Edici\u00f3n Buenos D\u00edas\"},\"url\":\"https:\\\/\\\/buenosdiasbcs.com\\\/?author=2\"}]}<\/script>\n<!-- \/ Yoast SEO Premium plugin. -->","yoast_head_json":{"title":"El calor llama a la playa este fin de semana largo en BCS - Buenos D&iacute;as BCS","robots":{"index":"index","follow":"follow","max-snippet":"max-snippet:-1","max-image-preview":"max-image-preview:large","max-video-preview":"max-video-preview:-1"},"canonical":"https:\/\/buenosdiasbcs.com\/?p=8452","og_locale":"es_ES","og_type":"article","og_title":"El calor llama a la playa este fin de semana largo en BCS","og_description":"Por fortuna, no se esperan condiciones clim\u00e1ticas adversas, al contrario, las altas temperaturas son ideales para ir a las playas...","og_url":"https:\/\/buenosdiasbcs.com\/?p=8452","og_site_name":"Buenos D&iacute;as BCS","article_published_time":"2026-05-01T07:38:00+00:00","og_image":[{"width":1280,"height":800,"url":"https:\/\/buenosdiasbcs.com\/wp-content\/uploads\/2026\/04\/la-paz-playa-55d3a594-focus-0-0-1479-828.webp","type":"image\/webp"}],"author":"Edici\u00f3n Buenos D\u00edas","twitter_card":"summary_large_image","twitter_misc":{"Escrito por":"Edici\u00f3n Buenos D\u00edas","Tiempo de lectura":"2 minutos"},"schema":{"@context":"https:\/\/schema.org","@graph":[{"@type":"Article","@id":"https:\/\/buenosdiasbcs.com\/?p=8452#article","isPartOf":{"@id":"https:\/\/buenosdiasbcs.com\/?p=8452"},"author":{"name":"Edici\u00f3n Buenos D\u00edas","@id":"https:\/\/buenosdiasbcs.com\/#\/schema\/person\/15aedc247eab7070ee5d76d6d069a821"},"headline":"El calor llama a la playa este fin de semana largo en BCS","datePublished":"2026-05-01T07:38:00+00:00","mainEntityOfPage":{"@id":"https:\/\/buenosdiasbcs.com\/?p=8452"},"wordCount":452,"commentCount":0,"publisher":{"@id":"https:\/\/buenosdiasbcs.com\/#organization"},"image":{"@id":"https:\/\/buenosdiasbcs.com\/?p=8452#primaryimage"},"thumbnailUrl":"https:\/\/buenosdiasbcs.com\/wp-content\/uploads\/2026\/04\/la-paz-playa-55d3a594-focus-0-0-1479-828.webp","articleSection":["Clima"],"inLanguage":"es","potentialAction":[{"@type":"CommentAction","name":"Comment","target":["https:\/\/buenosdiasbcs.com\/?p=8452#respond"]}]},{"@type":"WebPage","@id":"https:\/\/buenosdiasbcs.com\/?p=8452","url":"https:\/\/buenosdiasbcs.com\/?p=8452","name":"El calor llama a la playa este fin de semana largo en BCS - Buenos D&iacute;as BCS","isPartOf":{"@id":"https:\/\/buenosdiasbcs.com\/#website"},"primaryImageOfPage":{"@id":"https:\/\/buenosdiasbcs.com\/?p=8452#primaryimage"},"image":{"@id":"https:\/\/buenosdiasbcs.com\/?p=8452#primaryimage"},"thumbnailUrl":"https:\/\/buenosdiasbcs.com\/wp-content\/uploads\/2026\/04\/la-paz-playa-55d3a594-focus-0-0-1479-828.webp","datePublished":"2026-05-01T07:38:00+00:00","breadcrumb":{"@id":"https:\/\/buenosdiasbcs.com\/?p=8452#breadcrumb"},"inLanguage":"es","potentialAction":[{"@type":"ReadAction","target":["https:\/\/buenosdiasbcs.com\/?p=8452"]}]},{"@type":"ImageObject","inLanguage":"es","@id":"https:\/\/buenosdiasbcs.com\/?p=8452#primaryimage","url":"https:\/\/buenosdiasbcs.com\/wp-content\/uploads\/2026\/04\/la-paz-playa-55d3a594-focus-0-0-1479-828.webp","contentUrl":"https:\/\/buenosdiasbcs.com\/wp-content\/uploads\/2026\/04\/la-paz-playa-55d3a594-focus-0-0-1479-828.webp","width":1280,"height":800},{"@type":"BreadcrumbList","@id":"https:\/\/buenosdiasbcs.com\/?p=8452#breadcrumb","itemListElement":[{"@type":"ListItem","position":1,"name":"Portada","item":"https:\/\/buenosdiasbcs.com\/"},{"@type":"ListItem","position":2,"name":"El calor llama a la playa este fin de semana largo en BCS"}]},{"@type":"WebSite","@id":"https:\/\/buenosdiasbcs.com\/#website","url":"https:\/\/buenosdiasbcs.com\/","name":"Buenos D\u00edas BCS","description":"","publisher":{"@id":"https:\/\/buenosdiasbcs.com\/#organization"},"potentialAction":[{"@type":"SearchAction","target":{"@type":"EntryPoint","urlTemplate":"https:\/\/buenosdiasbcs.com\/?s={search_term_string}"},"query-input":{"@type":"PropertyValueSpecification","valueRequired":true,"valueName":"search_term_string"}}],"inLanguage":"es"},{"@type":"Organization","@id":"https:\/\/buenosdiasbcs.com\/#organization","name":"Buenos D\u00edas BCS","url":"https:\/\/buenosdiasbcs.com\/","logo":{"@type":"ImageObject","inLanguage":"es","@id":"https:\/\/buenosdiasbcs.com\/#\/schema\/logo\/image\/","url":"https:\/\/buenosdiasbcs.com\/wp-content\/uploads\/2026\/01\/logo-buenos-dias-40-01.png","contentUrl":"https:\/\/buenosdiasbcs.com\/wp-content\/uploads\/2026\/01\/logo-buenos-dias-40-01.png","width":277,"height":40,"caption":"Buenos D\u00edas BCS"},"image":{"@id":"https:\/\/buenosdiasbcs.com\/#\/schema\/logo\/image\/"}},{"@type":"Person","@id":"https:\/\/buenosdiasbcs.com\/#\/schema\/person\/15aedc247eab7070ee5d76d6d069a821","name":"Edici\u00f3n Buenos D\u00edas","image":{"@type":"ImageObject","inLanguage":"es","@id":"https:\/\/buenosdiasbcs.com\/wp-content\/uploads\/2026\/01\/cropped-sol-96x96.png","url":"https:\/\/buenosdiasbcs.com\/wp-content\/uploads\/2026\/01\/cropped-sol-96x96.png","contentUrl":"https:\/\/buenosdiasbcs.com\/wp-content\/uploads\/2026\/01\/cropped-sol-96x96.png","caption":"Edici\u00f3n Buenos D\u00edas"},"url":"https:\/\/buenosdiasbcs.com\/?author=2"}]}},"amp_enabled":true,"_links":{"self":[{"href":"https:\/\/buenosdiasbcs.com\/index.php?rest_route=\/wp\/v2\/posts\/8452","targetHints":{"allow":["GET"]}}],"collection":[{"href":"https:\/\/buenosdiasbcs.com\/index.php?rest_route=\/wp\/v2\/posts"}],"about":[{"href":"https:\/\/buenosdiasbcs.com\/index.php?rest_route=\/wp\/v2\/types\/post"}],"author":[{"embeddable":true,"href":"https:\/\/buenosdiasbcs.com\/index.php?rest_route=\/wp\/v2\/users\/2"}],"replies":[{"embeddable":true,"href":"https:\/\/buenosdiasbcs.com\/index.php?rest_route=%2Fwp%2Fv2%2Fcomments&post=8452"}],"version-history":[{"count":1,"href":"https:\/\/buenosdiasbcs.com\/index.php?rest_route=\/wp\/v2\/posts\/8452\/revisions"}],"predecessor-version":[{"id":8455,"href":"https:\/\/buenosdiasbcs.com\/index.php?rest_route=\/wp\/v2\/posts\/8452\/revisions\/8455"}],"wp:featuredmedia":[{"embeddable":true,"href":"https:\/\/buenosdiasbcs.com\/index.php?rest_route=\/wp\/v2\/media\/8454"}],"wp:attachment":[{"href":"https:\/\/buenosdiasbcs.com\/index.php?rest_route=%2Fwp%2Fv2%2Fmedia&parent=8452"}],"wp:term":[{"taxonomy":"category","embeddable":true,"href":"https:\/\/buenosdiasbcs.com\/index.php?rest_route=%2Fwp%2Fv2%2Fcategories&post=8452"},{"taxonomy":"post_tag","embeddable":true,"href":"https:\/\/buenosdiasbcs.com\/index.php?rest_route=%2Fwp%2Fv2%2Ftags&post=8452"}],"curies":[{"name":"wp","href":"https:\/\/api.w.org\/{rel}","templated":true}]}}