{"id":8443,"date":"2026-05-01T00:25:00","date_gmt":"2026-05-01T07:25:00","guid":{"rendered":"https:\/\/buenosdiasbcs.com\/?p=8443"},"modified":"2026-04-30T21:28:08","modified_gmt":"2026-05-01T04:28:08","slug":"por-que-se-celebra-el-1-de-mayo-el-dia-del-trabajador","status":"publish","type":"post","link":"https:\/\/buenosdiasbcs.com\/?p=8443","title":{"rendered":"\u00bfPor qu\u00e9 se celebra el 1 de mayo el D\u00eda del Trabajador?\u00a0"},"content":{"rendered":"\n<h2 class=\"wp-block-heading\" id=\"h-la-fecha-se-conmemora-en-todo-el-mundo-para-valorar-las-luchas-historicas-y-los-logros-de-los-trabajadores-y-del-movimiento-obrero-esta-es-la-historia-de-su-origen\">La fecha se conmemora en todo el mundo para valorar las luchas hist\u00f3ricas y los logros de los trabajadores y del movimiento obrero. Esta es la historia de su origen.<\/h2>\n\n\n\n<p>El D\u00eda del Trabajador, tambi\u00e9n conocido como&nbsp;<strong>D\u00eda Internacional de los Trabajadores<\/strong>, es una jornada que&nbsp;<strong>conmemora las luchas hist\u00f3ricas y los&nbsp;<\/strong><a href=\"https:\/\/www.nationalgeographicla.com\/historia\/2024\/03\/inspiradoras-fotos-antiguas-de-mujeres-trabajadoras-de-todo-el-mundo\"><strong>logros de la clase trabajadora<\/strong><\/a>&nbsp;y del&nbsp;movimiento obrero.&nbsp;<\/p>\n\n\n\n<p>En muchos pa\u00edses, la fecha&nbsp;<strong>se celebra el 1 de mayo<\/strong>, sin embargo, seg\u00fan&nbsp;especifica la Enciclopedia Britannica (una plataforma de datos brit\u00e1nica centrada en la educaci\u00f3n),&nbsp;<strong>en Estados Unidos y Canad\u00e1<\/strong>, la efem\u00e9ride conocida como D\u00eda del Trabajo tiene lugar el&nbsp;<strong>primer lunes de septiembre<\/strong>.&nbsp;<\/p>\n\n\n\n<h2 class=\"wp-block-heading\" id=\"header_1274372_0\"><strong>\u00bfCu\u00e1l es la historia del Primero de Mayo?&nbsp;<\/strong><\/h2>\n\n\n\n<p>La celebraci\u00f3n del<strong>&nbsp;1 de Mayo<\/strong>&nbsp;como&nbsp;<a href=\"https:\/\/www.nationalgeographicla.com\/historia\/2024\/05\/los-sorprendentes-origenes-del-dia-del-trabajo\">D\u00eda del Trabajo<\/a>&nbsp;se remonta a los&nbsp;<strong>movimientos obreros activos<\/strong>&nbsp;en la ciudad de&nbsp;Chicago (Estados Unidos) a finales del siglo XIX.<\/p>\n\n\n\n<p>Seg\u00fan Britannica, los movimientos se originaron en una \u00e9poca en la que la industria de los EE. UU. se expand\u00eda r\u00e1pidamente, pero hab\u00eda&nbsp;<strong>pocas protecciones legales para los&nbsp;<\/strong><a href=\"https:\/\/www.nationalgeographicla.com\/ciencia\/2020\/09\/la-pandemia-ha-beneficiado-a-un-tipo-de-trabajador-el-robot\"><strong>trabajadores<\/strong><\/a>&nbsp;estadounidenses.<\/p>\n\n\n\n<p>A finales del siglo XIX, justo despu\u00e9s de la&nbsp;<a href=\"https:\/\/www.nationalgeographicla.com\/historia\/2024\/12\/que-fue-y-cuando-comenzo-la-revolucion-industrial\">Revoluci\u00f3n Industrial<\/a>,&nbsp;los estadounidenses<strong>trabajaban 12 horas al d\u00eda durante seis o siete d\u00edas a la semana.&nbsp;<\/strong>Adem\u00e1s, los&nbsp;<strong>salarios eran bajos y las condiciones de seguridad e higiene eran inexistentes<\/strong>, lo que provocaba accidentes y afectaba a la salud de los trabajadores. Incluso los ni\u00f1os, algunos de cinco o seis a\u00f1os, trabajaban en minas, f\u00e1bricas e industrias en las mismas&nbsp;<strong>condiciones laborales degradantes<\/strong>&nbsp;que los adultos.<\/p>\n\n\n\n<p>Las terribles condiciones llevaron a los trabajadores de Chicago a&nbsp;<strong>movilizar protestas en mayo de 1886<\/strong>. Estas acciones, que duraron del 1 al 4 de mayo, fueron organizadas por movimientos obreros vinculados al anarcosindicalismo y exig\u00edan, sobre todo, la&nbsp;<strong>jornada laboral de ocho horas<\/strong>.&nbsp;<\/p>\n\n\n\n<p>De acuerdo a la informaci\u00f3n de Britannica, las&nbsp;<a href=\"https:\/\/www.nationalgeographicla.com\/historia\/2023\/04\/la-historia-del-dia-de-la-tierra-de-la-protesta-universitaria-al-activismo-mundial\">manifestaciones<\/a>&nbsp;del 4 de mayo de 1886 se hicieron especialmente conocidas. Ese d\u00eda se produjeron protestas en la plaza Haymarket de Chicago cuando estall\u00f3 una bomba. La explosi\u00f3n fue responsable de la&nbsp;<strong>muerte de agentes de polic\u00eda y manifestantes<\/strong>, lo que llev\u00f3 a las fuerzas de seguridad a responder abriendo fuego contra la manifestaci\u00f3n.&nbsp;<\/p>\n\n\n\n<p>A partir de entonces se reprimi\u00f3 agresivamente a los trabajadores y se detuvo a los l\u00edderes del movimiento obrero de Chicago, cuatro de los cuales fueron condenados a muerte. Se les conoci\u00f3 como los&nbsp;<strong>M\u00e1rtires de Chicago<\/strong>.&nbsp;<\/p>\n\n\n\n<p>La fecha del 1 de Mayo pas\u00f3 a ser recordada como&nbsp;<strong>la Masacre de Haymarket<\/strong>, pero la festividad del D\u00eda del Trabajo se estableci\u00f3 como tal a\u00f1os m\u00e1s tarde.&nbsp;<\/p>\n\n\n\n<h2 class=\"wp-block-heading\" id=\"header_1274373_0\"><strong>Consolidaci\u00f3n del D\u00eda del Trabajo<\/strong><\/h2>\n\n\n\n<p>En Francia, la efem\u00e9ride surgi\u00f3 en 1919, tras&nbsp;la&nbsp;<strong>ratificaci\u00f3n por ley de la jornada de ocho horas<\/strong>. Al a\u00f1o siguiente, en 1920, la antigua Uni\u00f3n Sovi\u00e9tica (URSS) tambi\u00e9n adopt\u00f3 la fecha.&nbsp;<\/p>\n\n\n\n<p>Seg\u00fan la enciclopedia del Reino Unido, los l\u00edderes socialistas cre\u00edan que la festividad animar\u00eda a los trabajadores de Europa y Estados Unidos a unirse&nbsp;<a href=\"https:\/\/www.nationalgeographicla.com\/historia\/2022\/11\/que-fue-la-guerra-fria\">contra el capitalismo<\/a>. El d\u00eda se convirti\u00f3 en una&nbsp;<strong>importante festividad<\/strong>&nbsp;en la&nbsp;<a href=\"https:\/\/www.nationalgeographicla.com\/historia\/2022\/02\/rusia-y-ucrania-en-conflicto-la-complicada-historia-que-las-une-y-las-divide\">URSS y en los pa\u00edses del Bloque del Este<\/a>, celebr\u00e1ndose con grandes desfiles que valoraban el poder\u00edo militar sovi\u00e9tico.&nbsp;<\/p>\n\n\n\n<p>Con la disoluci\u00f3n de la URSS y la ca\u00edda de los gobiernos comunistas en Europa del Este a finales del siglo XX, las celebraciones a gran escala del D\u00eda del Trabajo perdieron importancia en la regi\u00f3n. Sin embargo, indica Britannica, en decenas de pa\u00edses de todo el mundo,&nbsp;<strong>el D\u00eda del Trabajo est\u00e1 reconocido como feriado&nbsp;<\/strong>y sigue celebr\u00e1ndose como ocasi\u00f3n para manifestaciones y concentraciones en apoyo de los trabajadores.<\/p>\n","protected":false},"excerpt":{"rendered":"<p>La fecha se conmemora en todo el mundo para valorar las luchas hist\u00f3ricas y los logros de los trabajadores y&#8230;<\/p>\n","protected":false},"author":2,"featured_media":8444,"comment_status":"open","ping_status":"open","sticky":false,"template":"","format":"standard","meta":{"footnotes":""},"categories":[19],"tags":[],"class_list":["post-8443","post","type-post","status-publish","format-standard","has-post-thumbnail","hentry","category-cultura"],"yoast_head":"<!-- This site is optimized with the Yoast SEO Premium plugin v26.8 (Yoast SEO v27.5) - https:\/\/yoast.com\/product\/yoast-seo-premium-wordpress\/ -->\n<title>\u00bfPor qu\u00e9 se celebra el 1 de mayo el D\u00eda del Trabajador?\u00a0 - Buenos D&iacute;as BCS<\/title>\n<meta name=\"robots\" content=\"index, follow, max-snippet:-1, max-image-preview:large, max-video-preview:-1\" \/>\n<link rel=\"canonical\" href=\"https:\/\/buenosdiasbcs.com\/?p=8443\" \/>\n<meta property=\"og:locale\" content=\"es_ES\" \/>\n<meta property=\"og:type\" content=\"article\" \/>\n<meta property=\"og:title\" content=\"\u00bfPor qu\u00e9 se celebra el 1 de mayo el D\u00eda del Trabajador?\u00a0\" \/>\n<meta property=\"og:description\" content=\"La fecha se conmemora en todo el mundo para valorar las luchas hist\u00f3ricas y los logros de los trabajadores y...\" \/>\n<meta property=\"og:url\" content=\"https:\/\/buenosdiasbcs.com\/?p=8443\" \/>\n<meta property=\"og:site_name\" content=\"Buenos D&iacute;as BCS\" \/>\n<meta property=\"article:published_time\" content=\"2026-05-01T07:25:00+00:00\" \/>\n<meta property=\"og:image\" content=\"https:\/\/buenosdiasbcs.com\/wp-content\/uploads\/2026\/04\/Captura-de-Pantalla-2024-04-29-a-las-14.25.39.png\" \/>\n\t<meta property=\"og:image:width\" content=\"740\" \/>\n\t<meta property=\"og:image:height\" content=\"372\" \/>\n\t<meta property=\"og:image:type\" content=\"image\/png\" \/>\n<meta name=\"author\" content=\"Edici\u00f3n Buenos D\u00edas\" \/>\n<meta name=\"twitter:card\" content=\"summary_large_image\" \/>\n<meta name=\"twitter:label1\" content=\"Escrito por\" \/>\n\t<meta name=\"twitter:data1\" content=\"Edici\u00f3n Buenos D\u00edas\" \/>\n\t<meta name=\"twitter:label2\" content=\"Tiempo de lectura\" \/>\n\t<meta name=\"twitter:data2\" content=\"3 minutos\" \/>\n<script type=\"application\/ld+json\" class=\"yoast-schema-graph\">{\"@context\":\"https:\\\/\\\/schema.org\",\"@graph\":[{\"@type\":\"Article\",\"@id\":\"https:\\\/\\\/buenosdiasbcs.com\\\/?p=8443#article\",\"isPartOf\":{\"@id\":\"https:\\\/\\\/buenosdiasbcs.com\\\/?p=8443\"},\"author\":{\"name\":\"Edici\u00f3n Buenos D\u00edas\",\"@id\":\"https:\\\/\\\/buenosdiasbcs.com\\\/#\\\/schema\\\/person\\\/15aedc247eab7070ee5d76d6d069a821\"},\"headline\":\"\u00bfPor qu\u00e9 se celebra el 1 de mayo el D\u00eda del Trabajador?\u00a0\",\"datePublished\":\"2026-05-01T07:25:00+00:00\",\"mainEntityOfPage\":{\"@id\":\"https:\\\/\\\/buenosdiasbcs.com\\\/?p=8443\"},\"wordCount\":696,\"commentCount\":0,\"publisher\":{\"@id\":\"https:\\\/\\\/buenosdiasbcs.com\\\/#organization\"},\"image\":{\"@id\":\"https:\\\/\\\/buenosdiasbcs.com\\\/?p=8443#primaryimage\"},\"thumbnailUrl\":\"https:\\\/\\\/buenosdiasbcs.com\\\/wp-content\\\/uploads\\\/2026\\\/04\\\/Captura-de-Pantalla-2024-04-29-a-las-14.25.39.png\",\"articleSection\":[\"Cultura\"],\"inLanguage\":\"es\",\"potentialAction\":[{\"@type\":\"CommentAction\",\"name\":\"Comment\",\"target\":[\"https:\\\/\\\/buenosdiasbcs.com\\\/?p=8443#respond\"]}]},{\"@type\":\"WebPage\",\"@id\":\"https:\\\/\\\/buenosdiasbcs.com\\\/?p=8443\",\"url\":\"https:\\\/\\\/buenosdiasbcs.com\\\/?p=8443\",\"name\":\"\u00bfPor qu\u00e9 se celebra el 1 de mayo el D\u00eda del Trabajador?\u00a0 - Buenos D&iacute;as BCS\",\"isPartOf\":{\"@id\":\"https:\\\/\\\/buenosdiasbcs.com\\\/#website\"},\"primaryImageOfPage\":{\"@id\":\"https:\\\/\\\/buenosdiasbcs.com\\\/?p=8443#primaryimage\"},\"image\":{\"@id\":\"https:\\\/\\\/buenosdiasbcs.com\\\/?p=8443#primaryimage\"},\"thumbnailUrl\":\"https:\\\/\\\/buenosdiasbcs.com\\\/wp-content\\\/uploads\\\/2026\\\/04\\\/Captura-de-Pantalla-2024-04-29-a-las-14.25.39.png\",\"datePublished\":\"2026-05-01T07:25:00+00:00\",\"breadcrumb\":{\"@id\":\"https:\\\/\\\/buenosdiasbcs.com\\\/?p=8443#breadcrumb\"},\"inLanguage\":\"es\",\"potentialAction\":[{\"@type\":\"ReadAction\",\"target\":[\"https:\\\/\\\/buenosdiasbcs.com\\\/?p=8443\"]}]},{\"@type\":\"ImageObject\",\"inLanguage\":\"es\",\"@id\":\"https:\\\/\\\/buenosdiasbcs.com\\\/?p=8443#primaryimage\",\"url\":\"https:\\\/\\\/buenosdiasbcs.com\\\/wp-content\\\/uploads\\\/2026\\\/04\\\/Captura-de-Pantalla-2024-04-29-a-las-14.25.39.png\",\"contentUrl\":\"https:\\\/\\\/buenosdiasbcs.com\\\/wp-content\\\/uploads\\\/2026\\\/04\\\/Captura-de-Pantalla-2024-04-29-a-las-14.25.39.png\",\"width\":740,\"height\":372},{\"@type\":\"BreadcrumbList\",\"@id\":\"https:\\\/\\\/buenosdiasbcs.com\\\/?p=8443#breadcrumb\",\"itemListElement\":[{\"@type\":\"ListItem\",\"position\":1,\"name\":\"Portada\",\"item\":\"https:\\\/\\\/buenosdiasbcs.com\\\/\"},{\"@type\":\"ListItem\",\"position\":2,\"name\":\"\u00bfPor qu\u00e9 se celebra el 1 de mayo el D\u00eda del Trabajador?\u00a0\"}]},{\"@type\":\"WebSite\",\"@id\":\"https:\\\/\\\/buenosdiasbcs.com\\\/#website\",\"url\":\"https:\\\/\\\/buenosdiasbcs.com\\\/\",\"name\":\"Buenos D\u00edas BCS\",\"description\":\"\",\"publisher\":{\"@id\":\"https:\\\/\\\/buenosdiasbcs.com\\\/#organization\"},\"potentialAction\":[{\"@type\":\"SearchAction\",\"target\":{\"@type\":\"EntryPoint\",\"urlTemplate\":\"https:\\\/\\\/buenosdiasbcs.com\\\/?s={search_term_string}\"},\"query-input\":{\"@type\":\"PropertyValueSpecification\",\"valueRequired\":true,\"valueName\":\"search_term_string\"}}],\"inLanguage\":\"es\"},{\"@type\":\"Organization\",\"@id\":\"https:\\\/\\\/buenosdiasbcs.com\\\/#organization\",\"name\":\"Buenos D\u00edas BCS\",\"url\":\"https:\\\/\\\/buenosdiasbcs.com\\\/\",\"logo\":{\"@type\":\"ImageObject\",\"inLanguage\":\"es\",\"@id\":\"https:\\\/\\\/buenosdiasbcs.com\\\/#\\\/schema\\\/logo\\\/image\\\/\",\"url\":\"https:\\\/\\\/buenosdiasbcs.com\\\/wp-content\\\/uploads\\\/2026\\\/01\\\/logo-buenos-dias-40-01.png\",\"contentUrl\":\"https:\\\/\\\/buenosdiasbcs.com\\\/wp-content\\\/uploads\\\/2026\\\/01\\\/logo-buenos-dias-40-01.png\",\"width\":277,\"height\":40,\"caption\":\"Buenos D\u00edas BCS\"},\"image\":{\"@id\":\"https:\\\/\\\/buenosdiasbcs.com\\\/#\\\/schema\\\/logo\\\/image\\\/\"}},{\"@type\":\"Person\",\"@id\":\"https:\\\/\\\/buenosdiasbcs.com\\\/#\\\/schema\\\/person\\\/15aedc247eab7070ee5d76d6d069a821\",\"name\":\"Edici\u00f3n Buenos D\u00edas\",\"image\":{\"@type\":\"ImageObject\",\"inLanguage\":\"es\",\"@id\":\"https:\\\/\\\/buenosdiasbcs.com\\\/wp-content\\\/uploads\\\/2026\\\/01\\\/cropped-sol-96x96.png\",\"url\":\"https:\\\/\\\/buenosdiasbcs.com\\\/wp-content\\\/uploads\\\/2026\\\/01\\\/cropped-sol-96x96.png\",\"contentUrl\":\"https:\\\/\\\/buenosdiasbcs.com\\\/wp-content\\\/uploads\\\/2026\\\/01\\\/cropped-sol-96x96.png\",\"caption\":\"Edici\u00f3n Buenos D\u00edas\"},\"url\":\"https:\\\/\\\/buenosdiasbcs.com\\\/?author=2\"}]}<\/script>\n<!-- \/ Yoast SEO Premium plugin. -->","yoast_head_json":{"title":"\u00bfPor qu\u00e9 se celebra el 1 de mayo el D\u00eda del Trabajador?\u00a0 - Buenos D&iacute;as BCS","robots":{"index":"index","follow":"follow","max-snippet":"max-snippet:-1","max-image-preview":"max-image-preview:large","max-video-preview":"max-video-preview:-1"},"canonical":"https:\/\/buenosdiasbcs.com\/?p=8443","og_locale":"es_ES","og_type":"article","og_title":"\u00bfPor qu\u00e9 se celebra el 1 de mayo el D\u00eda del Trabajador?\u00a0","og_description":"La fecha se conmemora en todo el mundo para valorar las luchas hist\u00f3ricas y los logros de los trabajadores y...","og_url":"https:\/\/buenosdiasbcs.com\/?p=8443","og_site_name":"Buenos D&iacute;as BCS","article_published_time":"2026-05-01T07:25:00+00:00","og_image":[{"width":740,"height":372,"url":"https:\/\/buenosdiasbcs.com\/wp-content\/uploads\/2026\/04\/Captura-de-Pantalla-2024-04-29-a-las-14.25.39.png","type":"image\/png"}],"author":"Edici\u00f3n Buenos D\u00edas","twitter_card":"summary_large_image","twitter_misc":{"Escrito por":"Edici\u00f3n Buenos D\u00edas","Tiempo de lectura":"3 minutos"},"schema":{"@context":"https:\/\/schema.org","@graph":[{"@type":"Article","@id":"https:\/\/buenosdiasbcs.com\/?p=8443#article","isPartOf":{"@id":"https:\/\/buenosdiasbcs.com\/?p=8443"},"author":{"name":"Edici\u00f3n Buenos D\u00edas","@id":"https:\/\/buenosdiasbcs.com\/#\/schema\/person\/15aedc247eab7070ee5d76d6d069a821"},"headline":"\u00bfPor qu\u00e9 se celebra el 1 de mayo el D\u00eda del Trabajador?\u00a0","datePublished":"2026-05-01T07:25:00+00:00","mainEntityOfPage":{"@id":"https:\/\/buenosdiasbcs.com\/?p=8443"},"wordCount":696,"commentCount":0,"publisher":{"@id":"https:\/\/buenosdiasbcs.com\/#organization"},"image":{"@id":"https:\/\/buenosdiasbcs.com\/?p=8443#primaryimage"},"thumbnailUrl":"https:\/\/buenosdiasbcs.com\/wp-content\/uploads\/2026\/04\/Captura-de-Pantalla-2024-04-29-a-las-14.25.39.png","articleSection":["Cultura"],"inLanguage":"es","potentialAction":[{"@type":"CommentAction","name":"Comment","target":["https:\/\/buenosdiasbcs.com\/?p=8443#respond"]}]},{"@type":"WebPage","@id":"https:\/\/buenosdiasbcs.com\/?p=8443","url":"https:\/\/buenosdiasbcs.com\/?p=8443","name":"\u00bfPor qu\u00e9 se celebra el 1 de mayo el D\u00eda del Trabajador?\u00a0 - Buenos D&iacute;as BCS","isPartOf":{"@id":"https:\/\/buenosdiasbcs.com\/#website"},"primaryImageOfPage":{"@id":"https:\/\/buenosdiasbcs.com\/?p=8443#primaryimage"},"image":{"@id":"https:\/\/buenosdiasbcs.com\/?p=8443#primaryimage"},"thumbnailUrl":"https:\/\/buenosdiasbcs.com\/wp-content\/uploads\/2026\/04\/Captura-de-Pantalla-2024-04-29-a-las-14.25.39.png","datePublished":"2026-05-01T07:25:00+00:00","breadcrumb":{"@id":"https:\/\/buenosdiasbcs.com\/?p=8443#breadcrumb"},"inLanguage":"es","potentialAction":[{"@type":"ReadAction","target":["https:\/\/buenosdiasbcs.com\/?p=8443"]}]},{"@type":"ImageObject","inLanguage":"es","@id":"https:\/\/buenosdiasbcs.com\/?p=8443#primaryimage","url":"https:\/\/buenosdiasbcs.com\/wp-content\/uploads\/2026\/04\/Captura-de-Pantalla-2024-04-29-a-las-14.25.39.png","contentUrl":"https:\/\/buenosdiasbcs.com\/wp-content\/uploads\/2026\/04\/Captura-de-Pantalla-2024-04-29-a-las-14.25.39.png","width":740,"height":372},{"@type":"BreadcrumbList","@id":"https:\/\/buenosdiasbcs.com\/?p=8443#breadcrumb","itemListElement":[{"@type":"ListItem","position":1,"name":"Portada","item":"https:\/\/buenosdiasbcs.com\/"},{"@type":"ListItem","position":2,"name":"\u00bfPor qu\u00e9 se celebra el 1 de mayo el D\u00eda del Trabajador?\u00a0"}]},{"@type":"WebSite","@id":"https:\/\/buenosdiasbcs.com\/#website","url":"https:\/\/buenosdiasbcs.com\/","name":"Buenos D\u00edas BCS","description":"","publisher":{"@id":"https:\/\/buenosdiasbcs.com\/#organization"},"potentialAction":[{"@type":"SearchAction","target":{"@type":"EntryPoint","urlTemplate":"https:\/\/buenosdiasbcs.com\/?s={search_term_string}"},"query-input":{"@type":"PropertyValueSpecification","valueRequired":true,"valueName":"search_term_string"}}],"inLanguage":"es"},{"@type":"Organization","@id":"https:\/\/buenosdiasbcs.com\/#organization","name":"Buenos D\u00edas BCS","url":"https:\/\/buenosdiasbcs.com\/","logo":{"@type":"ImageObject","inLanguage":"es","@id":"https:\/\/buenosdiasbcs.com\/#\/schema\/logo\/image\/","url":"https:\/\/buenosdiasbcs.com\/wp-content\/uploads\/2026\/01\/logo-buenos-dias-40-01.png","contentUrl":"https:\/\/buenosdiasbcs.com\/wp-content\/uploads\/2026\/01\/logo-buenos-dias-40-01.png","width":277,"height":40,"caption":"Buenos D\u00edas BCS"},"image":{"@id":"https:\/\/buenosdiasbcs.com\/#\/schema\/logo\/image\/"}},{"@type":"Person","@id":"https:\/\/buenosdiasbcs.com\/#\/schema\/person\/15aedc247eab7070ee5d76d6d069a821","name":"Edici\u00f3n Buenos D\u00edas","image":{"@type":"ImageObject","inLanguage":"es","@id":"https:\/\/buenosdiasbcs.com\/wp-content\/uploads\/2026\/01\/cropped-sol-96x96.png","url":"https:\/\/buenosdiasbcs.com\/wp-content\/uploads\/2026\/01\/cropped-sol-96x96.png","contentUrl":"https:\/\/buenosdiasbcs.com\/wp-content\/uploads\/2026\/01\/cropped-sol-96x96.png","caption":"Edici\u00f3n Buenos D\u00edas"},"url":"https:\/\/buenosdiasbcs.com\/?author=2"}]}},"amp_enabled":true,"_links":{"self":[{"href":"https:\/\/buenosdiasbcs.com\/index.php?rest_route=\/wp\/v2\/posts\/8443","targetHints":{"allow":["GET"]}}],"collection":[{"href":"https:\/\/buenosdiasbcs.com\/index.php?rest_route=\/wp\/v2\/posts"}],"about":[{"href":"https:\/\/buenosdiasbcs.com\/index.php?rest_route=\/wp\/v2\/types\/post"}],"author":[{"embeddable":true,"href":"https:\/\/buenosdiasbcs.com\/index.php?rest_route=\/wp\/v2\/users\/2"}],"replies":[{"embeddable":true,"href":"https:\/\/buenosdiasbcs.com\/index.php?rest_route=%2Fwp%2Fv2%2Fcomments&post=8443"}],"version-history":[{"count":1,"href":"https:\/\/buenosdiasbcs.com\/index.php?rest_route=\/wp\/v2\/posts\/8443\/revisions"}],"predecessor-version":[{"id":8445,"href":"https:\/\/buenosdiasbcs.com\/index.php?rest_route=\/wp\/v2\/posts\/8443\/revisions\/8445"}],"wp:featuredmedia":[{"embeddable":true,"href":"https:\/\/buenosdiasbcs.com\/index.php?rest_route=\/wp\/v2\/media\/8444"}],"wp:attachment":[{"href":"https:\/\/buenosdiasbcs.com\/index.php?rest_route=%2Fwp%2Fv2%2Fmedia&parent=8443"}],"wp:term":[{"taxonomy":"category","embeddable":true,"href":"https:\/\/buenosdiasbcs.com\/index.php?rest_route=%2Fwp%2Fv2%2Fcategories&post=8443"},{"taxonomy":"post_tag","embeddable":true,"href":"https:\/\/buenosdiasbcs.com\/index.php?rest_route=%2Fwp%2Fv2%2Ftags&post=8443"}],"curies":[{"name":"wp","href":"https:\/\/api.w.org\/{rel}","templated":true}]}}