{"id":8429,"date":"2026-05-01T00:12:00","date_gmt":"2026-05-01T07:12:00","guid":{"rendered":"https:\/\/buenosdiasbcs.com\/?p=8429"},"modified":"2026-04-30T20:16:04","modified_gmt":"2026-05-01T03:16:04","slug":"esto-es-solo-el-comienzo-la-impunidad-ha-terminado-advierte-eu-a-mexico-tras-acusaciones-contra-rocha-moya","status":"publish","type":"post","link":"https:\/\/buenosdiasbcs.com\/?p=8429","title":{"rendered":"\u201cEsto es solo el comienzo; la impunidad ha terminado\u201d, advierte EU a Mexico tras acusaciones contra Rocha Moya"},"content":{"rendered":"\n<h2 class=\"wp-block-heading\" id=\"h-el-comite-de-asuntos-exteriores-de-la-camara-de-representantes-de-estados-unidos-lanzo-este-jueves-un-mensaje-de-presion-al-advertir-a-traves-de-una-publicacion-en-x-que-los-dias-de-impunidad-para-los-narcoterroristas-han-terminado-senalando-directamente-a-figuras-como-nicolas-maduro-y-ruben-rocha-moya\">El Comit\u00e9 de Asuntos Exteriores de la C\u00e1mara de Representantes de Estados Unidos lanz\u00f3 este jueves un mensaje de presi\u00f3n al advertir, a trav\u00e9s de una publicaci\u00f3n en X, que \u201clos d\u00edas de impunidad para los narcoterroristas han terminado\u201d, se\u00f1alando directamente a figuras como Nicol\u00e1s Maduro y Rub\u00e9n Rocha Moya.<\/h2>\n\n\n\n<p>Tras el anuncio de los&nbsp;<strong>cargos presentados por el Departamento de Justicia<\/strong>de Estados Unidos contra el gobernador de Sinaloa,&nbsp;<strong>Rub\u00e9n Rocha Moya<\/strong>, el Comit\u00e9 de Asuntos Exteriores de la C\u00e1mara de Representantes lanz\u00f3 una advertencia dirigida a l\u00edderes pol\u00edticos y actores p\u00fablicos presuntamente implicados en redes de narcotr\u00e1fico, afirmando que ninguno quedar\u00e1 impune y que las&nbsp;<strong>acciones para llevarlos ante la justicia estadounidense<\/strong>&nbsp;\u201capenas comienzan\u201d.<\/p>\n\n\n\n<p>El mensaje fue difundido este jueves a trav\u00e9s de una publicaci\u00f3n en la red social X, en la que el organismo legislativo, que preside el&nbsp;<strong>congresista republicano Brian Mast<\/strong>, afirm\u00f3: \u201cLos d\u00edas de impunidad para los narcoterroristas han terminado.&nbsp;<strong>Desde Nicol\u00e1s Maduro hasta Rub\u00e9n Rocha Moya<\/strong>, si est\u00e1s implicado en el tr\u00e1fico de drogas hacia Estados Unidos, te haremos rendir cuentas. Esto es solo el comienzo\u201d.<\/p>\n\n\n\n<p>Este mi\u00e9rcoles, el&nbsp;<strong>Departamento de Justicia de Estados Unidos anunci\u00f3 la presentaci\u00f3n de una acusaci\u00f3n formal contra 11 funcionarios \u2014actuales y anteriores\u2014 de Sinaloa<\/strong>, entre ellos el gobernador en funciones Rub\u00e9n Rocha Moya, as\u00ed como mandos de corporaciones policiales estatales y municipales.<\/p>\n\n\n\n<p>De acuerdo con la fiscal\u00eda estadounidense, los se\u00f1alados habr\u00edan conspirado con l\u00edderes del C\u00e1rtel de Sinaloa para importar grandes cantidades de drogas a Estados Unidos a cambio de protecci\u00f3n pol\u00edtica, apoyo institucional y sobornos millonarios.<\/p>\n\n\n\n<h2 class=\"wp-block-heading\" id=\"h-funcionarios-senalados-y-cargos-imputados\">Funcionarios se\u00f1alados y cargos imputados<\/h2>\n\n\n\n<p>La acusaci\u00f3n, presentada ante un tribunal federal, incluye adem\u00e1s a Enrique Inzunza C\u00e1zarez y al alcalde de Culiac\u00e1n, Juan de Dios G\u00e1mez Mend\u00edvil, as\u00ed como a Enrique D\u00edaz Vega, Damaso Castro Zaavedra, Marco Antonio Almanza Avil\u00e9s, Alberto Jorge Contreras N\u00fa\u00f1ez, identificado como \u201cCholo\u201d, Gerardo M\u00e9rida S\u00e1nchez, Jos\u00e9 Antonio Dionisio Hip\u00f3lito, alias \u201cTornado\u201d, y Juan Valenzuela Mill\u00e1n, alias \u201cJuanito\u201d. Todos ellos enfrentan se\u00f1alamientos por delitos de tr\u00e1fico de drogas y conductas relacionadas con armas de fuego.<\/p>\n\n\n\n<p>Al gobernador de Sinaloa se le atribuyen cargos por conspiraci\u00f3n para la importaci\u00f3n de narc\u00f3ticos, posesi\u00f3n de ametralladoras y artefactos explosivos, as\u00ed como conspiraci\u00f3n para poseer dispositivos destructivos. De ser declarado culpable, las penas en su contra podr\u00edan llegar a cadena perpetua o, de manera alternativa, a una condena m\u00ednima obligatoria de 40 a\u00f1os.<\/p>\n\n\n\n<p>La denuncia tambi\u00e9n expone que Rocha Moya habr\u00eda llegado al poder mediante un pacto \u201cpol\u00edtico-criminal\u201d en las elecciones de 2021, en el que supuestamente particip\u00f3 el grupo conocido como Los Chapitos.<\/p>\n\n\n\n<p>Tras la divulgaci\u00f3n del documento, Rocha Moya rechaz\u00f3 los se\u00f1alamientos: \u201cRechazo categ\u00f3rica y absolutamente las imputaciones formuladas en mi contra, por la Fiscal\u00eda Federal del Distrito Sur de Nueva York, ya que carecen de veracidad y fundamento alguno\u201d.<\/p>\n\n\n\n<h2 class=\"wp-block-heading\" id=\"h-respuesta-del-gobierno-federal-y-defensa-de-soberania\">Respuesta del gobierno federal y defensa de soberan\u00eda<\/h2>\n\n\n\n<p>La presidenta Claudia Sheinbaum abord\u00f3 este jueves el tema al confirmar que sostuvo una llamada con el gobernador tras conocerse las solicitudes de extradici\u00f3n enviadas por autoridades estadounidenses.<\/p>\n\n\n\n<p>La mandataria afirm\u00f3 haberle transmitido un mensaje directo: \u201cSi no hay nada, pues no hay nada que temer\u201d, reiterando que cualquier proceso debe sustentarse en pruebas claras.<\/p>\n\n\n\n<p>Subray\u00f3 adem\u00e1s que el gobierno federal no proteger\u00e1 a ning\u00fan funcionario en caso de que se acrediten delitos. \u201cSi la FGR recibe pruebas contundentes e irrefutables conforme a la legislaci\u00f3n mexicana o en su propia investigaci\u00f3n encuentre elementos constitutivos de un delito, deber\u00e1 proceder conforme a derecho, bajo nuestra jurisdicci\u00f3n. Lo he dicho siempre de forma clara y hemos actuado en consecuencia, nosotros no vamos a cubrir a nadie que haya cometido un delito\u201d.<\/p>\n\n\n\n<p>La mandataria tambi\u00e9n expuso que, de hallarse evidencias contra Rocha Moya, cualquier proceso implicar\u00eda necesariamente un desafuero. A la par, defendi\u00f3 la soberan\u00eda mexicana en la relaci\u00f3n bilateral con Estados Unidos y advirti\u00f3 sobre la posibilidad de un uso pol\u00edtico de las imputaciones.<\/p>\n\n\n\n<p>\u201cSin embargo, si no existen pruebas claras, es evidente que el objetivo de estas imputaciones por parte del Departamento de Justicia es pol\u00edtico. Debe quedar sumamente claro\u201d, afirm\u00f3.<\/p>\n\n\n\n<p>En su mensaje, Sheinbaum asegur\u00f3 que la postura del Ejecutivo federal se sustenta en los principios de \u201cverdad, justicia y defensa de la soberan\u00eda\u201d, y lanz\u00f3 una advertencia: \u201cBajo ning\u00fan motivo vamos a permitir la intromisi\u00f3n o injerencia de un gobierno extranjero en las decisiones que le competen exclusivamente al pueblo de M\u00e9xico\u201d.<\/p>\n\n\n\n<p>El pasado martes, el gobierno recibi\u00f3 10 solicitudes de detenci\u00f3n provisional con fines de extradici\u00f3n, enviadas a la Secretar\u00eda de Relaciones Exteriores y turnadas ayer a la Fiscal\u00eda General de la Rep\u00fablica.<\/p>\n\n\n\n<p>Ese mismo d\u00eda, se\u00f1al\u00f3 Sheinbaum, el Distrito Sur de Nueva York difundi\u00f3 p\u00fablicamente el levantamiento de cargos contra los 10 ciudadanos mexicanos, lo que provoc\u00f3 que M\u00e9xico emitiera un extra\u00f1amiento formal por haberse violado la \u201cestricta confidencialidad\u201d que exigen los tratados internacionales en materia de extradici\u00f3n.<\/p>\n","protected":false},"excerpt":{"rendered":"<p>El Comit\u00e9 de Asuntos Exteriores de la C\u00e1mara de Representantes de Estados Unidos lanz\u00f3 este jueves un mensaje de presi\u00f3n&#8230;<\/p>\n","protected":false},"author":2,"featured_media":8430,"comment_status":"open","ping_status":"open","sticky":false,"template":"","format":"standard","meta":{"footnotes":""},"categories":[29],"tags":[],"class_list":["post-8429","post","type-post","status-publish","format-standard","has-post-thumbnail","hentry","category-internacional"],"yoast_head":"<!-- This site is optimized with the Yoast SEO Premium plugin v26.8 (Yoast SEO v27.5) - https:\/\/yoast.com\/product\/yoast-seo-premium-wordpress\/ -->\n<title>\u201cEsto es solo el comienzo; la impunidad ha terminado\u201d, advierte EU a Mexico tras acusaciones contra Rocha Moya - Buenos D&iacute;as BCS<\/title>\n<meta name=\"robots\" content=\"index, follow, max-snippet:-1, max-image-preview:large, max-video-preview:-1\" \/>\n<link rel=\"canonical\" href=\"https:\/\/buenosdiasbcs.com\/?p=8429\" \/>\n<meta property=\"og:locale\" content=\"es_ES\" \/>\n<meta property=\"og:type\" content=\"article\" \/>\n<meta property=\"og:title\" content=\"\u201cEsto es solo el comienzo; la impunidad ha terminado\u201d, advierte EU a Mexico tras acusaciones contra Rocha Moya\" \/>\n<meta property=\"og:description\" content=\"El Comit\u00e9 de Asuntos Exteriores de la C\u00e1mara de Representantes de Estados Unidos lanz\u00f3 este jueves un mensaje de presi\u00f3n...\" \/>\n<meta property=\"og:url\" content=\"https:\/\/buenosdiasbcs.com\/?p=8429\" \/>\n<meta property=\"og:site_name\" content=\"Buenos D&iacute;as BCS\" \/>\n<meta property=\"article:published_time\" content=\"2026-05-01T07:12:00+00:00\" \/>\n<meta property=\"og:image\" content=\"https:\/\/buenosdiasbcs.com\/wp-content\/uploads\/2026\/04\/camara-representantes-eu-rocha-moya.jpg\" \/>\n\t<meta property=\"og:image:width\" content=\"1200\" \/>\n\t<meta property=\"og:image:height\" content=\"800\" \/>\n\t<meta property=\"og:image:type\" content=\"image\/jpeg\" \/>\n<meta name=\"author\" content=\"Edici\u00f3n Buenos D\u00edas\" \/>\n<meta name=\"twitter:card\" content=\"summary_large_image\" \/>\n<meta name=\"twitter:label1\" content=\"Escrito por\" \/>\n\t<meta name=\"twitter:data1\" content=\"Edici\u00f3n Buenos D\u00edas\" \/>\n\t<meta name=\"twitter:label2\" content=\"Tiempo de lectura\" \/>\n\t<meta name=\"twitter:data2\" content=\"4 minutos\" \/>\n<script type=\"application\/ld+json\" class=\"yoast-schema-graph\">{\"@context\":\"https:\\\/\\\/schema.org\",\"@graph\":[{\"@type\":\"Article\",\"@id\":\"https:\\\/\\\/buenosdiasbcs.com\\\/?p=8429#article\",\"isPartOf\":{\"@id\":\"https:\\\/\\\/buenosdiasbcs.com\\\/?p=8429\"},\"author\":{\"name\":\"Edici\u00f3n Buenos D\u00edas\",\"@id\":\"https:\\\/\\\/buenosdiasbcs.com\\\/#\\\/schema\\\/person\\\/15aedc247eab7070ee5d76d6d069a821\"},\"headline\":\"\u201cEsto es solo el comienzo; la impunidad ha terminado\u201d, advierte EU a Mexico tras acusaciones contra Rocha Moya\",\"datePublished\":\"2026-05-01T07:12:00+00:00\",\"mainEntityOfPage\":{\"@id\":\"https:\\\/\\\/buenosdiasbcs.com\\\/?p=8429\"},\"wordCount\":911,\"commentCount\":0,\"publisher\":{\"@id\":\"https:\\\/\\\/buenosdiasbcs.com\\\/#organization\"},\"image\":{\"@id\":\"https:\\\/\\\/buenosdiasbcs.com\\\/?p=8429#primaryimage\"},\"thumbnailUrl\":\"https:\\\/\\\/buenosdiasbcs.com\\\/wp-content\\\/uploads\\\/2026\\\/04\\\/camara-representantes-eu-rocha-moya.jpg\",\"articleSection\":[\"Internacional\"],\"inLanguage\":\"es\",\"potentialAction\":[{\"@type\":\"CommentAction\",\"name\":\"Comment\",\"target\":[\"https:\\\/\\\/buenosdiasbcs.com\\\/?p=8429#respond\"]}]},{\"@type\":\"WebPage\",\"@id\":\"https:\\\/\\\/buenosdiasbcs.com\\\/?p=8429\",\"url\":\"https:\\\/\\\/buenosdiasbcs.com\\\/?p=8429\",\"name\":\"\u201cEsto es solo el comienzo; la impunidad ha terminado\u201d, advierte EU a Mexico tras acusaciones contra Rocha Moya - Buenos D&iacute;as BCS\",\"isPartOf\":{\"@id\":\"https:\\\/\\\/buenosdiasbcs.com\\\/#website\"},\"primaryImageOfPage\":{\"@id\":\"https:\\\/\\\/buenosdiasbcs.com\\\/?p=8429#primaryimage\"},\"image\":{\"@id\":\"https:\\\/\\\/buenosdiasbcs.com\\\/?p=8429#primaryimage\"},\"thumbnailUrl\":\"https:\\\/\\\/buenosdiasbcs.com\\\/wp-content\\\/uploads\\\/2026\\\/04\\\/camara-representantes-eu-rocha-moya.jpg\",\"datePublished\":\"2026-05-01T07:12:00+00:00\",\"breadcrumb\":{\"@id\":\"https:\\\/\\\/buenosdiasbcs.com\\\/?p=8429#breadcrumb\"},\"inLanguage\":\"es\",\"potentialAction\":[{\"@type\":\"ReadAction\",\"target\":[\"https:\\\/\\\/buenosdiasbcs.com\\\/?p=8429\"]}]},{\"@type\":\"ImageObject\",\"inLanguage\":\"es\",\"@id\":\"https:\\\/\\\/buenosdiasbcs.com\\\/?p=8429#primaryimage\",\"url\":\"https:\\\/\\\/buenosdiasbcs.com\\\/wp-content\\\/uploads\\\/2026\\\/04\\\/camara-representantes-eu-rocha-moya.jpg\",\"contentUrl\":\"https:\\\/\\\/buenosdiasbcs.com\\\/wp-content\\\/uploads\\\/2026\\\/04\\\/camara-representantes-eu-rocha-moya.jpg\",\"width\":1200,\"height\":800},{\"@type\":\"BreadcrumbList\",\"@id\":\"https:\\\/\\\/buenosdiasbcs.com\\\/?p=8429#breadcrumb\",\"itemListElement\":[{\"@type\":\"ListItem\",\"position\":1,\"name\":\"Portada\",\"item\":\"https:\\\/\\\/buenosdiasbcs.com\\\/\"},{\"@type\":\"ListItem\",\"position\":2,\"name\":\"\u201cEsto es solo el comienzo; la impunidad ha terminado\u201d, advierte EU a Mexico tras acusaciones contra Rocha Moya\"}]},{\"@type\":\"WebSite\",\"@id\":\"https:\\\/\\\/buenosdiasbcs.com\\\/#website\",\"url\":\"https:\\\/\\\/buenosdiasbcs.com\\\/\",\"name\":\"Buenos D\u00edas BCS\",\"description\":\"\",\"publisher\":{\"@id\":\"https:\\\/\\\/buenosdiasbcs.com\\\/#organization\"},\"potentialAction\":[{\"@type\":\"SearchAction\",\"target\":{\"@type\":\"EntryPoint\",\"urlTemplate\":\"https:\\\/\\\/buenosdiasbcs.com\\\/?s={search_term_string}\"},\"query-input\":{\"@type\":\"PropertyValueSpecification\",\"valueRequired\":true,\"valueName\":\"search_term_string\"}}],\"inLanguage\":\"es\"},{\"@type\":\"Organization\",\"@id\":\"https:\\\/\\\/buenosdiasbcs.com\\\/#organization\",\"name\":\"Buenos D\u00edas BCS\",\"url\":\"https:\\\/\\\/buenosdiasbcs.com\\\/\",\"logo\":{\"@type\":\"ImageObject\",\"inLanguage\":\"es\",\"@id\":\"https:\\\/\\\/buenosdiasbcs.com\\\/#\\\/schema\\\/logo\\\/image\\\/\",\"url\":\"https:\\\/\\\/buenosdiasbcs.com\\\/wp-content\\\/uploads\\\/2026\\\/01\\\/logo-buenos-dias-40-01.png\",\"contentUrl\":\"https:\\\/\\\/buenosdiasbcs.com\\\/wp-content\\\/uploads\\\/2026\\\/01\\\/logo-buenos-dias-40-01.png\",\"width\":277,\"height\":40,\"caption\":\"Buenos D\u00edas BCS\"},\"image\":{\"@id\":\"https:\\\/\\\/buenosdiasbcs.com\\\/#\\\/schema\\\/logo\\\/image\\\/\"}},{\"@type\":\"Person\",\"@id\":\"https:\\\/\\\/buenosdiasbcs.com\\\/#\\\/schema\\\/person\\\/15aedc247eab7070ee5d76d6d069a821\",\"name\":\"Edici\u00f3n Buenos D\u00edas\",\"image\":{\"@type\":\"ImageObject\",\"inLanguage\":\"es\",\"@id\":\"https:\\\/\\\/buenosdiasbcs.com\\\/wp-content\\\/uploads\\\/2026\\\/01\\\/cropped-sol-96x96.png\",\"url\":\"https:\\\/\\\/buenosdiasbcs.com\\\/wp-content\\\/uploads\\\/2026\\\/01\\\/cropped-sol-96x96.png\",\"contentUrl\":\"https:\\\/\\\/buenosdiasbcs.com\\\/wp-content\\\/uploads\\\/2026\\\/01\\\/cropped-sol-96x96.png\",\"caption\":\"Edici\u00f3n Buenos D\u00edas\"},\"url\":\"https:\\\/\\\/buenosdiasbcs.com\\\/?author=2\"}]}<\/script>\n<!-- \/ Yoast SEO Premium plugin. -->","yoast_head_json":{"title":"\u201cEsto es solo el comienzo; la impunidad ha terminado\u201d, advierte EU a Mexico tras acusaciones contra Rocha Moya - Buenos D&iacute;as BCS","robots":{"index":"index","follow":"follow","max-snippet":"max-snippet:-1","max-image-preview":"max-image-preview:large","max-video-preview":"max-video-preview:-1"},"canonical":"https:\/\/buenosdiasbcs.com\/?p=8429","og_locale":"es_ES","og_type":"article","og_title":"\u201cEsto es solo el comienzo; la impunidad ha terminado\u201d, advierte EU a Mexico tras acusaciones contra Rocha Moya","og_description":"El Comit\u00e9 de Asuntos Exteriores de la C\u00e1mara de Representantes de Estados Unidos lanz\u00f3 este jueves un mensaje de presi\u00f3n...","og_url":"https:\/\/buenosdiasbcs.com\/?p=8429","og_site_name":"Buenos D&iacute;as BCS","article_published_time":"2026-05-01T07:12:00+00:00","og_image":[{"width":1200,"height":800,"url":"https:\/\/buenosdiasbcs.com\/wp-content\/uploads\/2026\/04\/camara-representantes-eu-rocha-moya.jpg","type":"image\/jpeg"}],"author":"Edici\u00f3n Buenos D\u00edas","twitter_card":"summary_large_image","twitter_misc":{"Escrito por":"Edici\u00f3n Buenos D\u00edas","Tiempo de lectura":"4 minutos"},"schema":{"@context":"https:\/\/schema.org","@graph":[{"@type":"Article","@id":"https:\/\/buenosdiasbcs.com\/?p=8429#article","isPartOf":{"@id":"https:\/\/buenosdiasbcs.com\/?p=8429"},"author":{"name":"Edici\u00f3n Buenos D\u00edas","@id":"https:\/\/buenosdiasbcs.com\/#\/schema\/person\/15aedc247eab7070ee5d76d6d069a821"},"headline":"\u201cEsto es solo el comienzo; la impunidad ha terminado\u201d, advierte EU a Mexico tras acusaciones contra Rocha Moya","datePublished":"2026-05-01T07:12:00+00:00","mainEntityOfPage":{"@id":"https:\/\/buenosdiasbcs.com\/?p=8429"},"wordCount":911,"commentCount":0,"publisher":{"@id":"https:\/\/buenosdiasbcs.com\/#organization"},"image":{"@id":"https:\/\/buenosdiasbcs.com\/?p=8429#primaryimage"},"thumbnailUrl":"https:\/\/buenosdiasbcs.com\/wp-content\/uploads\/2026\/04\/camara-representantes-eu-rocha-moya.jpg","articleSection":["Internacional"],"inLanguage":"es","potentialAction":[{"@type":"CommentAction","name":"Comment","target":["https:\/\/buenosdiasbcs.com\/?p=8429#respond"]}]},{"@type":"WebPage","@id":"https:\/\/buenosdiasbcs.com\/?p=8429","url":"https:\/\/buenosdiasbcs.com\/?p=8429","name":"\u201cEsto es solo el comienzo; la impunidad ha terminado\u201d, advierte EU a Mexico tras acusaciones contra Rocha Moya - Buenos D&iacute;as BCS","isPartOf":{"@id":"https:\/\/buenosdiasbcs.com\/#website"},"primaryImageOfPage":{"@id":"https:\/\/buenosdiasbcs.com\/?p=8429#primaryimage"},"image":{"@id":"https:\/\/buenosdiasbcs.com\/?p=8429#primaryimage"},"thumbnailUrl":"https:\/\/buenosdiasbcs.com\/wp-content\/uploads\/2026\/04\/camara-representantes-eu-rocha-moya.jpg","datePublished":"2026-05-01T07:12:00+00:00","breadcrumb":{"@id":"https:\/\/buenosdiasbcs.com\/?p=8429#breadcrumb"},"inLanguage":"es","potentialAction":[{"@type":"ReadAction","target":["https:\/\/buenosdiasbcs.com\/?p=8429"]}]},{"@type":"ImageObject","inLanguage":"es","@id":"https:\/\/buenosdiasbcs.com\/?p=8429#primaryimage","url":"https:\/\/buenosdiasbcs.com\/wp-content\/uploads\/2026\/04\/camara-representantes-eu-rocha-moya.jpg","contentUrl":"https:\/\/buenosdiasbcs.com\/wp-content\/uploads\/2026\/04\/camara-representantes-eu-rocha-moya.jpg","width":1200,"height":800},{"@type":"BreadcrumbList","@id":"https:\/\/buenosdiasbcs.com\/?p=8429#breadcrumb","itemListElement":[{"@type":"ListItem","position":1,"name":"Portada","item":"https:\/\/buenosdiasbcs.com\/"},{"@type":"ListItem","position":2,"name":"\u201cEsto es solo el comienzo; la impunidad ha terminado\u201d, advierte EU a Mexico tras acusaciones contra Rocha Moya"}]},{"@type":"WebSite","@id":"https:\/\/buenosdiasbcs.com\/#website","url":"https:\/\/buenosdiasbcs.com\/","name":"Buenos D\u00edas BCS","description":"","publisher":{"@id":"https:\/\/buenosdiasbcs.com\/#organization"},"potentialAction":[{"@type":"SearchAction","target":{"@type":"EntryPoint","urlTemplate":"https:\/\/buenosdiasbcs.com\/?s={search_term_string}"},"query-input":{"@type":"PropertyValueSpecification","valueRequired":true,"valueName":"search_term_string"}}],"inLanguage":"es"},{"@type":"Organization","@id":"https:\/\/buenosdiasbcs.com\/#organization","name":"Buenos D\u00edas BCS","url":"https:\/\/buenosdiasbcs.com\/","logo":{"@type":"ImageObject","inLanguage":"es","@id":"https:\/\/buenosdiasbcs.com\/#\/schema\/logo\/image\/","url":"https:\/\/buenosdiasbcs.com\/wp-content\/uploads\/2026\/01\/logo-buenos-dias-40-01.png","contentUrl":"https:\/\/buenosdiasbcs.com\/wp-content\/uploads\/2026\/01\/logo-buenos-dias-40-01.png","width":277,"height":40,"caption":"Buenos D\u00edas BCS"},"image":{"@id":"https:\/\/buenosdiasbcs.com\/#\/schema\/logo\/image\/"}},{"@type":"Person","@id":"https:\/\/buenosdiasbcs.com\/#\/schema\/person\/15aedc247eab7070ee5d76d6d069a821","name":"Edici\u00f3n Buenos D\u00edas","image":{"@type":"ImageObject","inLanguage":"es","@id":"https:\/\/buenosdiasbcs.com\/wp-content\/uploads\/2026\/01\/cropped-sol-96x96.png","url":"https:\/\/buenosdiasbcs.com\/wp-content\/uploads\/2026\/01\/cropped-sol-96x96.png","contentUrl":"https:\/\/buenosdiasbcs.com\/wp-content\/uploads\/2026\/01\/cropped-sol-96x96.png","caption":"Edici\u00f3n Buenos D\u00edas"},"url":"https:\/\/buenosdiasbcs.com\/?author=2"}]}},"amp_enabled":true,"_links":{"self":[{"href":"https:\/\/buenosdiasbcs.com\/index.php?rest_route=\/wp\/v2\/posts\/8429","targetHints":{"allow":["GET"]}}],"collection":[{"href":"https:\/\/buenosdiasbcs.com\/index.php?rest_route=\/wp\/v2\/posts"}],"about":[{"href":"https:\/\/buenosdiasbcs.com\/index.php?rest_route=\/wp\/v2\/types\/post"}],"author":[{"embeddable":true,"href":"https:\/\/buenosdiasbcs.com\/index.php?rest_route=\/wp\/v2\/users\/2"}],"replies":[{"embeddable":true,"href":"https:\/\/buenosdiasbcs.com\/index.php?rest_route=%2Fwp%2Fv2%2Fcomments&post=8429"}],"version-history":[{"count":1,"href":"https:\/\/buenosdiasbcs.com\/index.php?rest_route=\/wp\/v2\/posts\/8429\/revisions"}],"predecessor-version":[{"id":8431,"href":"https:\/\/buenosdiasbcs.com\/index.php?rest_route=\/wp\/v2\/posts\/8429\/revisions\/8431"}],"wp:featuredmedia":[{"embeddable":true,"href":"https:\/\/buenosdiasbcs.com\/index.php?rest_route=\/wp\/v2\/media\/8430"}],"wp:attachment":[{"href":"https:\/\/buenosdiasbcs.com\/index.php?rest_route=%2Fwp%2Fv2%2Fmedia&parent=8429"}],"wp:term":[{"taxonomy":"category","embeddable":true,"href":"https:\/\/buenosdiasbcs.com\/index.php?rest_route=%2Fwp%2Fv2%2Fcategories&post=8429"},{"taxonomy":"post_tag","embeddable":true,"href":"https:\/\/buenosdiasbcs.com\/index.php?rest_route=%2Fwp%2Fv2%2Ftags&post=8429"}],"curies":[{"name":"wp","href":"https:\/\/api.w.org\/{rel}","templated":true}]}}