{"id":8417,"date":"2026-05-01T00:56:00","date_gmt":"2026-05-01T07:56:00","guid":{"rendered":"https:\/\/buenosdiasbcs.com\/?p=8417"},"modified":"2026-04-30T19:58:27","modified_gmt":"2026-05-01T02:58:27","slug":"gobernador-de-sinaloa-se-mantiene-no-dejare-el-cargo-soy-inocente","status":"publish","type":"post","link":"https:\/\/buenosdiasbcs.com\/?p=8417","title":{"rendered":"Gobernador de Sinaloa se mantiene: &#8220;No dejar\u00e9 el cargo, soy inocente&#8221;"},"content":{"rendered":"\n<p>Rocha afirm\u00f3 que est\u00e1 dispuesto a colaborar con las autoridades mexicanas y que conf\u00eda en que se demostrar\u00e1 su inocencia.<\/p>\n\n\n\n<p>El gobernador de&nbsp;<strong>Sinaloa<\/strong>,&nbsp;<strong>Rub\u00e9n Rocha Moya<\/strong>, descart\u00f3 dejar el cargo tras ser incluido en una acusaci\u00f3n del&nbsp;<strong>Departamento de Justicia de Estados Unidos<\/strong>&nbsp;por presuntos v\u00ednculos con el&nbsp;<strong>narcotr\u00e1fico<\/strong>. El mandatario asegur\u00f3 que no teme a los se\u00f1alamientos y que enfrentar\u00e1 cualquier proceso conforme a la ley.&nbsp;<\/p>\n\n\n\n<p>Durante declaraciones p\u00fablicas, sostuvo que no adelantar\u00e1 decisiones ni tomar\u00e1 medidas como solicitar licencia, al considerar que las imputaciones carecen de sustento. \u201cEl que nada debe, nada teme\u201d, reiter\u00f3 al defender su permanencia en el gobierno estatal.&nbsp;<\/p>\n\n\n\n<h2 class=\"wp-block-heading\" id=\"h-senalamientos-desde-estados-unidos\">Se\u00f1alamientos desde Estados Unidos<\/h2>\n\n\n\n<p>La acusaci\u00f3n forma parte de una investigaci\u00f3n impulsada por autoridades estadounidenses que vincula a&nbsp;<strong>Rocha Moya<\/strong>&nbsp;y a otros funcionarios con una presunta red ligada al&nbsp;<strong>C\u00e1rtel de Sinaloa<\/strong>, se\u00f1al\u00e1ndolos de facilitar operaciones de tr\u00e1fico de drogas hacia&nbsp;<strong>Estados Unidos<\/strong>.<\/p>\n\n\n\n<p>De acuerdo con los documentos, los implicados habr\u00edan utilizado sus posiciones para&nbsp;<strong>proteger actividades criminales<\/strong>, proporcionar&nbsp;<strong>informaci\u00f3n confidencial<\/strong>&nbsp;y permitir el flujo de sustancias il\u00edcitas hacia territorio estadounidense.&nbsp;<\/p>\n\n\n\n<h2 class=\"wp-block-heading\" id=\"h-defensa-politica-y-juridica\">Defensa pol\u00edtica y jur\u00eddica<\/h2>\n\n\n\n<p>El gobernador sinaloense ha rechazado categ\u00f3ricamente los se\u00f1alamientos, calific\u00e1ndolos como una acusaci\u00f3n sin fundamento y asegurando que ser\u00e1n desmentidos. Tambi\u00e9n ha insistido en que actuar\u00e1 conforme a derecho, respald\u00e1ndose en su formaci\u00f3n como abogado.<\/p>\n\n\n\n<p>Adem\u00e1s, ha se\u00f1alado que este caso no solo lo involucra a \u00e9l, sino que forma parte de un se\u00f1alamiento m\u00e1s amplio que, a su juicio, tambi\u00e9n impacta al proyecto pol\u00edtico de la&nbsp;<strong>Cuarta Transformaci\u00f3n<\/strong>.&nbsp;<\/p>\n\n\n\n<h2 class=\"wp-block-heading\" id=\"h-sin-solicitudes-formales-ni-cambios-en-funciones\">Sin solicitudes formales ni cambios en funciones<\/h2>\n\n\n\n<p>Rocha Moya indic\u00f3 que hasta el momento no ha recibido requerimientos oficiales por parte de autoridades mexicanas o estadounidenses que obliguen a modificar su situaci\u00f3n jur\u00eddica o administrativa. En ese sentido, afirm\u00f3 que continuar\u00e1 con sus actividades como titular del Ejecutivo estatal.<\/p>\n\n\n\n<p>Incluso, se\u00f1al\u00f3 que no ha sostenido comunicaci\u00f3n directa con la presidenta&nbsp;<strong>Claudia Sheinbaum<\/strong>, m\u00e1s all\u00e1 de sus declaraciones p\u00fablicas, en las que se ha defendido la soberan\u00eda nacional frente a este tipo de casos.&nbsp;<\/p>\n\n\n\n<h2 class=\"wp-block-heading\" id=\"h-un-caso-que-escala-en-lo-politico\">Un caso que escala en lo pol\u00edtico<\/h2>\n\n\n\n<p>Las acusaciones han intensificado la tensi\u00f3n entre&nbsp;<strong>M\u00e9xico<\/strong>&nbsp;y&nbsp;<strong>Estados Unidos<\/strong>, adem\u00e1s de abrir un frente pol\u00edtico interno, donde sectores de oposici\u00f3n han exigido investigaciones m\u00e1s profundas e incluso medidas extraordinarias en&nbsp;<strong>Sinaloa<\/strong>.<\/p>\n\n\n\n<p>Mientras tanto, el gobernador mantiene su postura de permanecer en el cargo y enfrentar las acusaciones desde el \u00e1mbito legal, en un escenario que mezcla presiones judiciales y disputas pol\u00edticas.<\/p>\n\n\n\n<p><em>Con informaci\u00f3n de El Independiente<\/em><\/p>\n","protected":false},"excerpt":{"rendered":"<p>Rocha afirm\u00f3 que est\u00e1 dispuesto a colaborar con las autoridades mexicanas y que conf\u00eda en que se demostrar\u00e1 su inocencia&#8230;.<\/p>\n","protected":false},"author":2,"featured_media":8418,"comment_status":"open","ping_status":"open","sticky":false,"template":"","format":"standard","meta":{"footnotes":""},"categories":[32],"tags":[],"class_list":["post-8417","post","type-post","status-publish","format-standard","has-post-thumbnail","hentry","category-la-nacion"],"yoast_head":"<!-- This site is optimized with the Yoast SEO Premium plugin v26.8 (Yoast SEO v27.5) - https:\/\/yoast.com\/product\/yoast-seo-premium-wordpress\/ -->\n<title>Gobernador de Sinaloa se mantiene: &quot;No dejar\u00e9 el cargo, soy inocente&quot; - Buenos D&iacute;as BCS<\/title>\n<meta name=\"robots\" content=\"index, follow, max-snippet:-1, max-image-preview:large, max-video-preview:-1\" \/>\n<link rel=\"canonical\" href=\"https:\/\/buenosdiasbcs.com\/?p=8417\" \/>\n<meta property=\"og:locale\" content=\"es_ES\" \/>\n<meta property=\"og:type\" content=\"article\" \/>\n<meta property=\"og:title\" content=\"Gobernador de Sinaloa se mantiene: &quot;No dejar\u00e9 el cargo, soy inocente&quot;\" \/>\n<meta property=\"og:description\" content=\"Rocha afirm\u00f3 que est\u00e1 dispuesto a colaborar con las autoridades mexicanas y que conf\u00eda en que se demostrar\u00e1 su inocencia....\" \/>\n<meta property=\"og:url\" content=\"https:\/\/buenosdiasbcs.com\/?p=8417\" \/>\n<meta property=\"og:site_name\" content=\"Buenos D&iacute;as BCS\" \/>\n<meta property=\"article:published_time\" content=\"2026-05-01T07:56:00+00:00\" \/>\n<meta property=\"og:image\" content=\"https:\/\/buenosdiasbcs.com\/wp-content\/uploads\/2026\/04\/1777563212242.png\" \/>\n\t<meta property=\"og:image:width\" content=\"724\" \/>\n\t<meta property=\"og:image:height\" content=\"500\" \/>\n\t<meta property=\"og:image:type\" content=\"image\/png\" \/>\n<meta name=\"author\" content=\"Edici\u00f3n Buenos D\u00edas\" \/>\n<meta name=\"twitter:card\" content=\"summary_large_image\" \/>\n<meta name=\"twitter:label1\" content=\"Escrito por\" \/>\n\t<meta name=\"twitter:data1\" content=\"Edici\u00f3n Buenos D\u00edas\" \/>\n\t<meta name=\"twitter:label2\" content=\"Tiempo de lectura\" \/>\n\t<meta name=\"twitter:data2\" content=\"3 minutos\" \/>\n<script type=\"application\/ld+json\" class=\"yoast-schema-graph\">{\"@context\":\"https:\\\/\\\/schema.org\",\"@graph\":[{\"@type\":\"Article\",\"@id\":\"https:\\\/\\\/buenosdiasbcs.com\\\/?p=8417#article\",\"isPartOf\":{\"@id\":\"https:\\\/\\\/buenosdiasbcs.com\\\/?p=8417\"},\"author\":{\"name\":\"Edici\u00f3n Buenos D\u00edas\",\"@id\":\"https:\\\/\\\/buenosdiasbcs.com\\\/#\\\/schema\\\/person\\\/15aedc247eab7070ee5d76d6d069a821\"},\"headline\":\"Gobernador de Sinaloa se mantiene: &#8220;No dejar\u00e9 el cargo, soy inocente&#8221;\",\"datePublished\":\"2026-05-01T07:56:00+00:00\",\"mainEntityOfPage\":{\"@id\":\"https:\\\/\\\/buenosdiasbcs.com\\\/?p=8417\"},\"wordCount\":491,\"commentCount\":0,\"publisher\":{\"@id\":\"https:\\\/\\\/buenosdiasbcs.com\\\/#organization\"},\"image\":{\"@id\":\"https:\\\/\\\/buenosdiasbcs.com\\\/?p=8417#primaryimage\"},\"thumbnailUrl\":\"https:\\\/\\\/buenosdiasbcs.com\\\/wp-content\\\/uploads\\\/2026\\\/04\\\/1777563212242.png\",\"articleSection\":[\"La Naci\u00f3n\"],\"inLanguage\":\"es\",\"potentialAction\":[{\"@type\":\"CommentAction\",\"name\":\"Comment\",\"target\":[\"https:\\\/\\\/buenosdiasbcs.com\\\/?p=8417#respond\"]}]},{\"@type\":\"WebPage\",\"@id\":\"https:\\\/\\\/buenosdiasbcs.com\\\/?p=8417\",\"url\":\"https:\\\/\\\/buenosdiasbcs.com\\\/?p=8417\",\"name\":\"Gobernador de Sinaloa se mantiene: \\\"No dejar\u00e9 el cargo, soy inocente\\\" - Buenos D&iacute;as BCS\",\"isPartOf\":{\"@id\":\"https:\\\/\\\/buenosdiasbcs.com\\\/#website\"},\"primaryImageOfPage\":{\"@id\":\"https:\\\/\\\/buenosdiasbcs.com\\\/?p=8417#primaryimage\"},\"image\":{\"@id\":\"https:\\\/\\\/buenosdiasbcs.com\\\/?p=8417#primaryimage\"},\"thumbnailUrl\":\"https:\\\/\\\/buenosdiasbcs.com\\\/wp-content\\\/uploads\\\/2026\\\/04\\\/1777563212242.png\",\"datePublished\":\"2026-05-01T07:56:00+00:00\",\"breadcrumb\":{\"@id\":\"https:\\\/\\\/buenosdiasbcs.com\\\/?p=8417#breadcrumb\"},\"inLanguage\":\"es\",\"potentialAction\":[{\"@type\":\"ReadAction\",\"target\":[\"https:\\\/\\\/buenosdiasbcs.com\\\/?p=8417\"]}]},{\"@type\":\"ImageObject\",\"inLanguage\":\"es\",\"@id\":\"https:\\\/\\\/buenosdiasbcs.com\\\/?p=8417#primaryimage\",\"url\":\"https:\\\/\\\/buenosdiasbcs.com\\\/wp-content\\\/uploads\\\/2026\\\/04\\\/1777563212242.png\",\"contentUrl\":\"https:\\\/\\\/buenosdiasbcs.com\\\/wp-content\\\/uploads\\\/2026\\\/04\\\/1777563212242.png\",\"width\":724,\"height\":500},{\"@type\":\"BreadcrumbList\",\"@id\":\"https:\\\/\\\/buenosdiasbcs.com\\\/?p=8417#breadcrumb\",\"itemListElement\":[{\"@type\":\"ListItem\",\"position\":1,\"name\":\"Portada\",\"item\":\"https:\\\/\\\/buenosdiasbcs.com\\\/\"},{\"@type\":\"ListItem\",\"position\":2,\"name\":\"Gobernador de Sinaloa se mantiene: &#8220;No dejar\u00e9 el cargo, soy inocente&#8221;\"}]},{\"@type\":\"WebSite\",\"@id\":\"https:\\\/\\\/buenosdiasbcs.com\\\/#website\",\"url\":\"https:\\\/\\\/buenosdiasbcs.com\\\/\",\"name\":\"Buenos D\u00edas BCS\",\"description\":\"\",\"publisher\":{\"@id\":\"https:\\\/\\\/buenosdiasbcs.com\\\/#organization\"},\"potentialAction\":[{\"@type\":\"SearchAction\",\"target\":{\"@type\":\"EntryPoint\",\"urlTemplate\":\"https:\\\/\\\/buenosdiasbcs.com\\\/?s={search_term_string}\"},\"query-input\":{\"@type\":\"PropertyValueSpecification\",\"valueRequired\":true,\"valueName\":\"search_term_string\"}}],\"inLanguage\":\"es\"},{\"@type\":\"Organization\",\"@id\":\"https:\\\/\\\/buenosdiasbcs.com\\\/#organization\",\"name\":\"Buenos D\u00edas BCS\",\"url\":\"https:\\\/\\\/buenosdiasbcs.com\\\/\",\"logo\":{\"@type\":\"ImageObject\",\"inLanguage\":\"es\",\"@id\":\"https:\\\/\\\/buenosdiasbcs.com\\\/#\\\/schema\\\/logo\\\/image\\\/\",\"url\":\"https:\\\/\\\/buenosdiasbcs.com\\\/wp-content\\\/uploads\\\/2026\\\/01\\\/logo-buenos-dias-40-01.png\",\"contentUrl\":\"https:\\\/\\\/buenosdiasbcs.com\\\/wp-content\\\/uploads\\\/2026\\\/01\\\/logo-buenos-dias-40-01.png\",\"width\":277,\"height\":40,\"caption\":\"Buenos D\u00edas BCS\"},\"image\":{\"@id\":\"https:\\\/\\\/buenosdiasbcs.com\\\/#\\\/schema\\\/logo\\\/image\\\/\"}},{\"@type\":\"Person\",\"@id\":\"https:\\\/\\\/buenosdiasbcs.com\\\/#\\\/schema\\\/person\\\/15aedc247eab7070ee5d76d6d069a821\",\"name\":\"Edici\u00f3n Buenos D\u00edas\",\"image\":{\"@type\":\"ImageObject\",\"inLanguage\":\"es\",\"@id\":\"https:\\\/\\\/buenosdiasbcs.com\\\/wp-content\\\/uploads\\\/2026\\\/01\\\/cropped-sol-96x96.png\",\"url\":\"https:\\\/\\\/buenosdiasbcs.com\\\/wp-content\\\/uploads\\\/2026\\\/01\\\/cropped-sol-96x96.png\",\"contentUrl\":\"https:\\\/\\\/buenosdiasbcs.com\\\/wp-content\\\/uploads\\\/2026\\\/01\\\/cropped-sol-96x96.png\",\"caption\":\"Edici\u00f3n Buenos D\u00edas\"},\"url\":\"https:\\\/\\\/buenosdiasbcs.com\\\/?author=2\"}]}<\/script>\n<!-- \/ Yoast SEO Premium plugin. -->","yoast_head_json":{"title":"Gobernador de Sinaloa se mantiene: \"No dejar\u00e9 el cargo, soy inocente\" - Buenos D&iacute;as BCS","robots":{"index":"index","follow":"follow","max-snippet":"max-snippet:-1","max-image-preview":"max-image-preview:large","max-video-preview":"max-video-preview:-1"},"canonical":"https:\/\/buenosdiasbcs.com\/?p=8417","og_locale":"es_ES","og_type":"article","og_title":"Gobernador de Sinaloa se mantiene: \"No dejar\u00e9 el cargo, soy inocente\"","og_description":"Rocha afirm\u00f3 que est\u00e1 dispuesto a colaborar con las autoridades mexicanas y que conf\u00eda en que se demostrar\u00e1 su inocencia....","og_url":"https:\/\/buenosdiasbcs.com\/?p=8417","og_site_name":"Buenos D&iacute;as BCS","article_published_time":"2026-05-01T07:56:00+00:00","og_image":[{"width":724,"height":500,"url":"https:\/\/buenosdiasbcs.com\/wp-content\/uploads\/2026\/04\/1777563212242.png","type":"image\/png"}],"author":"Edici\u00f3n Buenos D\u00edas","twitter_card":"summary_large_image","twitter_misc":{"Escrito por":"Edici\u00f3n Buenos D\u00edas","Tiempo de lectura":"3 minutos"},"schema":{"@context":"https:\/\/schema.org","@graph":[{"@type":"Article","@id":"https:\/\/buenosdiasbcs.com\/?p=8417#article","isPartOf":{"@id":"https:\/\/buenosdiasbcs.com\/?p=8417"},"author":{"name":"Edici\u00f3n Buenos D\u00edas","@id":"https:\/\/buenosdiasbcs.com\/#\/schema\/person\/15aedc247eab7070ee5d76d6d069a821"},"headline":"Gobernador de Sinaloa se mantiene: &#8220;No dejar\u00e9 el cargo, soy inocente&#8221;","datePublished":"2026-05-01T07:56:00+00:00","mainEntityOfPage":{"@id":"https:\/\/buenosdiasbcs.com\/?p=8417"},"wordCount":491,"commentCount":0,"publisher":{"@id":"https:\/\/buenosdiasbcs.com\/#organization"},"image":{"@id":"https:\/\/buenosdiasbcs.com\/?p=8417#primaryimage"},"thumbnailUrl":"https:\/\/buenosdiasbcs.com\/wp-content\/uploads\/2026\/04\/1777563212242.png","articleSection":["La Naci\u00f3n"],"inLanguage":"es","potentialAction":[{"@type":"CommentAction","name":"Comment","target":["https:\/\/buenosdiasbcs.com\/?p=8417#respond"]}]},{"@type":"WebPage","@id":"https:\/\/buenosdiasbcs.com\/?p=8417","url":"https:\/\/buenosdiasbcs.com\/?p=8417","name":"Gobernador de Sinaloa se mantiene: \"No dejar\u00e9 el cargo, soy inocente\" - Buenos D&iacute;as BCS","isPartOf":{"@id":"https:\/\/buenosdiasbcs.com\/#website"},"primaryImageOfPage":{"@id":"https:\/\/buenosdiasbcs.com\/?p=8417#primaryimage"},"image":{"@id":"https:\/\/buenosdiasbcs.com\/?p=8417#primaryimage"},"thumbnailUrl":"https:\/\/buenosdiasbcs.com\/wp-content\/uploads\/2026\/04\/1777563212242.png","datePublished":"2026-05-01T07:56:00+00:00","breadcrumb":{"@id":"https:\/\/buenosdiasbcs.com\/?p=8417#breadcrumb"},"inLanguage":"es","potentialAction":[{"@type":"ReadAction","target":["https:\/\/buenosdiasbcs.com\/?p=8417"]}]},{"@type":"ImageObject","inLanguage":"es","@id":"https:\/\/buenosdiasbcs.com\/?p=8417#primaryimage","url":"https:\/\/buenosdiasbcs.com\/wp-content\/uploads\/2026\/04\/1777563212242.png","contentUrl":"https:\/\/buenosdiasbcs.com\/wp-content\/uploads\/2026\/04\/1777563212242.png","width":724,"height":500},{"@type":"BreadcrumbList","@id":"https:\/\/buenosdiasbcs.com\/?p=8417#breadcrumb","itemListElement":[{"@type":"ListItem","position":1,"name":"Portada","item":"https:\/\/buenosdiasbcs.com\/"},{"@type":"ListItem","position":2,"name":"Gobernador de Sinaloa se mantiene: &#8220;No dejar\u00e9 el cargo, soy inocente&#8221;"}]},{"@type":"WebSite","@id":"https:\/\/buenosdiasbcs.com\/#website","url":"https:\/\/buenosdiasbcs.com\/","name":"Buenos D\u00edas BCS","description":"","publisher":{"@id":"https:\/\/buenosdiasbcs.com\/#organization"},"potentialAction":[{"@type":"SearchAction","target":{"@type":"EntryPoint","urlTemplate":"https:\/\/buenosdiasbcs.com\/?s={search_term_string}"},"query-input":{"@type":"PropertyValueSpecification","valueRequired":true,"valueName":"search_term_string"}}],"inLanguage":"es"},{"@type":"Organization","@id":"https:\/\/buenosdiasbcs.com\/#organization","name":"Buenos D\u00edas BCS","url":"https:\/\/buenosdiasbcs.com\/","logo":{"@type":"ImageObject","inLanguage":"es","@id":"https:\/\/buenosdiasbcs.com\/#\/schema\/logo\/image\/","url":"https:\/\/buenosdiasbcs.com\/wp-content\/uploads\/2026\/01\/logo-buenos-dias-40-01.png","contentUrl":"https:\/\/buenosdiasbcs.com\/wp-content\/uploads\/2026\/01\/logo-buenos-dias-40-01.png","width":277,"height":40,"caption":"Buenos D\u00edas BCS"},"image":{"@id":"https:\/\/buenosdiasbcs.com\/#\/schema\/logo\/image\/"}},{"@type":"Person","@id":"https:\/\/buenosdiasbcs.com\/#\/schema\/person\/15aedc247eab7070ee5d76d6d069a821","name":"Edici\u00f3n Buenos D\u00edas","image":{"@type":"ImageObject","inLanguage":"es","@id":"https:\/\/buenosdiasbcs.com\/wp-content\/uploads\/2026\/01\/cropped-sol-96x96.png","url":"https:\/\/buenosdiasbcs.com\/wp-content\/uploads\/2026\/01\/cropped-sol-96x96.png","contentUrl":"https:\/\/buenosdiasbcs.com\/wp-content\/uploads\/2026\/01\/cropped-sol-96x96.png","caption":"Edici\u00f3n Buenos D\u00edas"},"url":"https:\/\/buenosdiasbcs.com\/?author=2"}]}},"amp_enabled":true,"_links":{"self":[{"href":"https:\/\/buenosdiasbcs.com\/index.php?rest_route=\/wp\/v2\/posts\/8417","targetHints":{"allow":["GET"]}}],"collection":[{"href":"https:\/\/buenosdiasbcs.com\/index.php?rest_route=\/wp\/v2\/posts"}],"about":[{"href":"https:\/\/buenosdiasbcs.com\/index.php?rest_route=\/wp\/v2\/types\/post"}],"author":[{"embeddable":true,"href":"https:\/\/buenosdiasbcs.com\/index.php?rest_route=\/wp\/v2\/users\/2"}],"replies":[{"embeddable":true,"href":"https:\/\/buenosdiasbcs.com\/index.php?rest_route=%2Fwp%2Fv2%2Fcomments&post=8417"}],"version-history":[{"count":1,"href":"https:\/\/buenosdiasbcs.com\/index.php?rest_route=\/wp\/v2\/posts\/8417\/revisions"}],"predecessor-version":[{"id":8419,"href":"https:\/\/buenosdiasbcs.com\/index.php?rest_route=\/wp\/v2\/posts\/8417\/revisions\/8419"}],"wp:featuredmedia":[{"embeddable":true,"href":"https:\/\/buenosdiasbcs.com\/index.php?rest_route=\/wp\/v2\/media\/8418"}],"wp:attachment":[{"href":"https:\/\/buenosdiasbcs.com\/index.php?rest_route=%2Fwp%2Fv2%2Fmedia&parent=8417"}],"wp:term":[{"taxonomy":"category","embeddable":true,"href":"https:\/\/buenosdiasbcs.com\/index.php?rest_route=%2Fwp%2Fv2%2Fcategories&post=8417"},{"taxonomy":"post_tag","embeddable":true,"href":"https:\/\/buenosdiasbcs.com\/index.php?rest_route=%2Fwp%2Fv2%2Ftags&post=8417"}],"curies":[{"name":"wp","href":"https:\/\/api.w.org\/{rel}","templated":true}]}}