{"id":8404,"date":"2026-05-01T00:59:00","date_gmt":"2026-05-01T07:59:00","guid":{"rendered":"https:\/\/buenosdiasbcs.com\/?p=8404"},"modified":"2026-04-30T19:48:13","modified_gmt":"2026-05-01T02:48:13","slug":"celebra-alcalde-christian-agundez-a-la-ninez-de-la-zona-rural-de-los-cabos","status":"publish","type":"post","link":"https:\/\/buenosdiasbcs.com\/?p=8404","title":{"rendered":"Celebra Alcalde Christian Ag\u00fandez a la ni\u00f1ez de la zona rural de Los Cabos."},"content":{"rendered":"\n<p><strong>Los Cabos, Baja California Sur<\/strong>.\u2013 El presidente municipal Christian Ag\u00fandez G\u00f3mez, encabez\u00f3 las actividades que se realizaron en la cancha p\u00fablica de Las Cuevas, con motivo del D\u00eda de la Ni\u00f1ez, donde cientos de ni\u00f1as y ni\u00f1os junto a sus familias disfrutaron de un ameno programa la tarde de este mi\u00e9rcoles 29 de abril, en un evento lleno de alegr\u00eda, m\u00fasica, magia y diversi\u00f3n.<\/p>\n\n\n\n<p>A nombre de su esposa y presidenta a honoraria de DIF Los Cabos, Sol Delgado Moreno, quien por motivo de agenda no pudo estar presente; el Ejecutivo Municipal destac\u00f3 lo fundamental que es para la XV Administraci\u00f3n realizar este tipo de eventos, donde la ni\u00f1ez tiene la oportunidad de convivir y disfrutar de espect\u00e1culos especiales y sobre todo, rifas de regalos.<\/p>\n\n\n\n<p>Ag\u00fandez G\u00f3mez comunic\u00f3 al p\u00fablico asistente que continuar\u00e1 visitando las comunidades de la zona rural para escuchar de primera mano los temas que son motivo de preocupaci\u00f3n y encontrarles soluci\u00f3n, como parte de su estrategia de trabajo de sostener di\u00e1logos abiertos y permanentes con la ciudadan\u00eda.<\/p>\n\n\n\n<p>\u201cPara nosotros es un enorme gusto poder realizar este tipo de eventos para festejar a las y a los ni\u00f1os del municipio de Los Cabos; a todas las familias agradecerles la confianza, acabamos de estar en la comunidad de Buenavista y vamos a continuar visitando todas las comunidades y todas las colonias del municipio de Los Cabos hasta el \u00faltimo rinc\u00f3n\u201d, expres\u00f3 el alcalde.<\/p>\n\n\n\n<p>En el evento, acompa\u00f1ando a Christian Ag\u00fandez, estuvieron presentes la s\u00edndica municipal N\u00e9lida Dolores Alfaro; el diputado Omar Torres Orozco y las delegadas de Santiago y Miraflores, Araceli Cota y Aremy Garc\u00eda, respectivamente.<\/p>\n\n\n\n<p>Este jueves 30 la gran celebraci\u00f3n de la ni\u00f1ez tocar\u00e1 en la Delegaci\u00f3n de Cabo San Lucas a partir de las 4:30 de la tarde en la Plaza Le\u00f3n Cota Collins, por lo que la invitaci\u00f3n est\u00e1 abierta para toda la ciudadan\u00eda.<\/p>\n","protected":false},"excerpt":{"rendered":"<p>Los Cabos, Baja California Sur.\u2013 El presidente municipal Christian Ag\u00fandez G\u00f3mez, encabez\u00f3 las actividades que se realizaron en la cancha&#8230;<\/p>\n","protected":false},"author":2,"featured_media":8405,"comment_status":"open","ping_status":"open","sticky":false,"template":"","format":"standard","meta":{"footnotes":""},"categories":[31],"tags":[],"class_list":["post-8404","post","type-post","status-publish","format-standard","has-post-thumbnail","hentry","category-los-cabos"],"yoast_head":"<!-- This site is optimized with the Yoast SEO Premium plugin v26.8 (Yoast SEO v27.5) - https:\/\/yoast.com\/product\/yoast-seo-premium-wordpress\/ -->\n<title>Celebra Alcalde Christian Ag\u00fandez a la ni\u00f1ez de la zona rural de Los Cabos. - Buenos D&iacute;as BCS<\/title>\n<meta name=\"robots\" content=\"index, follow, max-snippet:-1, max-image-preview:large, max-video-preview:-1\" \/>\n<link rel=\"canonical\" href=\"https:\/\/buenosdiasbcs.com\/?p=8404\" \/>\n<meta property=\"og:locale\" content=\"es_ES\" \/>\n<meta property=\"og:type\" content=\"article\" \/>\n<meta property=\"og:title\" content=\"Celebra Alcalde Christian Ag\u00fandez a la ni\u00f1ez de la zona rural de Los Cabos.\" \/>\n<meta property=\"og:description\" content=\"Los Cabos, Baja California Sur.\u2013 El presidente municipal Christian Ag\u00fandez G\u00f3mez, encabez\u00f3 las actividades que se realizaron en la cancha...\" \/>\n<meta property=\"og:url\" content=\"https:\/\/buenosdiasbcs.com\/?p=8404\" \/>\n<meta property=\"og:site_name\" content=\"Buenos D&iacute;as BCS\" \/>\n<meta property=\"article:published_time\" content=\"2026-05-01T07:59:00+00:00\" \/>\n<meta property=\"og:image\" content=\"https:\/\/buenosdiasbcs.com\/wp-content\/uploads\/2026\/04\/WhatsApp-Image-2026-04-29-at-21.11.00-1-1536x824-1.jpeg\" \/>\n\t<meta property=\"og:image:width\" content=\"1536\" \/>\n\t<meta property=\"og:image:height\" content=\"824\" \/>\n\t<meta property=\"og:image:type\" content=\"image\/jpeg\" \/>\n<meta name=\"author\" content=\"Edici\u00f3n Buenos D\u00edas\" \/>\n<meta name=\"twitter:card\" content=\"summary_large_image\" \/>\n<meta name=\"twitter:label1\" content=\"Escrito por\" \/>\n\t<meta name=\"twitter:data1\" content=\"Edici\u00f3n Buenos D\u00edas\" \/>\n\t<meta name=\"twitter:label2\" content=\"Tiempo de lectura\" \/>\n\t<meta name=\"twitter:data2\" content=\"2 minutos\" \/>\n<script type=\"application\/ld+json\" class=\"yoast-schema-graph\">{\"@context\":\"https:\\\/\\\/schema.org\",\"@graph\":[{\"@type\":\"Article\",\"@id\":\"https:\\\/\\\/buenosdiasbcs.com\\\/?p=8404#article\",\"isPartOf\":{\"@id\":\"https:\\\/\\\/buenosdiasbcs.com\\\/?p=8404\"},\"author\":{\"name\":\"Edici\u00f3n Buenos D\u00edas\",\"@id\":\"https:\\\/\\\/buenosdiasbcs.com\\\/#\\\/schema\\\/person\\\/15aedc247eab7070ee5d76d6d069a821\"},\"headline\":\"Celebra Alcalde Christian Ag\u00fandez a la ni\u00f1ez de la zona rural de Los Cabos.\",\"datePublished\":\"2026-05-01T07:59:00+00:00\",\"mainEntityOfPage\":{\"@id\":\"https:\\\/\\\/buenosdiasbcs.com\\\/?p=8404\"},\"wordCount\":357,\"commentCount\":0,\"publisher\":{\"@id\":\"https:\\\/\\\/buenosdiasbcs.com\\\/#organization\"},\"image\":{\"@id\":\"https:\\\/\\\/buenosdiasbcs.com\\\/?p=8404#primaryimage\"},\"thumbnailUrl\":\"https:\\\/\\\/buenosdiasbcs.com\\\/wp-content\\\/uploads\\\/2026\\\/04\\\/WhatsApp-Image-2026-04-29-at-21.11.00-1-1536x824-1.jpeg\",\"articleSection\":[\"Los Cabos\"],\"inLanguage\":\"es\",\"potentialAction\":[{\"@type\":\"CommentAction\",\"name\":\"Comment\",\"target\":[\"https:\\\/\\\/buenosdiasbcs.com\\\/?p=8404#respond\"]}]},{\"@type\":\"WebPage\",\"@id\":\"https:\\\/\\\/buenosdiasbcs.com\\\/?p=8404\",\"url\":\"https:\\\/\\\/buenosdiasbcs.com\\\/?p=8404\",\"name\":\"Celebra Alcalde Christian Ag\u00fandez a la ni\u00f1ez de la zona rural de Los Cabos. - Buenos D&iacute;as BCS\",\"isPartOf\":{\"@id\":\"https:\\\/\\\/buenosdiasbcs.com\\\/#website\"},\"primaryImageOfPage\":{\"@id\":\"https:\\\/\\\/buenosdiasbcs.com\\\/?p=8404#primaryimage\"},\"image\":{\"@id\":\"https:\\\/\\\/buenosdiasbcs.com\\\/?p=8404#primaryimage\"},\"thumbnailUrl\":\"https:\\\/\\\/buenosdiasbcs.com\\\/wp-content\\\/uploads\\\/2026\\\/04\\\/WhatsApp-Image-2026-04-29-at-21.11.00-1-1536x824-1.jpeg\",\"datePublished\":\"2026-05-01T07:59:00+00:00\",\"breadcrumb\":{\"@id\":\"https:\\\/\\\/buenosdiasbcs.com\\\/?p=8404#breadcrumb\"},\"inLanguage\":\"es\",\"potentialAction\":[{\"@type\":\"ReadAction\",\"target\":[\"https:\\\/\\\/buenosdiasbcs.com\\\/?p=8404\"]}]},{\"@type\":\"ImageObject\",\"inLanguage\":\"es\",\"@id\":\"https:\\\/\\\/buenosdiasbcs.com\\\/?p=8404#primaryimage\",\"url\":\"https:\\\/\\\/buenosdiasbcs.com\\\/wp-content\\\/uploads\\\/2026\\\/04\\\/WhatsApp-Image-2026-04-29-at-21.11.00-1-1536x824-1.jpeg\",\"contentUrl\":\"https:\\\/\\\/buenosdiasbcs.com\\\/wp-content\\\/uploads\\\/2026\\\/04\\\/WhatsApp-Image-2026-04-29-at-21.11.00-1-1536x824-1.jpeg\",\"width\":1536,\"height\":824},{\"@type\":\"BreadcrumbList\",\"@id\":\"https:\\\/\\\/buenosdiasbcs.com\\\/?p=8404#breadcrumb\",\"itemListElement\":[{\"@type\":\"ListItem\",\"position\":1,\"name\":\"Portada\",\"item\":\"https:\\\/\\\/buenosdiasbcs.com\\\/\"},{\"@type\":\"ListItem\",\"position\":2,\"name\":\"Celebra Alcalde Christian Ag\u00fandez a la ni\u00f1ez de la zona rural de Los Cabos.\"}]},{\"@type\":\"WebSite\",\"@id\":\"https:\\\/\\\/buenosdiasbcs.com\\\/#website\",\"url\":\"https:\\\/\\\/buenosdiasbcs.com\\\/\",\"name\":\"Buenos D\u00edas BCS\",\"description\":\"\",\"publisher\":{\"@id\":\"https:\\\/\\\/buenosdiasbcs.com\\\/#organization\"},\"potentialAction\":[{\"@type\":\"SearchAction\",\"target\":{\"@type\":\"EntryPoint\",\"urlTemplate\":\"https:\\\/\\\/buenosdiasbcs.com\\\/?s={search_term_string}\"},\"query-input\":{\"@type\":\"PropertyValueSpecification\",\"valueRequired\":true,\"valueName\":\"search_term_string\"}}],\"inLanguage\":\"es\"},{\"@type\":\"Organization\",\"@id\":\"https:\\\/\\\/buenosdiasbcs.com\\\/#organization\",\"name\":\"Buenos D\u00edas BCS\",\"url\":\"https:\\\/\\\/buenosdiasbcs.com\\\/\",\"logo\":{\"@type\":\"ImageObject\",\"inLanguage\":\"es\",\"@id\":\"https:\\\/\\\/buenosdiasbcs.com\\\/#\\\/schema\\\/logo\\\/image\\\/\",\"url\":\"https:\\\/\\\/buenosdiasbcs.com\\\/wp-content\\\/uploads\\\/2026\\\/01\\\/logo-buenos-dias-40-01.png\",\"contentUrl\":\"https:\\\/\\\/buenosdiasbcs.com\\\/wp-content\\\/uploads\\\/2026\\\/01\\\/logo-buenos-dias-40-01.png\",\"width\":277,\"height\":40,\"caption\":\"Buenos D\u00edas BCS\"},\"image\":{\"@id\":\"https:\\\/\\\/buenosdiasbcs.com\\\/#\\\/schema\\\/logo\\\/image\\\/\"}},{\"@type\":\"Person\",\"@id\":\"https:\\\/\\\/buenosdiasbcs.com\\\/#\\\/schema\\\/person\\\/15aedc247eab7070ee5d76d6d069a821\",\"name\":\"Edici\u00f3n Buenos D\u00edas\",\"image\":{\"@type\":\"ImageObject\",\"inLanguage\":\"es\",\"@id\":\"https:\\\/\\\/buenosdiasbcs.com\\\/wp-content\\\/uploads\\\/2026\\\/01\\\/cropped-sol-96x96.png\",\"url\":\"https:\\\/\\\/buenosdiasbcs.com\\\/wp-content\\\/uploads\\\/2026\\\/01\\\/cropped-sol-96x96.png\",\"contentUrl\":\"https:\\\/\\\/buenosdiasbcs.com\\\/wp-content\\\/uploads\\\/2026\\\/01\\\/cropped-sol-96x96.png\",\"caption\":\"Edici\u00f3n Buenos D\u00edas\"},\"url\":\"https:\\\/\\\/buenosdiasbcs.com\\\/?author=2\"}]}<\/script>\n<!-- \/ Yoast SEO Premium plugin. -->","yoast_head_json":{"title":"Celebra Alcalde Christian Ag\u00fandez a la ni\u00f1ez de la zona rural de Los Cabos. - Buenos D&iacute;as BCS","robots":{"index":"index","follow":"follow","max-snippet":"max-snippet:-1","max-image-preview":"max-image-preview:large","max-video-preview":"max-video-preview:-1"},"canonical":"https:\/\/buenosdiasbcs.com\/?p=8404","og_locale":"es_ES","og_type":"article","og_title":"Celebra Alcalde Christian Ag\u00fandez a la ni\u00f1ez de la zona rural de Los Cabos.","og_description":"Los Cabos, Baja California Sur.\u2013 El presidente municipal Christian Ag\u00fandez G\u00f3mez, encabez\u00f3 las actividades que se realizaron en la cancha...","og_url":"https:\/\/buenosdiasbcs.com\/?p=8404","og_site_name":"Buenos D&iacute;as BCS","article_published_time":"2026-05-01T07:59:00+00:00","og_image":[{"width":1536,"height":824,"url":"https:\/\/buenosdiasbcs.com\/wp-content\/uploads\/2026\/04\/WhatsApp-Image-2026-04-29-at-21.11.00-1-1536x824-1.jpeg","type":"image\/jpeg"}],"author":"Edici\u00f3n Buenos D\u00edas","twitter_card":"summary_large_image","twitter_misc":{"Escrito por":"Edici\u00f3n Buenos D\u00edas","Tiempo de lectura":"2 minutos"},"schema":{"@context":"https:\/\/schema.org","@graph":[{"@type":"Article","@id":"https:\/\/buenosdiasbcs.com\/?p=8404#article","isPartOf":{"@id":"https:\/\/buenosdiasbcs.com\/?p=8404"},"author":{"name":"Edici\u00f3n Buenos D\u00edas","@id":"https:\/\/buenosdiasbcs.com\/#\/schema\/person\/15aedc247eab7070ee5d76d6d069a821"},"headline":"Celebra Alcalde Christian Ag\u00fandez a la ni\u00f1ez de la zona rural de Los Cabos.","datePublished":"2026-05-01T07:59:00+00:00","mainEntityOfPage":{"@id":"https:\/\/buenosdiasbcs.com\/?p=8404"},"wordCount":357,"commentCount":0,"publisher":{"@id":"https:\/\/buenosdiasbcs.com\/#organization"},"image":{"@id":"https:\/\/buenosdiasbcs.com\/?p=8404#primaryimage"},"thumbnailUrl":"https:\/\/buenosdiasbcs.com\/wp-content\/uploads\/2026\/04\/WhatsApp-Image-2026-04-29-at-21.11.00-1-1536x824-1.jpeg","articleSection":["Los Cabos"],"inLanguage":"es","potentialAction":[{"@type":"CommentAction","name":"Comment","target":["https:\/\/buenosdiasbcs.com\/?p=8404#respond"]}]},{"@type":"WebPage","@id":"https:\/\/buenosdiasbcs.com\/?p=8404","url":"https:\/\/buenosdiasbcs.com\/?p=8404","name":"Celebra Alcalde Christian Ag\u00fandez a la ni\u00f1ez de la zona rural de Los Cabos. - Buenos D&iacute;as BCS","isPartOf":{"@id":"https:\/\/buenosdiasbcs.com\/#website"},"primaryImageOfPage":{"@id":"https:\/\/buenosdiasbcs.com\/?p=8404#primaryimage"},"image":{"@id":"https:\/\/buenosdiasbcs.com\/?p=8404#primaryimage"},"thumbnailUrl":"https:\/\/buenosdiasbcs.com\/wp-content\/uploads\/2026\/04\/WhatsApp-Image-2026-04-29-at-21.11.00-1-1536x824-1.jpeg","datePublished":"2026-05-01T07:59:00+00:00","breadcrumb":{"@id":"https:\/\/buenosdiasbcs.com\/?p=8404#breadcrumb"},"inLanguage":"es","potentialAction":[{"@type":"ReadAction","target":["https:\/\/buenosdiasbcs.com\/?p=8404"]}]},{"@type":"ImageObject","inLanguage":"es","@id":"https:\/\/buenosdiasbcs.com\/?p=8404#primaryimage","url":"https:\/\/buenosdiasbcs.com\/wp-content\/uploads\/2026\/04\/WhatsApp-Image-2026-04-29-at-21.11.00-1-1536x824-1.jpeg","contentUrl":"https:\/\/buenosdiasbcs.com\/wp-content\/uploads\/2026\/04\/WhatsApp-Image-2026-04-29-at-21.11.00-1-1536x824-1.jpeg","width":1536,"height":824},{"@type":"BreadcrumbList","@id":"https:\/\/buenosdiasbcs.com\/?p=8404#breadcrumb","itemListElement":[{"@type":"ListItem","position":1,"name":"Portada","item":"https:\/\/buenosdiasbcs.com\/"},{"@type":"ListItem","position":2,"name":"Celebra Alcalde Christian Ag\u00fandez a la ni\u00f1ez de la zona rural de Los Cabos."}]},{"@type":"WebSite","@id":"https:\/\/buenosdiasbcs.com\/#website","url":"https:\/\/buenosdiasbcs.com\/","name":"Buenos D\u00edas BCS","description":"","publisher":{"@id":"https:\/\/buenosdiasbcs.com\/#organization"},"potentialAction":[{"@type":"SearchAction","target":{"@type":"EntryPoint","urlTemplate":"https:\/\/buenosdiasbcs.com\/?s={search_term_string}"},"query-input":{"@type":"PropertyValueSpecification","valueRequired":true,"valueName":"search_term_string"}}],"inLanguage":"es"},{"@type":"Organization","@id":"https:\/\/buenosdiasbcs.com\/#organization","name":"Buenos D\u00edas BCS","url":"https:\/\/buenosdiasbcs.com\/","logo":{"@type":"ImageObject","inLanguage":"es","@id":"https:\/\/buenosdiasbcs.com\/#\/schema\/logo\/image\/","url":"https:\/\/buenosdiasbcs.com\/wp-content\/uploads\/2026\/01\/logo-buenos-dias-40-01.png","contentUrl":"https:\/\/buenosdiasbcs.com\/wp-content\/uploads\/2026\/01\/logo-buenos-dias-40-01.png","width":277,"height":40,"caption":"Buenos D\u00edas BCS"},"image":{"@id":"https:\/\/buenosdiasbcs.com\/#\/schema\/logo\/image\/"}},{"@type":"Person","@id":"https:\/\/buenosdiasbcs.com\/#\/schema\/person\/15aedc247eab7070ee5d76d6d069a821","name":"Edici\u00f3n Buenos D\u00edas","image":{"@type":"ImageObject","inLanguage":"es","@id":"https:\/\/buenosdiasbcs.com\/wp-content\/uploads\/2026\/01\/cropped-sol-96x96.png","url":"https:\/\/buenosdiasbcs.com\/wp-content\/uploads\/2026\/01\/cropped-sol-96x96.png","contentUrl":"https:\/\/buenosdiasbcs.com\/wp-content\/uploads\/2026\/01\/cropped-sol-96x96.png","caption":"Edici\u00f3n Buenos D\u00edas"},"url":"https:\/\/buenosdiasbcs.com\/?author=2"}]}},"amp_enabled":true,"_links":{"self":[{"href":"https:\/\/buenosdiasbcs.com\/index.php?rest_route=\/wp\/v2\/posts\/8404","targetHints":{"allow":["GET"]}}],"collection":[{"href":"https:\/\/buenosdiasbcs.com\/index.php?rest_route=\/wp\/v2\/posts"}],"about":[{"href":"https:\/\/buenosdiasbcs.com\/index.php?rest_route=\/wp\/v2\/types\/post"}],"author":[{"embeddable":true,"href":"https:\/\/buenosdiasbcs.com\/index.php?rest_route=\/wp\/v2\/users\/2"}],"replies":[{"embeddable":true,"href":"https:\/\/buenosdiasbcs.com\/index.php?rest_route=%2Fwp%2Fv2%2Fcomments&post=8404"}],"version-history":[{"count":1,"href":"https:\/\/buenosdiasbcs.com\/index.php?rest_route=\/wp\/v2\/posts\/8404\/revisions"}],"predecessor-version":[{"id":8406,"href":"https:\/\/buenosdiasbcs.com\/index.php?rest_route=\/wp\/v2\/posts\/8404\/revisions\/8406"}],"wp:featuredmedia":[{"embeddable":true,"href":"https:\/\/buenosdiasbcs.com\/index.php?rest_route=\/wp\/v2\/media\/8405"}],"wp:attachment":[{"href":"https:\/\/buenosdiasbcs.com\/index.php?rest_route=%2Fwp%2Fv2%2Fmedia&parent=8404"}],"wp:term":[{"taxonomy":"category","embeddable":true,"href":"https:\/\/buenosdiasbcs.com\/index.php?rest_route=%2Fwp%2Fv2%2Fcategories&post=8404"},{"taxonomy":"post_tag","embeddable":true,"href":"https:\/\/buenosdiasbcs.com\/index.php?rest_route=%2Fwp%2Fv2%2Ftags&post=8404"}],"curies":[{"name":"wp","href":"https:\/\/api.w.org\/{rel}","templated":true}]}}