{"id":8392,"date":"2026-04-30T00:24:00","date_gmt":"2026-04-30T07:24:00","guid":{"rendered":"https:\/\/buenosdiasbcs.com\/?p=8392"},"modified":"2026-04-29T18:26:38","modified_gmt":"2026-04-30T01:26:38","slug":"1-de-mayo-2026-en-bcs-habra-puente-largo-de-4-dias-para-estudiantes","status":"publish","type":"post","link":"https:\/\/buenosdiasbcs.com\/?p=8392","title":{"rendered":"1 de mayo 2026 en BCS: habr\u00e1 puente largo de 4 d\u00edas para estudiantes"},"content":{"rendered":"\n<h2 class=\"wp-block-heading\" id=\"h-el-ajuste-al-calendario-escolar-en-baja-california-sur-permitira-un-fin-de-semana-largo-causara-afectaciones-en-la-programacion-de-clases\">El ajuste al calendario escolar en Baja California Sur permitir\u00e1 un fin de semana largo; \u00bfcausar\u00e1 afectaciones en la programaci\u00f3n de clases?<\/h2>\n\n\n\n<p>Fin de semana largo en Baja California Sur; las y los alumnos regresar\u00e1n a las aulas hasta el martes 5 de mayo. Foto Ilustrativa: Canva.<\/p>\n\n\n\n<p>El l\u00edder sindical de los maestros,&nbsp;<strong>Elmuth Castillo Sandoval,<\/strong>&nbsp;inform\u00f3 que habr\u00e1 un ajuste en la&nbsp;<strong>jornada laboral<\/strong>&nbsp;que permitir\u00e1 al alumnado y trabajadores de la&nbsp;<strong>educaci\u00f3n<\/strong>&nbsp;disfrutar un&nbsp;<strong>fin de semana largo,<\/strong>&nbsp;<a href=\"https:\/\/www.posta.com.mx\/bcs\/sep-en-bcs-2026-todo-lo-que-padres-y-estudiantes-deben-saber-del-calendario-escolar\/vl2148226\">debido a c\u00f3mo se acomodaron este a\u00f1o los d\u00edas en el&nbsp;<\/a><strong><a href=\"https:\/\/www.posta.com.mx\/bcs\/sep-en-bcs-2026-todo-lo-que-padres-y-estudiantes-deben-saber-del-calendario-escolar\/vl2148226\">calendario escolar 2026<\/a>.<\/strong><\/p>\n\n\n\n<p>Adem\u00e1s, precis\u00f3 que<strong>&nbsp;este ajuste no representa p\u00e9rdida de clases<\/strong>&nbsp;para el alumnado de las diferentes instituciones educativas.<\/p>\n\n\n\n<h2 class=\"wp-block-heading\" id=\"h-cuanto-durara-el-primer-puente-de-mayo-en-bcs-y-que-se-sabe-hasta-ahora\">\u00bfCu\u00e1nto durar\u00e1 el primer puente de mayo en BCS y qu\u00e9 se sabe hasta ahora?<\/h2>\n\n\n\n<p>El ajuste acordado entre autoridades educativas y el sindicato permitir\u00e1 que estudiantes y docentes descansen desde el<strong>&nbsp;viernes 1 de mayo (D\u00eda del Trabajo),<\/strong>&nbsp;sumando s\u00e1bado 2, domingo 3 y lunes 4 de mayo.<\/p>\n\n\n\n<p>Las actividades escolares se reanudar\u00e1n el&nbsp;<strong>martes 5 de mayo<\/strong>, d\u00eda que originalmente era inh\u00e1bil, pero que ahora ser\u00e1 laborable<strong>&nbsp;tras el cambio.<\/strong><\/p>\n\n\n\n<p>Seg\u00fan explic\u00f3 el dirigente sindical, esta medida&nbsp;<strong>no afecta los d\u00edas efectivos de clase<\/strong>, ya que \u00fanicamente se intercambia un d\u00eda por otro dentro del calendario oficial.<\/p>\n\n\n\n<h2 class=\"wp-block-heading\" id=\"h-estos-son-los-dias-de-descanso-que-siguen-durante-el-mes-de-mayo\">Estos son los d\u00edas de descanso que siguen durante el mes de mayo<\/h2>\n\n\n\n<p><strong>Mayo&nbsp;<\/strong>es uno de los meses con&nbsp;<strong>m\u00e1s fechas relevantes&nbsp;<\/strong>para el sector educativo en M\u00e9xico. Tras el primer puente, destacan:<\/p>\n\n\n\n<ul class=\"wp-block-list\">\n<li><a href=\"https:\/\/www.posta.com.mx\/bcs\/donde-celebrar-el-dia-de-las-madres-en-la-paz-3-restaurantes-con-los-mejores-spots\/vl2194939\">10 de mayo\u00a0<strong>(D\u00eda de las Madres)<\/strong><\/a><strong>:<\/strong>\u00a0cae en domingo en 2026, por lo que<strong>\u00a0no hay suspensi\u00f3n oficial<\/strong>\u00a0de clases.<\/li>\n\n\n\n<li>15 de mayo\u00a0<strong>(D\u00eda del Maestro):\u00a0<\/strong>este s\u00ed est\u00e1 marcado como d\u00eda inh\u00e1bil oficial.<\/li>\n<\/ul>\n\n\n\n<p>Aunque&nbsp;<a href=\"https:\/\/www.posta.com.mx\/bcs\/donde-celebrar-el-dia-de-las-madres-en-la-paz-3-restaurantes-con-los-mejores-spots\/vl2194939\">el 1<strong>0 de mayo&nbsp;<\/strong>no est\u00e1 contemplado como descanso obligatorio<\/a>&nbsp;en el calendario, tradicionalmente se otorgan facilidades en escuelas para que las&nbsp;<strong>madres<\/strong>&nbsp;puedan celebrar.<\/p>\n\n\n\n<h2 class=\"wp-block-heading\" id=\"h-por-que-el-ajuste-del-puente-no-afecta-a-los-alumnos-en-baja-california-sur\">\u00bfPor qu\u00e9 el ajuste del puente no afecta a los alumnos en Baja California Sur?<\/h2>\n\n\n\n<p>De acuerdo con el&nbsp;<strong>SNTE,<\/strong>&nbsp;el&nbsp;<strong>cambio en el calendario<\/strong>&nbsp;no impacta a los alumnos, ya que no se eliminan d\u00edas de clase, sino que \u00fanicamente se intercambia un d\u00eda inh\u00e1bil por otro.<\/p>\n\n\n\n<p>Es decir, el descanso originalmente marcado para&nbsp;<strong>el martes 5 de mayo se recorre al lunes 4,<\/strong>&nbsp;manteniendo intacto el n\u00famero total de d\u00edas efectivos del ciclo escolar.<\/p>\n\n\n\n<p>Esto permite que estudiantes y docentes disfruten del&nbsp;<strong>puente largo<\/strong>&nbsp;sin comprometer el cumplimiento acad\u00e9mico ni los contenidos programados para el&nbsp;<strong>ciclo escolar 2026 en Baja California Sur.<\/strong><\/p>\n\n\n\n<p>Cabe destacar que, en&nbsp;<strong>mayo de 2025,<\/strong>&nbsp;<a href=\"https:\/\/www.posta.com.mx\/bcs\/maestros-de-bcs-continuan-con-paros-y-asamblea-en-parque-de-los-mangos\/v-vl2044094\">la&nbsp;<strong>suspensi\u00f3n de clases&nbsp;<\/strong>se debi\u00f3 a conflictos magisteriales y manifestaciones<\/a>; sin embargo, este a\u00f1o el panorama es distinto, ya que las \u00fanicas interrupciones previstas en las actividades escolares corresponden a los&nbsp;<strong>d\u00edas festivos<\/strong>&nbsp;establecidos en el calendario oficial.<\/p>\n","protected":false},"excerpt":{"rendered":"<p>El ajuste al calendario escolar en Baja California Sur permitir\u00e1 un fin de semana largo; \u00bfcausar\u00e1 afectaciones en la programaci\u00f3n&#8230;<\/p>\n","protected":false},"author":2,"featured_media":8393,"comment_status":"open","ping_status":"open","sticky":false,"template":"","format":"standard","meta":{"footnotes":""},"categories":[25],"tags":[],"class_list":["post-8392","post","type-post","status-publish","format-standard","has-post-thumbnail","hentry","category-sociedad"],"yoast_head":"<!-- This site is optimized with the Yoast SEO Premium plugin v26.8 (Yoast SEO v27.5) - https:\/\/yoast.com\/product\/yoast-seo-premium-wordpress\/ -->\n<title>1 de mayo 2026 en BCS: habr\u00e1 puente largo de 4 d\u00edas para estudiantes - Buenos D&iacute;as BCS<\/title>\n<meta name=\"robots\" content=\"index, follow, max-snippet:-1, max-image-preview:large, max-video-preview:-1\" \/>\n<link rel=\"canonical\" href=\"https:\/\/buenosdiasbcs.com\/?p=8392\" \/>\n<meta property=\"og:locale\" content=\"es_ES\" \/>\n<meta property=\"og:type\" content=\"article\" \/>\n<meta property=\"og:title\" content=\"1 de mayo 2026 en BCS: habr\u00e1 puente largo de 4 d\u00edas para estudiantes\" \/>\n<meta property=\"og:description\" content=\"El ajuste al calendario escolar en Baja California Sur permitir\u00e1 un fin de semana largo; \u00bfcausar\u00e1 afectaciones en la programaci\u00f3n...\" \/>\n<meta property=\"og:url\" content=\"https:\/\/buenosdiasbcs.com\/?p=8392\" \/>\n<meta property=\"og:site_name\" content=\"Buenos D&iacute;as BCS\" \/>\n<meta property=\"article:published_time\" content=\"2026-04-30T07:24:00+00:00\" \/>\n<meta property=\"og:image\" content=\"https:\/\/buenosdiasbcs.com\/wp-content\/uploads\/2026\/04\/escuela-aula-salon-clases-vacio-foto-de-canva-5359b037-focus-0-0-1479-828.webp\" \/>\n\t<meta property=\"og:image:width\" content=\"1280\" \/>\n\t<meta property=\"og:image:height\" content=\"800\" \/>\n\t<meta property=\"og:image:type\" content=\"image\/webp\" \/>\n<meta name=\"author\" content=\"Edici\u00f3n Buenos D\u00edas\" \/>\n<meta name=\"twitter:card\" content=\"summary_large_image\" \/>\n<meta name=\"twitter:label1\" content=\"Escrito por\" \/>\n\t<meta name=\"twitter:data1\" content=\"Edici\u00f3n Buenos D\u00edas\" \/>\n\t<meta name=\"twitter:label2\" content=\"Tiempo de lectura\" \/>\n\t<meta name=\"twitter:data2\" content=\"3 minutos\" \/>\n<script type=\"application\/ld+json\" class=\"yoast-schema-graph\">{\"@context\":\"https:\\\/\\\/schema.org\",\"@graph\":[{\"@type\":\"Article\",\"@id\":\"https:\\\/\\\/buenosdiasbcs.com\\\/?p=8392#article\",\"isPartOf\":{\"@id\":\"https:\\\/\\\/buenosdiasbcs.com\\\/?p=8392\"},\"author\":{\"name\":\"Edici\u00f3n Buenos D\u00edas\",\"@id\":\"https:\\\/\\\/buenosdiasbcs.com\\\/#\\\/schema\\\/person\\\/15aedc247eab7070ee5d76d6d069a821\"},\"headline\":\"1 de mayo 2026 en BCS: habr\u00e1 puente largo de 4 d\u00edas para estudiantes\",\"datePublished\":\"2026-04-30T07:24:00+00:00\",\"mainEntityOfPage\":{\"@id\":\"https:\\\/\\\/buenosdiasbcs.com\\\/?p=8392\"},\"wordCount\":527,\"commentCount\":0,\"publisher\":{\"@id\":\"https:\\\/\\\/buenosdiasbcs.com\\\/#organization\"},\"image\":{\"@id\":\"https:\\\/\\\/buenosdiasbcs.com\\\/?p=8392#primaryimage\"},\"thumbnailUrl\":\"https:\\\/\\\/buenosdiasbcs.com\\\/wp-content\\\/uploads\\\/2026\\\/04\\\/escuela-aula-salon-clases-vacio-foto-de-canva-5359b037-focus-0-0-1479-828.webp\",\"articleSection\":[\"Sociedad\"],\"inLanguage\":\"es\",\"potentialAction\":[{\"@type\":\"CommentAction\",\"name\":\"Comment\",\"target\":[\"https:\\\/\\\/buenosdiasbcs.com\\\/?p=8392#respond\"]}]},{\"@type\":\"WebPage\",\"@id\":\"https:\\\/\\\/buenosdiasbcs.com\\\/?p=8392\",\"url\":\"https:\\\/\\\/buenosdiasbcs.com\\\/?p=8392\",\"name\":\"1 de mayo 2026 en BCS: habr\u00e1 puente largo de 4 d\u00edas para estudiantes - Buenos D&iacute;as BCS\",\"isPartOf\":{\"@id\":\"https:\\\/\\\/buenosdiasbcs.com\\\/#website\"},\"primaryImageOfPage\":{\"@id\":\"https:\\\/\\\/buenosdiasbcs.com\\\/?p=8392#primaryimage\"},\"image\":{\"@id\":\"https:\\\/\\\/buenosdiasbcs.com\\\/?p=8392#primaryimage\"},\"thumbnailUrl\":\"https:\\\/\\\/buenosdiasbcs.com\\\/wp-content\\\/uploads\\\/2026\\\/04\\\/escuela-aula-salon-clases-vacio-foto-de-canva-5359b037-focus-0-0-1479-828.webp\",\"datePublished\":\"2026-04-30T07:24:00+00:00\",\"breadcrumb\":{\"@id\":\"https:\\\/\\\/buenosdiasbcs.com\\\/?p=8392#breadcrumb\"},\"inLanguage\":\"es\",\"potentialAction\":[{\"@type\":\"ReadAction\",\"target\":[\"https:\\\/\\\/buenosdiasbcs.com\\\/?p=8392\"]}]},{\"@type\":\"ImageObject\",\"inLanguage\":\"es\",\"@id\":\"https:\\\/\\\/buenosdiasbcs.com\\\/?p=8392#primaryimage\",\"url\":\"https:\\\/\\\/buenosdiasbcs.com\\\/wp-content\\\/uploads\\\/2026\\\/04\\\/escuela-aula-salon-clases-vacio-foto-de-canva-5359b037-focus-0-0-1479-828.webp\",\"contentUrl\":\"https:\\\/\\\/buenosdiasbcs.com\\\/wp-content\\\/uploads\\\/2026\\\/04\\\/escuela-aula-salon-clases-vacio-foto-de-canva-5359b037-focus-0-0-1479-828.webp\",\"width\":1280,\"height\":800},{\"@type\":\"BreadcrumbList\",\"@id\":\"https:\\\/\\\/buenosdiasbcs.com\\\/?p=8392#breadcrumb\",\"itemListElement\":[{\"@type\":\"ListItem\",\"position\":1,\"name\":\"Portada\",\"item\":\"https:\\\/\\\/buenosdiasbcs.com\\\/\"},{\"@type\":\"ListItem\",\"position\":2,\"name\":\"1 de mayo 2026 en BCS: habr\u00e1 puente largo de 4 d\u00edas para estudiantes\"}]},{\"@type\":\"WebSite\",\"@id\":\"https:\\\/\\\/buenosdiasbcs.com\\\/#website\",\"url\":\"https:\\\/\\\/buenosdiasbcs.com\\\/\",\"name\":\"Buenos D\u00edas BCS\",\"description\":\"\",\"publisher\":{\"@id\":\"https:\\\/\\\/buenosdiasbcs.com\\\/#organization\"},\"potentialAction\":[{\"@type\":\"SearchAction\",\"target\":{\"@type\":\"EntryPoint\",\"urlTemplate\":\"https:\\\/\\\/buenosdiasbcs.com\\\/?s={search_term_string}\"},\"query-input\":{\"@type\":\"PropertyValueSpecification\",\"valueRequired\":true,\"valueName\":\"search_term_string\"}}],\"inLanguage\":\"es\"},{\"@type\":\"Organization\",\"@id\":\"https:\\\/\\\/buenosdiasbcs.com\\\/#organization\",\"name\":\"Buenos D\u00edas BCS\",\"url\":\"https:\\\/\\\/buenosdiasbcs.com\\\/\",\"logo\":{\"@type\":\"ImageObject\",\"inLanguage\":\"es\",\"@id\":\"https:\\\/\\\/buenosdiasbcs.com\\\/#\\\/schema\\\/logo\\\/image\\\/\",\"url\":\"https:\\\/\\\/buenosdiasbcs.com\\\/wp-content\\\/uploads\\\/2026\\\/01\\\/logo-buenos-dias-40-01.png\",\"contentUrl\":\"https:\\\/\\\/buenosdiasbcs.com\\\/wp-content\\\/uploads\\\/2026\\\/01\\\/logo-buenos-dias-40-01.png\",\"width\":277,\"height\":40,\"caption\":\"Buenos D\u00edas BCS\"},\"image\":{\"@id\":\"https:\\\/\\\/buenosdiasbcs.com\\\/#\\\/schema\\\/logo\\\/image\\\/\"}},{\"@type\":\"Person\",\"@id\":\"https:\\\/\\\/buenosdiasbcs.com\\\/#\\\/schema\\\/person\\\/15aedc247eab7070ee5d76d6d069a821\",\"name\":\"Edici\u00f3n Buenos D\u00edas\",\"image\":{\"@type\":\"ImageObject\",\"inLanguage\":\"es\",\"@id\":\"https:\\\/\\\/buenosdiasbcs.com\\\/wp-content\\\/uploads\\\/2026\\\/01\\\/cropped-sol-96x96.png\",\"url\":\"https:\\\/\\\/buenosdiasbcs.com\\\/wp-content\\\/uploads\\\/2026\\\/01\\\/cropped-sol-96x96.png\",\"contentUrl\":\"https:\\\/\\\/buenosdiasbcs.com\\\/wp-content\\\/uploads\\\/2026\\\/01\\\/cropped-sol-96x96.png\",\"caption\":\"Edici\u00f3n Buenos D\u00edas\"},\"url\":\"https:\\\/\\\/buenosdiasbcs.com\\\/?author=2\"}]}<\/script>\n<!-- \/ Yoast SEO Premium plugin. -->","yoast_head_json":{"title":"1 de mayo 2026 en BCS: habr\u00e1 puente largo de 4 d\u00edas para estudiantes - Buenos D&iacute;as BCS","robots":{"index":"index","follow":"follow","max-snippet":"max-snippet:-1","max-image-preview":"max-image-preview:large","max-video-preview":"max-video-preview:-1"},"canonical":"https:\/\/buenosdiasbcs.com\/?p=8392","og_locale":"es_ES","og_type":"article","og_title":"1 de mayo 2026 en BCS: habr\u00e1 puente largo de 4 d\u00edas para estudiantes","og_description":"El ajuste al calendario escolar en Baja California Sur permitir\u00e1 un fin de semana largo; \u00bfcausar\u00e1 afectaciones en la programaci\u00f3n...","og_url":"https:\/\/buenosdiasbcs.com\/?p=8392","og_site_name":"Buenos D&iacute;as BCS","article_published_time":"2026-04-30T07:24:00+00:00","og_image":[{"width":1280,"height":800,"url":"https:\/\/buenosdiasbcs.com\/wp-content\/uploads\/2026\/04\/escuela-aula-salon-clases-vacio-foto-de-canva-5359b037-focus-0-0-1479-828.webp","type":"image\/webp"}],"author":"Edici\u00f3n Buenos D\u00edas","twitter_card":"summary_large_image","twitter_misc":{"Escrito por":"Edici\u00f3n Buenos D\u00edas","Tiempo de lectura":"3 minutos"},"schema":{"@context":"https:\/\/schema.org","@graph":[{"@type":"Article","@id":"https:\/\/buenosdiasbcs.com\/?p=8392#article","isPartOf":{"@id":"https:\/\/buenosdiasbcs.com\/?p=8392"},"author":{"name":"Edici\u00f3n Buenos D\u00edas","@id":"https:\/\/buenosdiasbcs.com\/#\/schema\/person\/15aedc247eab7070ee5d76d6d069a821"},"headline":"1 de mayo 2026 en BCS: habr\u00e1 puente largo de 4 d\u00edas para estudiantes","datePublished":"2026-04-30T07:24:00+00:00","mainEntityOfPage":{"@id":"https:\/\/buenosdiasbcs.com\/?p=8392"},"wordCount":527,"commentCount":0,"publisher":{"@id":"https:\/\/buenosdiasbcs.com\/#organization"},"image":{"@id":"https:\/\/buenosdiasbcs.com\/?p=8392#primaryimage"},"thumbnailUrl":"https:\/\/buenosdiasbcs.com\/wp-content\/uploads\/2026\/04\/escuela-aula-salon-clases-vacio-foto-de-canva-5359b037-focus-0-0-1479-828.webp","articleSection":["Sociedad"],"inLanguage":"es","potentialAction":[{"@type":"CommentAction","name":"Comment","target":["https:\/\/buenosdiasbcs.com\/?p=8392#respond"]}]},{"@type":"WebPage","@id":"https:\/\/buenosdiasbcs.com\/?p=8392","url":"https:\/\/buenosdiasbcs.com\/?p=8392","name":"1 de mayo 2026 en BCS: habr\u00e1 puente largo de 4 d\u00edas para estudiantes - Buenos D&iacute;as BCS","isPartOf":{"@id":"https:\/\/buenosdiasbcs.com\/#website"},"primaryImageOfPage":{"@id":"https:\/\/buenosdiasbcs.com\/?p=8392#primaryimage"},"image":{"@id":"https:\/\/buenosdiasbcs.com\/?p=8392#primaryimage"},"thumbnailUrl":"https:\/\/buenosdiasbcs.com\/wp-content\/uploads\/2026\/04\/escuela-aula-salon-clases-vacio-foto-de-canva-5359b037-focus-0-0-1479-828.webp","datePublished":"2026-04-30T07:24:00+00:00","breadcrumb":{"@id":"https:\/\/buenosdiasbcs.com\/?p=8392#breadcrumb"},"inLanguage":"es","potentialAction":[{"@type":"ReadAction","target":["https:\/\/buenosdiasbcs.com\/?p=8392"]}]},{"@type":"ImageObject","inLanguage":"es","@id":"https:\/\/buenosdiasbcs.com\/?p=8392#primaryimage","url":"https:\/\/buenosdiasbcs.com\/wp-content\/uploads\/2026\/04\/escuela-aula-salon-clases-vacio-foto-de-canva-5359b037-focus-0-0-1479-828.webp","contentUrl":"https:\/\/buenosdiasbcs.com\/wp-content\/uploads\/2026\/04\/escuela-aula-salon-clases-vacio-foto-de-canva-5359b037-focus-0-0-1479-828.webp","width":1280,"height":800},{"@type":"BreadcrumbList","@id":"https:\/\/buenosdiasbcs.com\/?p=8392#breadcrumb","itemListElement":[{"@type":"ListItem","position":1,"name":"Portada","item":"https:\/\/buenosdiasbcs.com\/"},{"@type":"ListItem","position":2,"name":"1 de mayo 2026 en BCS: habr\u00e1 puente largo de 4 d\u00edas para estudiantes"}]},{"@type":"WebSite","@id":"https:\/\/buenosdiasbcs.com\/#website","url":"https:\/\/buenosdiasbcs.com\/","name":"Buenos D\u00edas BCS","description":"","publisher":{"@id":"https:\/\/buenosdiasbcs.com\/#organization"},"potentialAction":[{"@type":"SearchAction","target":{"@type":"EntryPoint","urlTemplate":"https:\/\/buenosdiasbcs.com\/?s={search_term_string}"},"query-input":{"@type":"PropertyValueSpecification","valueRequired":true,"valueName":"search_term_string"}}],"inLanguage":"es"},{"@type":"Organization","@id":"https:\/\/buenosdiasbcs.com\/#organization","name":"Buenos D\u00edas BCS","url":"https:\/\/buenosdiasbcs.com\/","logo":{"@type":"ImageObject","inLanguage":"es","@id":"https:\/\/buenosdiasbcs.com\/#\/schema\/logo\/image\/","url":"https:\/\/buenosdiasbcs.com\/wp-content\/uploads\/2026\/01\/logo-buenos-dias-40-01.png","contentUrl":"https:\/\/buenosdiasbcs.com\/wp-content\/uploads\/2026\/01\/logo-buenos-dias-40-01.png","width":277,"height":40,"caption":"Buenos D\u00edas BCS"},"image":{"@id":"https:\/\/buenosdiasbcs.com\/#\/schema\/logo\/image\/"}},{"@type":"Person","@id":"https:\/\/buenosdiasbcs.com\/#\/schema\/person\/15aedc247eab7070ee5d76d6d069a821","name":"Edici\u00f3n Buenos D\u00edas","image":{"@type":"ImageObject","inLanguage":"es","@id":"https:\/\/buenosdiasbcs.com\/wp-content\/uploads\/2026\/01\/cropped-sol-96x96.png","url":"https:\/\/buenosdiasbcs.com\/wp-content\/uploads\/2026\/01\/cropped-sol-96x96.png","contentUrl":"https:\/\/buenosdiasbcs.com\/wp-content\/uploads\/2026\/01\/cropped-sol-96x96.png","caption":"Edici\u00f3n Buenos D\u00edas"},"url":"https:\/\/buenosdiasbcs.com\/?author=2"}]}},"amp_enabled":true,"_links":{"self":[{"href":"https:\/\/buenosdiasbcs.com\/index.php?rest_route=\/wp\/v2\/posts\/8392","targetHints":{"allow":["GET"]}}],"collection":[{"href":"https:\/\/buenosdiasbcs.com\/index.php?rest_route=\/wp\/v2\/posts"}],"about":[{"href":"https:\/\/buenosdiasbcs.com\/index.php?rest_route=\/wp\/v2\/types\/post"}],"author":[{"embeddable":true,"href":"https:\/\/buenosdiasbcs.com\/index.php?rest_route=\/wp\/v2\/users\/2"}],"replies":[{"embeddable":true,"href":"https:\/\/buenosdiasbcs.com\/index.php?rest_route=%2Fwp%2Fv2%2Fcomments&post=8392"}],"version-history":[{"count":1,"href":"https:\/\/buenosdiasbcs.com\/index.php?rest_route=\/wp\/v2\/posts\/8392\/revisions"}],"predecessor-version":[{"id":8394,"href":"https:\/\/buenosdiasbcs.com\/index.php?rest_route=\/wp\/v2\/posts\/8392\/revisions\/8394"}],"wp:featuredmedia":[{"embeddable":true,"href":"https:\/\/buenosdiasbcs.com\/index.php?rest_route=\/wp\/v2\/media\/8393"}],"wp:attachment":[{"href":"https:\/\/buenosdiasbcs.com\/index.php?rest_route=%2Fwp%2Fv2%2Fmedia&parent=8392"}],"wp:term":[{"taxonomy":"category","embeddable":true,"href":"https:\/\/buenosdiasbcs.com\/index.php?rest_route=%2Fwp%2Fv2%2Fcategories&post=8392"},{"taxonomy":"post_tag","embeddable":true,"href":"https:\/\/buenosdiasbcs.com\/index.php?rest_route=%2Fwp%2Fv2%2Ftags&post=8392"}],"curies":[{"name":"wp","href":"https:\/\/api.w.org\/{rel}","templated":true}]}}