{"id":8382,"date":"2026-04-30T00:15:00","date_gmt":"2026-04-30T07:15:00","guid":{"rendered":"https:\/\/buenosdiasbcs.com\/?p=8382"},"modified":"2026-04-29T18:16:59","modified_gmt":"2026-04-30T01:16:59","slug":"mundial-2026-seleccion-mexicana-revela-convocatoria-de-la-liga-mx","status":"publish","type":"post","link":"https:\/\/buenosdiasbcs.com\/?p=8382","title":{"rendered":"Mundial 2026: Selecci\u00f3n Mexicana revela convocatoria de la Liga MX"},"content":{"rendered":"\n<p>La Federaci\u00f3n Mexicana de Futbol revel\u00f3 la lista oficial de jugadores que formar\u00e1n parte del primer llamado de la Selecci\u00f3n rumbo al Mundial 2026.<\/p>\n\n\n\n<p>La espera termin\u00f3. La Federaci\u00f3n Mexicana de Futbol revel\u00f3 la lista oficial de jugadores de la&nbsp;<strong>Liga MX&nbsp;<\/strong>que formar\u00e1n parte del primer llamado de la Selecci\u00f3n Mexicana de Futbol rumbo a la Copa Mundial de la FIFA 2026.<\/p>\n\n\n\n<p>Aunque el anuncio estaba previsto para el lunes 27 de abril, fue hasta la ma\u00f1ana de este martes cuando el t\u00e9cnico Javier Aguirre hizo p\u00fablica la lista. Los elegidos participar\u00e1n en al menos dos de los tres partidos de preparaci\u00f3n, como parte del proceso previo a la justa mundialista.<\/p>\n\n\n\n<h2 class=\"wp-block-heading\" id=\"h-convocados-de-la-liga-mx\">Convocados de la Liga MX<\/h2>\n\n\n\n<p>Entre los nombres m\u00e1s destacados aparecen futbolistas consolidados en el torneo local, as\u00ed como j\u00f3venes que han tenido un rendimiento constante en el Clausura 2026.<\/p>\n\n\n\n<p><strong>Porteros<\/strong><\/p>\n\n\n\n<ul class=\"wp-block-list\">\n<li>Ra\u00fal Rangel (Chivas)<\/li>\n\n\n\n<li>Carlos Acevedo (Santos Laguna)<\/li>\n\n\n\n<li>\u00d3scar Garc\u00eda* (Le\u00f3n)<\/li>\n<\/ul>\n\n\n\n<p><strong>Defensas<\/strong><\/p>\n\n\n\n<ul class=\"wp-block-list\">\n<li>Luis Rey* (Puebla)<\/li>\n\n\n\n<li>Israel Reyes (Am\u00e9rica)<\/li>\n\n\n\n<li>Eduardo \u00c1guila* (San Luis)<\/li>\n\n\n\n<li>Jes\u00fas G\u00f3mez* (Tijuana)<\/li>\n\n\n\n<li>Denzell Garc\u00eda* (FC Ju\u00e1rez)<\/li>\n\n\n\n<li>Jes\u00fas Gallardo (Toluca)<\/li>\n<\/ul>\n\n\n\n<p><strong>Mediocampistas<\/strong><\/p>\n\n\n\n<ul class=\"wp-block-list\">\n<li>Luis Romo (Chivas)<\/li>\n\n\n\n<li>Erik Lira (Cruz Azul)<\/li>\n\n\n\n<li>Brian Guti\u00e9rrez (Chivas)<\/li>\n\n\n\n<li>Iker Fimbres* (Rayados)<\/li>\n\n\n\n<li>Gilberto Mora (Tijuana)<\/li>\n\n\n\n<li>Jairo Torres* (FC Ju\u00e1rez)<\/li>\n\n\n\n<li>Roberto Alvarado (Chivas)<\/li>\n<\/ul>\n\n\n\n<p>Delanteros<\/p>\n\n\n\n<ul class=\"wp-block-list\">\n<li>Kevin Casta\u00f1eda* (Tijuana)<\/li>\n\n\n\n<li>Alexis Vega (Toluca)<\/li>\n\n\n\n<li>Guillermo Mart\u00ednez (Pumas)<\/li>\n\n\n\n<li>Armando Gonz\u00e1lez \u2018La Hormiga\u2019 (Chivas)<\/li>\n<\/ul>\n\n\n\n<p>Los jugadores con asterisco (*) fungir\u00e1n como sparrings, es decir, apoyar\u00e1n en entrenamientos y el proceso de preparaci\u00f3n, pero no forman parte inicial de la lista definitiva.<\/p>\n\n\n\n<p>https:\/\/platform.twitter.com\/embed\/Tweet.html?creatorScreenName=SIPSE&#038;dnt=false&#038;embedId=twitter-widget-3&#038;features=eyJ0ZndfdGltZWxpbmVfbGlzdCI6eyJidWNrZXQiOltdLCJ2ZXJzaW9uIjpudWxsfSwidGZ3X2ZvbGxvd2VyX2NvdW50X3N1bnNldCI6eyJidWNrZXQiOnRydWUsInZlcnNpb24iOm51bGx9LCJ0ZndfdHdlZXRfZWRpdF9iYWNrZW5kIjp7ImJ1Y2tldCI6Im9uIiwidmVyc2lvbiI6bnVsbH0sInRmd19yZWZzcmNfc2Vzc2lvbiI6eyJidWNrZXQiOiJvbiIsInZlcnNpb24iOm51bGx9LCJ0ZndfZm9zbnJfc29mdF9pbnRlcnZlbnRpb25zX2VuYWJsZWQiOnsiYnVja2V0Ijoib24iLCJ2ZXJzaW9uIjpudWxsfSwidGZ3X21peGVkX21lZGlhXzE1ODk3Ijp7ImJ1Y2tldCI6InRyZWF0bWVudCIsInZlcnNpb24iOm51bGx9LCJ0ZndfZXhwZXJpbWVudHNfY29va2llX2V4cGlyYXRpb24iOnsiYnVja2V0IjoxMjA5NjAwLCJ2ZXJzaW9uIjpudWxsfSwidGZ3X3Nob3dfYmlyZHdhdGNoX3Bpdm90c19lbmFibGVkIjp7ImJ1Y2tldCI6Im9uIiwidmVyc2lvbiI6bnVsbH0sInRmd19kdXBsaWNhdGVfc2NyaWJlc190b19zZXR0aW5ncyI6eyJidWNrZXQiOiJvbiIsInZlcnNpb24iOm51bGx9LCJ0ZndfdXNlX3Byb2ZpbGVfaW1hZ2Vfc2hhcGVfZW5hYmxlZCI6eyJidWNrZXQiOiJvbiIsInZlcnNpb24iOm51bGx9LCJ0ZndfdmlkZW9faGxzX2R5bmFtaWNfbWFuaWZlc3RzXzE1MDgyIjp7ImJ1Y2tldCI6InRydWVfYml0cmF0ZSIsInZlcnNpb24iOm51bGx9LCJ0ZndfbGVnYWN5X3RpbWVsaW5lX3N1bnNldCI6eyJidWNrZXQiOnRydWUsInZlcnNpb24iOm51bGx9LCJ0ZndfdHdlZXRfZWRpdF9mcm9udGVuZCI6eyJidWNrZXQiOiJvbiIsInZlcnNpb24iOm51bGx9fQ%3D%3D&#038;frame=false&#038;hideCard=false&#038;hideThread=false&#038;id=2049126673245757530&#038;lang=es&#038;origin=https%3A%2F%2Fsipse.com%2F&#038;sessionId=90ace9c4600d039c3b9032cba4922cdb0a9cb96d&#038;siteScreenName=SIPSE&#038;theme=light&#038;widgetsVersion=2615f7e52b7e0%3A1702314776716&#038;width=550px<\/p>\n\n\n\n<h2 class=\"wp-block-heading\" id=\"h-base-local-y-proyecto-a-largo-plazo\">Base local y proyecto a largo plazo<\/h2>\n\n\n\n<p>La convocatoria est\u00e1 integrada principalmente por futbolistas de clubes que no avanzaron a la fase final, lo que permiti\u00f3 su disponibilidad inmediata. Esta decisi\u00f3n responde a un proyecto de preparaci\u00f3n a largo plazo, en el que el cuerpo t\u00e9cnico busca consolidar una base s\u00f3lida desde el f\u00fatbol local.<\/p>\n\n\n\n<p>El equipo iniciar\u00e1 la concentraci\u00f3n el 6 de mayo, en un campamento que se extender\u00e1 por m\u00e1s de cinco semanas. Durante este periodo, se trabajar\u00e1 principalmente con jugadores de la Liga MX, de los cuales 12 ser\u00e1n considerados como base para la lista final del Mundial.<\/p>\n\n\n\n<p>Cabe destacar que en esta primera convocatoria no aparecen jugadores que militan en Europa. Su incorporaci\u00f3n est\u00e1 prevista directamente en la lista definitiva que se entregar\u00e1 a la FIFA el 1 de junio, como parte de las reglas del torneo.<\/p>\n\n\n\n<p>Con informaci\u00f3n de El Financiero<\/p>\n","protected":false},"excerpt":{"rendered":"<p>La Federaci\u00f3n Mexicana de Futbol revel\u00f3 la lista oficial de jugadores que formar\u00e1n parte del primer llamado de la Selecci\u00f3n&#8230;<\/p>\n","protected":false},"author":2,"featured_media":8383,"comment_status":"open","ping_status":"open","sticky":false,"template":"","format":"standard","meta":{"footnotes":""},"categories":[34],"tags":[],"class_list":["post-8382","post","type-post","status-publish","format-standard","has-post-thumbnail","hentry","category-deportes"],"yoast_head":"<!-- This site is optimized with the Yoast SEO Premium plugin v26.8 (Yoast SEO v27.5) - https:\/\/yoast.com\/product\/yoast-seo-premium-wordpress\/ -->\n<title>Mundial 2026: Selecci\u00f3n Mexicana revela convocatoria de la Liga MX - Buenos D&iacute;as BCS<\/title>\n<meta name=\"robots\" content=\"index, follow, max-snippet:-1, max-image-preview:large, max-video-preview:-1\" \/>\n<link rel=\"canonical\" href=\"https:\/\/buenosdiasbcs.com\/?p=8382\" \/>\n<meta property=\"og:locale\" content=\"es_ES\" \/>\n<meta property=\"og:type\" content=\"article\" \/>\n<meta property=\"og:title\" content=\"Mundial 2026: Selecci\u00f3n Mexicana revela convocatoria de la Liga MX\" \/>\n<meta property=\"og:description\" content=\"La Federaci\u00f3n Mexicana de Futbol revel\u00f3 la lista oficial de jugadores que formar\u00e1n parte del primer llamado de la Selecci\u00f3n...\" \/>\n<meta property=\"og:url\" content=\"https:\/\/buenosdiasbcs.com\/?p=8382\" \/>\n<meta property=\"og:site_name\" content=\"Buenos D&iacute;as BCS\" \/>\n<meta property=\"article:published_time\" content=\"2026-04-30T07:15:00+00:00\" \/>\n<meta property=\"og:image\" content=\"https:\/\/buenosdiasbcs.com\/wp-content\/uploads\/2026\/04\/convocados-Mexico-Mundial-2026-Chivas-Seleccion-Mexicana-Memote-Martinez-Mundial.webp\" \/>\n\t<meta property=\"og:image:width\" content=\"1480\" \/>\n\t<meta property=\"og:image:height\" content=\"833\" \/>\n\t<meta property=\"og:image:type\" content=\"image\/webp\" \/>\n<meta name=\"author\" content=\"Edici\u00f3n Buenos D\u00edas\" \/>\n<meta name=\"twitter:card\" content=\"summary_large_image\" \/>\n<meta name=\"twitter:label1\" content=\"Escrito por\" \/>\n\t<meta name=\"twitter:data1\" content=\"Edici\u00f3n Buenos D\u00edas\" \/>\n\t<meta name=\"twitter:label2\" content=\"Tiempo de lectura\" \/>\n\t<meta name=\"twitter:data2\" content=\"2 minutos\" \/>\n<script type=\"application\/ld+json\" class=\"yoast-schema-graph\">{\"@context\":\"https:\\\/\\\/schema.org\",\"@graph\":[{\"@type\":\"Article\",\"@id\":\"https:\\\/\\\/buenosdiasbcs.com\\\/?p=8382#article\",\"isPartOf\":{\"@id\":\"https:\\\/\\\/buenosdiasbcs.com\\\/?p=8382\"},\"author\":{\"name\":\"Edici\u00f3n Buenos D\u00edas\",\"@id\":\"https:\\\/\\\/buenosdiasbcs.com\\\/#\\\/schema\\\/person\\\/15aedc247eab7070ee5d76d6d069a821\"},\"headline\":\"Mundial 2026: Selecci\u00f3n Mexicana revela convocatoria de la Liga MX\",\"datePublished\":\"2026-04-30T07:15:00+00:00\",\"mainEntityOfPage\":{\"@id\":\"https:\\\/\\\/buenosdiasbcs.com\\\/?p=8382\"},\"wordCount\":635,\"commentCount\":0,\"publisher\":{\"@id\":\"https:\\\/\\\/buenosdiasbcs.com\\\/#organization\"},\"image\":{\"@id\":\"https:\\\/\\\/buenosdiasbcs.com\\\/?p=8382#primaryimage\"},\"thumbnailUrl\":\"https:\\\/\\\/buenosdiasbcs.com\\\/wp-content\\\/uploads\\\/2026\\\/04\\\/convocados-Mexico-Mundial-2026-Chivas-Seleccion-Mexicana-Memote-Martinez-Mundial.webp\",\"articleSection\":[\"Deportes\"],\"inLanguage\":\"es\",\"potentialAction\":[{\"@type\":\"CommentAction\",\"name\":\"Comment\",\"target\":[\"https:\\\/\\\/buenosdiasbcs.com\\\/?p=8382#respond\"]}]},{\"@type\":\"WebPage\",\"@id\":\"https:\\\/\\\/buenosdiasbcs.com\\\/?p=8382\",\"url\":\"https:\\\/\\\/buenosdiasbcs.com\\\/?p=8382\",\"name\":\"Mundial 2026: Selecci\u00f3n Mexicana revela convocatoria de la Liga MX - Buenos D&iacute;as BCS\",\"isPartOf\":{\"@id\":\"https:\\\/\\\/buenosdiasbcs.com\\\/#website\"},\"primaryImageOfPage\":{\"@id\":\"https:\\\/\\\/buenosdiasbcs.com\\\/?p=8382#primaryimage\"},\"image\":{\"@id\":\"https:\\\/\\\/buenosdiasbcs.com\\\/?p=8382#primaryimage\"},\"thumbnailUrl\":\"https:\\\/\\\/buenosdiasbcs.com\\\/wp-content\\\/uploads\\\/2026\\\/04\\\/convocados-Mexico-Mundial-2026-Chivas-Seleccion-Mexicana-Memote-Martinez-Mundial.webp\",\"datePublished\":\"2026-04-30T07:15:00+00:00\",\"breadcrumb\":{\"@id\":\"https:\\\/\\\/buenosdiasbcs.com\\\/?p=8382#breadcrumb\"},\"inLanguage\":\"es\",\"potentialAction\":[{\"@type\":\"ReadAction\",\"target\":[\"https:\\\/\\\/buenosdiasbcs.com\\\/?p=8382\"]}]},{\"@type\":\"ImageObject\",\"inLanguage\":\"es\",\"@id\":\"https:\\\/\\\/buenosdiasbcs.com\\\/?p=8382#primaryimage\",\"url\":\"https:\\\/\\\/buenosdiasbcs.com\\\/wp-content\\\/uploads\\\/2026\\\/04\\\/convocados-Mexico-Mundial-2026-Chivas-Seleccion-Mexicana-Memote-Martinez-Mundial.webp\",\"contentUrl\":\"https:\\\/\\\/buenosdiasbcs.com\\\/wp-content\\\/uploads\\\/2026\\\/04\\\/convocados-Mexico-Mundial-2026-Chivas-Seleccion-Mexicana-Memote-Martinez-Mundial.webp\",\"width\":1480,\"height\":833},{\"@type\":\"BreadcrumbList\",\"@id\":\"https:\\\/\\\/buenosdiasbcs.com\\\/?p=8382#breadcrumb\",\"itemListElement\":[{\"@type\":\"ListItem\",\"position\":1,\"name\":\"Portada\",\"item\":\"https:\\\/\\\/buenosdiasbcs.com\\\/\"},{\"@type\":\"ListItem\",\"position\":2,\"name\":\"Mundial 2026: Selecci\u00f3n Mexicana revela convocatoria de la Liga MX\"}]},{\"@type\":\"WebSite\",\"@id\":\"https:\\\/\\\/buenosdiasbcs.com\\\/#website\",\"url\":\"https:\\\/\\\/buenosdiasbcs.com\\\/\",\"name\":\"Buenos D\u00edas BCS\",\"description\":\"\",\"publisher\":{\"@id\":\"https:\\\/\\\/buenosdiasbcs.com\\\/#organization\"},\"potentialAction\":[{\"@type\":\"SearchAction\",\"target\":{\"@type\":\"EntryPoint\",\"urlTemplate\":\"https:\\\/\\\/buenosdiasbcs.com\\\/?s={search_term_string}\"},\"query-input\":{\"@type\":\"PropertyValueSpecification\",\"valueRequired\":true,\"valueName\":\"search_term_string\"}}],\"inLanguage\":\"es\"},{\"@type\":\"Organization\",\"@id\":\"https:\\\/\\\/buenosdiasbcs.com\\\/#organization\",\"name\":\"Buenos D\u00edas BCS\",\"url\":\"https:\\\/\\\/buenosdiasbcs.com\\\/\",\"logo\":{\"@type\":\"ImageObject\",\"inLanguage\":\"es\",\"@id\":\"https:\\\/\\\/buenosdiasbcs.com\\\/#\\\/schema\\\/logo\\\/image\\\/\",\"url\":\"https:\\\/\\\/buenosdiasbcs.com\\\/wp-content\\\/uploads\\\/2026\\\/01\\\/logo-buenos-dias-40-01.png\",\"contentUrl\":\"https:\\\/\\\/buenosdiasbcs.com\\\/wp-content\\\/uploads\\\/2026\\\/01\\\/logo-buenos-dias-40-01.png\",\"width\":277,\"height\":40,\"caption\":\"Buenos D\u00edas BCS\"},\"image\":{\"@id\":\"https:\\\/\\\/buenosdiasbcs.com\\\/#\\\/schema\\\/logo\\\/image\\\/\"}},{\"@type\":\"Person\",\"@id\":\"https:\\\/\\\/buenosdiasbcs.com\\\/#\\\/schema\\\/person\\\/15aedc247eab7070ee5d76d6d069a821\",\"name\":\"Edici\u00f3n Buenos D\u00edas\",\"image\":{\"@type\":\"ImageObject\",\"inLanguage\":\"es\",\"@id\":\"https:\\\/\\\/buenosdiasbcs.com\\\/wp-content\\\/uploads\\\/2026\\\/01\\\/cropped-sol-96x96.png\",\"url\":\"https:\\\/\\\/buenosdiasbcs.com\\\/wp-content\\\/uploads\\\/2026\\\/01\\\/cropped-sol-96x96.png\",\"contentUrl\":\"https:\\\/\\\/buenosdiasbcs.com\\\/wp-content\\\/uploads\\\/2026\\\/01\\\/cropped-sol-96x96.png\",\"caption\":\"Edici\u00f3n Buenos D\u00edas\"},\"url\":\"https:\\\/\\\/buenosdiasbcs.com\\\/?author=2\"}]}<\/script>\n<!-- \/ Yoast SEO Premium plugin. -->","yoast_head_json":{"title":"Mundial 2026: Selecci\u00f3n Mexicana revela convocatoria de la Liga MX - Buenos D&iacute;as BCS","robots":{"index":"index","follow":"follow","max-snippet":"max-snippet:-1","max-image-preview":"max-image-preview:large","max-video-preview":"max-video-preview:-1"},"canonical":"https:\/\/buenosdiasbcs.com\/?p=8382","og_locale":"es_ES","og_type":"article","og_title":"Mundial 2026: Selecci\u00f3n Mexicana revela convocatoria de la Liga MX","og_description":"La Federaci\u00f3n Mexicana de Futbol revel\u00f3 la lista oficial de jugadores que formar\u00e1n parte del primer llamado de la Selecci\u00f3n...","og_url":"https:\/\/buenosdiasbcs.com\/?p=8382","og_site_name":"Buenos D&iacute;as BCS","article_published_time":"2026-04-30T07:15:00+00:00","og_image":[{"width":1480,"height":833,"url":"https:\/\/buenosdiasbcs.com\/wp-content\/uploads\/2026\/04\/convocados-Mexico-Mundial-2026-Chivas-Seleccion-Mexicana-Memote-Martinez-Mundial.webp","type":"image\/webp"}],"author":"Edici\u00f3n Buenos D\u00edas","twitter_card":"summary_large_image","twitter_misc":{"Escrito por":"Edici\u00f3n Buenos D\u00edas","Tiempo de lectura":"2 minutos"},"schema":{"@context":"https:\/\/schema.org","@graph":[{"@type":"Article","@id":"https:\/\/buenosdiasbcs.com\/?p=8382#article","isPartOf":{"@id":"https:\/\/buenosdiasbcs.com\/?p=8382"},"author":{"name":"Edici\u00f3n Buenos D\u00edas","@id":"https:\/\/buenosdiasbcs.com\/#\/schema\/person\/15aedc247eab7070ee5d76d6d069a821"},"headline":"Mundial 2026: Selecci\u00f3n Mexicana revela convocatoria de la Liga MX","datePublished":"2026-04-30T07:15:00+00:00","mainEntityOfPage":{"@id":"https:\/\/buenosdiasbcs.com\/?p=8382"},"wordCount":635,"commentCount":0,"publisher":{"@id":"https:\/\/buenosdiasbcs.com\/#organization"},"image":{"@id":"https:\/\/buenosdiasbcs.com\/?p=8382#primaryimage"},"thumbnailUrl":"https:\/\/buenosdiasbcs.com\/wp-content\/uploads\/2026\/04\/convocados-Mexico-Mundial-2026-Chivas-Seleccion-Mexicana-Memote-Martinez-Mundial.webp","articleSection":["Deportes"],"inLanguage":"es","potentialAction":[{"@type":"CommentAction","name":"Comment","target":["https:\/\/buenosdiasbcs.com\/?p=8382#respond"]}]},{"@type":"WebPage","@id":"https:\/\/buenosdiasbcs.com\/?p=8382","url":"https:\/\/buenosdiasbcs.com\/?p=8382","name":"Mundial 2026: Selecci\u00f3n Mexicana revela convocatoria de la Liga MX - Buenos D&iacute;as BCS","isPartOf":{"@id":"https:\/\/buenosdiasbcs.com\/#website"},"primaryImageOfPage":{"@id":"https:\/\/buenosdiasbcs.com\/?p=8382#primaryimage"},"image":{"@id":"https:\/\/buenosdiasbcs.com\/?p=8382#primaryimage"},"thumbnailUrl":"https:\/\/buenosdiasbcs.com\/wp-content\/uploads\/2026\/04\/convocados-Mexico-Mundial-2026-Chivas-Seleccion-Mexicana-Memote-Martinez-Mundial.webp","datePublished":"2026-04-30T07:15:00+00:00","breadcrumb":{"@id":"https:\/\/buenosdiasbcs.com\/?p=8382#breadcrumb"},"inLanguage":"es","potentialAction":[{"@type":"ReadAction","target":["https:\/\/buenosdiasbcs.com\/?p=8382"]}]},{"@type":"ImageObject","inLanguage":"es","@id":"https:\/\/buenosdiasbcs.com\/?p=8382#primaryimage","url":"https:\/\/buenosdiasbcs.com\/wp-content\/uploads\/2026\/04\/convocados-Mexico-Mundial-2026-Chivas-Seleccion-Mexicana-Memote-Martinez-Mundial.webp","contentUrl":"https:\/\/buenosdiasbcs.com\/wp-content\/uploads\/2026\/04\/convocados-Mexico-Mundial-2026-Chivas-Seleccion-Mexicana-Memote-Martinez-Mundial.webp","width":1480,"height":833},{"@type":"BreadcrumbList","@id":"https:\/\/buenosdiasbcs.com\/?p=8382#breadcrumb","itemListElement":[{"@type":"ListItem","position":1,"name":"Portada","item":"https:\/\/buenosdiasbcs.com\/"},{"@type":"ListItem","position":2,"name":"Mundial 2026: Selecci\u00f3n Mexicana revela convocatoria de la Liga MX"}]},{"@type":"WebSite","@id":"https:\/\/buenosdiasbcs.com\/#website","url":"https:\/\/buenosdiasbcs.com\/","name":"Buenos D\u00edas BCS","description":"","publisher":{"@id":"https:\/\/buenosdiasbcs.com\/#organization"},"potentialAction":[{"@type":"SearchAction","target":{"@type":"EntryPoint","urlTemplate":"https:\/\/buenosdiasbcs.com\/?s={search_term_string}"},"query-input":{"@type":"PropertyValueSpecification","valueRequired":true,"valueName":"search_term_string"}}],"inLanguage":"es"},{"@type":"Organization","@id":"https:\/\/buenosdiasbcs.com\/#organization","name":"Buenos D\u00edas BCS","url":"https:\/\/buenosdiasbcs.com\/","logo":{"@type":"ImageObject","inLanguage":"es","@id":"https:\/\/buenosdiasbcs.com\/#\/schema\/logo\/image\/","url":"https:\/\/buenosdiasbcs.com\/wp-content\/uploads\/2026\/01\/logo-buenos-dias-40-01.png","contentUrl":"https:\/\/buenosdiasbcs.com\/wp-content\/uploads\/2026\/01\/logo-buenos-dias-40-01.png","width":277,"height":40,"caption":"Buenos D\u00edas BCS"},"image":{"@id":"https:\/\/buenosdiasbcs.com\/#\/schema\/logo\/image\/"}},{"@type":"Person","@id":"https:\/\/buenosdiasbcs.com\/#\/schema\/person\/15aedc247eab7070ee5d76d6d069a821","name":"Edici\u00f3n Buenos D\u00edas","image":{"@type":"ImageObject","inLanguage":"es","@id":"https:\/\/buenosdiasbcs.com\/wp-content\/uploads\/2026\/01\/cropped-sol-96x96.png","url":"https:\/\/buenosdiasbcs.com\/wp-content\/uploads\/2026\/01\/cropped-sol-96x96.png","contentUrl":"https:\/\/buenosdiasbcs.com\/wp-content\/uploads\/2026\/01\/cropped-sol-96x96.png","caption":"Edici\u00f3n Buenos D\u00edas"},"url":"https:\/\/buenosdiasbcs.com\/?author=2"}]}},"amp_enabled":true,"_links":{"self":[{"href":"https:\/\/buenosdiasbcs.com\/index.php?rest_route=\/wp\/v2\/posts\/8382","targetHints":{"allow":["GET"]}}],"collection":[{"href":"https:\/\/buenosdiasbcs.com\/index.php?rest_route=\/wp\/v2\/posts"}],"about":[{"href":"https:\/\/buenosdiasbcs.com\/index.php?rest_route=\/wp\/v2\/types\/post"}],"author":[{"embeddable":true,"href":"https:\/\/buenosdiasbcs.com\/index.php?rest_route=\/wp\/v2\/users\/2"}],"replies":[{"embeddable":true,"href":"https:\/\/buenosdiasbcs.com\/index.php?rest_route=%2Fwp%2Fv2%2Fcomments&post=8382"}],"version-history":[{"count":1,"href":"https:\/\/buenosdiasbcs.com\/index.php?rest_route=\/wp\/v2\/posts\/8382\/revisions"}],"predecessor-version":[{"id":8384,"href":"https:\/\/buenosdiasbcs.com\/index.php?rest_route=\/wp\/v2\/posts\/8382\/revisions\/8384"}],"wp:featuredmedia":[{"embeddable":true,"href":"https:\/\/buenosdiasbcs.com\/index.php?rest_route=\/wp\/v2\/media\/8383"}],"wp:attachment":[{"href":"https:\/\/buenosdiasbcs.com\/index.php?rest_route=%2Fwp%2Fv2%2Fmedia&parent=8382"}],"wp:term":[{"taxonomy":"category","embeddable":true,"href":"https:\/\/buenosdiasbcs.com\/index.php?rest_route=%2Fwp%2Fv2%2Fcategories&post=8382"},{"taxonomy":"post_tag","embeddable":true,"href":"https:\/\/buenosdiasbcs.com\/index.php?rest_route=%2Fwp%2Fv2%2Ftags&post=8382"}],"curies":[{"name":"wp","href":"https:\/\/api.w.org\/{rel}","templated":true}]}}