{"id":8376,"date":"2026-04-30T00:07:00","date_gmt":"2026-04-30T07:07:00","guid":{"rendered":"https:\/\/buenosdiasbcs.com\/?p=8376"},"modified":"2026-04-29T18:09:21","modified_gmt":"2026-04-30T01:09:21","slug":"fallece-nino-de-4-anos-tras-ahogarse-en-un-represo-de-la-delegacion-de-todos-santos","status":"publish","type":"post","link":"https:\/\/buenosdiasbcs.com\/?p=8376","title":{"rendered":"Fallece ni\u00f1o de 4 a\u00f1os tras ahogarse en un represo de la delegaci\u00f3n de Todos Santos"},"content":{"rendered":"\n<p><strong><em>La Paz, Baja California Sur (BCS).&nbsp;<\/em><\/strong>La tarde de este mi\u00e9rcoles se registr\u00f3 un hecho&nbsp;<strong>tr\u00e1gico en la delegaci\u00f3n de Todos Santos, en el municipio de La Paz, Baja California Sur, donde un ni\u00f1o de&nbsp;4&nbsp;a\u00f1os perdi\u00f3 la vida<\/strong>&nbsp;tras un incidente relacionado con un cuerpo de agua. El fallecimiento ocurri\u00f3 en un represo de la zona y fue confirmado por autoridades que acudieron al sitio luego de un reporte de emergencia.&nbsp;<\/p>\n\n\n\n<p>De acuerdo con los primeros datos oficiales, el aviso se recibi\u00f3 a las 12:27 horas,<strong>&nbsp;un c\u00f3digo utilizado por los cuerpos de seguridad para indicar que se trataba de una persona sin signos vitales.&nbsp;<\/strong>Elementos del sector Delta Donato se movilizaron de inmediato al lugar se\u00f1alado, donde verificaron la situaci\u00f3n y solicitaron el apoyo de otras corporaciones.&nbsp;<\/p>\n\n\n\n<p>En el represo fue localizado el menor F\u00e9lix Ubaldo, de cuatro&nbsp;a\u00f1os de edad&nbsp;y originario de la comunidad de La Laguna.&nbsp;<strong>El ni\u00f1o habr\u00eda ingresado o ca\u00eddo accidentalmente al cuerpo de agua, sin que se lograra rescatarlo con vida.<\/strong>&nbsp;Al momento de ser encontrado, ya no presentaba signos vitales, por lo que se confirm\u00f3 su fallecimiento en el sitio.&nbsp;<\/p>\n\n\n\n<p>Tras el hallazgo, personal de seguridad y de servicios de emergencia procedi\u00f3 a&nbsp;<strong>acordonar el \u00e1rea para asegurar la escena y permitir el desarrollo de las diligencias correspondientes<\/strong>.&nbsp;Estas acciones forman parte del protocolo para este tipo de casos, con el objetivo de recabar informaci\u00f3n que ayude a esclarecer lo sucedido.&nbsp;<\/p>\n\n\n\n<p>Hasta ahora, las autoridades no han dado a conocer detalles precisos sobre c\u00f3mo ocurrieron los hechos,<strong>&nbsp;por lo que se mantiene abierta la investigaci\u00f3n. Este suceso ha generado un llamado a la reflexi\u00f3n sobre la necesidad de reforzar las medidas de prevenci\u00f3n en zonas con represas<\/strong>, arroyos o estanques, especialmente cuando hay presencia de ni\u00f1as y ni\u00f1os, para evitar accidentes similares.&nbsp;<\/p>\n","protected":false},"excerpt":{"rendered":"<p>La Paz, Baja California Sur (BCS).&nbsp;La tarde de este mi\u00e9rcoles se registr\u00f3 un hecho&nbsp;tr\u00e1gico en la delegaci\u00f3n de Todos Santos,&#8230;<\/p>\n","protected":false},"author":2,"featured_media":8377,"comment_status":"open","ping_status":"open","sticky":false,"template":"","format":"standard","meta":{"footnotes":""},"categories":[237],"tags":[],"class_list":["post-8376","post","type-post","status-publish","format-standard","has-post-thumbnail","hentry","category-seguridad"],"yoast_head":"<!-- This site is optimized with the Yoast SEO Premium plugin v26.8 (Yoast SEO v27.5) - https:\/\/yoast.com\/product\/yoast-seo-premium-wordpress\/ -->\n<title>Fallece ni\u00f1o de 4 a\u00f1os tras ahogarse en un represo de la delegaci\u00f3n de Todos Santos - Buenos D&iacute;as BCS<\/title>\n<meta name=\"robots\" content=\"index, follow, max-snippet:-1, max-image-preview:large, max-video-preview:-1\" \/>\n<link rel=\"canonical\" href=\"https:\/\/buenosdiasbcs.com\/?p=8376\" \/>\n<meta property=\"og:locale\" content=\"es_ES\" \/>\n<meta property=\"og:type\" content=\"article\" \/>\n<meta property=\"og:title\" content=\"Fallece ni\u00f1o de 4 a\u00f1os tras ahogarse en un represo de la delegaci\u00f3n de Todos Santos\" \/>\n<meta property=\"og:description\" content=\"La Paz, Baja California Sur (BCS).&nbsp;La tarde de este mi\u00e9rcoles se registr\u00f3 un hecho&nbsp;tr\u00e1gico en la delegaci\u00f3n de Todos Santos,...\" \/>\n<meta property=\"og:url\" content=\"https:\/\/buenosdiasbcs.com\/?p=8376\" \/>\n<meta property=\"og:site_name\" content=\"Buenos D&iacute;as BCS\" \/>\n<meta property=\"article:published_time\" content=\"2026-04-30T07:07:00+00:00\" \/>\n<meta property=\"og:image\" content=\"https:\/\/buenosdiasbcs.com\/wp-content\/uploads\/2026\/04\/cae-menor-ahogado-tonala.webp\" \/>\n\t<meta property=\"og:image:width\" content=\"1920\" \/>\n\t<meta property=\"og:image:height\" content=\"1080\" \/>\n\t<meta property=\"og:image:type\" content=\"image\/webp\" \/>\n<meta name=\"author\" content=\"Edici\u00f3n Buenos D\u00edas\" \/>\n<meta name=\"twitter:card\" content=\"summary_large_image\" \/>\n<meta name=\"twitter:label1\" content=\"Escrito por\" \/>\n\t<meta name=\"twitter:data1\" content=\"Edici\u00f3n Buenos D\u00edas\" \/>\n\t<meta name=\"twitter:label2\" content=\"Tiempo de lectura\" \/>\n\t<meta name=\"twitter:data2\" content=\"2 minutos\" \/>\n<script type=\"application\/ld+json\" class=\"yoast-schema-graph\">{\"@context\":\"https:\\\/\\\/schema.org\",\"@graph\":[{\"@type\":\"Article\",\"@id\":\"https:\\\/\\\/buenosdiasbcs.com\\\/?p=8376#article\",\"isPartOf\":{\"@id\":\"https:\\\/\\\/buenosdiasbcs.com\\\/?p=8376\"},\"author\":{\"name\":\"Edici\u00f3n Buenos D\u00edas\",\"@id\":\"https:\\\/\\\/buenosdiasbcs.com\\\/#\\\/schema\\\/person\\\/15aedc247eab7070ee5d76d6d069a821\"},\"headline\":\"Fallece ni\u00f1o de 4 a\u00f1os tras ahogarse en un represo de la delegaci\u00f3n de Todos Santos\",\"datePublished\":\"2026-04-30T07:07:00+00:00\",\"mainEntityOfPage\":{\"@id\":\"https:\\\/\\\/buenosdiasbcs.com\\\/?p=8376\"},\"wordCount\":357,\"commentCount\":0,\"publisher\":{\"@id\":\"https:\\\/\\\/buenosdiasbcs.com\\\/#organization\"},\"image\":{\"@id\":\"https:\\\/\\\/buenosdiasbcs.com\\\/?p=8376#primaryimage\"},\"thumbnailUrl\":\"https:\\\/\\\/buenosdiasbcs.com\\\/wp-content\\\/uploads\\\/2026\\\/04\\\/cae-menor-ahogado-tonala.webp\",\"articleSection\":[\"Seguridad\"],\"inLanguage\":\"es\",\"potentialAction\":[{\"@type\":\"CommentAction\",\"name\":\"Comment\",\"target\":[\"https:\\\/\\\/buenosdiasbcs.com\\\/?p=8376#respond\"]}]},{\"@type\":\"WebPage\",\"@id\":\"https:\\\/\\\/buenosdiasbcs.com\\\/?p=8376\",\"url\":\"https:\\\/\\\/buenosdiasbcs.com\\\/?p=8376\",\"name\":\"Fallece ni\u00f1o de 4 a\u00f1os tras ahogarse en un represo de la delegaci\u00f3n de Todos Santos - Buenos D&iacute;as BCS\",\"isPartOf\":{\"@id\":\"https:\\\/\\\/buenosdiasbcs.com\\\/#website\"},\"primaryImageOfPage\":{\"@id\":\"https:\\\/\\\/buenosdiasbcs.com\\\/?p=8376#primaryimage\"},\"image\":{\"@id\":\"https:\\\/\\\/buenosdiasbcs.com\\\/?p=8376#primaryimage\"},\"thumbnailUrl\":\"https:\\\/\\\/buenosdiasbcs.com\\\/wp-content\\\/uploads\\\/2026\\\/04\\\/cae-menor-ahogado-tonala.webp\",\"datePublished\":\"2026-04-30T07:07:00+00:00\",\"breadcrumb\":{\"@id\":\"https:\\\/\\\/buenosdiasbcs.com\\\/?p=8376#breadcrumb\"},\"inLanguage\":\"es\",\"potentialAction\":[{\"@type\":\"ReadAction\",\"target\":[\"https:\\\/\\\/buenosdiasbcs.com\\\/?p=8376\"]}]},{\"@type\":\"ImageObject\",\"inLanguage\":\"es\",\"@id\":\"https:\\\/\\\/buenosdiasbcs.com\\\/?p=8376#primaryimage\",\"url\":\"https:\\\/\\\/buenosdiasbcs.com\\\/wp-content\\\/uploads\\\/2026\\\/04\\\/cae-menor-ahogado-tonala.webp\",\"contentUrl\":\"https:\\\/\\\/buenosdiasbcs.com\\\/wp-content\\\/uploads\\\/2026\\\/04\\\/cae-menor-ahogado-tonala.webp\",\"width\":1920,\"height\":1080},{\"@type\":\"BreadcrumbList\",\"@id\":\"https:\\\/\\\/buenosdiasbcs.com\\\/?p=8376#breadcrumb\",\"itemListElement\":[{\"@type\":\"ListItem\",\"position\":1,\"name\":\"Portada\",\"item\":\"https:\\\/\\\/buenosdiasbcs.com\\\/\"},{\"@type\":\"ListItem\",\"position\":2,\"name\":\"Fallece ni\u00f1o de 4 a\u00f1os tras ahogarse en un represo de la delegaci\u00f3n de Todos Santos\"}]},{\"@type\":\"WebSite\",\"@id\":\"https:\\\/\\\/buenosdiasbcs.com\\\/#website\",\"url\":\"https:\\\/\\\/buenosdiasbcs.com\\\/\",\"name\":\"Buenos D\u00edas BCS\",\"description\":\"\",\"publisher\":{\"@id\":\"https:\\\/\\\/buenosdiasbcs.com\\\/#organization\"},\"potentialAction\":[{\"@type\":\"SearchAction\",\"target\":{\"@type\":\"EntryPoint\",\"urlTemplate\":\"https:\\\/\\\/buenosdiasbcs.com\\\/?s={search_term_string}\"},\"query-input\":{\"@type\":\"PropertyValueSpecification\",\"valueRequired\":true,\"valueName\":\"search_term_string\"}}],\"inLanguage\":\"es\"},{\"@type\":\"Organization\",\"@id\":\"https:\\\/\\\/buenosdiasbcs.com\\\/#organization\",\"name\":\"Buenos D\u00edas BCS\",\"url\":\"https:\\\/\\\/buenosdiasbcs.com\\\/\",\"logo\":{\"@type\":\"ImageObject\",\"inLanguage\":\"es\",\"@id\":\"https:\\\/\\\/buenosdiasbcs.com\\\/#\\\/schema\\\/logo\\\/image\\\/\",\"url\":\"https:\\\/\\\/buenosdiasbcs.com\\\/wp-content\\\/uploads\\\/2026\\\/01\\\/logo-buenos-dias-40-01.png\",\"contentUrl\":\"https:\\\/\\\/buenosdiasbcs.com\\\/wp-content\\\/uploads\\\/2026\\\/01\\\/logo-buenos-dias-40-01.png\",\"width\":277,\"height\":40,\"caption\":\"Buenos D\u00edas BCS\"},\"image\":{\"@id\":\"https:\\\/\\\/buenosdiasbcs.com\\\/#\\\/schema\\\/logo\\\/image\\\/\"}},{\"@type\":\"Person\",\"@id\":\"https:\\\/\\\/buenosdiasbcs.com\\\/#\\\/schema\\\/person\\\/15aedc247eab7070ee5d76d6d069a821\",\"name\":\"Edici\u00f3n Buenos D\u00edas\",\"image\":{\"@type\":\"ImageObject\",\"inLanguage\":\"es\",\"@id\":\"https:\\\/\\\/buenosdiasbcs.com\\\/wp-content\\\/uploads\\\/2026\\\/01\\\/cropped-sol-96x96.png\",\"url\":\"https:\\\/\\\/buenosdiasbcs.com\\\/wp-content\\\/uploads\\\/2026\\\/01\\\/cropped-sol-96x96.png\",\"contentUrl\":\"https:\\\/\\\/buenosdiasbcs.com\\\/wp-content\\\/uploads\\\/2026\\\/01\\\/cropped-sol-96x96.png\",\"caption\":\"Edici\u00f3n Buenos D\u00edas\"},\"url\":\"https:\\\/\\\/buenosdiasbcs.com\\\/?author=2\"}]}<\/script>\n<!-- \/ Yoast SEO Premium plugin. -->","yoast_head_json":{"title":"Fallece ni\u00f1o de 4 a\u00f1os tras ahogarse en un represo de la delegaci\u00f3n de Todos Santos - Buenos D&iacute;as BCS","robots":{"index":"index","follow":"follow","max-snippet":"max-snippet:-1","max-image-preview":"max-image-preview:large","max-video-preview":"max-video-preview:-1"},"canonical":"https:\/\/buenosdiasbcs.com\/?p=8376","og_locale":"es_ES","og_type":"article","og_title":"Fallece ni\u00f1o de 4 a\u00f1os tras ahogarse en un represo de la delegaci\u00f3n de Todos Santos","og_description":"La Paz, Baja California Sur (BCS).&nbsp;La tarde de este mi\u00e9rcoles se registr\u00f3 un hecho&nbsp;tr\u00e1gico en la delegaci\u00f3n de Todos Santos,...","og_url":"https:\/\/buenosdiasbcs.com\/?p=8376","og_site_name":"Buenos D&iacute;as BCS","article_published_time":"2026-04-30T07:07:00+00:00","og_image":[{"width":1920,"height":1080,"url":"https:\/\/buenosdiasbcs.com\/wp-content\/uploads\/2026\/04\/cae-menor-ahogado-tonala.webp","type":"image\/webp"}],"author":"Edici\u00f3n Buenos D\u00edas","twitter_card":"summary_large_image","twitter_misc":{"Escrito por":"Edici\u00f3n Buenos D\u00edas","Tiempo de lectura":"2 minutos"},"schema":{"@context":"https:\/\/schema.org","@graph":[{"@type":"Article","@id":"https:\/\/buenosdiasbcs.com\/?p=8376#article","isPartOf":{"@id":"https:\/\/buenosdiasbcs.com\/?p=8376"},"author":{"name":"Edici\u00f3n Buenos D\u00edas","@id":"https:\/\/buenosdiasbcs.com\/#\/schema\/person\/15aedc247eab7070ee5d76d6d069a821"},"headline":"Fallece ni\u00f1o de 4 a\u00f1os tras ahogarse en un represo de la delegaci\u00f3n de Todos Santos","datePublished":"2026-04-30T07:07:00+00:00","mainEntityOfPage":{"@id":"https:\/\/buenosdiasbcs.com\/?p=8376"},"wordCount":357,"commentCount":0,"publisher":{"@id":"https:\/\/buenosdiasbcs.com\/#organization"},"image":{"@id":"https:\/\/buenosdiasbcs.com\/?p=8376#primaryimage"},"thumbnailUrl":"https:\/\/buenosdiasbcs.com\/wp-content\/uploads\/2026\/04\/cae-menor-ahogado-tonala.webp","articleSection":["Seguridad"],"inLanguage":"es","potentialAction":[{"@type":"CommentAction","name":"Comment","target":["https:\/\/buenosdiasbcs.com\/?p=8376#respond"]}]},{"@type":"WebPage","@id":"https:\/\/buenosdiasbcs.com\/?p=8376","url":"https:\/\/buenosdiasbcs.com\/?p=8376","name":"Fallece ni\u00f1o de 4 a\u00f1os tras ahogarse en un represo de la delegaci\u00f3n de Todos Santos - Buenos D&iacute;as BCS","isPartOf":{"@id":"https:\/\/buenosdiasbcs.com\/#website"},"primaryImageOfPage":{"@id":"https:\/\/buenosdiasbcs.com\/?p=8376#primaryimage"},"image":{"@id":"https:\/\/buenosdiasbcs.com\/?p=8376#primaryimage"},"thumbnailUrl":"https:\/\/buenosdiasbcs.com\/wp-content\/uploads\/2026\/04\/cae-menor-ahogado-tonala.webp","datePublished":"2026-04-30T07:07:00+00:00","breadcrumb":{"@id":"https:\/\/buenosdiasbcs.com\/?p=8376#breadcrumb"},"inLanguage":"es","potentialAction":[{"@type":"ReadAction","target":["https:\/\/buenosdiasbcs.com\/?p=8376"]}]},{"@type":"ImageObject","inLanguage":"es","@id":"https:\/\/buenosdiasbcs.com\/?p=8376#primaryimage","url":"https:\/\/buenosdiasbcs.com\/wp-content\/uploads\/2026\/04\/cae-menor-ahogado-tonala.webp","contentUrl":"https:\/\/buenosdiasbcs.com\/wp-content\/uploads\/2026\/04\/cae-menor-ahogado-tonala.webp","width":1920,"height":1080},{"@type":"BreadcrumbList","@id":"https:\/\/buenosdiasbcs.com\/?p=8376#breadcrumb","itemListElement":[{"@type":"ListItem","position":1,"name":"Portada","item":"https:\/\/buenosdiasbcs.com\/"},{"@type":"ListItem","position":2,"name":"Fallece ni\u00f1o de 4 a\u00f1os tras ahogarse en un represo de la delegaci\u00f3n de Todos Santos"}]},{"@type":"WebSite","@id":"https:\/\/buenosdiasbcs.com\/#website","url":"https:\/\/buenosdiasbcs.com\/","name":"Buenos D\u00edas BCS","description":"","publisher":{"@id":"https:\/\/buenosdiasbcs.com\/#organization"},"potentialAction":[{"@type":"SearchAction","target":{"@type":"EntryPoint","urlTemplate":"https:\/\/buenosdiasbcs.com\/?s={search_term_string}"},"query-input":{"@type":"PropertyValueSpecification","valueRequired":true,"valueName":"search_term_string"}}],"inLanguage":"es"},{"@type":"Organization","@id":"https:\/\/buenosdiasbcs.com\/#organization","name":"Buenos D\u00edas BCS","url":"https:\/\/buenosdiasbcs.com\/","logo":{"@type":"ImageObject","inLanguage":"es","@id":"https:\/\/buenosdiasbcs.com\/#\/schema\/logo\/image\/","url":"https:\/\/buenosdiasbcs.com\/wp-content\/uploads\/2026\/01\/logo-buenos-dias-40-01.png","contentUrl":"https:\/\/buenosdiasbcs.com\/wp-content\/uploads\/2026\/01\/logo-buenos-dias-40-01.png","width":277,"height":40,"caption":"Buenos D\u00edas BCS"},"image":{"@id":"https:\/\/buenosdiasbcs.com\/#\/schema\/logo\/image\/"}},{"@type":"Person","@id":"https:\/\/buenosdiasbcs.com\/#\/schema\/person\/15aedc247eab7070ee5d76d6d069a821","name":"Edici\u00f3n Buenos D\u00edas","image":{"@type":"ImageObject","inLanguage":"es","@id":"https:\/\/buenosdiasbcs.com\/wp-content\/uploads\/2026\/01\/cropped-sol-96x96.png","url":"https:\/\/buenosdiasbcs.com\/wp-content\/uploads\/2026\/01\/cropped-sol-96x96.png","contentUrl":"https:\/\/buenosdiasbcs.com\/wp-content\/uploads\/2026\/01\/cropped-sol-96x96.png","caption":"Edici\u00f3n Buenos D\u00edas"},"url":"https:\/\/buenosdiasbcs.com\/?author=2"}]}},"amp_enabled":true,"_links":{"self":[{"href":"https:\/\/buenosdiasbcs.com\/index.php?rest_route=\/wp\/v2\/posts\/8376","targetHints":{"allow":["GET"]}}],"collection":[{"href":"https:\/\/buenosdiasbcs.com\/index.php?rest_route=\/wp\/v2\/posts"}],"about":[{"href":"https:\/\/buenosdiasbcs.com\/index.php?rest_route=\/wp\/v2\/types\/post"}],"author":[{"embeddable":true,"href":"https:\/\/buenosdiasbcs.com\/index.php?rest_route=\/wp\/v2\/users\/2"}],"replies":[{"embeddable":true,"href":"https:\/\/buenosdiasbcs.com\/index.php?rest_route=%2Fwp%2Fv2%2Fcomments&post=8376"}],"version-history":[{"count":1,"href":"https:\/\/buenosdiasbcs.com\/index.php?rest_route=\/wp\/v2\/posts\/8376\/revisions"}],"predecessor-version":[{"id":8378,"href":"https:\/\/buenosdiasbcs.com\/index.php?rest_route=\/wp\/v2\/posts\/8376\/revisions\/8378"}],"wp:featuredmedia":[{"embeddable":true,"href":"https:\/\/buenosdiasbcs.com\/index.php?rest_route=\/wp\/v2\/media\/8377"}],"wp:attachment":[{"href":"https:\/\/buenosdiasbcs.com\/index.php?rest_route=%2Fwp%2Fv2%2Fmedia&parent=8376"}],"wp:term":[{"taxonomy":"category","embeddable":true,"href":"https:\/\/buenosdiasbcs.com\/index.php?rest_route=%2Fwp%2Fv2%2Fcategories&post=8376"},{"taxonomy":"post_tag","embeddable":true,"href":"https:\/\/buenosdiasbcs.com\/index.php?rest_route=%2Fwp%2Fv2%2Ftags&post=8376"}],"curies":[{"name":"wp","href":"https:\/\/api.w.org\/{rel}","templated":true}]}}