{"id":8358,"date":"2026-04-30T00:03:00","date_gmt":"2026-04-30T07:03:00","guid":{"rendered":"https:\/\/buenosdiasbcs.com\/?p=8358"},"modified":"2026-04-29T17:06:21","modified_gmt":"2026-04-30T00:06:21","slug":"debate-en-morena-procede-retirar-fuero-a-rocha-moya","status":"publish","type":"post","link":"https:\/\/buenosdiasbcs.com\/?p=8358","title":{"rendered":"Debate en Morena: \u00bfprocede retirar fuero a Rocha Moya?"},"content":{"rendered":"\n<p>El desafuero requerir\u00eda de una mayor\u00eda calificada en la C\u00e1mara de Diputados (dos tercios), algo que Morena tiene actualmente con sus aliados.<\/p>\n\n\n\n<p>Legisladores de Morena pusieron en duda la viabilidad de iniciar un proceso de&nbsp;<strong>desafuero<\/strong>&nbsp;contra el gobernador de Sinaloa,&nbsp;Rub\u00e9n Rocha Moya, luego de las acusaciones formuladas por el&nbsp;<strong>Departamento de Justicia de Estados Unidos<\/strong>.<\/p>\n\n\n\n<p>El tema ha generado un intenso debate al interior del partido, donde algunos consideran que no existen elementos suficientes en M\u00e9xico para proceder legalmente, mientras otros advierten la necesidad de revisar el caso con mayor profundidad.<\/p>\n\n\n\n<h2 class=\"wp-block-heading\" id=\"h-cuestionamientos-sobre-el-alcance-legal\">Cuestionamientos sobre el alcance legal<\/h2>\n\n\n\n<p>Diputados se\u00f1alaron que las imputaciones provienen de una autoridad extranjera, lo que plantea dudas sobre si estas pueden ser utilizadas directamente para iniciar un proceso en el Congreso mexicano.<\/p>\n\n\n\n<p>El&nbsp;<strong>desafuero<\/strong>, mecanismo que permite retirar la inmunidad a un funcionario p\u00fablico, requiere la existencia de una investigaci\u00f3n s\u00f3lida dentro del pa\u00eds, as\u00ed como una solicitud formal por parte de la&nbsp;<strong>Fiscal\u00eda General de la Rep\u00fablica<\/strong>.<\/p>\n\n\n\n<h2 class=\"wp-block-heading\" id=\"h-llamados-a-respetar-el-debido-proceso\">Llamados a respetar el debido proceso<\/h2>\n\n\n\n<p>Algunos legisladores insistieron en que debe prevalecer el&nbsp;<strong>principio de presunci\u00f3n de inocencia<\/strong>, evitando decisiones apresuradas basadas \u00fanicamente en se\u00f1alamientos externos.<\/p>\n\n\n\n<p>En ese sentido, destacaron que cualquier acci\u00f3n debe sustentarse en pruebas y procedimientos conforme a la legislaci\u00f3n mexicana, para evitar politizar el caso.<\/p>\n\n\n\n<h2 class=\"wp-block-heading\" id=\"h-presion-politica-y-exigencias-de-claridad\">Presi\u00f3n pol\u00edtica y exigencias de claridad<\/h2>\n\n\n\n<p>Otros actores pol\u00edticos han planteado la necesidad de esclarecer las acusaciones, al considerar que la gravedad de los se\u00f1alamientos amerita una revisi\u00f3n exhaustiva.<\/p>\n\n\n\n<p>El caso ha provocado cuestionamientos sobre la&nbsp;<strong>credibilidad institucional<\/strong>y el impacto que podr\u00eda tener en la percepci\u00f3n p\u00fablica de las autoridades.<\/p>\n\n\n\n<h2 class=\"wp-block-heading\" id=\"h-un-escenario-complejo-entre-dos-sistemas-legales\">Un escenario complejo entre dos sistemas legales<\/h2>\n\n\n\n<p>La situaci\u00f3n refleja la complejidad de articular procesos entre el sistema judicial de Estados Unidos y el marco legal mexicano, especialmente cuando se trata de funcionarios en activo.<\/p>\n\n\n\n<p>Las acusaciones por presuntos v\u00ednculos con el&nbsp;<strong>C\u00e1rtel de Sinaloa<\/strong>&nbsp;han colocado el tema en el centro de la agenda pol\u00edtica, pero su tratamiento jur\u00eddico a\u00fan enfrenta m\u00faltiples obst\u00e1culos.<\/p>\n\n\n\n<h2 class=\"wp-block-heading\" id=\"h-lo-que-podria-venir\">Lo que podr\u00eda venir<\/h2>\n\n\n\n<p>El avance del caso depender\u00e1 de si autoridades mexicanas abren investigaciones formales o si se presentan solicitudes oficiales que permitan activar el proceso de desafuero.<\/p>\n\n\n\n<p>Mientras tanto, el debate continuar\u00e1 dentro del Congreso, donde Morena deber\u00e1 definir una postura clara frente a uno de los casos m\u00e1s delicados en el \u00e1mbito pol\u00edtico reciente.<\/p>\n\n\n\n<p>La resoluci\u00f3n del tema podr\u00eda marcar un precedente sobre c\u00f3mo se abordan acusaciones internacionales contra funcionarios mexicanos en funciones.<\/p>\n\n\n\n<p><em>Con informaci\u00f3n de La Jornada<\/em><\/p>\n","protected":false},"excerpt":{"rendered":"<p>El desafuero requerir\u00eda de una mayor\u00eda calificada en la C\u00e1mara de Diputados (dos tercios), algo que Morena tiene actualmente con&#8230;<\/p>\n","protected":false},"author":2,"featured_media":8359,"comment_status":"open","ping_status":"open","sticky":false,"template":"","format":"standard","meta":{"footnotes":""},"categories":[32],"tags":[],"class_list":["post-8358","post","type-post","status-publish","format-standard","has-post-thumbnail","hentry","category-la-nacion"],"yoast_head":"<!-- This site is optimized with the Yoast SEO Premium plugin v26.8 (Yoast SEO v27.5) - https:\/\/yoast.com\/product\/yoast-seo-premium-wordpress\/ -->\n<title>Debate en Morena: \u00bfprocede retirar fuero a Rocha Moya? - Buenos D&iacute;as BCS<\/title>\n<meta name=\"robots\" content=\"index, follow, max-snippet:-1, max-image-preview:large, max-video-preview:-1\" \/>\n<link rel=\"canonical\" href=\"https:\/\/buenosdiasbcs.com\/?p=8358\" \/>\n<meta property=\"og:locale\" content=\"es_ES\" \/>\n<meta property=\"og:type\" content=\"article\" \/>\n<meta property=\"og:title\" content=\"Debate en Morena: \u00bfprocede retirar fuero a Rocha Moya?\" \/>\n<meta property=\"og:description\" content=\"El desafuero requerir\u00eda de una mayor\u00eda calificada en la C\u00e1mara de Diputados (dos tercios), algo que Morena tiene actualmente con...\" \/>\n<meta property=\"og:url\" content=\"https:\/\/buenosdiasbcs.com\/?p=8358\" \/>\n<meta property=\"og:site_name\" content=\"Buenos D&iacute;as BCS\" \/>\n<meta property=\"article:published_time\" content=\"2026-04-30T07:03:00+00:00\" \/>\n<meta property=\"og:image\" content=\"https:\/\/buenosdiasbcs.com\/wp-content\/uploads\/2026\/04\/1777502918527.jpg.webp\" \/>\n\t<meta property=\"og:image:width\" content=\"722\" \/>\n\t<meta property=\"og:image:height\" content=\"444\" \/>\n\t<meta property=\"og:image:type\" content=\"image\/webp\" \/>\n<meta name=\"author\" content=\"Edici\u00f3n Buenos D\u00edas\" \/>\n<meta name=\"twitter:card\" content=\"summary_large_image\" \/>\n<meta name=\"twitter:label1\" content=\"Escrito por\" \/>\n\t<meta name=\"twitter:data1\" content=\"Edici\u00f3n Buenos D\u00edas\" \/>\n\t<meta name=\"twitter:label2\" content=\"Tiempo de lectura\" \/>\n\t<meta name=\"twitter:data2\" content=\"3 minutos\" \/>\n<script type=\"application\/ld+json\" class=\"yoast-schema-graph\">{\"@context\":\"https:\\\/\\\/schema.org\",\"@graph\":[{\"@type\":\"Article\",\"@id\":\"https:\\\/\\\/buenosdiasbcs.com\\\/?p=8358#article\",\"isPartOf\":{\"@id\":\"https:\\\/\\\/buenosdiasbcs.com\\\/?p=8358\"},\"author\":{\"name\":\"Edici\u00f3n Buenos D\u00edas\",\"@id\":\"https:\\\/\\\/buenosdiasbcs.com\\\/#\\\/schema\\\/person\\\/15aedc247eab7070ee5d76d6d069a821\"},\"headline\":\"Debate en Morena: \u00bfprocede retirar fuero a Rocha Moya?\",\"datePublished\":\"2026-04-30T07:03:00+00:00\",\"mainEntityOfPage\":{\"@id\":\"https:\\\/\\\/buenosdiasbcs.com\\\/?p=8358\"},\"wordCount\":466,\"commentCount\":0,\"publisher\":{\"@id\":\"https:\\\/\\\/buenosdiasbcs.com\\\/#organization\"},\"image\":{\"@id\":\"https:\\\/\\\/buenosdiasbcs.com\\\/?p=8358#primaryimage\"},\"thumbnailUrl\":\"https:\\\/\\\/buenosdiasbcs.com\\\/wp-content\\\/uploads\\\/2026\\\/04\\\/1777502918527.jpg.webp\",\"articleSection\":[\"La Naci\u00f3n\"],\"inLanguage\":\"es\",\"potentialAction\":[{\"@type\":\"CommentAction\",\"name\":\"Comment\",\"target\":[\"https:\\\/\\\/buenosdiasbcs.com\\\/?p=8358#respond\"]}]},{\"@type\":\"WebPage\",\"@id\":\"https:\\\/\\\/buenosdiasbcs.com\\\/?p=8358\",\"url\":\"https:\\\/\\\/buenosdiasbcs.com\\\/?p=8358\",\"name\":\"Debate en Morena: \u00bfprocede retirar fuero a Rocha Moya? - Buenos D&iacute;as BCS\",\"isPartOf\":{\"@id\":\"https:\\\/\\\/buenosdiasbcs.com\\\/#website\"},\"primaryImageOfPage\":{\"@id\":\"https:\\\/\\\/buenosdiasbcs.com\\\/?p=8358#primaryimage\"},\"image\":{\"@id\":\"https:\\\/\\\/buenosdiasbcs.com\\\/?p=8358#primaryimage\"},\"thumbnailUrl\":\"https:\\\/\\\/buenosdiasbcs.com\\\/wp-content\\\/uploads\\\/2026\\\/04\\\/1777502918527.jpg.webp\",\"datePublished\":\"2026-04-30T07:03:00+00:00\",\"breadcrumb\":{\"@id\":\"https:\\\/\\\/buenosdiasbcs.com\\\/?p=8358#breadcrumb\"},\"inLanguage\":\"es\",\"potentialAction\":[{\"@type\":\"ReadAction\",\"target\":[\"https:\\\/\\\/buenosdiasbcs.com\\\/?p=8358\"]}]},{\"@type\":\"ImageObject\",\"inLanguage\":\"es\",\"@id\":\"https:\\\/\\\/buenosdiasbcs.com\\\/?p=8358#primaryimage\",\"url\":\"https:\\\/\\\/buenosdiasbcs.com\\\/wp-content\\\/uploads\\\/2026\\\/04\\\/1777502918527.jpg.webp\",\"contentUrl\":\"https:\\\/\\\/buenosdiasbcs.com\\\/wp-content\\\/uploads\\\/2026\\\/04\\\/1777502918527.jpg.webp\",\"width\":722,\"height\":444},{\"@type\":\"BreadcrumbList\",\"@id\":\"https:\\\/\\\/buenosdiasbcs.com\\\/?p=8358#breadcrumb\",\"itemListElement\":[{\"@type\":\"ListItem\",\"position\":1,\"name\":\"Portada\",\"item\":\"https:\\\/\\\/buenosdiasbcs.com\\\/\"},{\"@type\":\"ListItem\",\"position\":2,\"name\":\"Debate en Morena: \u00bfprocede retirar fuero a Rocha Moya?\"}]},{\"@type\":\"WebSite\",\"@id\":\"https:\\\/\\\/buenosdiasbcs.com\\\/#website\",\"url\":\"https:\\\/\\\/buenosdiasbcs.com\\\/\",\"name\":\"Buenos D\u00edas BCS\",\"description\":\"\",\"publisher\":{\"@id\":\"https:\\\/\\\/buenosdiasbcs.com\\\/#organization\"},\"potentialAction\":[{\"@type\":\"SearchAction\",\"target\":{\"@type\":\"EntryPoint\",\"urlTemplate\":\"https:\\\/\\\/buenosdiasbcs.com\\\/?s={search_term_string}\"},\"query-input\":{\"@type\":\"PropertyValueSpecification\",\"valueRequired\":true,\"valueName\":\"search_term_string\"}}],\"inLanguage\":\"es\"},{\"@type\":\"Organization\",\"@id\":\"https:\\\/\\\/buenosdiasbcs.com\\\/#organization\",\"name\":\"Buenos D\u00edas BCS\",\"url\":\"https:\\\/\\\/buenosdiasbcs.com\\\/\",\"logo\":{\"@type\":\"ImageObject\",\"inLanguage\":\"es\",\"@id\":\"https:\\\/\\\/buenosdiasbcs.com\\\/#\\\/schema\\\/logo\\\/image\\\/\",\"url\":\"https:\\\/\\\/buenosdiasbcs.com\\\/wp-content\\\/uploads\\\/2026\\\/01\\\/logo-buenos-dias-40-01.png\",\"contentUrl\":\"https:\\\/\\\/buenosdiasbcs.com\\\/wp-content\\\/uploads\\\/2026\\\/01\\\/logo-buenos-dias-40-01.png\",\"width\":277,\"height\":40,\"caption\":\"Buenos D\u00edas BCS\"},\"image\":{\"@id\":\"https:\\\/\\\/buenosdiasbcs.com\\\/#\\\/schema\\\/logo\\\/image\\\/\"}},{\"@type\":\"Person\",\"@id\":\"https:\\\/\\\/buenosdiasbcs.com\\\/#\\\/schema\\\/person\\\/15aedc247eab7070ee5d76d6d069a821\",\"name\":\"Edici\u00f3n Buenos D\u00edas\",\"image\":{\"@type\":\"ImageObject\",\"inLanguage\":\"es\",\"@id\":\"https:\\\/\\\/buenosdiasbcs.com\\\/wp-content\\\/uploads\\\/2026\\\/01\\\/cropped-sol-96x96.png\",\"url\":\"https:\\\/\\\/buenosdiasbcs.com\\\/wp-content\\\/uploads\\\/2026\\\/01\\\/cropped-sol-96x96.png\",\"contentUrl\":\"https:\\\/\\\/buenosdiasbcs.com\\\/wp-content\\\/uploads\\\/2026\\\/01\\\/cropped-sol-96x96.png\",\"caption\":\"Edici\u00f3n Buenos D\u00edas\"},\"url\":\"https:\\\/\\\/buenosdiasbcs.com\\\/?author=2\"}]}<\/script>\n<!-- \/ Yoast SEO Premium plugin. -->","yoast_head_json":{"title":"Debate en Morena: \u00bfprocede retirar fuero a Rocha Moya? - Buenos D&iacute;as BCS","robots":{"index":"index","follow":"follow","max-snippet":"max-snippet:-1","max-image-preview":"max-image-preview:large","max-video-preview":"max-video-preview:-1"},"canonical":"https:\/\/buenosdiasbcs.com\/?p=8358","og_locale":"es_ES","og_type":"article","og_title":"Debate en Morena: \u00bfprocede retirar fuero a Rocha Moya?","og_description":"El desafuero requerir\u00eda de una mayor\u00eda calificada en la C\u00e1mara de Diputados (dos tercios), algo que Morena tiene actualmente con...","og_url":"https:\/\/buenosdiasbcs.com\/?p=8358","og_site_name":"Buenos D&iacute;as BCS","article_published_time":"2026-04-30T07:03:00+00:00","og_image":[{"width":722,"height":444,"url":"https:\/\/buenosdiasbcs.com\/wp-content\/uploads\/2026\/04\/1777502918527.jpg.webp","type":"image\/webp"}],"author":"Edici\u00f3n Buenos D\u00edas","twitter_card":"summary_large_image","twitter_misc":{"Escrito por":"Edici\u00f3n Buenos D\u00edas","Tiempo de lectura":"3 minutos"},"schema":{"@context":"https:\/\/schema.org","@graph":[{"@type":"Article","@id":"https:\/\/buenosdiasbcs.com\/?p=8358#article","isPartOf":{"@id":"https:\/\/buenosdiasbcs.com\/?p=8358"},"author":{"name":"Edici\u00f3n Buenos D\u00edas","@id":"https:\/\/buenosdiasbcs.com\/#\/schema\/person\/15aedc247eab7070ee5d76d6d069a821"},"headline":"Debate en Morena: \u00bfprocede retirar fuero a Rocha Moya?","datePublished":"2026-04-30T07:03:00+00:00","mainEntityOfPage":{"@id":"https:\/\/buenosdiasbcs.com\/?p=8358"},"wordCount":466,"commentCount":0,"publisher":{"@id":"https:\/\/buenosdiasbcs.com\/#organization"},"image":{"@id":"https:\/\/buenosdiasbcs.com\/?p=8358#primaryimage"},"thumbnailUrl":"https:\/\/buenosdiasbcs.com\/wp-content\/uploads\/2026\/04\/1777502918527.jpg.webp","articleSection":["La Naci\u00f3n"],"inLanguage":"es","potentialAction":[{"@type":"CommentAction","name":"Comment","target":["https:\/\/buenosdiasbcs.com\/?p=8358#respond"]}]},{"@type":"WebPage","@id":"https:\/\/buenosdiasbcs.com\/?p=8358","url":"https:\/\/buenosdiasbcs.com\/?p=8358","name":"Debate en Morena: \u00bfprocede retirar fuero a Rocha Moya? - Buenos D&iacute;as BCS","isPartOf":{"@id":"https:\/\/buenosdiasbcs.com\/#website"},"primaryImageOfPage":{"@id":"https:\/\/buenosdiasbcs.com\/?p=8358#primaryimage"},"image":{"@id":"https:\/\/buenosdiasbcs.com\/?p=8358#primaryimage"},"thumbnailUrl":"https:\/\/buenosdiasbcs.com\/wp-content\/uploads\/2026\/04\/1777502918527.jpg.webp","datePublished":"2026-04-30T07:03:00+00:00","breadcrumb":{"@id":"https:\/\/buenosdiasbcs.com\/?p=8358#breadcrumb"},"inLanguage":"es","potentialAction":[{"@type":"ReadAction","target":["https:\/\/buenosdiasbcs.com\/?p=8358"]}]},{"@type":"ImageObject","inLanguage":"es","@id":"https:\/\/buenosdiasbcs.com\/?p=8358#primaryimage","url":"https:\/\/buenosdiasbcs.com\/wp-content\/uploads\/2026\/04\/1777502918527.jpg.webp","contentUrl":"https:\/\/buenosdiasbcs.com\/wp-content\/uploads\/2026\/04\/1777502918527.jpg.webp","width":722,"height":444},{"@type":"BreadcrumbList","@id":"https:\/\/buenosdiasbcs.com\/?p=8358#breadcrumb","itemListElement":[{"@type":"ListItem","position":1,"name":"Portada","item":"https:\/\/buenosdiasbcs.com\/"},{"@type":"ListItem","position":2,"name":"Debate en Morena: \u00bfprocede retirar fuero a Rocha Moya?"}]},{"@type":"WebSite","@id":"https:\/\/buenosdiasbcs.com\/#website","url":"https:\/\/buenosdiasbcs.com\/","name":"Buenos D\u00edas BCS","description":"","publisher":{"@id":"https:\/\/buenosdiasbcs.com\/#organization"},"potentialAction":[{"@type":"SearchAction","target":{"@type":"EntryPoint","urlTemplate":"https:\/\/buenosdiasbcs.com\/?s={search_term_string}"},"query-input":{"@type":"PropertyValueSpecification","valueRequired":true,"valueName":"search_term_string"}}],"inLanguage":"es"},{"@type":"Organization","@id":"https:\/\/buenosdiasbcs.com\/#organization","name":"Buenos D\u00edas BCS","url":"https:\/\/buenosdiasbcs.com\/","logo":{"@type":"ImageObject","inLanguage":"es","@id":"https:\/\/buenosdiasbcs.com\/#\/schema\/logo\/image\/","url":"https:\/\/buenosdiasbcs.com\/wp-content\/uploads\/2026\/01\/logo-buenos-dias-40-01.png","contentUrl":"https:\/\/buenosdiasbcs.com\/wp-content\/uploads\/2026\/01\/logo-buenos-dias-40-01.png","width":277,"height":40,"caption":"Buenos D\u00edas BCS"},"image":{"@id":"https:\/\/buenosdiasbcs.com\/#\/schema\/logo\/image\/"}},{"@type":"Person","@id":"https:\/\/buenosdiasbcs.com\/#\/schema\/person\/15aedc247eab7070ee5d76d6d069a821","name":"Edici\u00f3n Buenos D\u00edas","image":{"@type":"ImageObject","inLanguage":"es","@id":"https:\/\/buenosdiasbcs.com\/wp-content\/uploads\/2026\/01\/cropped-sol-96x96.png","url":"https:\/\/buenosdiasbcs.com\/wp-content\/uploads\/2026\/01\/cropped-sol-96x96.png","contentUrl":"https:\/\/buenosdiasbcs.com\/wp-content\/uploads\/2026\/01\/cropped-sol-96x96.png","caption":"Edici\u00f3n Buenos D\u00edas"},"url":"https:\/\/buenosdiasbcs.com\/?author=2"}]}},"amp_enabled":true,"_links":{"self":[{"href":"https:\/\/buenosdiasbcs.com\/index.php?rest_route=\/wp\/v2\/posts\/8358","targetHints":{"allow":["GET"]}}],"collection":[{"href":"https:\/\/buenosdiasbcs.com\/index.php?rest_route=\/wp\/v2\/posts"}],"about":[{"href":"https:\/\/buenosdiasbcs.com\/index.php?rest_route=\/wp\/v2\/types\/post"}],"author":[{"embeddable":true,"href":"https:\/\/buenosdiasbcs.com\/index.php?rest_route=\/wp\/v2\/users\/2"}],"replies":[{"embeddable":true,"href":"https:\/\/buenosdiasbcs.com\/index.php?rest_route=%2Fwp%2Fv2%2Fcomments&post=8358"}],"version-history":[{"count":1,"href":"https:\/\/buenosdiasbcs.com\/index.php?rest_route=\/wp\/v2\/posts\/8358\/revisions"}],"predecessor-version":[{"id":8360,"href":"https:\/\/buenosdiasbcs.com\/index.php?rest_route=\/wp\/v2\/posts\/8358\/revisions\/8360"}],"wp:featuredmedia":[{"embeddable":true,"href":"https:\/\/buenosdiasbcs.com\/index.php?rest_route=\/wp\/v2\/media\/8359"}],"wp:attachment":[{"href":"https:\/\/buenosdiasbcs.com\/index.php?rest_route=%2Fwp%2Fv2%2Fmedia&parent=8358"}],"wp:term":[{"taxonomy":"category","embeddable":true,"href":"https:\/\/buenosdiasbcs.com\/index.php?rest_route=%2Fwp%2Fv2%2Fcategories&post=8358"},{"taxonomy":"post_tag","embeddable":true,"href":"https:\/\/buenosdiasbcs.com\/index.php?rest_route=%2Fwp%2Fv2%2Ftags&post=8358"}],"curies":[{"name":"wp","href":"https:\/\/api.w.org\/{rel}","templated":true}]}}