{"id":8349,"date":"2026-04-30T00:53:00","date_gmt":"2026-04-30T07:53:00","guid":{"rendered":"https:\/\/buenosdiasbcs.com\/?p=8349"},"modified":"2026-04-29T16:54:37","modified_gmt":"2026-04-29T23:54:37","slug":"estos-son-los-10-funcionarios-mexicanos-acusados-por-presuntos-nexos-con-el-narco","status":"publish","type":"post","link":"https:\/\/buenosdiasbcs.com\/?p=8349","title":{"rendered":"Estos son los 10 funcionarios mexicanos acusados por presuntos nexos con el narco"},"content":{"rendered":"\n<blockquote class=\"wp-block-quote is-layout-flow wp-block-quote-is-layout-flow\">\n<p>Autoridades de Estados Unidos acusan a diez funcionarios y exfuncionarios de Sinaloa por presuntos v\u00ednculos con el narcotr\u00e1fico y delitos relacionados con armas de fuego.<\/p>\n<\/blockquote>\n\n\n\n<p>Autoridades estadounidenses presentaron una acusaci\u00f3n formal contra el gobernador de Sinaloa,&nbsp;<strong>Rub\u00e9n Rocha Moya<\/strong>, y otros nueve funcionarios y exfuncionarios estatales y municipales. El documento los se\u00f1ala por presuntos v\u00ednculos con el&nbsp;<strong>C\u00e1rtel de Sinaloa<\/strong>, adem\u00e1s de delitos relacionados con narc\u00f3ticos, armas de fuego y presuntas operaciones criminales dentro de estructuras gubernamentales.<\/p>\n\n\n\n<h2 class=\"wp-block-heading\" id=\"h-funcionarios-senalados-en-la-acusacion\">Funcionarios se\u00f1alados en la acusaci\u00f3n<\/h2>\n\n\n\n<p>De acuerdo con el expediente difundido por autoridades de Estados Unidos, los se\u00f1alados son diez personas que han ocupado cargos de alto nivel en el gobierno estatal y en corporaciones de seguridad en Sinaloa.<\/p>\n\n\n\n<p>Entre ellos se encuentran el gobernador&nbsp;<strong>Rub\u00e9n Rocha Moya<\/strong>, el senador y exsecretario general de Gobierno&nbsp;<strong>Enrique Inzunza C\u00e1zarez<\/strong>, as\u00ed como el exsecretario de Administraci\u00f3n y Finanzas&nbsp;<strong>Enrique D\u00edaz Vega<\/strong>.<\/p>\n\n\n\n<p>Tambi\u00e9n aparecen el fiscal general adjunto de Sinaloa&nbsp;<strong>D\u00e1maso Castro Saavedra<\/strong>, el exjefe de la Polic\u00eda de Investigaci\u00f3n&nbsp;<strong>Marco Antonio Almanza Avil\u00e9s<\/strong>, y&nbsp;<strong>Alberto Jorge Contreras N\u00fa\u00f1ez<\/strong>, conocido como \u201cCholo\u201d, tambi\u00e9n exjefe policial.<\/p>\n\n\n\n<p>La lista incluye al exsecretario de Seguridad P\u00fablica&nbsp;<strong>Gerardo M\u00e9rida S\u00e1nchez<\/strong>, al exsubdirector de la Polic\u00eda Estatal&nbsp;<strong>Jos\u00e9 Antonio Dionisio Hip\u00f3lito<\/strong>, alias \u201cTornado\u201d, al alcalde de Culiac\u00e1n&nbsp;<strong>Juan de Dios G\u00e1mez Mend\u00edvil<\/strong>, y al excomandante municipal&nbsp;<strong>Juan Valenzuela Mill\u00e1n<\/strong>, alias \u201cJuanito\u201d.<\/p>\n\n\n\n<p>El documento se\u00f1ala que los acusados habr\u00edan operado en distintos niveles de gobierno y seguridad en Sinaloa, presuntamente utilizando sus cargos para facilitar actividades vinculadas a&nbsp;<strong>Los Chapitos<\/strong>, facci\u00f3n del C\u00e1rtel de Sinaloa.<\/p>\n\n\n\n<p>Seg\u00fan la investigaci\u00f3n citada,&nbsp;<strong>Rub\u00e9n Rocha Moya habr\u00eda sido electo gobernador en 2021 con presunta intervenci\u00f3n del grupo criminal<\/strong>, mediante acciones de intimidaci\u00f3n contra rivales pol\u00edticos.<\/p>\n\n\n\n<h2 class=\"wp-block-heading\" id=\"h-delitos-imputados-por-las-autoridades-estadounidenses\">Delitos imputados por las autoridades estadounidenses<\/h2>\n\n\n\n<p>Las imputaciones incluyen principalmente tres delitos base para la mayor\u00eda de los se\u00f1alados:&nbsp;<strong>conspiraci\u00f3n para la importaci\u00f3n de narc\u00f3ticos<\/strong>,&nbsp;<strong>posesi\u00f3n de ametralladoras y artefactos explosivos<\/strong>, y&nbsp;<strong>conspiraci\u00f3n para poseer armas y dispositivos destructivos<\/strong>.<\/p>\n\n\n\n<p>En el caso de&nbsp;<strong>Rub\u00e9n Rocha Moya<\/strong>, las autoridades lo acusan de conspiraci\u00f3n para la importaci\u00f3n de narc\u00f3ticos y delitos relacionados con armas de alto poder, con una posible pena de&nbsp;<strong>cadena perpetua<\/strong>&nbsp;y un m\u00ednimo obligatorio de&nbsp;<strong>40 a\u00f1os de prisi\u00f3n<\/strong>.<\/p>\n\n\n\n<p>Los mismos cargos se atribuyen a&nbsp;<strong>Enrique Inzunza C\u00e1zarez<\/strong>,&nbsp;<strong>Enrique D\u00edaz Vega<\/strong>,&nbsp;<strong>D\u00e1maso Castro Saavedra<\/strong>,&nbsp;<strong>Marco Antonio Almanza Avil\u00e9s<\/strong>,&nbsp;<strong>Alberto Jorge Contreras N\u00fa\u00f1ez<\/strong>,&nbsp;<strong>Gerardo M\u00e9rida S\u00e1nchez<\/strong>,&nbsp;<strong>Jos\u00e9 Antonio Dionisio Hip\u00f3lito<\/strong>&nbsp;y&nbsp;<strong>Juan de Dios G\u00e1mez Mend\u00edvil<\/strong>, todos con posibles penas de cadena perpetua o condenas m\u00ednimas de 40 a\u00f1os.<\/p>\n\n\n\n<p>En el caso de&nbsp;<strong>Juan Valenzuela Mill\u00e1n<\/strong>, adem\u00e1s de los cargos por narcotr\u00e1fico y armas, se le imputan delitos de&nbsp;<strong>secuestro con resultado de muerte<\/strong>&nbsp;y conspiraci\u00f3n para cometer dicho delito, con una sentencia obligatoria de&nbsp;<strong>cadena perpetua<\/strong>.<\/p>\n\n\n\n<h2 class=\"wp-block-heading\" id=\"h-contexto-de-la-acusacion\">Contexto de la acusaci\u00f3n<\/h2>\n\n\n\n<p>Las autoridades estadounidenses sostienen que la estructura se\u00f1alada habr\u00eda permitido la operaci\u00f3n del crimen organizado dentro de instituciones estatales, aprovechando cargos p\u00fablicos para facilitar actividades il\u00edcitas relacionadas con el narcotr\u00e1fico y el uso de armas de alto calibre.<\/p>\n\n\n\n<p>Hasta el momento, la informaci\u00f3n corresponde a una acusaci\u00f3n presentada por autoridades de Estados Unidos y forma parte de un proceso judicial en desarrollo.<\/p>\n","protected":false},"excerpt":{"rendered":"<p>Autoridades de Estados Unidos acusan a diez funcionarios y exfuncionarios de Sinaloa por presuntos v\u00ednculos con el narcotr\u00e1fico y delitos&#8230;<\/p>\n","protected":false},"author":2,"featured_media":8350,"comment_status":"open","ping_status":"open","sticky":false,"template":"","format":"standard","meta":{"footnotes":""},"categories":[32],"tags":[],"class_list":["post-8349","post","type-post","status-publish","format-standard","has-post-thumbnail","hentry","category-la-nacion"],"yoast_head":"<!-- This site is optimized with the Yoast SEO Premium plugin v26.8 (Yoast SEO v27.5) - https:\/\/yoast.com\/product\/yoast-seo-premium-wordpress\/ -->\n<title>Estos son los 10 funcionarios mexicanos acusados por presuntos nexos con el narco - Buenos D&iacute;as BCS<\/title>\n<meta name=\"robots\" content=\"index, follow, max-snippet:-1, max-image-preview:large, max-video-preview:-1\" \/>\n<link rel=\"canonical\" href=\"https:\/\/buenosdiasbcs.com\/?p=8349\" \/>\n<meta property=\"og:locale\" content=\"es_ES\" \/>\n<meta property=\"og:type\" content=\"article\" \/>\n<meta property=\"og:title\" content=\"Estos son los 10 funcionarios mexicanos acusados por presuntos nexos con el narco\" \/>\n<meta property=\"og:description\" content=\"Autoridades de Estados Unidos acusan a diez funcionarios y exfuncionarios de Sinaloa por presuntos v\u00ednculos con el narcotr\u00e1fico y delitos...\" \/>\n<meta property=\"og:url\" content=\"https:\/\/buenosdiasbcs.com\/?p=8349\" \/>\n<meta property=\"og:site_name\" content=\"Buenos D&iacute;as BCS\" \/>\n<meta property=\"article:published_time\" content=\"2026-04-30T07:53:00+00:00\" \/>\n<meta property=\"og:image\" content=\"https:\/\/buenosdiasbcs.com\/wp-content\/uploads\/2026\/04\/69f26ce70f9ee.jpg\" \/>\n\t<meta property=\"og:image:width\" content=\"1200\" \/>\n\t<meta property=\"og:image:height\" content=\"800\" \/>\n\t<meta property=\"og:image:type\" content=\"image\/jpeg\" \/>\n<meta name=\"author\" content=\"Edici\u00f3n Buenos D\u00edas\" \/>\n<meta name=\"twitter:card\" content=\"summary_large_image\" \/>\n<meta name=\"twitter:label1\" content=\"Escrito por\" \/>\n\t<meta name=\"twitter:data1\" content=\"Edici\u00f3n Buenos D\u00edas\" \/>\n\t<meta name=\"twitter:label2\" content=\"Tiempo de lectura\" \/>\n\t<meta name=\"twitter:data2\" content=\"3 minutos\" \/>\n<script type=\"application\/ld+json\" class=\"yoast-schema-graph\">{\"@context\":\"https:\\\/\\\/schema.org\",\"@graph\":[{\"@type\":\"Article\",\"@id\":\"https:\\\/\\\/buenosdiasbcs.com\\\/?p=8349#article\",\"isPartOf\":{\"@id\":\"https:\\\/\\\/buenosdiasbcs.com\\\/?p=8349\"},\"author\":{\"name\":\"Edici\u00f3n Buenos D\u00edas\",\"@id\":\"https:\\\/\\\/buenosdiasbcs.com\\\/#\\\/schema\\\/person\\\/15aedc247eab7070ee5d76d6d069a821\"},\"headline\":\"Estos son los 10 funcionarios mexicanos acusados por presuntos nexos con el narco\",\"datePublished\":\"2026-04-30T07:53:00+00:00\",\"mainEntityOfPage\":{\"@id\":\"https:\\\/\\\/buenosdiasbcs.com\\\/?p=8349\"},\"wordCount\":638,\"commentCount\":0,\"publisher\":{\"@id\":\"https:\\\/\\\/buenosdiasbcs.com\\\/#organization\"},\"image\":{\"@id\":\"https:\\\/\\\/buenosdiasbcs.com\\\/?p=8349#primaryimage\"},\"thumbnailUrl\":\"https:\\\/\\\/buenosdiasbcs.com\\\/wp-content\\\/uploads\\\/2026\\\/04\\\/69f26ce70f9ee.jpg\",\"articleSection\":[\"La Naci\u00f3n\"],\"inLanguage\":\"es\",\"potentialAction\":[{\"@type\":\"CommentAction\",\"name\":\"Comment\",\"target\":[\"https:\\\/\\\/buenosdiasbcs.com\\\/?p=8349#respond\"]}]},{\"@type\":\"WebPage\",\"@id\":\"https:\\\/\\\/buenosdiasbcs.com\\\/?p=8349\",\"url\":\"https:\\\/\\\/buenosdiasbcs.com\\\/?p=8349\",\"name\":\"Estos son los 10 funcionarios mexicanos acusados por presuntos nexos con el narco - Buenos D&iacute;as BCS\",\"isPartOf\":{\"@id\":\"https:\\\/\\\/buenosdiasbcs.com\\\/#website\"},\"primaryImageOfPage\":{\"@id\":\"https:\\\/\\\/buenosdiasbcs.com\\\/?p=8349#primaryimage\"},\"image\":{\"@id\":\"https:\\\/\\\/buenosdiasbcs.com\\\/?p=8349#primaryimage\"},\"thumbnailUrl\":\"https:\\\/\\\/buenosdiasbcs.com\\\/wp-content\\\/uploads\\\/2026\\\/04\\\/69f26ce70f9ee.jpg\",\"datePublished\":\"2026-04-30T07:53:00+00:00\",\"breadcrumb\":{\"@id\":\"https:\\\/\\\/buenosdiasbcs.com\\\/?p=8349#breadcrumb\"},\"inLanguage\":\"es\",\"potentialAction\":[{\"@type\":\"ReadAction\",\"target\":[\"https:\\\/\\\/buenosdiasbcs.com\\\/?p=8349\"]}]},{\"@type\":\"ImageObject\",\"inLanguage\":\"es\",\"@id\":\"https:\\\/\\\/buenosdiasbcs.com\\\/?p=8349#primaryimage\",\"url\":\"https:\\\/\\\/buenosdiasbcs.com\\\/wp-content\\\/uploads\\\/2026\\\/04\\\/69f26ce70f9ee.jpg\",\"contentUrl\":\"https:\\\/\\\/buenosdiasbcs.com\\\/wp-content\\\/uploads\\\/2026\\\/04\\\/69f26ce70f9ee.jpg\",\"width\":1200,\"height\":800},{\"@type\":\"BreadcrumbList\",\"@id\":\"https:\\\/\\\/buenosdiasbcs.com\\\/?p=8349#breadcrumb\",\"itemListElement\":[{\"@type\":\"ListItem\",\"position\":1,\"name\":\"Portada\",\"item\":\"https:\\\/\\\/buenosdiasbcs.com\\\/\"},{\"@type\":\"ListItem\",\"position\":2,\"name\":\"Estos son los 10 funcionarios mexicanos acusados por presuntos nexos con el narco\"}]},{\"@type\":\"WebSite\",\"@id\":\"https:\\\/\\\/buenosdiasbcs.com\\\/#website\",\"url\":\"https:\\\/\\\/buenosdiasbcs.com\\\/\",\"name\":\"Buenos D\u00edas BCS\",\"description\":\"\",\"publisher\":{\"@id\":\"https:\\\/\\\/buenosdiasbcs.com\\\/#organization\"},\"potentialAction\":[{\"@type\":\"SearchAction\",\"target\":{\"@type\":\"EntryPoint\",\"urlTemplate\":\"https:\\\/\\\/buenosdiasbcs.com\\\/?s={search_term_string}\"},\"query-input\":{\"@type\":\"PropertyValueSpecification\",\"valueRequired\":true,\"valueName\":\"search_term_string\"}}],\"inLanguage\":\"es\"},{\"@type\":\"Organization\",\"@id\":\"https:\\\/\\\/buenosdiasbcs.com\\\/#organization\",\"name\":\"Buenos D\u00edas BCS\",\"url\":\"https:\\\/\\\/buenosdiasbcs.com\\\/\",\"logo\":{\"@type\":\"ImageObject\",\"inLanguage\":\"es\",\"@id\":\"https:\\\/\\\/buenosdiasbcs.com\\\/#\\\/schema\\\/logo\\\/image\\\/\",\"url\":\"https:\\\/\\\/buenosdiasbcs.com\\\/wp-content\\\/uploads\\\/2026\\\/01\\\/logo-buenos-dias-40-01.png\",\"contentUrl\":\"https:\\\/\\\/buenosdiasbcs.com\\\/wp-content\\\/uploads\\\/2026\\\/01\\\/logo-buenos-dias-40-01.png\",\"width\":277,\"height\":40,\"caption\":\"Buenos D\u00edas BCS\"},\"image\":{\"@id\":\"https:\\\/\\\/buenosdiasbcs.com\\\/#\\\/schema\\\/logo\\\/image\\\/\"}},{\"@type\":\"Person\",\"@id\":\"https:\\\/\\\/buenosdiasbcs.com\\\/#\\\/schema\\\/person\\\/15aedc247eab7070ee5d76d6d069a821\",\"name\":\"Edici\u00f3n Buenos D\u00edas\",\"image\":{\"@type\":\"ImageObject\",\"inLanguage\":\"es\",\"@id\":\"https:\\\/\\\/buenosdiasbcs.com\\\/wp-content\\\/uploads\\\/2026\\\/01\\\/cropped-sol-96x96.png\",\"url\":\"https:\\\/\\\/buenosdiasbcs.com\\\/wp-content\\\/uploads\\\/2026\\\/01\\\/cropped-sol-96x96.png\",\"contentUrl\":\"https:\\\/\\\/buenosdiasbcs.com\\\/wp-content\\\/uploads\\\/2026\\\/01\\\/cropped-sol-96x96.png\",\"caption\":\"Edici\u00f3n Buenos D\u00edas\"},\"url\":\"https:\\\/\\\/buenosdiasbcs.com\\\/?author=2\"}]}<\/script>\n<!-- \/ Yoast SEO Premium plugin. -->","yoast_head_json":{"title":"Estos son los 10 funcionarios mexicanos acusados por presuntos nexos con el narco - Buenos D&iacute;as BCS","robots":{"index":"index","follow":"follow","max-snippet":"max-snippet:-1","max-image-preview":"max-image-preview:large","max-video-preview":"max-video-preview:-1"},"canonical":"https:\/\/buenosdiasbcs.com\/?p=8349","og_locale":"es_ES","og_type":"article","og_title":"Estos son los 10 funcionarios mexicanos acusados por presuntos nexos con el narco","og_description":"Autoridades de Estados Unidos acusan a diez funcionarios y exfuncionarios de Sinaloa por presuntos v\u00ednculos con el narcotr\u00e1fico y delitos...","og_url":"https:\/\/buenosdiasbcs.com\/?p=8349","og_site_name":"Buenos D&iacute;as BCS","article_published_time":"2026-04-30T07:53:00+00:00","og_image":[{"width":1200,"height":800,"url":"https:\/\/buenosdiasbcs.com\/wp-content\/uploads\/2026\/04\/69f26ce70f9ee.jpg","type":"image\/jpeg"}],"author":"Edici\u00f3n Buenos D\u00edas","twitter_card":"summary_large_image","twitter_misc":{"Escrito por":"Edici\u00f3n Buenos D\u00edas","Tiempo de lectura":"3 minutos"},"schema":{"@context":"https:\/\/schema.org","@graph":[{"@type":"Article","@id":"https:\/\/buenosdiasbcs.com\/?p=8349#article","isPartOf":{"@id":"https:\/\/buenosdiasbcs.com\/?p=8349"},"author":{"name":"Edici\u00f3n Buenos D\u00edas","@id":"https:\/\/buenosdiasbcs.com\/#\/schema\/person\/15aedc247eab7070ee5d76d6d069a821"},"headline":"Estos son los 10 funcionarios mexicanos acusados por presuntos nexos con el narco","datePublished":"2026-04-30T07:53:00+00:00","mainEntityOfPage":{"@id":"https:\/\/buenosdiasbcs.com\/?p=8349"},"wordCount":638,"commentCount":0,"publisher":{"@id":"https:\/\/buenosdiasbcs.com\/#organization"},"image":{"@id":"https:\/\/buenosdiasbcs.com\/?p=8349#primaryimage"},"thumbnailUrl":"https:\/\/buenosdiasbcs.com\/wp-content\/uploads\/2026\/04\/69f26ce70f9ee.jpg","articleSection":["La Naci\u00f3n"],"inLanguage":"es","potentialAction":[{"@type":"CommentAction","name":"Comment","target":["https:\/\/buenosdiasbcs.com\/?p=8349#respond"]}]},{"@type":"WebPage","@id":"https:\/\/buenosdiasbcs.com\/?p=8349","url":"https:\/\/buenosdiasbcs.com\/?p=8349","name":"Estos son los 10 funcionarios mexicanos acusados por presuntos nexos con el narco - Buenos D&iacute;as BCS","isPartOf":{"@id":"https:\/\/buenosdiasbcs.com\/#website"},"primaryImageOfPage":{"@id":"https:\/\/buenosdiasbcs.com\/?p=8349#primaryimage"},"image":{"@id":"https:\/\/buenosdiasbcs.com\/?p=8349#primaryimage"},"thumbnailUrl":"https:\/\/buenosdiasbcs.com\/wp-content\/uploads\/2026\/04\/69f26ce70f9ee.jpg","datePublished":"2026-04-30T07:53:00+00:00","breadcrumb":{"@id":"https:\/\/buenosdiasbcs.com\/?p=8349#breadcrumb"},"inLanguage":"es","potentialAction":[{"@type":"ReadAction","target":["https:\/\/buenosdiasbcs.com\/?p=8349"]}]},{"@type":"ImageObject","inLanguage":"es","@id":"https:\/\/buenosdiasbcs.com\/?p=8349#primaryimage","url":"https:\/\/buenosdiasbcs.com\/wp-content\/uploads\/2026\/04\/69f26ce70f9ee.jpg","contentUrl":"https:\/\/buenosdiasbcs.com\/wp-content\/uploads\/2026\/04\/69f26ce70f9ee.jpg","width":1200,"height":800},{"@type":"BreadcrumbList","@id":"https:\/\/buenosdiasbcs.com\/?p=8349#breadcrumb","itemListElement":[{"@type":"ListItem","position":1,"name":"Portada","item":"https:\/\/buenosdiasbcs.com\/"},{"@type":"ListItem","position":2,"name":"Estos son los 10 funcionarios mexicanos acusados por presuntos nexos con el narco"}]},{"@type":"WebSite","@id":"https:\/\/buenosdiasbcs.com\/#website","url":"https:\/\/buenosdiasbcs.com\/","name":"Buenos D\u00edas BCS","description":"","publisher":{"@id":"https:\/\/buenosdiasbcs.com\/#organization"},"potentialAction":[{"@type":"SearchAction","target":{"@type":"EntryPoint","urlTemplate":"https:\/\/buenosdiasbcs.com\/?s={search_term_string}"},"query-input":{"@type":"PropertyValueSpecification","valueRequired":true,"valueName":"search_term_string"}}],"inLanguage":"es"},{"@type":"Organization","@id":"https:\/\/buenosdiasbcs.com\/#organization","name":"Buenos D\u00edas BCS","url":"https:\/\/buenosdiasbcs.com\/","logo":{"@type":"ImageObject","inLanguage":"es","@id":"https:\/\/buenosdiasbcs.com\/#\/schema\/logo\/image\/","url":"https:\/\/buenosdiasbcs.com\/wp-content\/uploads\/2026\/01\/logo-buenos-dias-40-01.png","contentUrl":"https:\/\/buenosdiasbcs.com\/wp-content\/uploads\/2026\/01\/logo-buenos-dias-40-01.png","width":277,"height":40,"caption":"Buenos D\u00edas BCS"},"image":{"@id":"https:\/\/buenosdiasbcs.com\/#\/schema\/logo\/image\/"}},{"@type":"Person","@id":"https:\/\/buenosdiasbcs.com\/#\/schema\/person\/15aedc247eab7070ee5d76d6d069a821","name":"Edici\u00f3n Buenos D\u00edas","image":{"@type":"ImageObject","inLanguage":"es","@id":"https:\/\/buenosdiasbcs.com\/wp-content\/uploads\/2026\/01\/cropped-sol-96x96.png","url":"https:\/\/buenosdiasbcs.com\/wp-content\/uploads\/2026\/01\/cropped-sol-96x96.png","contentUrl":"https:\/\/buenosdiasbcs.com\/wp-content\/uploads\/2026\/01\/cropped-sol-96x96.png","caption":"Edici\u00f3n Buenos D\u00edas"},"url":"https:\/\/buenosdiasbcs.com\/?author=2"}]}},"amp_enabled":true,"_links":{"self":[{"href":"https:\/\/buenosdiasbcs.com\/index.php?rest_route=\/wp\/v2\/posts\/8349","targetHints":{"allow":["GET"]}}],"collection":[{"href":"https:\/\/buenosdiasbcs.com\/index.php?rest_route=\/wp\/v2\/posts"}],"about":[{"href":"https:\/\/buenosdiasbcs.com\/index.php?rest_route=\/wp\/v2\/types\/post"}],"author":[{"embeddable":true,"href":"https:\/\/buenosdiasbcs.com\/index.php?rest_route=\/wp\/v2\/users\/2"}],"replies":[{"embeddable":true,"href":"https:\/\/buenosdiasbcs.com\/index.php?rest_route=%2Fwp%2Fv2%2Fcomments&post=8349"}],"version-history":[{"count":1,"href":"https:\/\/buenosdiasbcs.com\/index.php?rest_route=\/wp\/v2\/posts\/8349\/revisions"}],"predecessor-version":[{"id":8351,"href":"https:\/\/buenosdiasbcs.com\/index.php?rest_route=\/wp\/v2\/posts\/8349\/revisions\/8351"}],"wp:featuredmedia":[{"embeddable":true,"href":"https:\/\/buenosdiasbcs.com\/index.php?rest_route=\/wp\/v2\/media\/8350"}],"wp:attachment":[{"href":"https:\/\/buenosdiasbcs.com\/index.php?rest_route=%2Fwp%2Fv2%2Fmedia&parent=8349"}],"wp:term":[{"taxonomy":"category","embeddable":true,"href":"https:\/\/buenosdiasbcs.com\/index.php?rest_route=%2Fwp%2Fv2%2Fcategories&post=8349"},{"taxonomy":"post_tag","embeddable":true,"href":"https:\/\/buenosdiasbcs.com\/index.php?rest_route=%2Fwp%2Fv2%2Ftags&post=8349"}],"curies":[{"name":"wp","href":"https:\/\/api.w.org\/{rel}","templated":true}]}}