{"id":8346,"date":"2026-04-30T00:47:00","date_gmt":"2026-04-30T07:47:00","guid":{"rendered":"https:\/\/buenosdiasbcs.com\/?p=8346"},"modified":"2026-04-29T16:53:19","modified_gmt":"2026-04-29T23:53:19","slug":"solicita-eu-a-mexico-detener-y-extraditar-a-ruben-rocha-y-otros-imputados-por-narco","status":"publish","type":"post","link":"https:\/\/buenosdiasbcs.com\/?p=8346","title":{"rendered":"Solicita EU a M\u00e9xico detener y extraditar a Rub\u00e9n Rocha y otros imputados por narco"},"content":{"rendered":"\n<h2 class=\"wp-block-heading\" id=\"h-la-dependencia-indico-que-como-ocurre-en-este-tipo-de-tramites-turno-la-solicitud-a-la-fiscalia-general-de-la-republica\">La dependencia indic\u00f3 que, como ocurre en este tipo de tr\u00e1mites, turn\u00f3 la solicitud a la Fiscal\u00eda General de la Rep\u00fablica<\/h2>\n\n\n\n<p><strong>Washington DC.-<\/strong>&nbsp;El Gobierno de Estados Unidos<strong>&nbsp;solicit\u00f3 la detenci\u00f3n<\/strong>&nbsp;con fines de extradici\u00f3n del Gobernador de Sinaloa, Rub\u00e9n Rocha Moya, y otros nueve funcionarios y ex funcionarios de su Gobierno que son requeridos por una Corte de Nueva York por dar protecci\u00f3n al C\u00e1rtel de Sinaloa.<\/p>\n\n\n\n<p>En un comunicado, la dependencia indic\u00f3 que, como ocurre en este tipo de tr\u00e1mites, turn\u00f3 la solicitud a la Fiscal\u00eda General de la Rep\u00fablica (FGR), que determinar\u00e1 si existen<strong>&nbsp;elementos suficientes para proceder<\/strong>&nbsp;a la entrega de los solicitados.<\/p>\n\n\n\n<blockquote class=\"wp-block-quote is-layout-flow wp-block-quote-is-layout-flow\">\n<p>\u201c&nbsp;Como debe procederse en estos casos, ser\u00e1 la Fiscal\u00eda General de la Rep\u00fablica quien determine si existen elementos probatorios de acuerdo con el sistema jur\u00eddico mexicano y la viabilidad de las solicitudes de detenci\u00f3n provisional con fines de extradici\u00f3n\u201d, indic\u00f3.&nbsp;<\/p>\n<\/blockquote>\n\n\n\n<p>La Canciller\u00eda se\u00f1al\u00f3 que&nbsp;<strong>la solicitud se realiz\u00f3 ayer<\/strong>&nbsp;a las 18:00 horas y se le dio el tr\u00e1mite establecido conforme al marco normativo vigente bajo la Ley de Extradici\u00f3n Internacional.<\/p>\n\n\n\n<p>La SRE sostuvo que en los&nbsp;<strong>tratados<\/strong>&nbsp;<strong>vigentes<\/strong>&nbsp;hay provisiones espec\u00edficas que establecen la confidencialidad de la informaci\u00f3n; por esta raz\u00f3n, se enviar\u00e1 un extra\u00f1amiento a la Embajada de los Estados Unidos por la forma en que se dio a conocer.<\/p>\n\n\n\n<p>La Fiscal\u00eda de Estados Unidos en el Distrito Sur de Nueva York present\u00f3 una acusaci\u00f3n formal contra el Gobernador de Sinaloa, Rub\u00e9n Rocha Moya, y otros nueve funcionarios -en activo y retirados- por presuntamente conspirar con el C\u00e1rtel de Sinaloa para traficar drogas hacia territorio estadounidense a cambio de sobornos y apoyo pol\u00edtico.<\/p>\n\n\n\n<p>De acuerdo con el indictment dado a conocer este 29 de abril, los acusados incluyen tambi\u00e9n al senador Enrique Inzunza C\u00e1zarez; el Alcalde de Culiac\u00e1n, Juan de Dios G\u00e1mez Mend\u00edvil; mandos de seguridad, fiscales y ex funcionarios estatales.<\/p>\n\n\n\n<p>El Fiscal federal, Jay Clayton, y el administrador de la DEA, Terrance Cole, se\u00f1alaron que los implicados habr\u00edan utilizado sus cargos para facilitar el trasiego de<strong>&nbsp;fentanilo, coca\u00edna, hero\u00edna y metanfetamina<\/strong>&nbsp;hacia Estados Unidos, adem\u00e1s de proteger operaciones del c\u00e1rtel.<\/p>\n","protected":false},"excerpt":{"rendered":"<p>La dependencia indic\u00f3 que, como ocurre en este tipo de tr\u00e1mites, turn\u00f3 la solicitud a la Fiscal\u00eda General de la&#8230;<\/p>\n","protected":false},"author":2,"featured_media":8347,"comment_status":"open","ping_status":"open","sticky":false,"template":"","format":"standard","meta":{"footnotes":""},"categories":[29],"tags":[],"class_list":["post-8346","post","type-post","status-publish","format-standard","has-post-thumbnail","hentry","category-internacional"],"yoast_head":"<!-- This site is optimized with the Yoast SEO Premium plugin v26.8 (Yoast SEO v27.5) - https:\/\/yoast.com\/product\/yoast-seo-premium-wordpress\/ -->\n<title>Solicita EU a M\u00e9xico detener y extraditar a Rub\u00e9n Rocha y otros imputados por narco - Buenos D&iacute;as BCS<\/title>\n<meta name=\"robots\" content=\"index, follow, max-snippet:-1, max-image-preview:large, max-video-preview:-1\" \/>\n<link rel=\"canonical\" href=\"https:\/\/buenosdiasbcs.com\/?p=8346\" \/>\n<meta property=\"og:locale\" content=\"es_ES\" \/>\n<meta property=\"og:type\" content=\"article\" \/>\n<meta property=\"og:title\" content=\"Solicita EU a M\u00e9xico detener y extraditar a Rub\u00e9n Rocha y otros imputados por narco\" \/>\n<meta property=\"og:description\" content=\"La dependencia indic\u00f3 que, como ocurre en este tipo de tr\u00e1mites, turn\u00f3 la solicitud a la Fiscal\u00eda General de la...\" \/>\n<meta property=\"og:url\" content=\"https:\/\/buenosdiasbcs.com\/?p=8346\" \/>\n<meta property=\"og:site_name\" content=\"Buenos D&iacute;as BCS\" \/>\n<meta property=\"article:published_time\" content=\"2026-04-30T07:47:00+00:00\" \/>\n<meta property=\"og:image\" content=\"https:\/\/buenosdiasbcs.com\/wp-content\/uploads\/2026\/04\/web_canvax4x.png_1151807935.png.webp\" \/>\n\t<meta property=\"og:image:width\" content=\"698\" \/>\n\t<meta property=\"og:image:height\" content=\"393\" \/>\n\t<meta property=\"og:image:type\" content=\"image\/webp\" \/>\n<meta name=\"author\" content=\"Edici\u00f3n Buenos D\u00edas\" \/>\n<meta name=\"twitter:card\" content=\"summary_large_image\" \/>\n<meta name=\"twitter:label1\" content=\"Escrito por\" \/>\n\t<meta name=\"twitter:data1\" content=\"Edici\u00f3n Buenos D\u00edas\" \/>\n\t<meta name=\"twitter:label2\" content=\"Tiempo de lectura\" \/>\n\t<meta name=\"twitter:data2\" content=\"2 minutos\" \/>\n<script type=\"application\/ld+json\" class=\"yoast-schema-graph\">{\"@context\":\"https:\\\/\\\/schema.org\",\"@graph\":[{\"@type\":\"Article\",\"@id\":\"https:\\\/\\\/buenosdiasbcs.com\\\/?p=8346#article\",\"isPartOf\":{\"@id\":\"https:\\\/\\\/buenosdiasbcs.com\\\/?p=8346\"},\"author\":{\"name\":\"Edici\u00f3n Buenos D\u00edas\",\"@id\":\"https:\\\/\\\/buenosdiasbcs.com\\\/#\\\/schema\\\/person\\\/15aedc247eab7070ee5d76d6d069a821\"},\"headline\":\"Solicita EU a M\u00e9xico detener y extraditar a Rub\u00e9n Rocha y otros imputados por narco\",\"datePublished\":\"2026-04-30T07:47:00+00:00\",\"mainEntityOfPage\":{\"@id\":\"https:\\\/\\\/buenosdiasbcs.com\\\/?p=8346\"},\"wordCount\":420,\"commentCount\":0,\"publisher\":{\"@id\":\"https:\\\/\\\/buenosdiasbcs.com\\\/#organization\"},\"image\":{\"@id\":\"https:\\\/\\\/buenosdiasbcs.com\\\/?p=8346#primaryimage\"},\"thumbnailUrl\":\"https:\\\/\\\/buenosdiasbcs.com\\\/wp-content\\\/uploads\\\/2026\\\/04\\\/web_canvax4x.png_1151807935.png.webp\",\"articleSection\":[\"Internacional\"],\"inLanguage\":\"es\",\"potentialAction\":[{\"@type\":\"CommentAction\",\"name\":\"Comment\",\"target\":[\"https:\\\/\\\/buenosdiasbcs.com\\\/?p=8346#respond\"]}]},{\"@type\":\"WebPage\",\"@id\":\"https:\\\/\\\/buenosdiasbcs.com\\\/?p=8346\",\"url\":\"https:\\\/\\\/buenosdiasbcs.com\\\/?p=8346\",\"name\":\"Solicita EU a M\u00e9xico detener y extraditar a Rub\u00e9n Rocha y otros imputados por narco - Buenos D&iacute;as BCS\",\"isPartOf\":{\"@id\":\"https:\\\/\\\/buenosdiasbcs.com\\\/#website\"},\"primaryImageOfPage\":{\"@id\":\"https:\\\/\\\/buenosdiasbcs.com\\\/?p=8346#primaryimage\"},\"image\":{\"@id\":\"https:\\\/\\\/buenosdiasbcs.com\\\/?p=8346#primaryimage\"},\"thumbnailUrl\":\"https:\\\/\\\/buenosdiasbcs.com\\\/wp-content\\\/uploads\\\/2026\\\/04\\\/web_canvax4x.png_1151807935.png.webp\",\"datePublished\":\"2026-04-30T07:47:00+00:00\",\"breadcrumb\":{\"@id\":\"https:\\\/\\\/buenosdiasbcs.com\\\/?p=8346#breadcrumb\"},\"inLanguage\":\"es\",\"potentialAction\":[{\"@type\":\"ReadAction\",\"target\":[\"https:\\\/\\\/buenosdiasbcs.com\\\/?p=8346\"]}]},{\"@type\":\"ImageObject\",\"inLanguage\":\"es\",\"@id\":\"https:\\\/\\\/buenosdiasbcs.com\\\/?p=8346#primaryimage\",\"url\":\"https:\\\/\\\/buenosdiasbcs.com\\\/wp-content\\\/uploads\\\/2026\\\/04\\\/web_canvax4x.png_1151807935.png.webp\",\"contentUrl\":\"https:\\\/\\\/buenosdiasbcs.com\\\/wp-content\\\/uploads\\\/2026\\\/04\\\/web_canvax4x.png_1151807935.png.webp\",\"width\":698,\"height\":393},{\"@type\":\"BreadcrumbList\",\"@id\":\"https:\\\/\\\/buenosdiasbcs.com\\\/?p=8346#breadcrumb\",\"itemListElement\":[{\"@type\":\"ListItem\",\"position\":1,\"name\":\"Portada\",\"item\":\"https:\\\/\\\/buenosdiasbcs.com\\\/\"},{\"@type\":\"ListItem\",\"position\":2,\"name\":\"Solicita EU a M\u00e9xico detener y extraditar a Rub\u00e9n Rocha y otros imputados por narco\"}]},{\"@type\":\"WebSite\",\"@id\":\"https:\\\/\\\/buenosdiasbcs.com\\\/#website\",\"url\":\"https:\\\/\\\/buenosdiasbcs.com\\\/\",\"name\":\"Buenos D\u00edas BCS\",\"description\":\"\",\"publisher\":{\"@id\":\"https:\\\/\\\/buenosdiasbcs.com\\\/#organization\"},\"potentialAction\":[{\"@type\":\"SearchAction\",\"target\":{\"@type\":\"EntryPoint\",\"urlTemplate\":\"https:\\\/\\\/buenosdiasbcs.com\\\/?s={search_term_string}\"},\"query-input\":{\"@type\":\"PropertyValueSpecification\",\"valueRequired\":true,\"valueName\":\"search_term_string\"}}],\"inLanguage\":\"es\"},{\"@type\":\"Organization\",\"@id\":\"https:\\\/\\\/buenosdiasbcs.com\\\/#organization\",\"name\":\"Buenos D\u00edas BCS\",\"url\":\"https:\\\/\\\/buenosdiasbcs.com\\\/\",\"logo\":{\"@type\":\"ImageObject\",\"inLanguage\":\"es\",\"@id\":\"https:\\\/\\\/buenosdiasbcs.com\\\/#\\\/schema\\\/logo\\\/image\\\/\",\"url\":\"https:\\\/\\\/buenosdiasbcs.com\\\/wp-content\\\/uploads\\\/2026\\\/01\\\/logo-buenos-dias-40-01.png\",\"contentUrl\":\"https:\\\/\\\/buenosdiasbcs.com\\\/wp-content\\\/uploads\\\/2026\\\/01\\\/logo-buenos-dias-40-01.png\",\"width\":277,\"height\":40,\"caption\":\"Buenos D\u00edas BCS\"},\"image\":{\"@id\":\"https:\\\/\\\/buenosdiasbcs.com\\\/#\\\/schema\\\/logo\\\/image\\\/\"}},{\"@type\":\"Person\",\"@id\":\"https:\\\/\\\/buenosdiasbcs.com\\\/#\\\/schema\\\/person\\\/15aedc247eab7070ee5d76d6d069a821\",\"name\":\"Edici\u00f3n Buenos D\u00edas\",\"image\":{\"@type\":\"ImageObject\",\"inLanguage\":\"es\",\"@id\":\"https:\\\/\\\/buenosdiasbcs.com\\\/wp-content\\\/uploads\\\/2026\\\/01\\\/cropped-sol-96x96.png\",\"url\":\"https:\\\/\\\/buenosdiasbcs.com\\\/wp-content\\\/uploads\\\/2026\\\/01\\\/cropped-sol-96x96.png\",\"contentUrl\":\"https:\\\/\\\/buenosdiasbcs.com\\\/wp-content\\\/uploads\\\/2026\\\/01\\\/cropped-sol-96x96.png\",\"caption\":\"Edici\u00f3n Buenos D\u00edas\"},\"url\":\"https:\\\/\\\/buenosdiasbcs.com\\\/?author=2\"}]}<\/script>\n<!-- \/ Yoast SEO Premium plugin. -->","yoast_head_json":{"title":"Solicita EU a M\u00e9xico detener y extraditar a Rub\u00e9n Rocha y otros imputados por narco - Buenos D&iacute;as BCS","robots":{"index":"index","follow":"follow","max-snippet":"max-snippet:-1","max-image-preview":"max-image-preview:large","max-video-preview":"max-video-preview:-1"},"canonical":"https:\/\/buenosdiasbcs.com\/?p=8346","og_locale":"es_ES","og_type":"article","og_title":"Solicita EU a M\u00e9xico detener y extraditar a Rub\u00e9n Rocha y otros imputados por narco","og_description":"La dependencia indic\u00f3 que, como ocurre en este tipo de tr\u00e1mites, turn\u00f3 la solicitud a la Fiscal\u00eda General de la...","og_url":"https:\/\/buenosdiasbcs.com\/?p=8346","og_site_name":"Buenos D&iacute;as BCS","article_published_time":"2026-04-30T07:47:00+00:00","og_image":[{"width":698,"height":393,"url":"https:\/\/buenosdiasbcs.com\/wp-content\/uploads\/2026\/04\/web_canvax4x.png_1151807935.png.webp","type":"image\/webp"}],"author":"Edici\u00f3n Buenos D\u00edas","twitter_card":"summary_large_image","twitter_misc":{"Escrito por":"Edici\u00f3n Buenos D\u00edas","Tiempo de lectura":"2 minutos"},"schema":{"@context":"https:\/\/schema.org","@graph":[{"@type":"Article","@id":"https:\/\/buenosdiasbcs.com\/?p=8346#article","isPartOf":{"@id":"https:\/\/buenosdiasbcs.com\/?p=8346"},"author":{"name":"Edici\u00f3n Buenos D\u00edas","@id":"https:\/\/buenosdiasbcs.com\/#\/schema\/person\/15aedc247eab7070ee5d76d6d069a821"},"headline":"Solicita EU a M\u00e9xico detener y extraditar a Rub\u00e9n Rocha y otros imputados por narco","datePublished":"2026-04-30T07:47:00+00:00","mainEntityOfPage":{"@id":"https:\/\/buenosdiasbcs.com\/?p=8346"},"wordCount":420,"commentCount":0,"publisher":{"@id":"https:\/\/buenosdiasbcs.com\/#organization"},"image":{"@id":"https:\/\/buenosdiasbcs.com\/?p=8346#primaryimage"},"thumbnailUrl":"https:\/\/buenosdiasbcs.com\/wp-content\/uploads\/2026\/04\/web_canvax4x.png_1151807935.png.webp","articleSection":["Internacional"],"inLanguage":"es","potentialAction":[{"@type":"CommentAction","name":"Comment","target":["https:\/\/buenosdiasbcs.com\/?p=8346#respond"]}]},{"@type":"WebPage","@id":"https:\/\/buenosdiasbcs.com\/?p=8346","url":"https:\/\/buenosdiasbcs.com\/?p=8346","name":"Solicita EU a M\u00e9xico detener y extraditar a Rub\u00e9n Rocha y otros imputados por narco - Buenos D&iacute;as BCS","isPartOf":{"@id":"https:\/\/buenosdiasbcs.com\/#website"},"primaryImageOfPage":{"@id":"https:\/\/buenosdiasbcs.com\/?p=8346#primaryimage"},"image":{"@id":"https:\/\/buenosdiasbcs.com\/?p=8346#primaryimage"},"thumbnailUrl":"https:\/\/buenosdiasbcs.com\/wp-content\/uploads\/2026\/04\/web_canvax4x.png_1151807935.png.webp","datePublished":"2026-04-30T07:47:00+00:00","breadcrumb":{"@id":"https:\/\/buenosdiasbcs.com\/?p=8346#breadcrumb"},"inLanguage":"es","potentialAction":[{"@type":"ReadAction","target":["https:\/\/buenosdiasbcs.com\/?p=8346"]}]},{"@type":"ImageObject","inLanguage":"es","@id":"https:\/\/buenosdiasbcs.com\/?p=8346#primaryimage","url":"https:\/\/buenosdiasbcs.com\/wp-content\/uploads\/2026\/04\/web_canvax4x.png_1151807935.png.webp","contentUrl":"https:\/\/buenosdiasbcs.com\/wp-content\/uploads\/2026\/04\/web_canvax4x.png_1151807935.png.webp","width":698,"height":393},{"@type":"BreadcrumbList","@id":"https:\/\/buenosdiasbcs.com\/?p=8346#breadcrumb","itemListElement":[{"@type":"ListItem","position":1,"name":"Portada","item":"https:\/\/buenosdiasbcs.com\/"},{"@type":"ListItem","position":2,"name":"Solicita EU a M\u00e9xico detener y extraditar a Rub\u00e9n Rocha y otros imputados por narco"}]},{"@type":"WebSite","@id":"https:\/\/buenosdiasbcs.com\/#website","url":"https:\/\/buenosdiasbcs.com\/","name":"Buenos D\u00edas BCS","description":"","publisher":{"@id":"https:\/\/buenosdiasbcs.com\/#organization"},"potentialAction":[{"@type":"SearchAction","target":{"@type":"EntryPoint","urlTemplate":"https:\/\/buenosdiasbcs.com\/?s={search_term_string}"},"query-input":{"@type":"PropertyValueSpecification","valueRequired":true,"valueName":"search_term_string"}}],"inLanguage":"es"},{"@type":"Organization","@id":"https:\/\/buenosdiasbcs.com\/#organization","name":"Buenos D\u00edas BCS","url":"https:\/\/buenosdiasbcs.com\/","logo":{"@type":"ImageObject","inLanguage":"es","@id":"https:\/\/buenosdiasbcs.com\/#\/schema\/logo\/image\/","url":"https:\/\/buenosdiasbcs.com\/wp-content\/uploads\/2026\/01\/logo-buenos-dias-40-01.png","contentUrl":"https:\/\/buenosdiasbcs.com\/wp-content\/uploads\/2026\/01\/logo-buenos-dias-40-01.png","width":277,"height":40,"caption":"Buenos D\u00edas BCS"},"image":{"@id":"https:\/\/buenosdiasbcs.com\/#\/schema\/logo\/image\/"}},{"@type":"Person","@id":"https:\/\/buenosdiasbcs.com\/#\/schema\/person\/15aedc247eab7070ee5d76d6d069a821","name":"Edici\u00f3n Buenos D\u00edas","image":{"@type":"ImageObject","inLanguage":"es","@id":"https:\/\/buenosdiasbcs.com\/wp-content\/uploads\/2026\/01\/cropped-sol-96x96.png","url":"https:\/\/buenosdiasbcs.com\/wp-content\/uploads\/2026\/01\/cropped-sol-96x96.png","contentUrl":"https:\/\/buenosdiasbcs.com\/wp-content\/uploads\/2026\/01\/cropped-sol-96x96.png","caption":"Edici\u00f3n Buenos D\u00edas"},"url":"https:\/\/buenosdiasbcs.com\/?author=2"}]}},"amp_enabled":true,"_links":{"self":[{"href":"https:\/\/buenosdiasbcs.com\/index.php?rest_route=\/wp\/v2\/posts\/8346","targetHints":{"allow":["GET"]}}],"collection":[{"href":"https:\/\/buenosdiasbcs.com\/index.php?rest_route=\/wp\/v2\/posts"}],"about":[{"href":"https:\/\/buenosdiasbcs.com\/index.php?rest_route=\/wp\/v2\/types\/post"}],"author":[{"embeddable":true,"href":"https:\/\/buenosdiasbcs.com\/index.php?rest_route=\/wp\/v2\/users\/2"}],"replies":[{"embeddable":true,"href":"https:\/\/buenosdiasbcs.com\/index.php?rest_route=%2Fwp%2Fv2%2Fcomments&post=8346"}],"version-history":[{"count":1,"href":"https:\/\/buenosdiasbcs.com\/index.php?rest_route=\/wp\/v2\/posts\/8346\/revisions"}],"predecessor-version":[{"id":8348,"href":"https:\/\/buenosdiasbcs.com\/index.php?rest_route=\/wp\/v2\/posts\/8346\/revisions\/8348"}],"wp:featuredmedia":[{"embeddable":true,"href":"https:\/\/buenosdiasbcs.com\/index.php?rest_route=\/wp\/v2\/media\/8347"}],"wp:attachment":[{"href":"https:\/\/buenosdiasbcs.com\/index.php?rest_route=%2Fwp%2Fv2%2Fmedia&parent=8346"}],"wp:term":[{"taxonomy":"category","embeddable":true,"href":"https:\/\/buenosdiasbcs.com\/index.php?rest_route=%2Fwp%2Fv2%2Fcategories&post=8346"},{"taxonomy":"post_tag","embeddable":true,"href":"https:\/\/buenosdiasbcs.com\/index.php?rest_route=%2Fwp%2Fv2%2Ftags&post=8346"}],"curies":[{"name":"wp","href":"https:\/\/api.w.org\/{rel}","templated":true}]}}