{"id":8334,"date":"2026-04-30T00:36:00","date_gmt":"2026-04-30T07:36:00","guid":{"rendered":"https:\/\/buenosdiasbcs.com\/?p=8334"},"modified":"2026-04-29T16:37:43","modified_gmt":"2026-04-29T23:37:43","slug":"inicia-gobierno-de-bcs-pavimentacion-en-vista-hermosa-para-mejorar-movilidad-y-bienestar-en-la-paz","status":"publish","type":"post","link":"https:\/\/buenosdiasbcs.com\/?p=8334","title":{"rendered":"Inicia Gobierno de BCS pavimentaci\u00f3n en Vista Hermosa para mejorar movilidad y bienestar en La Paz"},"content":{"rendered":"\n<p>El gobernador del estado, V\u00edctor Manuel Castro Cos\u00edo, encabez\u00f3 el inicio de la pavimentaci\u00f3n de la calle Lucero, en la colonia Vista Hermosa, en La Paz, obra en la que se invertir\u00e1n 8.1 millones de pesos en beneficio directo de familias que habitan en esta zona.<\/p>\n\n\n\n<p>La obra contempla la pavimentaci\u00f3n de 2 mil metros cuadrados con concreto hidr\u00e1ulico, en el tramo comprendido entre calle Lucero y calle Norte. Incluye la introducci\u00f3n de redes de agua potable, drenaje y alcantarillado, as\u00ed como la construcci\u00f3n de guarniciones, banquetas, alumbrado p\u00fablico y se\u00f1alamiento vial. Se prev\u00e9 su conclusi\u00f3n durante el mes de julio.<\/p>\n\n\n\n<p>El mandatario destac\u00f3 que esta acci\u00f3n responde a la atenci\u00f3n de necesidades prioritarias en sectores que por a\u00f1os demandaron mejores condiciones de infraestructura, al tiempo que contribuye a mejorar la movilidad y el entorno urbano en esta zona de la ciudad.<\/p>\n\n\n\n<p>Acompa\u00f1ado por la alcaldesa de La Paz, Milena Quiroga Romero, y por la secretaria de Planeaci\u00f3n Urbana, Infraestructura, Movilidad, Medio Ambiente y Recursos Naturales, Carolina Armenta Cervantes, inform\u00f3 que en este mismo sector poniente se concluir\u00e1 la pavimentaci\u00f3n de la calle Municipio Libre, adem\u00e1s de contemplarse para el pr\u00f3ximo a\u00f1o la integraci\u00f3n de un circuito vial que fortalecer\u00e1 la conectividad en la colonia Vista Hermosa.<\/p>\n\n\n\n<p>Asimismo, resalt\u00f3 que esta colonia ha registrado avances durante la presente administraci\u00f3n, con acciones que fortalecen su entorno mediante mejores vialidades, espacios educativos y \u00e1reas deportivas, as\u00ed como la construcci\u00f3n de un centro de atenci\u00f3n comunitaria.<\/p>\n\n\n\n<p>Castro Cos\u00edo subray\u00f3 que estas labores reflejan un trabajo con sentido social en los cinco municipios, orientado a generar condiciones de mayor equidad y bienestar para la poblaci\u00f3n.<\/p>\n\n\n\n<p>Al finalizar, el Ejecutivo estatal dialog\u00f3 con jefas y jefes de familia de colonias aleda\u00f1as, con quienes acord\u00f3 sostener en pr\u00f3ximos d\u00edas una reuni\u00f3n de trabajo para atender de manera directa sus principales necesidades.<\/p>\n","protected":false},"excerpt":{"rendered":"<p>El gobernador del estado, V\u00edctor Manuel Castro Cos\u00edo, encabez\u00f3 el inicio de la pavimentaci\u00f3n de la calle Lucero, en la&#8230;<\/p>\n","protected":false},"author":2,"featured_media":8335,"comment_status":"open","ping_status":"open","sticky":false,"template":"","format":"standard","meta":{"footnotes":""},"categories":[24],"tags":[],"class_list":["post-8334","post","type-post","status-publish","format-standard","has-post-thumbnail","hentry","category-gobierno"],"yoast_head":"<!-- This site is optimized with the Yoast SEO Premium plugin v26.8 (Yoast SEO v27.5) - https:\/\/yoast.com\/product\/yoast-seo-premium-wordpress\/ -->\n<title>Inicia Gobierno de BCS pavimentaci\u00f3n en Vista Hermosa para mejorar movilidad y bienestar en La Paz - Buenos D&iacute;as BCS<\/title>\n<meta name=\"robots\" content=\"index, follow, max-snippet:-1, max-image-preview:large, max-video-preview:-1\" \/>\n<link rel=\"canonical\" href=\"https:\/\/buenosdiasbcs.com\/?p=8334\" \/>\n<meta property=\"og:locale\" content=\"es_ES\" \/>\n<meta property=\"og:type\" content=\"article\" \/>\n<meta property=\"og:title\" content=\"Inicia Gobierno de BCS pavimentaci\u00f3n en Vista Hermosa para mejorar movilidad y bienestar en La Paz\" \/>\n<meta property=\"og:description\" content=\"El gobernador del estado, V\u00edctor Manuel Castro Cos\u00edo, encabez\u00f3 el inicio de la pavimentaci\u00f3n de la calle Lucero, en la...\" \/>\n<meta property=\"og:url\" content=\"https:\/\/buenosdiasbcs.com\/?p=8334\" \/>\n<meta property=\"og:site_name\" content=\"Buenos D&iacute;as BCS\" \/>\n<meta property=\"article:published_time\" content=\"2026-04-30T07:36:00+00:00\" \/>\n<meta property=\"og:image\" content=\"https:\/\/buenosdiasbcs.com\/wp-content\/uploads\/2026\/04\/FOTO1-BOLETIN-0117-VMCC-PAVIMENTACION-2048x1150-1.jpg\" \/>\n\t<meta property=\"og:image:width\" content=\"2048\" \/>\n\t<meta property=\"og:image:height\" content=\"1150\" \/>\n\t<meta property=\"og:image:type\" content=\"image\/jpeg\" \/>\n<meta name=\"author\" content=\"Edici\u00f3n Buenos D\u00edas\" \/>\n<meta name=\"twitter:card\" content=\"summary_large_image\" \/>\n<meta name=\"twitter:label1\" content=\"Escrito por\" \/>\n\t<meta name=\"twitter:data1\" content=\"Edici\u00f3n Buenos D\u00edas\" \/>\n\t<meta name=\"twitter:label2\" content=\"Tiempo de lectura\" \/>\n\t<meta name=\"twitter:data2\" content=\"2 minutos\" \/>\n<script type=\"application\/ld+json\" class=\"yoast-schema-graph\">{\"@context\":\"https:\\\/\\\/schema.org\",\"@graph\":[{\"@type\":\"Article\",\"@id\":\"https:\\\/\\\/buenosdiasbcs.com\\\/?p=8334#article\",\"isPartOf\":{\"@id\":\"https:\\\/\\\/buenosdiasbcs.com\\\/?p=8334\"},\"author\":{\"name\":\"Edici\u00f3n Buenos D\u00edas\",\"@id\":\"https:\\\/\\\/buenosdiasbcs.com\\\/#\\\/schema\\\/person\\\/15aedc247eab7070ee5d76d6d069a821\"},\"headline\":\"Inicia Gobierno de BCS pavimentaci\u00f3n en Vista Hermosa para mejorar movilidad y bienestar en La Paz\",\"datePublished\":\"2026-04-30T07:36:00+00:00\",\"mainEntityOfPage\":{\"@id\":\"https:\\\/\\\/buenosdiasbcs.com\\\/?p=8334\"},\"wordCount\":350,\"commentCount\":0,\"publisher\":{\"@id\":\"https:\\\/\\\/buenosdiasbcs.com\\\/#organization\"},\"image\":{\"@id\":\"https:\\\/\\\/buenosdiasbcs.com\\\/?p=8334#primaryimage\"},\"thumbnailUrl\":\"https:\\\/\\\/buenosdiasbcs.com\\\/wp-content\\\/uploads\\\/2026\\\/04\\\/FOTO1-BOLETIN-0117-VMCC-PAVIMENTACION-2048x1150-1.jpg\",\"articleSection\":[\"Gobierno\"],\"inLanguage\":\"es\",\"potentialAction\":[{\"@type\":\"CommentAction\",\"name\":\"Comment\",\"target\":[\"https:\\\/\\\/buenosdiasbcs.com\\\/?p=8334#respond\"]}]},{\"@type\":\"WebPage\",\"@id\":\"https:\\\/\\\/buenosdiasbcs.com\\\/?p=8334\",\"url\":\"https:\\\/\\\/buenosdiasbcs.com\\\/?p=8334\",\"name\":\"Inicia Gobierno de BCS pavimentaci\u00f3n en Vista Hermosa para mejorar movilidad y bienestar en La Paz - Buenos D&iacute;as BCS\",\"isPartOf\":{\"@id\":\"https:\\\/\\\/buenosdiasbcs.com\\\/#website\"},\"primaryImageOfPage\":{\"@id\":\"https:\\\/\\\/buenosdiasbcs.com\\\/?p=8334#primaryimage\"},\"image\":{\"@id\":\"https:\\\/\\\/buenosdiasbcs.com\\\/?p=8334#primaryimage\"},\"thumbnailUrl\":\"https:\\\/\\\/buenosdiasbcs.com\\\/wp-content\\\/uploads\\\/2026\\\/04\\\/FOTO1-BOLETIN-0117-VMCC-PAVIMENTACION-2048x1150-1.jpg\",\"datePublished\":\"2026-04-30T07:36:00+00:00\",\"breadcrumb\":{\"@id\":\"https:\\\/\\\/buenosdiasbcs.com\\\/?p=8334#breadcrumb\"},\"inLanguage\":\"es\",\"potentialAction\":[{\"@type\":\"ReadAction\",\"target\":[\"https:\\\/\\\/buenosdiasbcs.com\\\/?p=8334\"]}]},{\"@type\":\"ImageObject\",\"inLanguage\":\"es\",\"@id\":\"https:\\\/\\\/buenosdiasbcs.com\\\/?p=8334#primaryimage\",\"url\":\"https:\\\/\\\/buenosdiasbcs.com\\\/wp-content\\\/uploads\\\/2026\\\/04\\\/FOTO1-BOLETIN-0117-VMCC-PAVIMENTACION-2048x1150-1.jpg\",\"contentUrl\":\"https:\\\/\\\/buenosdiasbcs.com\\\/wp-content\\\/uploads\\\/2026\\\/04\\\/FOTO1-BOLETIN-0117-VMCC-PAVIMENTACION-2048x1150-1.jpg\",\"width\":2048,\"height\":1150},{\"@type\":\"BreadcrumbList\",\"@id\":\"https:\\\/\\\/buenosdiasbcs.com\\\/?p=8334#breadcrumb\",\"itemListElement\":[{\"@type\":\"ListItem\",\"position\":1,\"name\":\"Portada\",\"item\":\"https:\\\/\\\/buenosdiasbcs.com\\\/\"},{\"@type\":\"ListItem\",\"position\":2,\"name\":\"Inicia Gobierno de BCS pavimentaci\u00f3n en Vista Hermosa para mejorar movilidad y bienestar en La Paz\"}]},{\"@type\":\"WebSite\",\"@id\":\"https:\\\/\\\/buenosdiasbcs.com\\\/#website\",\"url\":\"https:\\\/\\\/buenosdiasbcs.com\\\/\",\"name\":\"Buenos D\u00edas BCS\",\"description\":\"\",\"publisher\":{\"@id\":\"https:\\\/\\\/buenosdiasbcs.com\\\/#organization\"},\"potentialAction\":[{\"@type\":\"SearchAction\",\"target\":{\"@type\":\"EntryPoint\",\"urlTemplate\":\"https:\\\/\\\/buenosdiasbcs.com\\\/?s={search_term_string}\"},\"query-input\":{\"@type\":\"PropertyValueSpecification\",\"valueRequired\":true,\"valueName\":\"search_term_string\"}}],\"inLanguage\":\"es\"},{\"@type\":\"Organization\",\"@id\":\"https:\\\/\\\/buenosdiasbcs.com\\\/#organization\",\"name\":\"Buenos D\u00edas BCS\",\"url\":\"https:\\\/\\\/buenosdiasbcs.com\\\/\",\"logo\":{\"@type\":\"ImageObject\",\"inLanguage\":\"es\",\"@id\":\"https:\\\/\\\/buenosdiasbcs.com\\\/#\\\/schema\\\/logo\\\/image\\\/\",\"url\":\"https:\\\/\\\/buenosdiasbcs.com\\\/wp-content\\\/uploads\\\/2026\\\/01\\\/logo-buenos-dias-40-01.png\",\"contentUrl\":\"https:\\\/\\\/buenosdiasbcs.com\\\/wp-content\\\/uploads\\\/2026\\\/01\\\/logo-buenos-dias-40-01.png\",\"width\":277,\"height\":40,\"caption\":\"Buenos D\u00edas BCS\"},\"image\":{\"@id\":\"https:\\\/\\\/buenosdiasbcs.com\\\/#\\\/schema\\\/logo\\\/image\\\/\"}},{\"@type\":\"Person\",\"@id\":\"https:\\\/\\\/buenosdiasbcs.com\\\/#\\\/schema\\\/person\\\/15aedc247eab7070ee5d76d6d069a821\",\"name\":\"Edici\u00f3n Buenos D\u00edas\",\"image\":{\"@type\":\"ImageObject\",\"inLanguage\":\"es\",\"@id\":\"https:\\\/\\\/buenosdiasbcs.com\\\/wp-content\\\/uploads\\\/2026\\\/01\\\/cropped-sol-96x96.png\",\"url\":\"https:\\\/\\\/buenosdiasbcs.com\\\/wp-content\\\/uploads\\\/2026\\\/01\\\/cropped-sol-96x96.png\",\"contentUrl\":\"https:\\\/\\\/buenosdiasbcs.com\\\/wp-content\\\/uploads\\\/2026\\\/01\\\/cropped-sol-96x96.png\",\"caption\":\"Edici\u00f3n Buenos D\u00edas\"},\"url\":\"https:\\\/\\\/buenosdiasbcs.com\\\/?author=2\"}]}<\/script>\n<!-- \/ Yoast SEO Premium plugin. -->","yoast_head_json":{"title":"Inicia Gobierno de BCS pavimentaci\u00f3n en Vista Hermosa para mejorar movilidad y bienestar en La Paz - Buenos D&iacute;as BCS","robots":{"index":"index","follow":"follow","max-snippet":"max-snippet:-1","max-image-preview":"max-image-preview:large","max-video-preview":"max-video-preview:-1"},"canonical":"https:\/\/buenosdiasbcs.com\/?p=8334","og_locale":"es_ES","og_type":"article","og_title":"Inicia Gobierno de BCS pavimentaci\u00f3n en Vista Hermosa para mejorar movilidad y bienestar en La Paz","og_description":"El gobernador del estado, V\u00edctor Manuel Castro Cos\u00edo, encabez\u00f3 el inicio de la pavimentaci\u00f3n de la calle Lucero, en la...","og_url":"https:\/\/buenosdiasbcs.com\/?p=8334","og_site_name":"Buenos D&iacute;as BCS","article_published_time":"2026-04-30T07:36:00+00:00","og_image":[{"width":2048,"height":1150,"url":"https:\/\/buenosdiasbcs.com\/wp-content\/uploads\/2026\/04\/FOTO1-BOLETIN-0117-VMCC-PAVIMENTACION-2048x1150-1.jpg","type":"image\/jpeg"}],"author":"Edici\u00f3n Buenos D\u00edas","twitter_card":"summary_large_image","twitter_misc":{"Escrito por":"Edici\u00f3n Buenos D\u00edas","Tiempo de lectura":"2 minutos"},"schema":{"@context":"https:\/\/schema.org","@graph":[{"@type":"Article","@id":"https:\/\/buenosdiasbcs.com\/?p=8334#article","isPartOf":{"@id":"https:\/\/buenosdiasbcs.com\/?p=8334"},"author":{"name":"Edici\u00f3n Buenos D\u00edas","@id":"https:\/\/buenosdiasbcs.com\/#\/schema\/person\/15aedc247eab7070ee5d76d6d069a821"},"headline":"Inicia Gobierno de BCS pavimentaci\u00f3n en Vista Hermosa para mejorar movilidad y bienestar en La Paz","datePublished":"2026-04-30T07:36:00+00:00","mainEntityOfPage":{"@id":"https:\/\/buenosdiasbcs.com\/?p=8334"},"wordCount":350,"commentCount":0,"publisher":{"@id":"https:\/\/buenosdiasbcs.com\/#organization"},"image":{"@id":"https:\/\/buenosdiasbcs.com\/?p=8334#primaryimage"},"thumbnailUrl":"https:\/\/buenosdiasbcs.com\/wp-content\/uploads\/2026\/04\/FOTO1-BOLETIN-0117-VMCC-PAVIMENTACION-2048x1150-1.jpg","articleSection":["Gobierno"],"inLanguage":"es","potentialAction":[{"@type":"CommentAction","name":"Comment","target":["https:\/\/buenosdiasbcs.com\/?p=8334#respond"]}]},{"@type":"WebPage","@id":"https:\/\/buenosdiasbcs.com\/?p=8334","url":"https:\/\/buenosdiasbcs.com\/?p=8334","name":"Inicia Gobierno de BCS pavimentaci\u00f3n en Vista Hermosa para mejorar movilidad y bienestar en La Paz - Buenos D&iacute;as BCS","isPartOf":{"@id":"https:\/\/buenosdiasbcs.com\/#website"},"primaryImageOfPage":{"@id":"https:\/\/buenosdiasbcs.com\/?p=8334#primaryimage"},"image":{"@id":"https:\/\/buenosdiasbcs.com\/?p=8334#primaryimage"},"thumbnailUrl":"https:\/\/buenosdiasbcs.com\/wp-content\/uploads\/2026\/04\/FOTO1-BOLETIN-0117-VMCC-PAVIMENTACION-2048x1150-1.jpg","datePublished":"2026-04-30T07:36:00+00:00","breadcrumb":{"@id":"https:\/\/buenosdiasbcs.com\/?p=8334#breadcrumb"},"inLanguage":"es","potentialAction":[{"@type":"ReadAction","target":["https:\/\/buenosdiasbcs.com\/?p=8334"]}]},{"@type":"ImageObject","inLanguage":"es","@id":"https:\/\/buenosdiasbcs.com\/?p=8334#primaryimage","url":"https:\/\/buenosdiasbcs.com\/wp-content\/uploads\/2026\/04\/FOTO1-BOLETIN-0117-VMCC-PAVIMENTACION-2048x1150-1.jpg","contentUrl":"https:\/\/buenosdiasbcs.com\/wp-content\/uploads\/2026\/04\/FOTO1-BOLETIN-0117-VMCC-PAVIMENTACION-2048x1150-1.jpg","width":2048,"height":1150},{"@type":"BreadcrumbList","@id":"https:\/\/buenosdiasbcs.com\/?p=8334#breadcrumb","itemListElement":[{"@type":"ListItem","position":1,"name":"Portada","item":"https:\/\/buenosdiasbcs.com\/"},{"@type":"ListItem","position":2,"name":"Inicia Gobierno de BCS pavimentaci\u00f3n en Vista Hermosa para mejorar movilidad y bienestar en La Paz"}]},{"@type":"WebSite","@id":"https:\/\/buenosdiasbcs.com\/#website","url":"https:\/\/buenosdiasbcs.com\/","name":"Buenos D\u00edas BCS","description":"","publisher":{"@id":"https:\/\/buenosdiasbcs.com\/#organization"},"potentialAction":[{"@type":"SearchAction","target":{"@type":"EntryPoint","urlTemplate":"https:\/\/buenosdiasbcs.com\/?s={search_term_string}"},"query-input":{"@type":"PropertyValueSpecification","valueRequired":true,"valueName":"search_term_string"}}],"inLanguage":"es"},{"@type":"Organization","@id":"https:\/\/buenosdiasbcs.com\/#organization","name":"Buenos D\u00edas BCS","url":"https:\/\/buenosdiasbcs.com\/","logo":{"@type":"ImageObject","inLanguage":"es","@id":"https:\/\/buenosdiasbcs.com\/#\/schema\/logo\/image\/","url":"https:\/\/buenosdiasbcs.com\/wp-content\/uploads\/2026\/01\/logo-buenos-dias-40-01.png","contentUrl":"https:\/\/buenosdiasbcs.com\/wp-content\/uploads\/2026\/01\/logo-buenos-dias-40-01.png","width":277,"height":40,"caption":"Buenos D\u00edas BCS"},"image":{"@id":"https:\/\/buenosdiasbcs.com\/#\/schema\/logo\/image\/"}},{"@type":"Person","@id":"https:\/\/buenosdiasbcs.com\/#\/schema\/person\/15aedc247eab7070ee5d76d6d069a821","name":"Edici\u00f3n Buenos D\u00edas","image":{"@type":"ImageObject","inLanguage":"es","@id":"https:\/\/buenosdiasbcs.com\/wp-content\/uploads\/2026\/01\/cropped-sol-96x96.png","url":"https:\/\/buenosdiasbcs.com\/wp-content\/uploads\/2026\/01\/cropped-sol-96x96.png","contentUrl":"https:\/\/buenosdiasbcs.com\/wp-content\/uploads\/2026\/01\/cropped-sol-96x96.png","caption":"Edici\u00f3n Buenos D\u00edas"},"url":"https:\/\/buenosdiasbcs.com\/?author=2"}]}},"amp_enabled":true,"_links":{"self":[{"href":"https:\/\/buenosdiasbcs.com\/index.php?rest_route=\/wp\/v2\/posts\/8334","targetHints":{"allow":["GET"]}}],"collection":[{"href":"https:\/\/buenosdiasbcs.com\/index.php?rest_route=\/wp\/v2\/posts"}],"about":[{"href":"https:\/\/buenosdiasbcs.com\/index.php?rest_route=\/wp\/v2\/types\/post"}],"author":[{"embeddable":true,"href":"https:\/\/buenosdiasbcs.com\/index.php?rest_route=\/wp\/v2\/users\/2"}],"replies":[{"embeddable":true,"href":"https:\/\/buenosdiasbcs.com\/index.php?rest_route=%2Fwp%2Fv2%2Fcomments&post=8334"}],"version-history":[{"count":1,"href":"https:\/\/buenosdiasbcs.com\/index.php?rest_route=\/wp\/v2\/posts\/8334\/revisions"}],"predecessor-version":[{"id":8336,"href":"https:\/\/buenosdiasbcs.com\/index.php?rest_route=\/wp\/v2\/posts\/8334\/revisions\/8336"}],"wp:featuredmedia":[{"embeddable":true,"href":"https:\/\/buenosdiasbcs.com\/index.php?rest_route=\/wp\/v2\/media\/8335"}],"wp:attachment":[{"href":"https:\/\/buenosdiasbcs.com\/index.php?rest_route=%2Fwp%2Fv2%2Fmedia&parent=8334"}],"wp:term":[{"taxonomy":"category","embeddable":true,"href":"https:\/\/buenosdiasbcs.com\/index.php?rest_route=%2Fwp%2Fv2%2Fcategories&post=8334"},{"taxonomy":"post_tag","embeddable":true,"href":"https:\/\/buenosdiasbcs.com\/index.php?rest_route=%2Fwp%2Fv2%2Ftags&post=8334"}],"curies":[{"name":"wp","href":"https:\/\/api.w.org\/{rel}","templated":true}]}}