{"id":8326,"date":"2026-04-29T00:43:00","date_gmt":"2026-04-29T07:43:00","guid":{"rendered":"https:\/\/buenosdiasbcs.com\/?p=8326"},"modified":"2026-04-28T22:45:20","modified_gmt":"2026-04-29T05:45:20","slug":"propone-congreso-de-bcs-que-haya-al-menos-un-diputado-de-18-a-29-anos","status":"publish","type":"post","link":"https:\/\/buenosdiasbcs.com\/?p=8326","title":{"rendered":"Propone Congreso de BCS que haya al menos un diputado de 18 a 29 a\u00f1os"},"content":{"rendered":"\n<h2 class=\"wp-block-heading\" id=\"h-proponen-reforma-a-la-ley-electoral-de-baja-california-sur-con-el-fin-de-impulsar-las-candidaturas-de-jovenes\">Proponen reforma a la Ley Electoral de Baja California Sur con el fin de impulsar las candidaturas de j\u00f3venes.<\/h2>\n\n\n\n<p>La legisladora Karina Olivas Parra busca garantizar que, al menos uno(a) de los siguientes diputados(as), sea una persona joven. Foto Ilustrativa: Canva.<\/p>\n\n\n\n<p>Recientemente, el&nbsp;<strong>Congreso de Baja California Sur<\/strong>&nbsp;<a href=\"https:\/\/www.posta.com.mx\/bcs\/congreso-de-bcs-aprueba-licencia-de-manejo-de-hasta-6-anos\/vl2193792\">aprob\u00f3 emitir&nbsp;<strong>licencias de manejo<\/strong>&nbsp;de hasta 6 a\u00f1os<\/a>; en la sesi\u00f3n de hoy, una&nbsp;<strong>diputada&nbsp;<\/strong>propone otro tema que podr\u00eda significar un cambio importante en la&nbsp;<strong>pol\u00edtica sudcaliforniana:&nbsp;<\/strong>garantizar que haya un(a)&nbsp;<strong>diputado(a) joven.<\/strong><\/p>\n\n\n\n<h2 class=\"wp-block-heading\" id=\"h-en-que-consiste-la-propuesta-para-garantizar-un-distrito-exclusivo-para-jovenes-en-bcs\">\u00bfEn qu\u00e9 consiste la propuesta para garantizar un distrito exclusivo para j\u00f3venes en BCS?<\/h2>\n\n\n\n<p><a href=\"https:\/\/www.posta.com.mx\/bcs\/jornada-de-40-horas-en-bcs-el-derecho-a-descansar-que-el-congreso-ratifico\/vl2170078\">La iniciativa presentada en el&nbsp;<strong>Congreso de Baja California Sur&nbsp;<\/strong><\/a>plantea que se reserve,&nbsp;<strong>al menos, un distrito local exclusivo&nbsp;<\/strong>para personas<strong>&nbsp;j\u00f3venes&nbsp;<\/strong>de entre<strong>18 y 29 a\u00f1os<\/strong>, con el objetivo de asegurar su representaci\u00f3n en la integraci\u00f3n de la legislatura.<\/p>\n\n\n\n<p>La propuesta busca reformar la&nbsp;<strong>Ley de Instituciones y Procedimientos Electorales del Estado<\/strong>&nbsp;para modificar el esquema actual de candidaturas;&nbsp;<a href=\"https:\/\/www.posta.com.mx\/bcs\/diputada-de-bcs-se-opone-al-proyecto-minero-el-arco-por-impacto-en-el-acuifero-de-el-vizcaino\/vl2159580\">l<\/a><a href=\"https:\/\/www.posta.com.mx\/bcs\/diputada-de-bcs-se-opone-al-proyecto-minero-el-arco-por-impacto-en-el-acuifero-de-el-vizcaino\/vl2159580\">a diputada Karina Olivas Parra&nbsp;<\/a>se\u00f1al\u00f3 que, aunque existen acciones afirmativas para este sector, el sistema vigente a\u00fan permite que las&nbsp;<strong>candidaturas juveniles<\/strong>compitan directamente contra perfiles de mayor edad.<\/p>\n\n\n\n<p>Esto&nbsp;<strong>reduce sus posibilidades<\/strong>&nbsp;reales de acceso a un cargo de elecci\u00f3n popular, por ello consider\u00f3 necesario establecer un mecanismo m\u00e1s s\u00f3lido que<strong>&nbsp;garantice<\/strong><strong>su participaci\u00f3n efectiva<\/strong>.<\/p>\n\n\n\n<h2 class=\"wp-block-heading\" id=\"h-por-que-se-habla-de-un-deficit-de-representacion-generacional-en-el-congreso\">\u00bfPor qu\u00e9 se habla de un d\u00e9ficit de representaci\u00f3n generacional en el Congreso?<\/h2>\n\n\n\n<p>De acuerdo con la legisladora, la<strong>&nbsp;baja presencia de j\u00f3venes en cargos p\u00fablicos<\/strong>&nbsp;genera un d\u00e9ficit de representaci\u00f3n generacional en la toma de decisiones; esto provoca que las&nbsp;<strong>pol\u00edticas p\u00fablicas<\/strong>&nbsp;se definan principalmente desde perspectivas que no siempre reflejan las realidades actuales de la juventud.<\/p>\n\n\n\n<p>Entre los temas que, seg\u00fan la iniciativa, requieren mayor atenci\u00f3n desde una visi\u00f3n joven, se encuentran el&nbsp;<strong>acceso al empleo, la digitalizaci\u00f3n, la precariedad laboral y los cambios en la din\u00e1mica social;&nbsp;<\/strong>por ello, se argumenta que una mayor participaci\u00f3n juvenil permitir\u00eda una lectura m\u00e1s cercana de estas problem\u00e1ticas dentro del \u00e1mbito legislativo.<\/p>\n\n\n\n<h2 class=\"wp-block-heading\" id=\"h-como-busca-esta-iniciativa-fortalecer-la-democracia-con-la-participacion-de-jovenes\">\u00bfC\u00f3mo busca esta iniciativa fortalecer la democracia con la participaci\u00f3n de j\u00f3venes?<\/h2>\n\n\n\n<p>La propuesta tambi\u00e9n sostiene que incorporar m\u00e1s juventudes en cargos p\u00fablicos no s\u00f3lo responde a una l\u00f3gica de<strong>&nbsp;inclusi\u00f3n,&nbsp;<\/strong>sino a un intento de&nbsp;<strong>fortalecer la democracia<\/strong>&nbsp;mediante la incorporaci\u00f3n de nuevas perspectivas en la elaboraci\u00f3n de pol\u00edticas.<\/p>\n\n\n\n<p>La&nbsp;<strong>diputada&nbsp;<\/strong>se\u00f1al\u00f3 que las y los<strong>&nbsp;j\u00f3venes<\/strong>&nbsp;cuentan con capacidades t\u00e9cnicas y profesionales suficientes para asumir responsabilidades p\u00fablicas.<\/p>\n\n\n\n<p>Asimismo, se destac\u00f3 que este sector enfrenta retos importantes como el<strong>desempleo y la falta de acceso a la educaci\u00f3n<\/strong>, lo que hace a\u00fan m\u00e1s relevante su participaci\u00f3n en espacios de decisi\u00f3n.<\/p>\n","protected":false},"excerpt":{"rendered":"<p>Proponen reforma a la Ley Electoral de Baja California Sur con el fin de impulsar las candidaturas de j\u00f3venes. La&#8230;<\/p>\n","protected":false},"author":2,"featured_media":8327,"comment_status":"open","ping_status":"open","sticky":false,"template":"","format":"standard","meta":{"footnotes":""},"categories":[239],"tags":[],"class_list":["post-8326","post","type-post","status-publish","format-standard","has-post-thumbnail","hentry","category-partidos"],"yoast_head":"<!-- This site is optimized with the Yoast SEO Premium plugin v26.8 (Yoast SEO v27.5) - https:\/\/yoast.com\/product\/yoast-seo-premium-wordpress\/ -->\n<title>Propone Congreso de BCS que haya al menos un diputado de 18 a 29 a\u00f1os - Buenos D&iacute;as BCS<\/title>\n<meta name=\"robots\" content=\"index, follow, max-snippet:-1, max-image-preview:large, max-video-preview:-1\" \/>\n<link rel=\"canonical\" href=\"https:\/\/buenosdiasbcs.com\/?p=8326\" \/>\n<meta property=\"og:locale\" content=\"es_ES\" \/>\n<meta property=\"og:type\" content=\"article\" \/>\n<meta property=\"og:title\" content=\"Propone Congreso de BCS que haya al menos un diputado de 18 a 29 a\u00f1os\" \/>\n<meta property=\"og:description\" content=\"Proponen reforma a la Ley Electoral de Baja California Sur con el fin de impulsar las candidaturas de j\u00f3venes. La...\" \/>\n<meta property=\"og:url\" content=\"https:\/\/buenosdiasbcs.com\/?p=8326\" \/>\n<meta property=\"og:site_name\" content=\"Buenos D&iacute;as BCS\" \/>\n<meta property=\"article:published_time\" content=\"2026-04-29T07:43:00+00:00\" \/>\n<meta property=\"og:image\" content=\"https:\/\/buenosdiasbcs.com\/wp-content\/uploads\/2026\/04\/jovenes-1ffef40e-focus-0-0-1479-828.webp\" \/>\n\t<meta property=\"og:image:width\" content=\"1280\" \/>\n\t<meta property=\"og:image:height\" content=\"800\" \/>\n\t<meta property=\"og:image:type\" content=\"image\/webp\" \/>\n<meta name=\"author\" content=\"Edici\u00f3n Buenos D\u00edas\" \/>\n<meta name=\"twitter:card\" content=\"summary_large_image\" \/>\n<meta name=\"twitter:label1\" content=\"Escrito por\" \/>\n\t<meta name=\"twitter:data1\" content=\"Edici\u00f3n Buenos D\u00edas\" \/>\n\t<meta name=\"twitter:label2\" content=\"Tiempo de lectura\" \/>\n\t<meta name=\"twitter:data2\" content=\"3 minutos\" \/>\n<script type=\"application\/ld+json\" class=\"yoast-schema-graph\">{\"@context\":\"https:\\\/\\\/schema.org\",\"@graph\":[{\"@type\":\"Article\",\"@id\":\"https:\\\/\\\/buenosdiasbcs.com\\\/?p=8326#article\",\"isPartOf\":{\"@id\":\"https:\\\/\\\/buenosdiasbcs.com\\\/?p=8326\"},\"author\":{\"name\":\"Edici\u00f3n Buenos D\u00edas\",\"@id\":\"https:\\\/\\\/buenosdiasbcs.com\\\/#\\\/schema\\\/person\\\/15aedc247eab7070ee5d76d6d069a821\"},\"headline\":\"Propone Congreso de BCS que haya al menos un diputado de 18 a 29 a\u00f1os\",\"datePublished\":\"2026-04-29T07:43:00+00:00\",\"mainEntityOfPage\":{\"@id\":\"https:\\\/\\\/buenosdiasbcs.com\\\/?p=8326\"},\"wordCount\":533,\"commentCount\":0,\"publisher\":{\"@id\":\"https:\\\/\\\/buenosdiasbcs.com\\\/#organization\"},\"image\":{\"@id\":\"https:\\\/\\\/buenosdiasbcs.com\\\/?p=8326#primaryimage\"},\"thumbnailUrl\":\"https:\\\/\\\/buenosdiasbcs.com\\\/wp-content\\\/uploads\\\/2026\\\/04\\\/jovenes-1ffef40e-focus-0-0-1479-828.webp\",\"articleSection\":[\"Partidos\"],\"inLanguage\":\"es\",\"potentialAction\":[{\"@type\":\"CommentAction\",\"name\":\"Comment\",\"target\":[\"https:\\\/\\\/buenosdiasbcs.com\\\/?p=8326#respond\"]}]},{\"@type\":\"WebPage\",\"@id\":\"https:\\\/\\\/buenosdiasbcs.com\\\/?p=8326\",\"url\":\"https:\\\/\\\/buenosdiasbcs.com\\\/?p=8326\",\"name\":\"Propone Congreso de BCS que haya al menos un diputado de 18 a 29 a\u00f1os - Buenos D&iacute;as BCS\",\"isPartOf\":{\"@id\":\"https:\\\/\\\/buenosdiasbcs.com\\\/#website\"},\"primaryImageOfPage\":{\"@id\":\"https:\\\/\\\/buenosdiasbcs.com\\\/?p=8326#primaryimage\"},\"image\":{\"@id\":\"https:\\\/\\\/buenosdiasbcs.com\\\/?p=8326#primaryimage\"},\"thumbnailUrl\":\"https:\\\/\\\/buenosdiasbcs.com\\\/wp-content\\\/uploads\\\/2026\\\/04\\\/jovenes-1ffef40e-focus-0-0-1479-828.webp\",\"datePublished\":\"2026-04-29T07:43:00+00:00\",\"breadcrumb\":{\"@id\":\"https:\\\/\\\/buenosdiasbcs.com\\\/?p=8326#breadcrumb\"},\"inLanguage\":\"es\",\"potentialAction\":[{\"@type\":\"ReadAction\",\"target\":[\"https:\\\/\\\/buenosdiasbcs.com\\\/?p=8326\"]}]},{\"@type\":\"ImageObject\",\"inLanguage\":\"es\",\"@id\":\"https:\\\/\\\/buenosdiasbcs.com\\\/?p=8326#primaryimage\",\"url\":\"https:\\\/\\\/buenosdiasbcs.com\\\/wp-content\\\/uploads\\\/2026\\\/04\\\/jovenes-1ffef40e-focus-0-0-1479-828.webp\",\"contentUrl\":\"https:\\\/\\\/buenosdiasbcs.com\\\/wp-content\\\/uploads\\\/2026\\\/04\\\/jovenes-1ffef40e-focus-0-0-1479-828.webp\",\"width\":1280,\"height\":800},{\"@type\":\"BreadcrumbList\",\"@id\":\"https:\\\/\\\/buenosdiasbcs.com\\\/?p=8326#breadcrumb\",\"itemListElement\":[{\"@type\":\"ListItem\",\"position\":1,\"name\":\"Portada\",\"item\":\"https:\\\/\\\/buenosdiasbcs.com\\\/\"},{\"@type\":\"ListItem\",\"position\":2,\"name\":\"Propone Congreso de BCS que haya al menos un diputado de 18 a 29 a\u00f1os\"}]},{\"@type\":\"WebSite\",\"@id\":\"https:\\\/\\\/buenosdiasbcs.com\\\/#website\",\"url\":\"https:\\\/\\\/buenosdiasbcs.com\\\/\",\"name\":\"Buenos D\u00edas BCS\",\"description\":\"\",\"publisher\":{\"@id\":\"https:\\\/\\\/buenosdiasbcs.com\\\/#organization\"},\"potentialAction\":[{\"@type\":\"SearchAction\",\"target\":{\"@type\":\"EntryPoint\",\"urlTemplate\":\"https:\\\/\\\/buenosdiasbcs.com\\\/?s={search_term_string}\"},\"query-input\":{\"@type\":\"PropertyValueSpecification\",\"valueRequired\":true,\"valueName\":\"search_term_string\"}}],\"inLanguage\":\"es\"},{\"@type\":\"Organization\",\"@id\":\"https:\\\/\\\/buenosdiasbcs.com\\\/#organization\",\"name\":\"Buenos D\u00edas BCS\",\"url\":\"https:\\\/\\\/buenosdiasbcs.com\\\/\",\"logo\":{\"@type\":\"ImageObject\",\"inLanguage\":\"es\",\"@id\":\"https:\\\/\\\/buenosdiasbcs.com\\\/#\\\/schema\\\/logo\\\/image\\\/\",\"url\":\"https:\\\/\\\/buenosdiasbcs.com\\\/wp-content\\\/uploads\\\/2026\\\/01\\\/logo-buenos-dias-40-01.png\",\"contentUrl\":\"https:\\\/\\\/buenosdiasbcs.com\\\/wp-content\\\/uploads\\\/2026\\\/01\\\/logo-buenos-dias-40-01.png\",\"width\":277,\"height\":40,\"caption\":\"Buenos D\u00edas BCS\"},\"image\":{\"@id\":\"https:\\\/\\\/buenosdiasbcs.com\\\/#\\\/schema\\\/logo\\\/image\\\/\"}},{\"@type\":\"Person\",\"@id\":\"https:\\\/\\\/buenosdiasbcs.com\\\/#\\\/schema\\\/person\\\/15aedc247eab7070ee5d76d6d069a821\",\"name\":\"Edici\u00f3n Buenos D\u00edas\",\"image\":{\"@type\":\"ImageObject\",\"inLanguage\":\"es\",\"@id\":\"https:\\\/\\\/buenosdiasbcs.com\\\/wp-content\\\/uploads\\\/2026\\\/01\\\/cropped-sol-96x96.png\",\"url\":\"https:\\\/\\\/buenosdiasbcs.com\\\/wp-content\\\/uploads\\\/2026\\\/01\\\/cropped-sol-96x96.png\",\"contentUrl\":\"https:\\\/\\\/buenosdiasbcs.com\\\/wp-content\\\/uploads\\\/2026\\\/01\\\/cropped-sol-96x96.png\",\"caption\":\"Edici\u00f3n Buenos D\u00edas\"},\"url\":\"https:\\\/\\\/buenosdiasbcs.com\\\/?author=2\"}]}<\/script>\n<!-- \/ Yoast SEO Premium plugin. -->","yoast_head_json":{"title":"Propone Congreso de BCS que haya al menos un diputado de 18 a 29 a\u00f1os - Buenos D&iacute;as BCS","robots":{"index":"index","follow":"follow","max-snippet":"max-snippet:-1","max-image-preview":"max-image-preview:large","max-video-preview":"max-video-preview:-1"},"canonical":"https:\/\/buenosdiasbcs.com\/?p=8326","og_locale":"es_ES","og_type":"article","og_title":"Propone Congreso de BCS que haya al menos un diputado de 18 a 29 a\u00f1os","og_description":"Proponen reforma a la Ley Electoral de Baja California Sur con el fin de impulsar las candidaturas de j\u00f3venes. La...","og_url":"https:\/\/buenosdiasbcs.com\/?p=8326","og_site_name":"Buenos D&iacute;as BCS","article_published_time":"2026-04-29T07:43:00+00:00","og_image":[{"width":1280,"height":800,"url":"https:\/\/buenosdiasbcs.com\/wp-content\/uploads\/2026\/04\/jovenes-1ffef40e-focus-0-0-1479-828.webp","type":"image\/webp"}],"author":"Edici\u00f3n Buenos D\u00edas","twitter_card":"summary_large_image","twitter_misc":{"Escrito por":"Edici\u00f3n Buenos D\u00edas","Tiempo de lectura":"3 minutos"},"schema":{"@context":"https:\/\/schema.org","@graph":[{"@type":"Article","@id":"https:\/\/buenosdiasbcs.com\/?p=8326#article","isPartOf":{"@id":"https:\/\/buenosdiasbcs.com\/?p=8326"},"author":{"name":"Edici\u00f3n Buenos D\u00edas","@id":"https:\/\/buenosdiasbcs.com\/#\/schema\/person\/15aedc247eab7070ee5d76d6d069a821"},"headline":"Propone Congreso de BCS que haya al menos un diputado de 18 a 29 a\u00f1os","datePublished":"2026-04-29T07:43:00+00:00","mainEntityOfPage":{"@id":"https:\/\/buenosdiasbcs.com\/?p=8326"},"wordCount":533,"commentCount":0,"publisher":{"@id":"https:\/\/buenosdiasbcs.com\/#organization"},"image":{"@id":"https:\/\/buenosdiasbcs.com\/?p=8326#primaryimage"},"thumbnailUrl":"https:\/\/buenosdiasbcs.com\/wp-content\/uploads\/2026\/04\/jovenes-1ffef40e-focus-0-0-1479-828.webp","articleSection":["Partidos"],"inLanguage":"es","potentialAction":[{"@type":"CommentAction","name":"Comment","target":["https:\/\/buenosdiasbcs.com\/?p=8326#respond"]}]},{"@type":"WebPage","@id":"https:\/\/buenosdiasbcs.com\/?p=8326","url":"https:\/\/buenosdiasbcs.com\/?p=8326","name":"Propone Congreso de BCS que haya al menos un diputado de 18 a 29 a\u00f1os - Buenos D&iacute;as BCS","isPartOf":{"@id":"https:\/\/buenosdiasbcs.com\/#website"},"primaryImageOfPage":{"@id":"https:\/\/buenosdiasbcs.com\/?p=8326#primaryimage"},"image":{"@id":"https:\/\/buenosdiasbcs.com\/?p=8326#primaryimage"},"thumbnailUrl":"https:\/\/buenosdiasbcs.com\/wp-content\/uploads\/2026\/04\/jovenes-1ffef40e-focus-0-0-1479-828.webp","datePublished":"2026-04-29T07:43:00+00:00","breadcrumb":{"@id":"https:\/\/buenosdiasbcs.com\/?p=8326#breadcrumb"},"inLanguage":"es","potentialAction":[{"@type":"ReadAction","target":["https:\/\/buenosdiasbcs.com\/?p=8326"]}]},{"@type":"ImageObject","inLanguage":"es","@id":"https:\/\/buenosdiasbcs.com\/?p=8326#primaryimage","url":"https:\/\/buenosdiasbcs.com\/wp-content\/uploads\/2026\/04\/jovenes-1ffef40e-focus-0-0-1479-828.webp","contentUrl":"https:\/\/buenosdiasbcs.com\/wp-content\/uploads\/2026\/04\/jovenes-1ffef40e-focus-0-0-1479-828.webp","width":1280,"height":800},{"@type":"BreadcrumbList","@id":"https:\/\/buenosdiasbcs.com\/?p=8326#breadcrumb","itemListElement":[{"@type":"ListItem","position":1,"name":"Portada","item":"https:\/\/buenosdiasbcs.com\/"},{"@type":"ListItem","position":2,"name":"Propone Congreso de BCS que haya al menos un diputado de 18 a 29 a\u00f1os"}]},{"@type":"WebSite","@id":"https:\/\/buenosdiasbcs.com\/#website","url":"https:\/\/buenosdiasbcs.com\/","name":"Buenos D\u00edas BCS","description":"","publisher":{"@id":"https:\/\/buenosdiasbcs.com\/#organization"},"potentialAction":[{"@type":"SearchAction","target":{"@type":"EntryPoint","urlTemplate":"https:\/\/buenosdiasbcs.com\/?s={search_term_string}"},"query-input":{"@type":"PropertyValueSpecification","valueRequired":true,"valueName":"search_term_string"}}],"inLanguage":"es"},{"@type":"Organization","@id":"https:\/\/buenosdiasbcs.com\/#organization","name":"Buenos D\u00edas BCS","url":"https:\/\/buenosdiasbcs.com\/","logo":{"@type":"ImageObject","inLanguage":"es","@id":"https:\/\/buenosdiasbcs.com\/#\/schema\/logo\/image\/","url":"https:\/\/buenosdiasbcs.com\/wp-content\/uploads\/2026\/01\/logo-buenos-dias-40-01.png","contentUrl":"https:\/\/buenosdiasbcs.com\/wp-content\/uploads\/2026\/01\/logo-buenos-dias-40-01.png","width":277,"height":40,"caption":"Buenos D\u00edas BCS"},"image":{"@id":"https:\/\/buenosdiasbcs.com\/#\/schema\/logo\/image\/"}},{"@type":"Person","@id":"https:\/\/buenosdiasbcs.com\/#\/schema\/person\/15aedc247eab7070ee5d76d6d069a821","name":"Edici\u00f3n Buenos D\u00edas","image":{"@type":"ImageObject","inLanguage":"es","@id":"https:\/\/buenosdiasbcs.com\/wp-content\/uploads\/2026\/01\/cropped-sol-96x96.png","url":"https:\/\/buenosdiasbcs.com\/wp-content\/uploads\/2026\/01\/cropped-sol-96x96.png","contentUrl":"https:\/\/buenosdiasbcs.com\/wp-content\/uploads\/2026\/01\/cropped-sol-96x96.png","caption":"Edici\u00f3n Buenos D\u00edas"},"url":"https:\/\/buenosdiasbcs.com\/?author=2"}]}},"amp_enabled":true,"_links":{"self":[{"href":"https:\/\/buenosdiasbcs.com\/index.php?rest_route=\/wp\/v2\/posts\/8326","targetHints":{"allow":["GET"]}}],"collection":[{"href":"https:\/\/buenosdiasbcs.com\/index.php?rest_route=\/wp\/v2\/posts"}],"about":[{"href":"https:\/\/buenosdiasbcs.com\/index.php?rest_route=\/wp\/v2\/types\/post"}],"author":[{"embeddable":true,"href":"https:\/\/buenosdiasbcs.com\/index.php?rest_route=\/wp\/v2\/users\/2"}],"replies":[{"embeddable":true,"href":"https:\/\/buenosdiasbcs.com\/index.php?rest_route=%2Fwp%2Fv2%2Fcomments&post=8326"}],"version-history":[{"count":1,"href":"https:\/\/buenosdiasbcs.com\/index.php?rest_route=\/wp\/v2\/posts\/8326\/revisions"}],"predecessor-version":[{"id":8328,"href":"https:\/\/buenosdiasbcs.com\/index.php?rest_route=\/wp\/v2\/posts\/8326\/revisions\/8328"}],"wp:featuredmedia":[{"embeddable":true,"href":"https:\/\/buenosdiasbcs.com\/index.php?rest_route=\/wp\/v2\/media\/8327"}],"wp:attachment":[{"href":"https:\/\/buenosdiasbcs.com\/index.php?rest_route=%2Fwp%2Fv2%2Fmedia&parent=8326"}],"wp:term":[{"taxonomy":"category","embeddable":true,"href":"https:\/\/buenosdiasbcs.com\/index.php?rest_route=%2Fwp%2Fv2%2Fcategories&post=8326"},{"taxonomy":"post_tag","embeddable":true,"href":"https:\/\/buenosdiasbcs.com\/index.php?rest_route=%2Fwp%2Fv2%2Ftags&post=8326"}],"curies":[{"name":"wp","href":"https:\/\/api.w.org\/{rel}","templated":true}]}}