{"id":8323,"date":"2026-04-29T00:40:00","date_gmt":"2026-04-29T07:40:00","guid":{"rendered":"https:\/\/buenosdiasbcs.com\/?p=8323"},"modified":"2026-04-28T22:42:48","modified_gmt":"2026-04-29T05:42:48","slug":"quieren-promover-a-elotero-de-la-paz-como-candidato-a-diputado-por-el-movimiento-del-sombrero","status":"publish","type":"post","link":"https:\/\/buenosdiasbcs.com\/?p=8323","title":{"rendered":"Quieren promover a elotero de La Paz como candidato a Diputado por el Movimiento del Sombrero"},"content":{"rendered":"\n<p id=\"resumenNota\">El arresto del elotero Agust\u00edn Cruz, &#8220;El Chaparro&#8221;, ha generado debate sobre las regulaciones en el comercio y la oportunidad de hacer pol\u00edtica.<\/p>\n\n\n\n<p>El fin de semana ocurri\u00f3 el arresto de&nbsp;<strong>Agust\u00edn Cruz, alias &#8220;El Chaparro&#8221;,&nbsp;<\/strong><a href=\"https:\/\/www.posta.com.mx\/bcs\/policia-de-la-paz-justifica-arresto-de-elotero-no-aborda-criticas-por-el-operativo\/vl2195646\">un<strong>&nbsp;elotero<\/strong>&nbsp;que vend\u00eda sus productos en el&nbsp;<strong>malec\u00f3n de La Paz<\/strong><\/a><strong>, Baja California Sur;<\/strong>&nbsp;lo&nbsp;<strong>detuvieron&nbsp;<\/strong>entre varios elementos de la&nbsp;<strong>Polic\u00eda Tur\u00edstica<\/strong>&nbsp;y el caso escal\u00f3 hasta manifestaciones, y ahora, la probabilidad de tener un impacto pol\u00edtico.<\/p>\n\n\n\n<h2 class=\"wp-block-heading\" id=\"h-el-chaparro-aspirante-a-diputado-por-baja-california-sur\">\u00bf&#8221;El Chaparro&#8221;, aspirante a Diputado por Baja California Sur?<\/h2>\n\n\n\n<p>Aunque no se ha confirmado m\u00e1s que por un medio local en redes sociales, recogiendo una&nbsp;<strong>propuesta ciudadana,&nbsp;<\/strong>se propone que el<strong>&nbsp;elotero Agust\u00edn Cruz<\/strong>&nbsp;sea&nbsp;<strong>candidato<\/strong>&nbsp;independiente a&nbsp;<strong>diputado<\/strong>&nbsp;por el<strong>&nbsp;Movimiento del Sombrero<\/strong>.<\/p>\n\n\n\n<p>Se enfatiza que esto\u00a0<strong>no ha sido confirmado por el Movimiento del Sombrero,<\/strong>\u00a0sin embargo, parece ser una<strong>inquietud de ciudadanos<\/strong>, especialmente,<strong>\u00a0vendedores ambulantes<\/strong>\u00a0que &#8220;queremos que alguien que haya vivido en carne propia lo que es\u00a0<strong>trabajar en la calle,<\/strong>\u00a0pagar permisos,\u00a0<a href=\"https:\/\/www.posta.com.mx\/bcs\/caso-del-elotero-en-la-paz-agustin-denuncia-abuso-y-falta-de-permisos-en-protesta\/vl2196001\">enfrentar operativos y aun as\u00ed salir adelant<\/a>e llegue al\u00a0<strong>Congreso del Estado<\/strong>&#8220;.<\/p>\n\n\n\n<h2 class=\"wp-block-heading\" id=\"h-que-causo-la-indignacion-en-el-caso-del-elotero-detenido-en-la-paz\">\u00bfQu\u00e9 caus\u00f3 la indignaci\u00f3n en el caso del elotero detenido en La Paz?<\/h2>\n\n\n\n<p>El fin de semana pasado, en un operativo, sin previo aviso,<strong>&nbsp;&#8220;El Chaparro&#8221;<\/strong>&nbsp;fue rodeado por 4 \u00f3 5 elementos de la polic\u00eda; fue&nbsp;<strong>esposado<\/strong>&nbsp;y&nbsp;<strong>subido a una patrulla,<\/strong>&nbsp;por<strong>&nbsp;no contar con permiso&nbsp;<\/strong>para vender sus elotes en la v\u00eda p\u00fablica.<\/p>\n\n\n\n<p>Las im\u00e1genes se viralizaron en La Paz, provocando indignaci\u00f3n de parte de los ciudadanos, sin embargo,&nbsp;<strong>Seguridad P\u00fablica Municipal justific\u00f3 el actuar de la polic\u00eda; Agust\u00edn Cruz<\/strong>&nbsp;termin\u00f3 aceptando que no ten\u00eda permiso y tuvo que pagar una&nbsp;<strong>multa de mas de 4 mil pesos<\/strong>.<\/p>\n\n\n\n<h2 class=\"wp-block-heading\" id=\"h-que-ha-traido-como-consecuencias-la-detencion-del-elotero-en-la-paz\">\u00bfQu\u00e9 ha tra\u00eddo como consecuencias la detenci\u00f3n del elotero en La Paz?<\/h2>\n\n\n\n<p>Hoy mismo se organiz\u00f3 una protesta por la detenci\u00f3n de<strong>&nbsp;&#8220;El Chaparro&#8221;<\/strong>&nbsp;en el<strong>&nbsp;Ayuntamiento de La Paz,&nbsp;<\/strong>donde \u00e9l mismo sali\u00f3 a dar declaraciones, y oblig\u00f3 a funcionarios a explicar lo ocurrido.<\/p>\n\n\n\n<p>Tras lo ocurrido, las autoridades municipales quedaron en&nbsp;<a href=\"https:\/\/www.posta.com.mx\/bcs\/tras-arresto-de-elotero-el-chaparro-ayuntamiento-de-la-paz-revisara-el-reglamento-vigente-desde-1995\/vl2195990\">revisar el&nbsp;<strong>reglamento de permisos para vender en la v\u00eda p\u00fablica<\/strong>&nbsp;que est\u00e1 vigente desde 1995<\/a>; mientras tanto, la&nbsp;<strong>popularidad del elotero de La Paz crece<\/strong>, y habr\u00e1 qu\u00e9 ver, si persiste la inquietud pol\u00edtica y se organiza algo m\u00e1s formal alrededor del caso.<\/p>\n","protected":false},"excerpt":{"rendered":"<p>El arresto del elotero Agust\u00edn Cruz, &#8220;El Chaparro&#8221;, ha generado debate sobre las regulaciones en el comercio y la oportunidad&#8230;<\/p>\n","protected":false},"author":2,"featured_media":8324,"comment_status":"open","ping_status":"open","sticky":false,"template":"","format":"standard","meta":{"footnotes":""},"categories":[239],"tags":[],"class_list":["post-8323","post","type-post","status-publish","format-standard","has-post-thumbnail","hentry","category-partidos"],"yoast_head":"<!-- This site is optimized with the Yoast SEO Premium plugin v26.8 (Yoast SEO v27.5) - https:\/\/yoast.com\/product\/yoast-seo-premium-wordpress\/ -->\n<title>Quieren promover a elotero de La Paz como candidato a Diputado por el Movimiento del Sombrero - Buenos D&iacute;as BCS<\/title>\n<meta name=\"robots\" content=\"index, follow, max-snippet:-1, max-image-preview:large, max-video-preview:-1\" \/>\n<link rel=\"canonical\" href=\"https:\/\/buenosdiasbcs.com\/?p=8323\" \/>\n<meta property=\"og:locale\" content=\"es_ES\" \/>\n<meta property=\"og:type\" content=\"article\" \/>\n<meta property=\"og:title\" content=\"Quieren promover a elotero de La Paz como candidato a Diputado por el Movimiento del Sombrero\" \/>\n<meta property=\"og:description\" content=\"El arresto del elotero Agust\u00edn Cruz, &#8220;El Chaparro&#8221;, ha generado debate sobre las regulaciones en el comercio y la oportunidad...\" \/>\n<meta property=\"og:url\" content=\"https:\/\/buenosdiasbcs.com\/?p=8323\" \/>\n<meta property=\"og:site_name\" content=\"Buenos D&iacute;as BCS\" \/>\n<meta property=\"article:published_time\" content=\"2026-04-29T07:40:00+00:00\" \/>\n<meta property=\"og:image\" content=\"https:\/\/buenosdiasbcs.com\/wp-content\/uploads\/2026\/04\/elote-1-d4f0eb89-focus-0-0-825-516.webp\" \/>\n\t<meta property=\"og:image:width\" content=\"825\" \/>\n\t<meta property=\"og:image:height\" content=\"516\" \/>\n\t<meta property=\"og:image:type\" content=\"image\/webp\" \/>\n<meta name=\"author\" content=\"Edici\u00f3n Buenos D\u00edas\" \/>\n<meta name=\"twitter:card\" content=\"summary_large_image\" \/>\n<meta name=\"twitter:label1\" content=\"Escrito por\" \/>\n\t<meta name=\"twitter:data1\" content=\"Edici\u00f3n Buenos D\u00edas\" \/>\n\t<meta name=\"twitter:label2\" content=\"Tiempo de lectura\" \/>\n\t<meta name=\"twitter:data2\" content=\"2 minutos\" \/>\n<script type=\"application\/ld+json\" class=\"yoast-schema-graph\">{\"@context\":\"https:\\\/\\\/schema.org\",\"@graph\":[{\"@type\":\"Article\",\"@id\":\"https:\\\/\\\/buenosdiasbcs.com\\\/?p=8323#article\",\"isPartOf\":{\"@id\":\"https:\\\/\\\/buenosdiasbcs.com\\\/?p=8323\"},\"author\":{\"name\":\"Edici\u00f3n Buenos D\u00edas\",\"@id\":\"https:\\\/\\\/buenosdiasbcs.com\\\/#\\\/schema\\\/person\\\/15aedc247eab7070ee5d76d6d069a821\"},\"headline\":\"Quieren promover a elotero de La Paz como candidato a Diputado por el Movimiento del Sombrero\",\"datePublished\":\"2026-04-29T07:40:00+00:00\",\"mainEntityOfPage\":{\"@id\":\"https:\\\/\\\/buenosdiasbcs.com\\\/?p=8323\"},\"wordCount\":447,\"commentCount\":0,\"publisher\":{\"@id\":\"https:\\\/\\\/buenosdiasbcs.com\\\/#organization\"},\"image\":{\"@id\":\"https:\\\/\\\/buenosdiasbcs.com\\\/?p=8323#primaryimage\"},\"thumbnailUrl\":\"https:\\\/\\\/buenosdiasbcs.com\\\/wp-content\\\/uploads\\\/2026\\\/04\\\/elote-1-d4f0eb89-focus-0-0-825-516.webp\",\"articleSection\":[\"Partidos\"],\"inLanguage\":\"es\",\"potentialAction\":[{\"@type\":\"CommentAction\",\"name\":\"Comment\",\"target\":[\"https:\\\/\\\/buenosdiasbcs.com\\\/?p=8323#respond\"]}]},{\"@type\":\"WebPage\",\"@id\":\"https:\\\/\\\/buenosdiasbcs.com\\\/?p=8323\",\"url\":\"https:\\\/\\\/buenosdiasbcs.com\\\/?p=8323\",\"name\":\"Quieren promover a elotero de La Paz como candidato a Diputado por el Movimiento del Sombrero - Buenos D&iacute;as BCS\",\"isPartOf\":{\"@id\":\"https:\\\/\\\/buenosdiasbcs.com\\\/#website\"},\"primaryImageOfPage\":{\"@id\":\"https:\\\/\\\/buenosdiasbcs.com\\\/?p=8323#primaryimage\"},\"image\":{\"@id\":\"https:\\\/\\\/buenosdiasbcs.com\\\/?p=8323#primaryimage\"},\"thumbnailUrl\":\"https:\\\/\\\/buenosdiasbcs.com\\\/wp-content\\\/uploads\\\/2026\\\/04\\\/elote-1-d4f0eb89-focus-0-0-825-516.webp\",\"datePublished\":\"2026-04-29T07:40:00+00:00\",\"breadcrumb\":{\"@id\":\"https:\\\/\\\/buenosdiasbcs.com\\\/?p=8323#breadcrumb\"},\"inLanguage\":\"es\",\"potentialAction\":[{\"@type\":\"ReadAction\",\"target\":[\"https:\\\/\\\/buenosdiasbcs.com\\\/?p=8323\"]}]},{\"@type\":\"ImageObject\",\"inLanguage\":\"es\",\"@id\":\"https:\\\/\\\/buenosdiasbcs.com\\\/?p=8323#primaryimage\",\"url\":\"https:\\\/\\\/buenosdiasbcs.com\\\/wp-content\\\/uploads\\\/2026\\\/04\\\/elote-1-d4f0eb89-focus-0-0-825-516.webp\",\"contentUrl\":\"https:\\\/\\\/buenosdiasbcs.com\\\/wp-content\\\/uploads\\\/2026\\\/04\\\/elote-1-d4f0eb89-focus-0-0-825-516.webp\",\"width\":825,\"height\":516},{\"@type\":\"BreadcrumbList\",\"@id\":\"https:\\\/\\\/buenosdiasbcs.com\\\/?p=8323#breadcrumb\",\"itemListElement\":[{\"@type\":\"ListItem\",\"position\":1,\"name\":\"Portada\",\"item\":\"https:\\\/\\\/buenosdiasbcs.com\\\/\"},{\"@type\":\"ListItem\",\"position\":2,\"name\":\"Quieren promover a elotero de La Paz como candidato a Diputado por el Movimiento del Sombrero\"}]},{\"@type\":\"WebSite\",\"@id\":\"https:\\\/\\\/buenosdiasbcs.com\\\/#website\",\"url\":\"https:\\\/\\\/buenosdiasbcs.com\\\/\",\"name\":\"Buenos D\u00edas BCS\",\"description\":\"\",\"publisher\":{\"@id\":\"https:\\\/\\\/buenosdiasbcs.com\\\/#organization\"},\"potentialAction\":[{\"@type\":\"SearchAction\",\"target\":{\"@type\":\"EntryPoint\",\"urlTemplate\":\"https:\\\/\\\/buenosdiasbcs.com\\\/?s={search_term_string}\"},\"query-input\":{\"@type\":\"PropertyValueSpecification\",\"valueRequired\":true,\"valueName\":\"search_term_string\"}}],\"inLanguage\":\"es\"},{\"@type\":\"Organization\",\"@id\":\"https:\\\/\\\/buenosdiasbcs.com\\\/#organization\",\"name\":\"Buenos D\u00edas BCS\",\"url\":\"https:\\\/\\\/buenosdiasbcs.com\\\/\",\"logo\":{\"@type\":\"ImageObject\",\"inLanguage\":\"es\",\"@id\":\"https:\\\/\\\/buenosdiasbcs.com\\\/#\\\/schema\\\/logo\\\/image\\\/\",\"url\":\"https:\\\/\\\/buenosdiasbcs.com\\\/wp-content\\\/uploads\\\/2026\\\/01\\\/logo-buenos-dias-40-01.png\",\"contentUrl\":\"https:\\\/\\\/buenosdiasbcs.com\\\/wp-content\\\/uploads\\\/2026\\\/01\\\/logo-buenos-dias-40-01.png\",\"width\":277,\"height\":40,\"caption\":\"Buenos D\u00edas BCS\"},\"image\":{\"@id\":\"https:\\\/\\\/buenosdiasbcs.com\\\/#\\\/schema\\\/logo\\\/image\\\/\"}},{\"@type\":\"Person\",\"@id\":\"https:\\\/\\\/buenosdiasbcs.com\\\/#\\\/schema\\\/person\\\/15aedc247eab7070ee5d76d6d069a821\",\"name\":\"Edici\u00f3n Buenos D\u00edas\",\"image\":{\"@type\":\"ImageObject\",\"inLanguage\":\"es\",\"@id\":\"https:\\\/\\\/buenosdiasbcs.com\\\/wp-content\\\/uploads\\\/2026\\\/01\\\/cropped-sol-96x96.png\",\"url\":\"https:\\\/\\\/buenosdiasbcs.com\\\/wp-content\\\/uploads\\\/2026\\\/01\\\/cropped-sol-96x96.png\",\"contentUrl\":\"https:\\\/\\\/buenosdiasbcs.com\\\/wp-content\\\/uploads\\\/2026\\\/01\\\/cropped-sol-96x96.png\",\"caption\":\"Edici\u00f3n Buenos D\u00edas\"},\"url\":\"https:\\\/\\\/buenosdiasbcs.com\\\/?author=2\"}]}<\/script>\n<!-- \/ Yoast SEO Premium plugin. -->","yoast_head_json":{"title":"Quieren promover a elotero de La Paz como candidato a Diputado por el Movimiento del Sombrero - Buenos D&iacute;as BCS","robots":{"index":"index","follow":"follow","max-snippet":"max-snippet:-1","max-image-preview":"max-image-preview:large","max-video-preview":"max-video-preview:-1"},"canonical":"https:\/\/buenosdiasbcs.com\/?p=8323","og_locale":"es_ES","og_type":"article","og_title":"Quieren promover a elotero de La Paz como candidato a Diputado por el Movimiento del Sombrero","og_description":"El arresto del elotero Agust\u00edn Cruz, &#8220;El Chaparro&#8221;, ha generado debate sobre las regulaciones en el comercio y la oportunidad...","og_url":"https:\/\/buenosdiasbcs.com\/?p=8323","og_site_name":"Buenos D&iacute;as BCS","article_published_time":"2026-04-29T07:40:00+00:00","og_image":[{"width":825,"height":516,"url":"https:\/\/buenosdiasbcs.com\/wp-content\/uploads\/2026\/04\/elote-1-d4f0eb89-focus-0-0-825-516.webp","type":"image\/webp"}],"author":"Edici\u00f3n Buenos D\u00edas","twitter_card":"summary_large_image","twitter_misc":{"Escrito por":"Edici\u00f3n Buenos D\u00edas","Tiempo de lectura":"2 minutos"},"schema":{"@context":"https:\/\/schema.org","@graph":[{"@type":"Article","@id":"https:\/\/buenosdiasbcs.com\/?p=8323#article","isPartOf":{"@id":"https:\/\/buenosdiasbcs.com\/?p=8323"},"author":{"name":"Edici\u00f3n Buenos D\u00edas","@id":"https:\/\/buenosdiasbcs.com\/#\/schema\/person\/15aedc247eab7070ee5d76d6d069a821"},"headline":"Quieren promover a elotero de La Paz como candidato a Diputado por el Movimiento del Sombrero","datePublished":"2026-04-29T07:40:00+00:00","mainEntityOfPage":{"@id":"https:\/\/buenosdiasbcs.com\/?p=8323"},"wordCount":447,"commentCount":0,"publisher":{"@id":"https:\/\/buenosdiasbcs.com\/#organization"},"image":{"@id":"https:\/\/buenosdiasbcs.com\/?p=8323#primaryimage"},"thumbnailUrl":"https:\/\/buenosdiasbcs.com\/wp-content\/uploads\/2026\/04\/elote-1-d4f0eb89-focus-0-0-825-516.webp","articleSection":["Partidos"],"inLanguage":"es","potentialAction":[{"@type":"CommentAction","name":"Comment","target":["https:\/\/buenosdiasbcs.com\/?p=8323#respond"]}]},{"@type":"WebPage","@id":"https:\/\/buenosdiasbcs.com\/?p=8323","url":"https:\/\/buenosdiasbcs.com\/?p=8323","name":"Quieren promover a elotero de La Paz como candidato a Diputado por el Movimiento del Sombrero - Buenos D&iacute;as BCS","isPartOf":{"@id":"https:\/\/buenosdiasbcs.com\/#website"},"primaryImageOfPage":{"@id":"https:\/\/buenosdiasbcs.com\/?p=8323#primaryimage"},"image":{"@id":"https:\/\/buenosdiasbcs.com\/?p=8323#primaryimage"},"thumbnailUrl":"https:\/\/buenosdiasbcs.com\/wp-content\/uploads\/2026\/04\/elote-1-d4f0eb89-focus-0-0-825-516.webp","datePublished":"2026-04-29T07:40:00+00:00","breadcrumb":{"@id":"https:\/\/buenosdiasbcs.com\/?p=8323#breadcrumb"},"inLanguage":"es","potentialAction":[{"@type":"ReadAction","target":["https:\/\/buenosdiasbcs.com\/?p=8323"]}]},{"@type":"ImageObject","inLanguage":"es","@id":"https:\/\/buenosdiasbcs.com\/?p=8323#primaryimage","url":"https:\/\/buenosdiasbcs.com\/wp-content\/uploads\/2026\/04\/elote-1-d4f0eb89-focus-0-0-825-516.webp","contentUrl":"https:\/\/buenosdiasbcs.com\/wp-content\/uploads\/2026\/04\/elote-1-d4f0eb89-focus-0-0-825-516.webp","width":825,"height":516},{"@type":"BreadcrumbList","@id":"https:\/\/buenosdiasbcs.com\/?p=8323#breadcrumb","itemListElement":[{"@type":"ListItem","position":1,"name":"Portada","item":"https:\/\/buenosdiasbcs.com\/"},{"@type":"ListItem","position":2,"name":"Quieren promover a elotero de La Paz como candidato a Diputado por el Movimiento del Sombrero"}]},{"@type":"WebSite","@id":"https:\/\/buenosdiasbcs.com\/#website","url":"https:\/\/buenosdiasbcs.com\/","name":"Buenos D\u00edas BCS","description":"","publisher":{"@id":"https:\/\/buenosdiasbcs.com\/#organization"},"potentialAction":[{"@type":"SearchAction","target":{"@type":"EntryPoint","urlTemplate":"https:\/\/buenosdiasbcs.com\/?s={search_term_string}"},"query-input":{"@type":"PropertyValueSpecification","valueRequired":true,"valueName":"search_term_string"}}],"inLanguage":"es"},{"@type":"Organization","@id":"https:\/\/buenosdiasbcs.com\/#organization","name":"Buenos D\u00edas BCS","url":"https:\/\/buenosdiasbcs.com\/","logo":{"@type":"ImageObject","inLanguage":"es","@id":"https:\/\/buenosdiasbcs.com\/#\/schema\/logo\/image\/","url":"https:\/\/buenosdiasbcs.com\/wp-content\/uploads\/2026\/01\/logo-buenos-dias-40-01.png","contentUrl":"https:\/\/buenosdiasbcs.com\/wp-content\/uploads\/2026\/01\/logo-buenos-dias-40-01.png","width":277,"height":40,"caption":"Buenos D\u00edas BCS"},"image":{"@id":"https:\/\/buenosdiasbcs.com\/#\/schema\/logo\/image\/"}},{"@type":"Person","@id":"https:\/\/buenosdiasbcs.com\/#\/schema\/person\/15aedc247eab7070ee5d76d6d069a821","name":"Edici\u00f3n Buenos D\u00edas","image":{"@type":"ImageObject","inLanguage":"es","@id":"https:\/\/buenosdiasbcs.com\/wp-content\/uploads\/2026\/01\/cropped-sol-96x96.png","url":"https:\/\/buenosdiasbcs.com\/wp-content\/uploads\/2026\/01\/cropped-sol-96x96.png","contentUrl":"https:\/\/buenosdiasbcs.com\/wp-content\/uploads\/2026\/01\/cropped-sol-96x96.png","caption":"Edici\u00f3n Buenos D\u00edas"},"url":"https:\/\/buenosdiasbcs.com\/?author=2"}]}},"amp_enabled":true,"_links":{"self":[{"href":"https:\/\/buenosdiasbcs.com\/index.php?rest_route=\/wp\/v2\/posts\/8323","targetHints":{"allow":["GET"]}}],"collection":[{"href":"https:\/\/buenosdiasbcs.com\/index.php?rest_route=\/wp\/v2\/posts"}],"about":[{"href":"https:\/\/buenosdiasbcs.com\/index.php?rest_route=\/wp\/v2\/types\/post"}],"author":[{"embeddable":true,"href":"https:\/\/buenosdiasbcs.com\/index.php?rest_route=\/wp\/v2\/users\/2"}],"replies":[{"embeddable":true,"href":"https:\/\/buenosdiasbcs.com\/index.php?rest_route=%2Fwp%2Fv2%2Fcomments&post=8323"}],"version-history":[{"count":1,"href":"https:\/\/buenosdiasbcs.com\/index.php?rest_route=\/wp\/v2\/posts\/8323\/revisions"}],"predecessor-version":[{"id":8325,"href":"https:\/\/buenosdiasbcs.com\/index.php?rest_route=\/wp\/v2\/posts\/8323\/revisions\/8325"}],"wp:featuredmedia":[{"embeddable":true,"href":"https:\/\/buenosdiasbcs.com\/index.php?rest_route=\/wp\/v2\/media\/8324"}],"wp:attachment":[{"href":"https:\/\/buenosdiasbcs.com\/index.php?rest_route=%2Fwp%2Fv2%2Fmedia&parent=8323"}],"wp:term":[{"taxonomy":"category","embeddable":true,"href":"https:\/\/buenosdiasbcs.com\/index.php?rest_route=%2Fwp%2Fv2%2Fcategories&post=8323"},{"taxonomy":"post_tag","embeddable":true,"href":"https:\/\/buenosdiasbcs.com\/index.php?rest_route=%2Fwp%2Fv2%2Ftags&post=8323"}],"curies":[{"name":"wp","href":"https:\/\/api.w.org\/{rel}","templated":true}]}}