{"id":8320,"date":"2026-04-29T00:35:00","date_gmt":"2026-04-29T07:35:00","guid":{"rendered":"https:\/\/buenosdiasbcs.com\/?p=8320"},"modified":"2026-04-28T22:38:47","modified_gmt":"2026-04-29T05:38:47","slug":"revelan-cartel-de-bandas-locales-que-participaran-en-el-festival-rock-fundacion-2026-en-la-paz","status":"publish","type":"post","link":"https:\/\/buenosdiasbcs.com\/?p=8320","title":{"rendered":"Revelan cartel de bandas locales que participar\u00e1n en el festival Rock Fundaci\u00f3n 2026 en La Paz"},"content":{"rendered":"\n<h2 class=\"wp-block-heading\" id=\"h-el-ayuntamiento-de-la-paz-anuncio-las-bandas-locales-del-rock-fundacion-2026-festival-gratuito-que-celebrara-el-aniversario-de-la-ciudad\">El Ayuntamiento de La Paz anunci\u00f3 las bandas locales del Rock Fundaci\u00f3n 2026, festival gratuito que celebrar\u00e1 el aniversario de la ciudad<\/h2>\n\n\n\n<p><strong><em>La Paz, Baja California Sur (BCS).&nbsp;<\/em><\/strong>El<strong>&nbsp;Ayuntamiento de La Paz dio a conocer las bandas locales que formar\u00e1n parte del festival Rock Fundaci\u00f3n 2026,<\/strong>&nbsp;evento que se realizar\u00e1 en el marco del 491 aniversario de la fundaci\u00f3n de la ciudad.&nbsp;La selecci\u00f3n fue anunciada por la Direcci\u00f3n Municipal de Cultura como parte de las actividades culturales y art\u00edsticas que buscan fortalecer la escena musical local.&nbsp;<\/p>\n\n\n\n<p><strong>De acuerdo con la informaci\u00f3n oficial, el festival se llevar\u00e1 a cabo los d\u00edas 16 y 17 de mayo en el Parque Revoluci\u00f3n,<\/strong>&nbsp;espacio que albergar\u00e1 a agrupaciones emergentes de La Paz junto con reconocidas bandas del \u00e1mbito nacional. El evento ser\u00e1 de acceso libre y estar\u00e1 dirigido a p\u00fablicos de todas las edades.&nbsp;<\/p>\n\n\n\n<p>El director municipal de Cultura, Juan Lara Guzm\u00e1n, explic\u00f3 que esta iniciativa forma parte del impulso que la alcaldesa Milena Quiroga Romero ha mantenido para respaldar a los talentos locales y generar espacios donde puedan compartir escenario con artistas consolidados.&nbsp;<strong>En esta edici\u00f3n, se registraron 22 proyectos musicales que respondieron a la convocatoria lanzada con anterioridad.<\/strong>&nbsp;<\/p>\n\n\n\n<p>Tras un proceso de evaluaci\u00f3n, el jurado seleccion\u00f3 a ocho bandas locales:&nbsp;<strong>No Somos Nada,&nbsp;Divided, Don Card\u00f3n,&nbsp;Dividier, Podrido por Dentro,&nbsp;The&nbsp;Why\u2019s,&nbsp;Insomnia&nbsp;y&nbsp;Child.Exe.&nbsp;<\/strong>Estas agrupaciones se presentar\u00e1n junto a bandas nacionales&nbsp;<a href=\"https:\/\/www.bcsnoticias.mx\/dld-se-suma-al-rock-fundacion-2026-con-concierto-gratuito-por-el-aniversario-de-la-paz\/\">como&nbsp;<strong>DLD, Allison, Resorte y Jumbo<\/strong>, ofreciendo una programaci\u00f3n diversa para los asistentes al festival.&nbsp;<\/a><\/p>\n\n\n\n<p>Las autoridades municipales reiteraron que el Rock Fundaci\u00f3n 2026 ser\u00e1 un evento&nbsp;<strong>gratuito y representa una oportunidad para celebrar la identidad cultural de la ciudad a trav\u00e9s de la m\u00fasica.&nbsp;<\/strong>Asimismo, invitaron a la ciudadan\u00eda a mantenerse informada mediante las redes sociales oficiales de la Direcci\u00f3n de Cultura, donde se dar\u00e1n a conocer los horarios y actividades complementarias del programa.<\/p>\n","protected":false},"excerpt":{"rendered":"<p>El Ayuntamiento de La Paz anunci\u00f3 las bandas locales del Rock Fundaci\u00f3n 2026, festival gratuito que celebrar\u00e1 el aniversario de&#8230;<\/p>\n","protected":false},"author":2,"featured_media":8321,"comment_status":"open","ping_status":"open","sticky":false,"template":"","format":"standard","meta":{"footnotes":""},"categories":[244],"tags":[],"class_list":["post-8320","post","type-post","status-publish","format-standard","has-post-thumbnail","hentry","category-turismo"],"yoast_head":"<!-- This site is optimized with the Yoast SEO Premium plugin v26.8 (Yoast SEO v27.5) - https:\/\/yoast.com\/product\/yoast-seo-premium-wordpress\/ -->\n<title>Revelan cartel de bandas locales que participar\u00e1n en el festival Rock Fundaci\u00f3n 2026 en La Paz - Buenos D&iacute;as BCS<\/title>\n<meta name=\"robots\" content=\"index, follow, max-snippet:-1, max-image-preview:large, max-video-preview:-1\" \/>\n<link rel=\"canonical\" href=\"https:\/\/buenosdiasbcs.com\/?p=8320\" \/>\n<meta property=\"og:locale\" content=\"es_ES\" \/>\n<meta property=\"og:type\" content=\"article\" \/>\n<meta property=\"og:title\" content=\"Revelan cartel de bandas locales que participar\u00e1n en el festival Rock Fundaci\u00f3n 2026 en La Paz\" \/>\n<meta property=\"og:description\" content=\"El Ayuntamiento de La Paz anunci\u00f3 las bandas locales del Rock Fundaci\u00f3n 2026, festival gratuito que celebrar\u00e1 el aniversario de...\" \/>\n<meta property=\"og:url\" content=\"https:\/\/buenosdiasbcs.com\/?p=8320\" \/>\n<meta property=\"og:site_name\" content=\"Buenos D&iacute;as BCS\" \/>\n<meta property=\"article:published_time\" content=\"2026-04-29T07:35:00+00:00\" \/>\n<meta property=\"og:image\" content=\"https:\/\/buenosdiasbcs.com\/wp-content\/uploads\/2026\/04\/images-16.jpeg\" \/>\n\t<meta property=\"og:image:width\" content=\"275\" \/>\n\t<meta property=\"og:image:height\" content=\"183\" \/>\n\t<meta property=\"og:image:type\" content=\"image\/jpeg\" \/>\n<meta name=\"author\" content=\"Edici\u00f3n Buenos D\u00edas\" \/>\n<meta name=\"twitter:card\" content=\"summary_large_image\" \/>\n<meta name=\"twitter:label1\" content=\"Escrito por\" \/>\n\t<meta name=\"twitter:data1\" content=\"Edici\u00f3n Buenos D\u00edas\" \/>\n\t<meta name=\"twitter:label2\" content=\"Tiempo de lectura\" \/>\n\t<meta name=\"twitter:data2\" content=\"2 minutos\" \/>\n<script type=\"application\/ld+json\" class=\"yoast-schema-graph\">{\"@context\":\"https:\\\/\\\/schema.org\",\"@graph\":[{\"@type\":\"Article\",\"@id\":\"https:\\\/\\\/buenosdiasbcs.com\\\/?p=8320#article\",\"isPartOf\":{\"@id\":\"https:\\\/\\\/buenosdiasbcs.com\\\/?p=8320\"},\"author\":{\"name\":\"Edici\u00f3n Buenos D\u00edas\",\"@id\":\"https:\\\/\\\/buenosdiasbcs.com\\\/#\\\/schema\\\/person\\\/15aedc247eab7070ee5d76d6d069a821\"},\"headline\":\"Revelan cartel de bandas locales que participar\u00e1n en el festival Rock Fundaci\u00f3n 2026 en La Paz\",\"datePublished\":\"2026-04-29T07:35:00+00:00\",\"mainEntityOfPage\":{\"@id\":\"https:\\\/\\\/buenosdiasbcs.com\\\/?p=8320\"},\"wordCount\":366,\"commentCount\":0,\"publisher\":{\"@id\":\"https:\\\/\\\/buenosdiasbcs.com\\\/#organization\"},\"image\":{\"@id\":\"https:\\\/\\\/buenosdiasbcs.com\\\/?p=8320#primaryimage\"},\"thumbnailUrl\":\"https:\\\/\\\/buenosdiasbcs.com\\\/wp-content\\\/uploads\\\/2026\\\/04\\\/images-16.jpeg\",\"articleSection\":[\"Turismo\"],\"inLanguage\":\"es\",\"potentialAction\":[{\"@type\":\"CommentAction\",\"name\":\"Comment\",\"target\":[\"https:\\\/\\\/buenosdiasbcs.com\\\/?p=8320#respond\"]}]},{\"@type\":\"WebPage\",\"@id\":\"https:\\\/\\\/buenosdiasbcs.com\\\/?p=8320\",\"url\":\"https:\\\/\\\/buenosdiasbcs.com\\\/?p=8320\",\"name\":\"Revelan cartel de bandas locales que participar\u00e1n en el festival Rock Fundaci\u00f3n 2026 en La Paz - Buenos D&iacute;as BCS\",\"isPartOf\":{\"@id\":\"https:\\\/\\\/buenosdiasbcs.com\\\/#website\"},\"primaryImageOfPage\":{\"@id\":\"https:\\\/\\\/buenosdiasbcs.com\\\/?p=8320#primaryimage\"},\"image\":{\"@id\":\"https:\\\/\\\/buenosdiasbcs.com\\\/?p=8320#primaryimage\"},\"thumbnailUrl\":\"https:\\\/\\\/buenosdiasbcs.com\\\/wp-content\\\/uploads\\\/2026\\\/04\\\/images-16.jpeg\",\"datePublished\":\"2026-04-29T07:35:00+00:00\",\"breadcrumb\":{\"@id\":\"https:\\\/\\\/buenosdiasbcs.com\\\/?p=8320#breadcrumb\"},\"inLanguage\":\"es\",\"potentialAction\":[{\"@type\":\"ReadAction\",\"target\":[\"https:\\\/\\\/buenosdiasbcs.com\\\/?p=8320\"]}]},{\"@type\":\"ImageObject\",\"inLanguage\":\"es\",\"@id\":\"https:\\\/\\\/buenosdiasbcs.com\\\/?p=8320#primaryimage\",\"url\":\"https:\\\/\\\/buenosdiasbcs.com\\\/wp-content\\\/uploads\\\/2026\\\/04\\\/images-16.jpeg\",\"contentUrl\":\"https:\\\/\\\/buenosdiasbcs.com\\\/wp-content\\\/uploads\\\/2026\\\/04\\\/images-16.jpeg\",\"width\":275,\"height\":183},{\"@type\":\"BreadcrumbList\",\"@id\":\"https:\\\/\\\/buenosdiasbcs.com\\\/?p=8320#breadcrumb\",\"itemListElement\":[{\"@type\":\"ListItem\",\"position\":1,\"name\":\"Portada\",\"item\":\"https:\\\/\\\/buenosdiasbcs.com\\\/\"},{\"@type\":\"ListItem\",\"position\":2,\"name\":\"Revelan cartel de bandas locales que participar\u00e1n en el festival Rock Fundaci\u00f3n 2026 en La Paz\"}]},{\"@type\":\"WebSite\",\"@id\":\"https:\\\/\\\/buenosdiasbcs.com\\\/#website\",\"url\":\"https:\\\/\\\/buenosdiasbcs.com\\\/\",\"name\":\"Buenos D\u00edas BCS\",\"description\":\"\",\"publisher\":{\"@id\":\"https:\\\/\\\/buenosdiasbcs.com\\\/#organization\"},\"potentialAction\":[{\"@type\":\"SearchAction\",\"target\":{\"@type\":\"EntryPoint\",\"urlTemplate\":\"https:\\\/\\\/buenosdiasbcs.com\\\/?s={search_term_string}\"},\"query-input\":{\"@type\":\"PropertyValueSpecification\",\"valueRequired\":true,\"valueName\":\"search_term_string\"}}],\"inLanguage\":\"es\"},{\"@type\":\"Organization\",\"@id\":\"https:\\\/\\\/buenosdiasbcs.com\\\/#organization\",\"name\":\"Buenos D\u00edas BCS\",\"url\":\"https:\\\/\\\/buenosdiasbcs.com\\\/\",\"logo\":{\"@type\":\"ImageObject\",\"inLanguage\":\"es\",\"@id\":\"https:\\\/\\\/buenosdiasbcs.com\\\/#\\\/schema\\\/logo\\\/image\\\/\",\"url\":\"https:\\\/\\\/buenosdiasbcs.com\\\/wp-content\\\/uploads\\\/2026\\\/01\\\/logo-buenos-dias-40-01.png\",\"contentUrl\":\"https:\\\/\\\/buenosdiasbcs.com\\\/wp-content\\\/uploads\\\/2026\\\/01\\\/logo-buenos-dias-40-01.png\",\"width\":277,\"height\":40,\"caption\":\"Buenos D\u00edas BCS\"},\"image\":{\"@id\":\"https:\\\/\\\/buenosdiasbcs.com\\\/#\\\/schema\\\/logo\\\/image\\\/\"}},{\"@type\":\"Person\",\"@id\":\"https:\\\/\\\/buenosdiasbcs.com\\\/#\\\/schema\\\/person\\\/15aedc247eab7070ee5d76d6d069a821\",\"name\":\"Edici\u00f3n Buenos D\u00edas\",\"image\":{\"@type\":\"ImageObject\",\"inLanguage\":\"es\",\"@id\":\"https:\\\/\\\/buenosdiasbcs.com\\\/wp-content\\\/uploads\\\/2026\\\/01\\\/cropped-sol-96x96.png\",\"url\":\"https:\\\/\\\/buenosdiasbcs.com\\\/wp-content\\\/uploads\\\/2026\\\/01\\\/cropped-sol-96x96.png\",\"contentUrl\":\"https:\\\/\\\/buenosdiasbcs.com\\\/wp-content\\\/uploads\\\/2026\\\/01\\\/cropped-sol-96x96.png\",\"caption\":\"Edici\u00f3n Buenos D\u00edas\"},\"url\":\"https:\\\/\\\/buenosdiasbcs.com\\\/?author=2\"}]}<\/script>\n<!-- \/ Yoast SEO Premium plugin. -->","yoast_head_json":{"title":"Revelan cartel de bandas locales que participar\u00e1n en el festival Rock Fundaci\u00f3n 2026 en La Paz - Buenos D&iacute;as BCS","robots":{"index":"index","follow":"follow","max-snippet":"max-snippet:-1","max-image-preview":"max-image-preview:large","max-video-preview":"max-video-preview:-1"},"canonical":"https:\/\/buenosdiasbcs.com\/?p=8320","og_locale":"es_ES","og_type":"article","og_title":"Revelan cartel de bandas locales que participar\u00e1n en el festival Rock Fundaci\u00f3n 2026 en La Paz","og_description":"El Ayuntamiento de La Paz anunci\u00f3 las bandas locales del Rock Fundaci\u00f3n 2026, festival gratuito que celebrar\u00e1 el aniversario de...","og_url":"https:\/\/buenosdiasbcs.com\/?p=8320","og_site_name":"Buenos D&iacute;as BCS","article_published_time":"2026-04-29T07:35:00+00:00","og_image":[{"width":275,"height":183,"url":"https:\/\/buenosdiasbcs.com\/wp-content\/uploads\/2026\/04\/images-16.jpeg","type":"image\/jpeg"}],"author":"Edici\u00f3n Buenos D\u00edas","twitter_card":"summary_large_image","twitter_misc":{"Escrito por":"Edici\u00f3n Buenos D\u00edas","Tiempo de lectura":"2 minutos"},"schema":{"@context":"https:\/\/schema.org","@graph":[{"@type":"Article","@id":"https:\/\/buenosdiasbcs.com\/?p=8320#article","isPartOf":{"@id":"https:\/\/buenosdiasbcs.com\/?p=8320"},"author":{"name":"Edici\u00f3n Buenos D\u00edas","@id":"https:\/\/buenosdiasbcs.com\/#\/schema\/person\/15aedc247eab7070ee5d76d6d069a821"},"headline":"Revelan cartel de bandas locales que participar\u00e1n en el festival Rock Fundaci\u00f3n 2026 en La Paz","datePublished":"2026-04-29T07:35:00+00:00","mainEntityOfPage":{"@id":"https:\/\/buenosdiasbcs.com\/?p=8320"},"wordCount":366,"commentCount":0,"publisher":{"@id":"https:\/\/buenosdiasbcs.com\/#organization"},"image":{"@id":"https:\/\/buenosdiasbcs.com\/?p=8320#primaryimage"},"thumbnailUrl":"https:\/\/buenosdiasbcs.com\/wp-content\/uploads\/2026\/04\/images-16.jpeg","articleSection":["Turismo"],"inLanguage":"es","potentialAction":[{"@type":"CommentAction","name":"Comment","target":["https:\/\/buenosdiasbcs.com\/?p=8320#respond"]}]},{"@type":"WebPage","@id":"https:\/\/buenosdiasbcs.com\/?p=8320","url":"https:\/\/buenosdiasbcs.com\/?p=8320","name":"Revelan cartel de bandas locales que participar\u00e1n en el festival Rock Fundaci\u00f3n 2026 en La Paz - Buenos D&iacute;as BCS","isPartOf":{"@id":"https:\/\/buenosdiasbcs.com\/#website"},"primaryImageOfPage":{"@id":"https:\/\/buenosdiasbcs.com\/?p=8320#primaryimage"},"image":{"@id":"https:\/\/buenosdiasbcs.com\/?p=8320#primaryimage"},"thumbnailUrl":"https:\/\/buenosdiasbcs.com\/wp-content\/uploads\/2026\/04\/images-16.jpeg","datePublished":"2026-04-29T07:35:00+00:00","breadcrumb":{"@id":"https:\/\/buenosdiasbcs.com\/?p=8320#breadcrumb"},"inLanguage":"es","potentialAction":[{"@type":"ReadAction","target":["https:\/\/buenosdiasbcs.com\/?p=8320"]}]},{"@type":"ImageObject","inLanguage":"es","@id":"https:\/\/buenosdiasbcs.com\/?p=8320#primaryimage","url":"https:\/\/buenosdiasbcs.com\/wp-content\/uploads\/2026\/04\/images-16.jpeg","contentUrl":"https:\/\/buenosdiasbcs.com\/wp-content\/uploads\/2026\/04\/images-16.jpeg","width":275,"height":183},{"@type":"BreadcrumbList","@id":"https:\/\/buenosdiasbcs.com\/?p=8320#breadcrumb","itemListElement":[{"@type":"ListItem","position":1,"name":"Portada","item":"https:\/\/buenosdiasbcs.com\/"},{"@type":"ListItem","position":2,"name":"Revelan cartel de bandas locales que participar\u00e1n en el festival Rock Fundaci\u00f3n 2026 en La Paz"}]},{"@type":"WebSite","@id":"https:\/\/buenosdiasbcs.com\/#website","url":"https:\/\/buenosdiasbcs.com\/","name":"Buenos D\u00edas BCS","description":"","publisher":{"@id":"https:\/\/buenosdiasbcs.com\/#organization"},"potentialAction":[{"@type":"SearchAction","target":{"@type":"EntryPoint","urlTemplate":"https:\/\/buenosdiasbcs.com\/?s={search_term_string}"},"query-input":{"@type":"PropertyValueSpecification","valueRequired":true,"valueName":"search_term_string"}}],"inLanguage":"es"},{"@type":"Organization","@id":"https:\/\/buenosdiasbcs.com\/#organization","name":"Buenos D\u00edas BCS","url":"https:\/\/buenosdiasbcs.com\/","logo":{"@type":"ImageObject","inLanguage":"es","@id":"https:\/\/buenosdiasbcs.com\/#\/schema\/logo\/image\/","url":"https:\/\/buenosdiasbcs.com\/wp-content\/uploads\/2026\/01\/logo-buenos-dias-40-01.png","contentUrl":"https:\/\/buenosdiasbcs.com\/wp-content\/uploads\/2026\/01\/logo-buenos-dias-40-01.png","width":277,"height":40,"caption":"Buenos D\u00edas BCS"},"image":{"@id":"https:\/\/buenosdiasbcs.com\/#\/schema\/logo\/image\/"}},{"@type":"Person","@id":"https:\/\/buenosdiasbcs.com\/#\/schema\/person\/15aedc247eab7070ee5d76d6d069a821","name":"Edici\u00f3n Buenos D\u00edas","image":{"@type":"ImageObject","inLanguage":"es","@id":"https:\/\/buenosdiasbcs.com\/wp-content\/uploads\/2026\/01\/cropped-sol-96x96.png","url":"https:\/\/buenosdiasbcs.com\/wp-content\/uploads\/2026\/01\/cropped-sol-96x96.png","contentUrl":"https:\/\/buenosdiasbcs.com\/wp-content\/uploads\/2026\/01\/cropped-sol-96x96.png","caption":"Edici\u00f3n Buenos D\u00edas"},"url":"https:\/\/buenosdiasbcs.com\/?author=2"}]}},"amp_enabled":true,"_links":{"self":[{"href":"https:\/\/buenosdiasbcs.com\/index.php?rest_route=\/wp\/v2\/posts\/8320","targetHints":{"allow":["GET"]}}],"collection":[{"href":"https:\/\/buenosdiasbcs.com\/index.php?rest_route=\/wp\/v2\/posts"}],"about":[{"href":"https:\/\/buenosdiasbcs.com\/index.php?rest_route=\/wp\/v2\/types\/post"}],"author":[{"embeddable":true,"href":"https:\/\/buenosdiasbcs.com\/index.php?rest_route=\/wp\/v2\/users\/2"}],"replies":[{"embeddable":true,"href":"https:\/\/buenosdiasbcs.com\/index.php?rest_route=%2Fwp%2Fv2%2Fcomments&post=8320"}],"version-history":[{"count":1,"href":"https:\/\/buenosdiasbcs.com\/index.php?rest_route=\/wp\/v2\/posts\/8320\/revisions"}],"predecessor-version":[{"id":8322,"href":"https:\/\/buenosdiasbcs.com\/index.php?rest_route=\/wp\/v2\/posts\/8320\/revisions\/8322"}],"wp:featuredmedia":[{"embeddable":true,"href":"https:\/\/buenosdiasbcs.com\/index.php?rest_route=\/wp\/v2\/media\/8321"}],"wp:attachment":[{"href":"https:\/\/buenosdiasbcs.com\/index.php?rest_route=%2Fwp%2Fv2%2Fmedia&parent=8320"}],"wp:term":[{"taxonomy":"category","embeddable":true,"href":"https:\/\/buenosdiasbcs.com\/index.php?rest_route=%2Fwp%2Fv2%2Fcategories&post=8320"},{"taxonomy":"post_tag","embeddable":true,"href":"https:\/\/buenosdiasbcs.com\/index.php?rest_route=%2Fwp%2Fv2%2Ftags&post=8320"}],"curies":[{"name":"wp","href":"https:\/\/api.w.org\/{rel}","templated":true}]}}