{"id":8296,"date":"2026-04-29T00:38:00","date_gmt":"2026-04-29T07:38:00","guid":{"rendered":"https:\/\/buenosdiasbcs.com\/?p=8296"},"modified":"2026-04-28T20:40:28","modified_gmt":"2026-04-29T03:40:28","slug":"citatorio-a-maru-campos-seria-solo-una-invitacion-sin-fuerza-legal","status":"publish","type":"post","link":"https:\/\/buenosdiasbcs.com\/?p=8296","title":{"rendered":"Citatorio a Maru Campos ser\u00eda solo una invitaci\u00f3n, sin fuerza legal"},"content":{"rendered":"\n<p>La posible comparecencia de la gobernadora de Chihuahua,&nbsp;<strong>Maru Campos<\/strong>, ante el Senado no es obligatoria ni conlleva sanciones legales en caso de no asistir, ya que el llamado realizado por legisladores es \u00fanicamente una invitaci\u00f3n, seg\u00fan explic\u00f3 una especialista en derecho el&nbsp;<strong>27 de abril de 2026 en M\u00e9xico<\/strong>.&nbsp;<\/p>\n\n\n\n<p>De acuerdo con el an\u00e1lisis jur\u00eddico, el Senado no cuenta con facultades para obligar a una gobernadora a rendir cuentas directamente ante la C\u00e1mara alta.<\/p>\n\n\n\n<p>Esto significa que la asistencia depende completamente de la voluntad de la mandataria estatal.&nbsp;<\/p>\n\n\n\n<h2 class=\"wp-block-heading\" id=\"h-sin-sanciones-por-no-acudir\">Sin sanciones por no acudir<\/h2>\n\n\n\n<p>La especialista subray\u00f3 que, en caso de que la gobernadora decida no presentarse,&nbsp;<strong>no existe ning\u00fan mecanismo legal para sancionarla<\/strong>.<\/p>\n\n\n\n<p>El citatorio carece de efectos coercitivos dentro del marco jur\u00eddico actual.&nbsp;<\/p>\n\n\n\n<h2 class=\"wp-block-heading\" id=\"h-el-origen-del-citatorio\">El origen del citatorio<\/h2>\n\n\n\n<p>El Senado plante\u00f3 convocar a Maru Campos y al fiscal estatal,&nbsp;<strong>C\u00e9sar J\u00e1uregui<\/strong>, para explicar la presunta participaci\u00f3n de&nbsp;<strong>agentes extranjeros<\/strong>&nbsp;en operativos de seguridad en Chihuahua.<\/p>\n\n\n\n<p>El tema ha generado debate pol\u00edtico en torno a la soberan\u00eda y la coordinaci\u00f3n en materia de seguridad.&nbsp;<\/p>\n\n\n\n<h2 class=\"wp-block-heading\" id=\"h-limites-del-congreso-en-un-sistema-federal\">L\u00edmites del Congreso en un sistema federal<\/h2>\n\n\n\n<p>Especialistas explican que esta situaci\u00f3n responde a la naturaleza del sistema federal mexicano, donde los estados tienen autonom\u00eda en diversas \u00e1reas.<\/p>\n\n\n\n<p>El Congreso federal no puede intervenir directamente en decisiones de gobiernos estatales fuera de sus atribuciones.&nbsp;<\/p>\n\n\n\n<h2 class=\"wp-block-heading\" id=\"h-seguridad-nacional-y-coordinacion\">Seguridad nacional y coordinaci\u00f3n<\/h2>\n\n\n\n<p>Aunque el caso involucra temas de seguridad nacional, se trata de un \u00e1mbito que corresponde principalmente al gobierno federal.<\/p>\n\n\n\n<p>Las autoridades estatales pueden colaborar, pero no est\u00e1n subordinadas al Senado en este tipo de requerimientos.&nbsp;<\/p>\n\n\n\n<h2 class=\"wp-block-heading\" id=\"h-debate-politico-en-el-senado\">Debate pol\u00edtico en el Senado<\/h2>\n\n\n\n<p>El citatorio ha sido impulsado por legisladores que buscan esclarecer la posible presencia de agentes extranjeros en operativos locales.<\/p>\n\n\n\n<p>Esto ha generado posiciones encontradas entre distintas fuerzas pol\u00edticas.&nbsp;<\/p>\n\n\n\n<h2 class=\"wp-block-heading\" id=\"h-invitacion-mas-que-comparecencia-formal\">Invitaci\u00f3n m\u00e1s que comparecencia formal<\/h2>\n\n\n\n<p>El t\u00e9rmino \u201ccomparecencia\u201d puede generar confusi\u00f3n, ya que en este caso no implica una obligaci\u00f3n jur\u00eddica como ocurre en otros procedimientos.<\/p>\n\n\n\n<p>En realidad, se trata de una solicitud para acudir a una reuni\u00f3n de trabajo.&nbsp;<\/p>\n\n\n\n<h2 class=\"wp-block-heading\" id=\"h-autonomia-de-los-gobiernos-estatales\">Autonom\u00eda de los gobiernos estatales<\/h2>\n\n\n\n<p>El marco legal mexicano establece que cada entidad federativa cuenta con facultades propias para tomar decisiones en su \u00e1mbito.<\/p>\n\n\n\n<p>Esto limita la capacidad del Senado para exigir explicaciones directas a mandatarios estatales.&nbsp;<\/p>\n\n\n\n<h2 class=\"wp-block-heading\" id=\"h-un-caso-que-reabre-el-debate-institucional\">Un caso que reabre el debate institucional<\/h2>\n\n\n\n<p>La situaci\u00f3n ha puesto sobre la mesa los alcances y l\u00edmites de la relaci\u00f3n entre el poder federal y los estados.<\/p>\n\n\n\n<p>Tambi\u00e9n ha generado discusi\u00f3n sobre los mecanismos de rendici\u00f3n de cuentas en temas de seguridad.<\/p>\n\n\n\n<h2 class=\"wp-block-heading\" id=\"h-la-decision-queda-en-manos-de-la-gobernadora\">La decisi\u00f3n queda en manos de la gobernadora<\/h2>\n\n\n\n<p>Ante este escenario, ser\u00e1 Maru Campos quien determine si acude o no al llamado del Senado.<\/p>\n\n\n\n<p>Mientras tanto, el tema contin\u00faa generando atenci\u00f3n en el \u00e1mbito pol\u00edtico nacional.<\/p>\n\n\n\n<p><em>Con informaci\u00f3n de Uno TV<\/em><\/p>\n","protected":false},"excerpt":{"rendered":"<p>La posible comparecencia de la gobernadora de Chihuahua,&nbsp;Maru Campos, ante el Senado no es obligatoria ni conlleva sanciones legales en&#8230;<\/p>\n","protected":false},"author":2,"featured_media":8297,"comment_status":"open","ping_status":"open","sticky":false,"template":"","format":"standard","meta":{"footnotes":""},"categories":[32],"tags":[],"class_list":["post-8296","post","type-post","status-publish","format-standard","has-post-thumbnail","hentry","category-la-nacion"],"yoast_head":"<!-- This site is optimized with the Yoast SEO Premium plugin v26.8 (Yoast SEO v27.5) - https:\/\/yoast.com\/product\/yoast-seo-premium-wordpress\/ -->\n<title>Citatorio a Maru Campos ser\u00eda solo una invitaci\u00f3n, sin fuerza legal - Buenos D&iacute;as BCS<\/title>\n<meta name=\"robots\" content=\"index, follow, max-snippet:-1, max-image-preview:large, max-video-preview:-1\" \/>\n<link rel=\"canonical\" href=\"https:\/\/buenosdiasbcs.com\/?p=8296\" \/>\n<meta property=\"og:locale\" content=\"es_ES\" \/>\n<meta property=\"og:type\" content=\"article\" \/>\n<meta property=\"og:title\" content=\"Citatorio a Maru Campos ser\u00eda solo una invitaci\u00f3n, sin fuerza legal\" \/>\n<meta property=\"og:description\" content=\"La posible comparecencia de la gobernadora de Chihuahua,&nbsp;Maru Campos, ante el Senado no es obligatoria ni conlleva sanciones legales en...\" \/>\n<meta property=\"og:url\" content=\"https:\/\/buenosdiasbcs.com\/?p=8296\" \/>\n<meta property=\"og:site_name\" content=\"Buenos D&iacute;as BCS\" \/>\n<meta property=\"article:published_time\" content=\"2026-04-29T07:38:00+00:00\" \/>\n<meta property=\"og:image\" content=\"https:\/\/buenosdiasbcs.com\/wp-content\/uploads\/2026\/04\/AKVLKLQKZNCGZIR4QW74DKNIS4.jpeg\" \/>\n\t<meta property=\"og:image:width\" content=\"1200\" \/>\n\t<meta property=\"og:image:height\" content=\"750\" \/>\n\t<meta property=\"og:image:type\" content=\"image\/jpeg\" \/>\n<meta name=\"author\" content=\"Edici\u00f3n Buenos D\u00edas\" \/>\n<meta name=\"twitter:card\" content=\"summary_large_image\" \/>\n<meta name=\"twitter:label1\" content=\"Escrito por\" \/>\n\t<meta name=\"twitter:data1\" content=\"Edici\u00f3n Buenos D\u00edas\" \/>\n\t<meta name=\"twitter:label2\" content=\"Tiempo de lectura\" \/>\n\t<meta name=\"twitter:data2\" content=\"3 minutos\" \/>\n<script type=\"application\/ld+json\" class=\"yoast-schema-graph\">{\"@context\":\"https:\\\/\\\/schema.org\",\"@graph\":[{\"@type\":\"Article\",\"@id\":\"https:\\\/\\\/buenosdiasbcs.com\\\/?p=8296#article\",\"isPartOf\":{\"@id\":\"https:\\\/\\\/buenosdiasbcs.com\\\/?p=8296\"},\"author\":{\"name\":\"Edici\u00f3n Buenos D\u00edas\",\"@id\":\"https:\\\/\\\/buenosdiasbcs.com\\\/#\\\/schema\\\/person\\\/15aedc247eab7070ee5d76d6d069a821\"},\"headline\":\"Citatorio a Maru Campos ser\u00eda solo una invitaci\u00f3n, sin fuerza legal\",\"datePublished\":\"2026-04-29T07:38:00+00:00\",\"mainEntityOfPage\":{\"@id\":\"https:\\\/\\\/buenosdiasbcs.com\\\/?p=8296\"},\"wordCount\":517,\"commentCount\":0,\"publisher\":{\"@id\":\"https:\\\/\\\/buenosdiasbcs.com\\\/#organization\"},\"image\":{\"@id\":\"https:\\\/\\\/buenosdiasbcs.com\\\/?p=8296#primaryimage\"},\"thumbnailUrl\":\"https:\\\/\\\/buenosdiasbcs.com\\\/wp-content\\\/uploads\\\/2026\\\/04\\\/AKVLKLQKZNCGZIR4QW74DKNIS4.jpeg\",\"articleSection\":[\"La Naci\u00f3n\"],\"inLanguage\":\"es\",\"potentialAction\":[{\"@type\":\"CommentAction\",\"name\":\"Comment\",\"target\":[\"https:\\\/\\\/buenosdiasbcs.com\\\/?p=8296#respond\"]}]},{\"@type\":\"WebPage\",\"@id\":\"https:\\\/\\\/buenosdiasbcs.com\\\/?p=8296\",\"url\":\"https:\\\/\\\/buenosdiasbcs.com\\\/?p=8296\",\"name\":\"Citatorio a Maru Campos ser\u00eda solo una invitaci\u00f3n, sin fuerza legal - Buenos D&iacute;as BCS\",\"isPartOf\":{\"@id\":\"https:\\\/\\\/buenosdiasbcs.com\\\/#website\"},\"primaryImageOfPage\":{\"@id\":\"https:\\\/\\\/buenosdiasbcs.com\\\/?p=8296#primaryimage\"},\"image\":{\"@id\":\"https:\\\/\\\/buenosdiasbcs.com\\\/?p=8296#primaryimage\"},\"thumbnailUrl\":\"https:\\\/\\\/buenosdiasbcs.com\\\/wp-content\\\/uploads\\\/2026\\\/04\\\/AKVLKLQKZNCGZIR4QW74DKNIS4.jpeg\",\"datePublished\":\"2026-04-29T07:38:00+00:00\",\"breadcrumb\":{\"@id\":\"https:\\\/\\\/buenosdiasbcs.com\\\/?p=8296#breadcrumb\"},\"inLanguage\":\"es\",\"potentialAction\":[{\"@type\":\"ReadAction\",\"target\":[\"https:\\\/\\\/buenosdiasbcs.com\\\/?p=8296\"]}]},{\"@type\":\"ImageObject\",\"inLanguage\":\"es\",\"@id\":\"https:\\\/\\\/buenosdiasbcs.com\\\/?p=8296#primaryimage\",\"url\":\"https:\\\/\\\/buenosdiasbcs.com\\\/wp-content\\\/uploads\\\/2026\\\/04\\\/AKVLKLQKZNCGZIR4QW74DKNIS4.jpeg\",\"contentUrl\":\"https:\\\/\\\/buenosdiasbcs.com\\\/wp-content\\\/uploads\\\/2026\\\/04\\\/AKVLKLQKZNCGZIR4QW74DKNIS4.jpeg\",\"width\":1200,\"height\":750},{\"@type\":\"BreadcrumbList\",\"@id\":\"https:\\\/\\\/buenosdiasbcs.com\\\/?p=8296#breadcrumb\",\"itemListElement\":[{\"@type\":\"ListItem\",\"position\":1,\"name\":\"Portada\",\"item\":\"https:\\\/\\\/buenosdiasbcs.com\\\/\"},{\"@type\":\"ListItem\",\"position\":2,\"name\":\"Citatorio a Maru Campos ser\u00eda solo una invitaci\u00f3n, sin fuerza legal\"}]},{\"@type\":\"WebSite\",\"@id\":\"https:\\\/\\\/buenosdiasbcs.com\\\/#website\",\"url\":\"https:\\\/\\\/buenosdiasbcs.com\\\/\",\"name\":\"Buenos D\u00edas BCS\",\"description\":\"\",\"publisher\":{\"@id\":\"https:\\\/\\\/buenosdiasbcs.com\\\/#organization\"},\"potentialAction\":[{\"@type\":\"SearchAction\",\"target\":{\"@type\":\"EntryPoint\",\"urlTemplate\":\"https:\\\/\\\/buenosdiasbcs.com\\\/?s={search_term_string}\"},\"query-input\":{\"@type\":\"PropertyValueSpecification\",\"valueRequired\":true,\"valueName\":\"search_term_string\"}}],\"inLanguage\":\"es\"},{\"@type\":\"Organization\",\"@id\":\"https:\\\/\\\/buenosdiasbcs.com\\\/#organization\",\"name\":\"Buenos D\u00edas BCS\",\"url\":\"https:\\\/\\\/buenosdiasbcs.com\\\/\",\"logo\":{\"@type\":\"ImageObject\",\"inLanguage\":\"es\",\"@id\":\"https:\\\/\\\/buenosdiasbcs.com\\\/#\\\/schema\\\/logo\\\/image\\\/\",\"url\":\"https:\\\/\\\/buenosdiasbcs.com\\\/wp-content\\\/uploads\\\/2026\\\/01\\\/logo-buenos-dias-40-01.png\",\"contentUrl\":\"https:\\\/\\\/buenosdiasbcs.com\\\/wp-content\\\/uploads\\\/2026\\\/01\\\/logo-buenos-dias-40-01.png\",\"width\":277,\"height\":40,\"caption\":\"Buenos D\u00edas BCS\"},\"image\":{\"@id\":\"https:\\\/\\\/buenosdiasbcs.com\\\/#\\\/schema\\\/logo\\\/image\\\/\"}},{\"@type\":\"Person\",\"@id\":\"https:\\\/\\\/buenosdiasbcs.com\\\/#\\\/schema\\\/person\\\/15aedc247eab7070ee5d76d6d069a821\",\"name\":\"Edici\u00f3n Buenos D\u00edas\",\"image\":{\"@type\":\"ImageObject\",\"inLanguage\":\"es\",\"@id\":\"https:\\\/\\\/buenosdiasbcs.com\\\/wp-content\\\/uploads\\\/2026\\\/01\\\/cropped-sol-96x96.png\",\"url\":\"https:\\\/\\\/buenosdiasbcs.com\\\/wp-content\\\/uploads\\\/2026\\\/01\\\/cropped-sol-96x96.png\",\"contentUrl\":\"https:\\\/\\\/buenosdiasbcs.com\\\/wp-content\\\/uploads\\\/2026\\\/01\\\/cropped-sol-96x96.png\",\"caption\":\"Edici\u00f3n Buenos D\u00edas\"},\"url\":\"https:\\\/\\\/buenosdiasbcs.com\\\/?author=2\"}]}<\/script>\n<!-- \/ Yoast SEO Premium plugin. -->","yoast_head_json":{"title":"Citatorio a Maru Campos ser\u00eda solo una invitaci\u00f3n, sin fuerza legal - Buenos D&iacute;as BCS","robots":{"index":"index","follow":"follow","max-snippet":"max-snippet:-1","max-image-preview":"max-image-preview:large","max-video-preview":"max-video-preview:-1"},"canonical":"https:\/\/buenosdiasbcs.com\/?p=8296","og_locale":"es_ES","og_type":"article","og_title":"Citatorio a Maru Campos ser\u00eda solo una invitaci\u00f3n, sin fuerza legal","og_description":"La posible comparecencia de la gobernadora de Chihuahua,&nbsp;Maru Campos, ante el Senado no es obligatoria ni conlleva sanciones legales en...","og_url":"https:\/\/buenosdiasbcs.com\/?p=8296","og_site_name":"Buenos D&iacute;as BCS","article_published_time":"2026-04-29T07:38:00+00:00","og_image":[{"width":1200,"height":750,"url":"https:\/\/buenosdiasbcs.com\/wp-content\/uploads\/2026\/04\/AKVLKLQKZNCGZIR4QW74DKNIS4.jpeg","type":"image\/jpeg"}],"author":"Edici\u00f3n Buenos D\u00edas","twitter_card":"summary_large_image","twitter_misc":{"Escrito por":"Edici\u00f3n Buenos D\u00edas","Tiempo de lectura":"3 minutos"},"schema":{"@context":"https:\/\/schema.org","@graph":[{"@type":"Article","@id":"https:\/\/buenosdiasbcs.com\/?p=8296#article","isPartOf":{"@id":"https:\/\/buenosdiasbcs.com\/?p=8296"},"author":{"name":"Edici\u00f3n Buenos D\u00edas","@id":"https:\/\/buenosdiasbcs.com\/#\/schema\/person\/15aedc247eab7070ee5d76d6d069a821"},"headline":"Citatorio a Maru Campos ser\u00eda solo una invitaci\u00f3n, sin fuerza legal","datePublished":"2026-04-29T07:38:00+00:00","mainEntityOfPage":{"@id":"https:\/\/buenosdiasbcs.com\/?p=8296"},"wordCount":517,"commentCount":0,"publisher":{"@id":"https:\/\/buenosdiasbcs.com\/#organization"},"image":{"@id":"https:\/\/buenosdiasbcs.com\/?p=8296#primaryimage"},"thumbnailUrl":"https:\/\/buenosdiasbcs.com\/wp-content\/uploads\/2026\/04\/AKVLKLQKZNCGZIR4QW74DKNIS4.jpeg","articleSection":["La Naci\u00f3n"],"inLanguage":"es","potentialAction":[{"@type":"CommentAction","name":"Comment","target":["https:\/\/buenosdiasbcs.com\/?p=8296#respond"]}]},{"@type":"WebPage","@id":"https:\/\/buenosdiasbcs.com\/?p=8296","url":"https:\/\/buenosdiasbcs.com\/?p=8296","name":"Citatorio a Maru Campos ser\u00eda solo una invitaci\u00f3n, sin fuerza legal - Buenos D&iacute;as BCS","isPartOf":{"@id":"https:\/\/buenosdiasbcs.com\/#website"},"primaryImageOfPage":{"@id":"https:\/\/buenosdiasbcs.com\/?p=8296#primaryimage"},"image":{"@id":"https:\/\/buenosdiasbcs.com\/?p=8296#primaryimage"},"thumbnailUrl":"https:\/\/buenosdiasbcs.com\/wp-content\/uploads\/2026\/04\/AKVLKLQKZNCGZIR4QW74DKNIS4.jpeg","datePublished":"2026-04-29T07:38:00+00:00","breadcrumb":{"@id":"https:\/\/buenosdiasbcs.com\/?p=8296#breadcrumb"},"inLanguage":"es","potentialAction":[{"@type":"ReadAction","target":["https:\/\/buenosdiasbcs.com\/?p=8296"]}]},{"@type":"ImageObject","inLanguage":"es","@id":"https:\/\/buenosdiasbcs.com\/?p=8296#primaryimage","url":"https:\/\/buenosdiasbcs.com\/wp-content\/uploads\/2026\/04\/AKVLKLQKZNCGZIR4QW74DKNIS4.jpeg","contentUrl":"https:\/\/buenosdiasbcs.com\/wp-content\/uploads\/2026\/04\/AKVLKLQKZNCGZIR4QW74DKNIS4.jpeg","width":1200,"height":750},{"@type":"BreadcrumbList","@id":"https:\/\/buenosdiasbcs.com\/?p=8296#breadcrumb","itemListElement":[{"@type":"ListItem","position":1,"name":"Portada","item":"https:\/\/buenosdiasbcs.com\/"},{"@type":"ListItem","position":2,"name":"Citatorio a Maru Campos ser\u00eda solo una invitaci\u00f3n, sin fuerza legal"}]},{"@type":"WebSite","@id":"https:\/\/buenosdiasbcs.com\/#website","url":"https:\/\/buenosdiasbcs.com\/","name":"Buenos D\u00edas BCS","description":"","publisher":{"@id":"https:\/\/buenosdiasbcs.com\/#organization"},"potentialAction":[{"@type":"SearchAction","target":{"@type":"EntryPoint","urlTemplate":"https:\/\/buenosdiasbcs.com\/?s={search_term_string}"},"query-input":{"@type":"PropertyValueSpecification","valueRequired":true,"valueName":"search_term_string"}}],"inLanguage":"es"},{"@type":"Organization","@id":"https:\/\/buenosdiasbcs.com\/#organization","name":"Buenos D\u00edas BCS","url":"https:\/\/buenosdiasbcs.com\/","logo":{"@type":"ImageObject","inLanguage":"es","@id":"https:\/\/buenosdiasbcs.com\/#\/schema\/logo\/image\/","url":"https:\/\/buenosdiasbcs.com\/wp-content\/uploads\/2026\/01\/logo-buenos-dias-40-01.png","contentUrl":"https:\/\/buenosdiasbcs.com\/wp-content\/uploads\/2026\/01\/logo-buenos-dias-40-01.png","width":277,"height":40,"caption":"Buenos D\u00edas BCS"},"image":{"@id":"https:\/\/buenosdiasbcs.com\/#\/schema\/logo\/image\/"}},{"@type":"Person","@id":"https:\/\/buenosdiasbcs.com\/#\/schema\/person\/15aedc247eab7070ee5d76d6d069a821","name":"Edici\u00f3n Buenos D\u00edas","image":{"@type":"ImageObject","inLanguage":"es","@id":"https:\/\/buenosdiasbcs.com\/wp-content\/uploads\/2026\/01\/cropped-sol-96x96.png","url":"https:\/\/buenosdiasbcs.com\/wp-content\/uploads\/2026\/01\/cropped-sol-96x96.png","contentUrl":"https:\/\/buenosdiasbcs.com\/wp-content\/uploads\/2026\/01\/cropped-sol-96x96.png","caption":"Edici\u00f3n Buenos D\u00edas"},"url":"https:\/\/buenosdiasbcs.com\/?author=2"}]}},"amp_enabled":true,"_links":{"self":[{"href":"https:\/\/buenosdiasbcs.com\/index.php?rest_route=\/wp\/v2\/posts\/8296","targetHints":{"allow":["GET"]}}],"collection":[{"href":"https:\/\/buenosdiasbcs.com\/index.php?rest_route=\/wp\/v2\/posts"}],"about":[{"href":"https:\/\/buenosdiasbcs.com\/index.php?rest_route=\/wp\/v2\/types\/post"}],"author":[{"embeddable":true,"href":"https:\/\/buenosdiasbcs.com\/index.php?rest_route=\/wp\/v2\/users\/2"}],"replies":[{"embeddable":true,"href":"https:\/\/buenosdiasbcs.com\/index.php?rest_route=%2Fwp%2Fv2%2Fcomments&post=8296"}],"version-history":[{"count":1,"href":"https:\/\/buenosdiasbcs.com\/index.php?rest_route=\/wp\/v2\/posts\/8296\/revisions"}],"predecessor-version":[{"id":8298,"href":"https:\/\/buenosdiasbcs.com\/index.php?rest_route=\/wp\/v2\/posts\/8296\/revisions\/8298"}],"wp:featuredmedia":[{"embeddable":true,"href":"https:\/\/buenosdiasbcs.com\/index.php?rest_route=\/wp\/v2\/media\/8297"}],"wp:attachment":[{"href":"https:\/\/buenosdiasbcs.com\/index.php?rest_route=%2Fwp%2Fv2%2Fmedia&parent=8296"}],"wp:term":[{"taxonomy":"category","embeddable":true,"href":"https:\/\/buenosdiasbcs.com\/index.php?rest_route=%2Fwp%2Fv2%2Fcategories&post=8296"},{"taxonomy":"post_tag","embeddable":true,"href":"https:\/\/buenosdiasbcs.com\/index.php?rest_route=%2Fwp%2Fv2%2Ftags&post=8296"}],"curies":[{"name":"wp","href":"https:\/\/api.w.org\/{rel}","templated":true}]}}