{"id":8277,"date":"2026-04-29T00:23:00","date_gmt":"2026-04-29T07:23:00","guid":{"rendered":"https:\/\/buenosdiasbcs.com\/?p=8277"},"modified":"2026-04-28T20:24:57","modified_gmt":"2026-04-29T03:24:57","slug":"presenta-consejo-de-paz-y-justicia-civica-avances-del-diagnostico-de-seguridad-en-bcs-convoca-gobernador-a-trabajar-unidos","status":"publish","type":"post","link":"https:\/\/buenosdiasbcs.com\/?p=8277","title":{"rendered":"Presenta Consejo de Paz y Justicia C\u00edvica avances del diagn\u00f3stico de seguridad en BCS; convoca Gobernador a trabajar unidos"},"content":{"rendered":"\n<p>El gobernador del estado, V\u00edctor Manuel Castro Cos\u00edo, encabez\u00f3 la Segunda Sesi\u00f3n Ordinaria del Consejo de Paz y Justicia C\u00edvica, donde se presentaron avances del diagn\u00f3stico de seguridad en Baja California Sur, herramienta que permitir\u00e1 focalizar acciones en las zonas con mayor incidencia y atender de manera directa las causas que la generan.<\/p>\n\n\n\n<p>A partir de estos avances, el mandatario convoc\u00f3 a las y los integrantes a iniciar de inmediato con la implementaci\u00f3n de estrategias conjuntas. \u201cEs momento de poner en marcha actividades que integren a todas las instituciones de gobierno, as\u00ed como a representantes sociales y de cultos religiosos; que estos consejos se consoliden como espacios de encuentro para mejorar la convivencia\u201d, expres\u00f3.<\/p>\n\n\n\n<p>En la sesi\u00f3n, con la participaci\u00f3n del secretario ejecutivo del organismo, Jos\u00e9 Sa\u00fal Gonz\u00e1lez N\u00fa\u00f1ez, se detallaron progresos en la identificaci\u00f3n de problem\u00e1ticas locales, el an\u00e1lisis territorial, la ubicaci\u00f3n de poblaci\u00f3n vulnerable y el dise\u00f1o de un plan de trabajo integral.<\/p>\n\n\n\n<p>Asimismo, reportaron la instalaci\u00f3n de cuatro de los cinco consejos municipales: el 9 de febrero en Los Cabos; el 9 de marzo en Loreto y Comond\u00fa; el 16 de marzo en La Paz; y este mi\u00e9rcoles se concretar\u00e1 el de Muleg\u00e9, con lo que se ampl\u00eda la cobertura institucional en todo el estado.<\/p>\n\n\n\n<p>Playas e islas<\/p>\n\n\n\n<p>Castro Cos\u00edo reiter\u00f3 que atender la seguridad es una tarea prioritaria e impostergable. \u201cNo podemos renunciar al reto que nos dio la sociedad; debemos trabajar unidos, m\u00e1s all\u00e1 de las diferencias. La seguridad p\u00fablica es prioridad\u201d, subray\u00f3.<\/p>\n\n\n\n<p>Se prev\u00e9 que la pr\u00f3xima sesi\u00f3n del Consejo se realice en la segunda quincena de junio, donde se presentar\u00e1n resultados de acciones concretas derivadas de este esfuerzo interinstitucional.<\/p>\n\n\n\n<p>Los Consejos estar\u00e1n integrados por asociaciones religiosas, sector empresarial, instituciones educativas y autoridades de los tres \u00f3rdenes de gobierno, con la finalidad de fortalecer la coordinaci\u00f3n entre sectores y dar seguimiento a las acciones derivadas del diagn\u00f3stico de seguridad en la entidad.<\/p>\n","protected":false},"excerpt":{"rendered":"<p>El gobernador del estado, V\u00edctor Manuel Castro Cos\u00edo, encabez\u00f3 la Segunda Sesi\u00f3n Ordinaria del Consejo de Paz y Justicia C\u00edvica,&#8230;<\/p>\n","protected":false},"author":2,"featured_media":8278,"comment_status":"open","ping_status":"open","sticky":false,"template":"","format":"standard","meta":{"footnotes":""},"categories":[24],"tags":[],"class_list":["post-8277","post","type-post","status-publish","format-standard","has-post-thumbnail","hentry","category-gobierno"],"yoast_head":"<!-- This site is optimized with the Yoast SEO Premium plugin v26.8 (Yoast SEO v27.5) - https:\/\/yoast.com\/product\/yoast-seo-premium-wordpress\/ -->\n<title>Presenta Consejo de Paz y Justicia C\u00edvica avances del diagn\u00f3stico de seguridad en BCS; convoca Gobernador a trabajar unidos - Buenos D&iacute;as BCS<\/title>\n<meta name=\"robots\" content=\"index, follow, max-snippet:-1, max-image-preview:large, max-video-preview:-1\" \/>\n<link rel=\"canonical\" href=\"https:\/\/buenosdiasbcs.com\/?p=8277\" \/>\n<meta property=\"og:locale\" content=\"es_ES\" \/>\n<meta property=\"og:type\" content=\"article\" \/>\n<meta property=\"og:title\" content=\"Presenta Consejo de Paz y Justicia C\u00edvica avances del diagn\u00f3stico de seguridad en BCS; convoca Gobernador a trabajar unidos\" \/>\n<meta property=\"og:description\" content=\"El gobernador del estado, V\u00edctor Manuel Castro Cos\u00edo, encabez\u00f3 la Segunda Sesi\u00f3n Ordinaria del Consejo de Paz y Justicia C\u00edvica,...\" \/>\n<meta property=\"og:url\" content=\"https:\/\/buenosdiasbcs.com\/?p=8277\" \/>\n<meta property=\"og:site_name\" content=\"Buenos D&iacute;as BCS\" \/>\n<meta property=\"article:published_time\" content=\"2026-04-29T07:23:00+00:00\" \/>\n<meta property=\"og:image\" content=\"https:\/\/buenosdiasbcs.com\/wp-content\/uploads\/2026\/04\/WhatsApp-Image-2026-04-28-at-3.03.03-PM-1104x621-1.jpeg\" \/>\n\t<meta property=\"og:image:width\" content=\"1104\" \/>\n\t<meta property=\"og:image:height\" content=\"621\" \/>\n\t<meta property=\"og:image:type\" content=\"image\/jpeg\" \/>\n<meta name=\"author\" content=\"Edici\u00f3n Buenos D\u00edas\" \/>\n<meta name=\"twitter:card\" content=\"summary_large_image\" \/>\n<meta name=\"twitter:label1\" content=\"Escrito por\" \/>\n\t<meta name=\"twitter:data1\" content=\"Edici\u00f3n Buenos D\u00edas\" \/>\n\t<meta name=\"twitter:label2\" content=\"Tiempo de lectura\" \/>\n\t<meta name=\"twitter:data2\" content=\"2 minutos\" \/>\n<script type=\"application\/ld+json\" class=\"yoast-schema-graph\">{\"@context\":\"https:\\\/\\\/schema.org\",\"@graph\":[{\"@type\":\"Article\",\"@id\":\"https:\\\/\\\/buenosdiasbcs.com\\\/?p=8277#article\",\"isPartOf\":{\"@id\":\"https:\\\/\\\/buenosdiasbcs.com\\\/?p=8277\"},\"author\":{\"name\":\"Edici\u00f3n Buenos D\u00edas\",\"@id\":\"https:\\\/\\\/buenosdiasbcs.com\\\/#\\\/schema\\\/person\\\/15aedc247eab7070ee5d76d6d069a821\"},\"headline\":\"Presenta Consejo de Paz y Justicia C\u00edvica avances del diagn\u00f3stico de seguridad en BCS; convoca Gobernador a trabajar unidos\",\"datePublished\":\"2026-04-29T07:23:00+00:00\",\"mainEntityOfPage\":{\"@id\":\"https:\\\/\\\/buenosdiasbcs.com\\\/?p=8277\"},\"wordCount\":365,\"commentCount\":0,\"publisher\":{\"@id\":\"https:\\\/\\\/buenosdiasbcs.com\\\/#organization\"},\"image\":{\"@id\":\"https:\\\/\\\/buenosdiasbcs.com\\\/?p=8277#primaryimage\"},\"thumbnailUrl\":\"https:\\\/\\\/buenosdiasbcs.com\\\/wp-content\\\/uploads\\\/2026\\\/04\\\/WhatsApp-Image-2026-04-28-at-3.03.03-PM-1104x621-1.jpeg\",\"articleSection\":[\"Gobierno\"],\"inLanguage\":\"es\",\"potentialAction\":[{\"@type\":\"CommentAction\",\"name\":\"Comment\",\"target\":[\"https:\\\/\\\/buenosdiasbcs.com\\\/?p=8277#respond\"]}]},{\"@type\":\"WebPage\",\"@id\":\"https:\\\/\\\/buenosdiasbcs.com\\\/?p=8277\",\"url\":\"https:\\\/\\\/buenosdiasbcs.com\\\/?p=8277\",\"name\":\"Presenta Consejo de Paz y Justicia C\u00edvica avances del diagn\u00f3stico de seguridad en BCS; convoca Gobernador a trabajar unidos - Buenos D&iacute;as BCS\",\"isPartOf\":{\"@id\":\"https:\\\/\\\/buenosdiasbcs.com\\\/#website\"},\"primaryImageOfPage\":{\"@id\":\"https:\\\/\\\/buenosdiasbcs.com\\\/?p=8277#primaryimage\"},\"image\":{\"@id\":\"https:\\\/\\\/buenosdiasbcs.com\\\/?p=8277#primaryimage\"},\"thumbnailUrl\":\"https:\\\/\\\/buenosdiasbcs.com\\\/wp-content\\\/uploads\\\/2026\\\/04\\\/WhatsApp-Image-2026-04-28-at-3.03.03-PM-1104x621-1.jpeg\",\"datePublished\":\"2026-04-29T07:23:00+00:00\",\"breadcrumb\":{\"@id\":\"https:\\\/\\\/buenosdiasbcs.com\\\/?p=8277#breadcrumb\"},\"inLanguage\":\"es\",\"potentialAction\":[{\"@type\":\"ReadAction\",\"target\":[\"https:\\\/\\\/buenosdiasbcs.com\\\/?p=8277\"]}]},{\"@type\":\"ImageObject\",\"inLanguage\":\"es\",\"@id\":\"https:\\\/\\\/buenosdiasbcs.com\\\/?p=8277#primaryimage\",\"url\":\"https:\\\/\\\/buenosdiasbcs.com\\\/wp-content\\\/uploads\\\/2026\\\/04\\\/WhatsApp-Image-2026-04-28-at-3.03.03-PM-1104x621-1.jpeg\",\"contentUrl\":\"https:\\\/\\\/buenosdiasbcs.com\\\/wp-content\\\/uploads\\\/2026\\\/04\\\/WhatsApp-Image-2026-04-28-at-3.03.03-PM-1104x621-1.jpeg\",\"width\":1104,\"height\":621},{\"@type\":\"BreadcrumbList\",\"@id\":\"https:\\\/\\\/buenosdiasbcs.com\\\/?p=8277#breadcrumb\",\"itemListElement\":[{\"@type\":\"ListItem\",\"position\":1,\"name\":\"Portada\",\"item\":\"https:\\\/\\\/buenosdiasbcs.com\\\/\"},{\"@type\":\"ListItem\",\"position\":2,\"name\":\"Presenta Consejo de Paz y Justicia C\u00edvica avances del diagn\u00f3stico de seguridad en BCS; convoca Gobernador a trabajar unidos\"}]},{\"@type\":\"WebSite\",\"@id\":\"https:\\\/\\\/buenosdiasbcs.com\\\/#website\",\"url\":\"https:\\\/\\\/buenosdiasbcs.com\\\/\",\"name\":\"Buenos D\u00edas BCS\",\"description\":\"\",\"publisher\":{\"@id\":\"https:\\\/\\\/buenosdiasbcs.com\\\/#organization\"},\"potentialAction\":[{\"@type\":\"SearchAction\",\"target\":{\"@type\":\"EntryPoint\",\"urlTemplate\":\"https:\\\/\\\/buenosdiasbcs.com\\\/?s={search_term_string}\"},\"query-input\":{\"@type\":\"PropertyValueSpecification\",\"valueRequired\":true,\"valueName\":\"search_term_string\"}}],\"inLanguage\":\"es\"},{\"@type\":\"Organization\",\"@id\":\"https:\\\/\\\/buenosdiasbcs.com\\\/#organization\",\"name\":\"Buenos D\u00edas BCS\",\"url\":\"https:\\\/\\\/buenosdiasbcs.com\\\/\",\"logo\":{\"@type\":\"ImageObject\",\"inLanguage\":\"es\",\"@id\":\"https:\\\/\\\/buenosdiasbcs.com\\\/#\\\/schema\\\/logo\\\/image\\\/\",\"url\":\"https:\\\/\\\/buenosdiasbcs.com\\\/wp-content\\\/uploads\\\/2026\\\/01\\\/logo-buenos-dias-40-01.png\",\"contentUrl\":\"https:\\\/\\\/buenosdiasbcs.com\\\/wp-content\\\/uploads\\\/2026\\\/01\\\/logo-buenos-dias-40-01.png\",\"width\":277,\"height\":40,\"caption\":\"Buenos D\u00edas BCS\"},\"image\":{\"@id\":\"https:\\\/\\\/buenosdiasbcs.com\\\/#\\\/schema\\\/logo\\\/image\\\/\"}},{\"@type\":\"Person\",\"@id\":\"https:\\\/\\\/buenosdiasbcs.com\\\/#\\\/schema\\\/person\\\/15aedc247eab7070ee5d76d6d069a821\",\"name\":\"Edici\u00f3n Buenos D\u00edas\",\"image\":{\"@type\":\"ImageObject\",\"inLanguage\":\"es\",\"@id\":\"https:\\\/\\\/buenosdiasbcs.com\\\/wp-content\\\/uploads\\\/2026\\\/01\\\/cropped-sol-96x96.png\",\"url\":\"https:\\\/\\\/buenosdiasbcs.com\\\/wp-content\\\/uploads\\\/2026\\\/01\\\/cropped-sol-96x96.png\",\"contentUrl\":\"https:\\\/\\\/buenosdiasbcs.com\\\/wp-content\\\/uploads\\\/2026\\\/01\\\/cropped-sol-96x96.png\",\"caption\":\"Edici\u00f3n Buenos D\u00edas\"},\"url\":\"https:\\\/\\\/buenosdiasbcs.com\\\/?author=2\"}]}<\/script>\n<!-- \/ Yoast SEO Premium plugin. -->","yoast_head_json":{"title":"Presenta Consejo de Paz y Justicia C\u00edvica avances del diagn\u00f3stico de seguridad en BCS; convoca Gobernador a trabajar unidos - Buenos D&iacute;as BCS","robots":{"index":"index","follow":"follow","max-snippet":"max-snippet:-1","max-image-preview":"max-image-preview:large","max-video-preview":"max-video-preview:-1"},"canonical":"https:\/\/buenosdiasbcs.com\/?p=8277","og_locale":"es_ES","og_type":"article","og_title":"Presenta Consejo de Paz y Justicia C\u00edvica avances del diagn\u00f3stico de seguridad en BCS; convoca Gobernador a trabajar unidos","og_description":"El gobernador del estado, V\u00edctor Manuel Castro Cos\u00edo, encabez\u00f3 la Segunda Sesi\u00f3n Ordinaria del Consejo de Paz y Justicia C\u00edvica,...","og_url":"https:\/\/buenosdiasbcs.com\/?p=8277","og_site_name":"Buenos D&iacute;as BCS","article_published_time":"2026-04-29T07:23:00+00:00","og_image":[{"width":1104,"height":621,"url":"https:\/\/buenosdiasbcs.com\/wp-content\/uploads\/2026\/04\/WhatsApp-Image-2026-04-28-at-3.03.03-PM-1104x621-1.jpeg","type":"image\/jpeg"}],"author":"Edici\u00f3n Buenos D\u00edas","twitter_card":"summary_large_image","twitter_misc":{"Escrito por":"Edici\u00f3n Buenos D\u00edas","Tiempo de lectura":"2 minutos"},"schema":{"@context":"https:\/\/schema.org","@graph":[{"@type":"Article","@id":"https:\/\/buenosdiasbcs.com\/?p=8277#article","isPartOf":{"@id":"https:\/\/buenosdiasbcs.com\/?p=8277"},"author":{"name":"Edici\u00f3n Buenos D\u00edas","@id":"https:\/\/buenosdiasbcs.com\/#\/schema\/person\/15aedc247eab7070ee5d76d6d069a821"},"headline":"Presenta Consejo de Paz y Justicia C\u00edvica avances del diagn\u00f3stico de seguridad en BCS; convoca Gobernador a trabajar unidos","datePublished":"2026-04-29T07:23:00+00:00","mainEntityOfPage":{"@id":"https:\/\/buenosdiasbcs.com\/?p=8277"},"wordCount":365,"commentCount":0,"publisher":{"@id":"https:\/\/buenosdiasbcs.com\/#organization"},"image":{"@id":"https:\/\/buenosdiasbcs.com\/?p=8277#primaryimage"},"thumbnailUrl":"https:\/\/buenosdiasbcs.com\/wp-content\/uploads\/2026\/04\/WhatsApp-Image-2026-04-28-at-3.03.03-PM-1104x621-1.jpeg","articleSection":["Gobierno"],"inLanguage":"es","potentialAction":[{"@type":"CommentAction","name":"Comment","target":["https:\/\/buenosdiasbcs.com\/?p=8277#respond"]}]},{"@type":"WebPage","@id":"https:\/\/buenosdiasbcs.com\/?p=8277","url":"https:\/\/buenosdiasbcs.com\/?p=8277","name":"Presenta Consejo de Paz y Justicia C\u00edvica avances del diagn\u00f3stico de seguridad en BCS; convoca Gobernador a trabajar unidos - Buenos D&iacute;as BCS","isPartOf":{"@id":"https:\/\/buenosdiasbcs.com\/#website"},"primaryImageOfPage":{"@id":"https:\/\/buenosdiasbcs.com\/?p=8277#primaryimage"},"image":{"@id":"https:\/\/buenosdiasbcs.com\/?p=8277#primaryimage"},"thumbnailUrl":"https:\/\/buenosdiasbcs.com\/wp-content\/uploads\/2026\/04\/WhatsApp-Image-2026-04-28-at-3.03.03-PM-1104x621-1.jpeg","datePublished":"2026-04-29T07:23:00+00:00","breadcrumb":{"@id":"https:\/\/buenosdiasbcs.com\/?p=8277#breadcrumb"},"inLanguage":"es","potentialAction":[{"@type":"ReadAction","target":["https:\/\/buenosdiasbcs.com\/?p=8277"]}]},{"@type":"ImageObject","inLanguage":"es","@id":"https:\/\/buenosdiasbcs.com\/?p=8277#primaryimage","url":"https:\/\/buenosdiasbcs.com\/wp-content\/uploads\/2026\/04\/WhatsApp-Image-2026-04-28-at-3.03.03-PM-1104x621-1.jpeg","contentUrl":"https:\/\/buenosdiasbcs.com\/wp-content\/uploads\/2026\/04\/WhatsApp-Image-2026-04-28-at-3.03.03-PM-1104x621-1.jpeg","width":1104,"height":621},{"@type":"BreadcrumbList","@id":"https:\/\/buenosdiasbcs.com\/?p=8277#breadcrumb","itemListElement":[{"@type":"ListItem","position":1,"name":"Portada","item":"https:\/\/buenosdiasbcs.com\/"},{"@type":"ListItem","position":2,"name":"Presenta Consejo de Paz y Justicia C\u00edvica avances del diagn\u00f3stico de seguridad en BCS; convoca Gobernador a trabajar unidos"}]},{"@type":"WebSite","@id":"https:\/\/buenosdiasbcs.com\/#website","url":"https:\/\/buenosdiasbcs.com\/","name":"Buenos D\u00edas BCS","description":"","publisher":{"@id":"https:\/\/buenosdiasbcs.com\/#organization"},"potentialAction":[{"@type":"SearchAction","target":{"@type":"EntryPoint","urlTemplate":"https:\/\/buenosdiasbcs.com\/?s={search_term_string}"},"query-input":{"@type":"PropertyValueSpecification","valueRequired":true,"valueName":"search_term_string"}}],"inLanguage":"es"},{"@type":"Organization","@id":"https:\/\/buenosdiasbcs.com\/#organization","name":"Buenos D\u00edas BCS","url":"https:\/\/buenosdiasbcs.com\/","logo":{"@type":"ImageObject","inLanguage":"es","@id":"https:\/\/buenosdiasbcs.com\/#\/schema\/logo\/image\/","url":"https:\/\/buenosdiasbcs.com\/wp-content\/uploads\/2026\/01\/logo-buenos-dias-40-01.png","contentUrl":"https:\/\/buenosdiasbcs.com\/wp-content\/uploads\/2026\/01\/logo-buenos-dias-40-01.png","width":277,"height":40,"caption":"Buenos D\u00edas BCS"},"image":{"@id":"https:\/\/buenosdiasbcs.com\/#\/schema\/logo\/image\/"}},{"@type":"Person","@id":"https:\/\/buenosdiasbcs.com\/#\/schema\/person\/15aedc247eab7070ee5d76d6d069a821","name":"Edici\u00f3n Buenos D\u00edas","image":{"@type":"ImageObject","inLanguage":"es","@id":"https:\/\/buenosdiasbcs.com\/wp-content\/uploads\/2026\/01\/cropped-sol-96x96.png","url":"https:\/\/buenosdiasbcs.com\/wp-content\/uploads\/2026\/01\/cropped-sol-96x96.png","contentUrl":"https:\/\/buenosdiasbcs.com\/wp-content\/uploads\/2026\/01\/cropped-sol-96x96.png","caption":"Edici\u00f3n Buenos D\u00edas"},"url":"https:\/\/buenosdiasbcs.com\/?author=2"}]}},"amp_enabled":true,"_links":{"self":[{"href":"https:\/\/buenosdiasbcs.com\/index.php?rest_route=\/wp\/v2\/posts\/8277","targetHints":{"allow":["GET"]}}],"collection":[{"href":"https:\/\/buenosdiasbcs.com\/index.php?rest_route=\/wp\/v2\/posts"}],"about":[{"href":"https:\/\/buenosdiasbcs.com\/index.php?rest_route=\/wp\/v2\/types\/post"}],"author":[{"embeddable":true,"href":"https:\/\/buenosdiasbcs.com\/index.php?rest_route=\/wp\/v2\/users\/2"}],"replies":[{"embeddable":true,"href":"https:\/\/buenosdiasbcs.com\/index.php?rest_route=%2Fwp%2Fv2%2Fcomments&post=8277"}],"version-history":[{"count":1,"href":"https:\/\/buenosdiasbcs.com\/index.php?rest_route=\/wp\/v2\/posts\/8277\/revisions"}],"predecessor-version":[{"id":8279,"href":"https:\/\/buenosdiasbcs.com\/index.php?rest_route=\/wp\/v2\/posts\/8277\/revisions\/8279"}],"wp:featuredmedia":[{"embeddable":true,"href":"https:\/\/buenosdiasbcs.com\/index.php?rest_route=\/wp\/v2\/media\/8278"}],"wp:attachment":[{"href":"https:\/\/buenosdiasbcs.com\/index.php?rest_route=%2Fwp%2Fv2%2Fmedia&parent=8277"}],"wp:term":[{"taxonomy":"category","embeddable":true,"href":"https:\/\/buenosdiasbcs.com\/index.php?rest_route=%2Fwp%2Fv2%2Fcategories&post=8277"},{"taxonomy":"post_tag","embeddable":true,"href":"https:\/\/buenosdiasbcs.com\/index.php?rest_route=%2Fwp%2Fv2%2Ftags&post=8277"}],"curies":[{"name":"wp","href":"https:\/\/api.w.org\/{rel}","templated":true}]}}