{"id":8255,"date":"2026-04-28T00:32:00","date_gmt":"2026-04-28T07:32:00","guid":{"rendered":"https:\/\/buenosdiasbcs.com\/?p=8255"},"modified":"2026-04-27T20:34:17","modified_gmt":"2026-04-28T03:34:17","slug":"policia-de-la-paz-justifica-arresto-de-elotero-no-aborda-criticas-por-el-operativo","status":"publish","type":"post","link":"https:\/\/buenosdiasbcs.com\/?p=8255","title":{"rendered":"Polic\u00eda de La Paz justifica arresto de elotero; no aborda cr\u00edticas por el operativo"},"content":{"rendered":"\n<h2 class=\"wp-block-heading\" id=\"resumenNota\">La Polic\u00eda de La Paz defendi\u00f3 la detenci\u00f3n del vendedor al se\u00f1alar que el vendedor incumpli\u00f3 el reglamento municipal.<\/h2>\n\n\n\n<p>La&nbsp;<strong>Polic\u00eda Municipal de La Paz<\/strong>&nbsp;respondi\u00f3 al video que circul\u00f3 en redes sociales donde se observa la&nbsp;<strong>detenci\u00f3n<\/strong>de un&nbsp;<strong>vendedor de elotes<\/strong>, uno de los hechos virales que ha generado cr\u00edticas como el de una&nbsp;<a href=\"https:\/\/www.posta.com.mx\/bcs\/video-captan-a-trabajadora-de-oxxo-usando-presuntamente-tarjeta-olvidada-en-la-paz\/vl2192598\">empleada de Oxxo que utiliz\u00f3 una tarjeta olvidada.<\/a><\/p>\n\n\n\n<p>La&nbsp;<strong>autoridad defendi\u00f3<\/strong>&nbsp;la&nbsp;<strong>actuaci\u00f3n de los agentes<\/strong>, aunque no abord\u00f3 directamente los&nbsp;<strong>cuestionamientos<\/strong>sobre el operativo.<\/p>\n\n\n\n<h2 class=\"wp-block-heading\" id=\"h-que-dijo-la-nbsp-policia-municipal-de-la-paz-nbsp-sobre-el-arresto-de-elotero\">\u00bfQu\u00e9 dijo la&nbsp;<strong>Polic\u00eda Municipal de La Paz<\/strong>&nbsp;sobre el arresto de elotero ?<\/h2>\n\n\n\n<p>La Direcci\u00f3n de Seguridad y Tr\u00e1nsito Municipal de La Paz defendi\u00f3 el arresto de un vendedor de elotes ocurrido recientemente en la zona del malec\u00f3n,&nbsp;<strong>argumentando que el operativo se ajust\u00f3 a los<\/strong>&nbsp;<strong>reglamentos<\/strong>&nbsp;locales.&nbsp;<\/p>\n\n\n\n<p>Pese a la difusi\u00f3n de&nbsp;<strong>videos en redes sociales<\/strong>&nbsp;que muestran el&nbsp;<strong>uso de la fuerza<\/strong>&nbsp;durante la&nbsp;<strong>detenci\u00f3n<\/strong>, la autoridad centr\u00f3 su postura en la&nbsp;<strong>falta de permisos<\/strong>&nbsp;del comerciante para trabajar en la&nbsp;<strong>v\u00eda p\u00fablica<\/strong>.<\/p>\n\n\n\n<p>La vocera de la corporaci\u00f3n,&nbsp;<strong>Rut de la Fuente<\/strong>, explic\u00f3 que la intervenci\u00f3n fue realizada por la&nbsp;<strong>Polic\u00eda Tur\u00edstica<\/strong>&nbsp;en apoyo a los inspectores de la&nbsp;<strong>Direcci\u00f3n de Comercio<\/strong>.&nbsp;<\/p>\n\n\n\n<p>Seg\u00fan la funcionaria, el vendedor fue presentado ante un&nbsp;<strong>juez c\u00edvico<\/strong>&nbsp;por violar el Bando de&nbsp;<strong>Polic\u00eda<\/strong>, Buen Gobierno y&nbsp;<strong>Justicia C\u00edvica<\/strong>, donde finalmente se le impuso una&nbsp;<strong>sanci\u00f3n econ\u00f3mica<\/strong>&nbsp;que, seg\u00fan reportes ciudadanos, super\u00f3 los 4 mil pesos.<\/p>\n\n\n\n<p>De acuerdo con las declaraciones oficiales, la&nbsp;<strong>detenci\u00f3n<\/strong>&nbsp;se bas\u00f3 en que&nbsp;<strong>ninguna persona<\/strong>&nbsp;puede utilizar la&nbsp;<strong>v\u00eda p\u00fablica<\/strong>&nbsp;para beneficio personal sin contar con una&nbsp;<strong>autorizaci\u00f3n formal<\/strong>.&nbsp;<\/p>\n\n\n\n<p>Al no acreditar un&nbsp;<strong>permiso de comercio<\/strong>&nbsp;vigente, los&nbsp;<strong>agentes procedieron<\/strong>&nbsp;a retirar al vendedor y trasladarlo ante las&nbsp;<strong>autoridades administrativas<\/strong>.<\/p>\n\n\n\n<p>Rut de la Fuente subray\u00f3 que las&nbsp;<strong>leyes y reglamentos<\/strong>&nbsp;municipales son aplicables a&nbsp;<strong>todos los ciudadanos<\/strong>&nbsp;por igual.&nbsp;<\/p>\n\n\n\n<p>Indic\u00f3 que la tarea de los&nbsp;<strong>polic\u00edas municipales<\/strong>&nbsp;es presentar a los infractores ante el&nbsp;<strong>juez c\u00edvico<\/strong>, quien es el encargado de tomar una determinaci\u00f3n final bas\u00e1ndose en la informaci\u00f3n aportada por los oficiales y el testimonio del detenido.<\/p>\n\n\n\n<p><\/p>\n","protected":false},"excerpt":{"rendered":"<p>La Polic\u00eda de La Paz defendi\u00f3 la detenci\u00f3n del vendedor al se\u00f1alar que el vendedor incumpli\u00f3 el reglamento municipal. La&nbsp;Polic\u00eda&#8230;<\/p>\n","protected":false},"author":2,"featured_media":8256,"comment_status":"open","ping_status":"open","sticky":false,"template":"","format":"standard","meta":{"footnotes":""},"categories":[237],"tags":[],"class_list":["post-8255","post","type-post","status-publish","format-standard","has-post-thumbnail","hentry","category-seguridad"],"yoast_head":"<!-- This site is optimized with the Yoast SEO Premium plugin v26.8 (Yoast SEO v27.4) - https:\/\/yoast.com\/product\/yoast-seo-premium-wordpress\/ -->\n<title>Polic\u00eda de La Paz justifica arresto de elotero; no aborda cr\u00edticas por el operativo - Buenos D&iacute;as BCS<\/title>\n<meta name=\"robots\" content=\"index, follow, max-snippet:-1, max-image-preview:large, max-video-preview:-1\" \/>\n<link rel=\"canonical\" href=\"https:\/\/buenosdiasbcs.com\/?p=8255\" \/>\n<meta property=\"og:locale\" content=\"es_ES\" \/>\n<meta property=\"og:type\" content=\"article\" \/>\n<meta property=\"og:title\" content=\"Polic\u00eda de La Paz justifica arresto de elotero; no aborda cr\u00edticas por el operativo\" \/>\n<meta property=\"og:description\" content=\"La Polic\u00eda de La Paz defendi\u00f3 la detenci\u00f3n del vendedor al se\u00f1alar que el vendedor incumpli\u00f3 el reglamento municipal. La&nbsp;Polic\u00eda...\" \/>\n<meta property=\"og:url\" content=\"https:\/\/buenosdiasbcs.com\/?p=8255\" \/>\n<meta property=\"og:site_name\" content=\"Buenos D&iacute;as BCS\" \/>\n<meta property=\"article:published_time\" content=\"2026-04-28T07:32:00+00:00\" \/>\n<meta property=\"og:image\" content=\"https:\/\/buenosdiasbcs.com\/wp-content\/uploads\/2026\/04\/policia-de-la-paz-justifica-arresto-de-elotero-no-aborda-criticas-por-el-operativo-c06fe3ea-focus-0-0-1479-828.webp\" \/>\n\t<meta property=\"og:image:width\" content=\"1280\" \/>\n\t<meta property=\"og:image:height\" content=\"720\" \/>\n\t<meta property=\"og:image:type\" content=\"image\/webp\" \/>\n<meta name=\"author\" content=\"Edici\u00f3n Buenos D\u00edas\" \/>\n<meta name=\"twitter:card\" content=\"summary_large_image\" \/>\n<meta name=\"twitter:label1\" content=\"Escrito por\" \/>\n\t<meta name=\"twitter:data1\" content=\"Edici\u00f3n Buenos D\u00edas\" \/>\n\t<meta name=\"twitter:label2\" content=\"Tiempo de lectura\" \/>\n\t<meta name=\"twitter:data2\" content=\"2 minutos\" \/>\n<script type=\"application\/ld+json\" class=\"yoast-schema-graph\">{\"@context\":\"https:\\\/\\\/schema.org\",\"@graph\":[{\"@type\":\"Article\",\"@id\":\"https:\\\/\\\/buenosdiasbcs.com\\\/?p=8255#article\",\"isPartOf\":{\"@id\":\"https:\\\/\\\/buenosdiasbcs.com\\\/?p=8255\"},\"author\":{\"name\":\"Edici\u00f3n Buenos D\u00edas\",\"@id\":\"https:\\\/\\\/buenosdiasbcs.com\\\/#\\\/schema\\\/person\\\/15aedc247eab7070ee5d76d6d069a821\"},\"headline\":\"Polic\u00eda de La Paz justifica arresto de elotero; no aborda cr\u00edticas por el operativo\",\"datePublished\":\"2026-04-28T07:32:00+00:00\",\"mainEntityOfPage\":{\"@id\":\"https:\\\/\\\/buenosdiasbcs.com\\\/?p=8255\"},\"wordCount\":445,\"commentCount\":0,\"publisher\":{\"@id\":\"https:\\\/\\\/buenosdiasbcs.com\\\/#organization\"},\"image\":{\"@id\":\"https:\\\/\\\/buenosdiasbcs.com\\\/?p=8255#primaryimage\"},\"thumbnailUrl\":\"https:\\\/\\\/buenosdiasbcs.com\\\/wp-content\\\/uploads\\\/2026\\\/04\\\/policia-de-la-paz-justifica-arresto-de-elotero-no-aborda-criticas-por-el-operativo-c06fe3ea-focus-0-0-1479-828.webp\",\"articleSection\":[\"Seguridad\"],\"inLanguage\":\"es\",\"potentialAction\":[{\"@type\":\"CommentAction\",\"name\":\"Comment\",\"target\":[\"https:\\\/\\\/buenosdiasbcs.com\\\/?p=8255#respond\"]}]},{\"@type\":\"WebPage\",\"@id\":\"https:\\\/\\\/buenosdiasbcs.com\\\/?p=8255\",\"url\":\"https:\\\/\\\/buenosdiasbcs.com\\\/?p=8255\",\"name\":\"Polic\u00eda de La Paz justifica arresto de elotero; no aborda cr\u00edticas por el operativo - Buenos D&iacute;as BCS\",\"isPartOf\":{\"@id\":\"https:\\\/\\\/buenosdiasbcs.com\\\/#website\"},\"primaryImageOfPage\":{\"@id\":\"https:\\\/\\\/buenosdiasbcs.com\\\/?p=8255#primaryimage\"},\"image\":{\"@id\":\"https:\\\/\\\/buenosdiasbcs.com\\\/?p=8255#primaryimage\"},\"thumbnailUrl\":\"https:\\\/\\\/buenosdiasbcs.com\\\/wp-content\\\/uploads\\\/2026\\\/04\\\/policia-de-la-paz-justifica-arresto-de-elotero-no-aborda-criticas-por-el-operativo-c06fe3ea-focus-0-0-1479-828.webp\",\"datePublished\":\"2026-04-28T07:32:00+00:00\",\"breadcrumb\":{\"@id\":\"https:\\\/\\\/buenosdiasbcs.com\\\/?p=8255#breadcrumb\"},\"inLanguage\":\"es\",\"potentialAction\":[{\"@type\":\"ReadAction\",\"target\":[\"https:\\\/\\\/buenosdiasbcs.com\\\/?p=8255\"]}]},{\"@type\":\"ImageObject\",\"inLanguage\":\"es\",\"@id\":\"https:\\\/\\\/buenosdiasbcs.com\\\/?p=8255#primaryimage\",\"url\":\"https:\\\/\\\/buenosdiasbcs.com\\\/wp-content\\\/uploads\\\/2026\\\/04\\\/policia-de-la-paz-justifica-arresto-de-elotero-no-aborda-criticas-por-el-operativo-c06fe3ea-focus-0-0-1479-828.webp\",\"contentUrl\":\"https:\\\/\\\/buenosdiasbcs.com\\\/wp-content\\\/uploads\\\/2026\\\/04\\\/policia-de-la-paz-justifica-arresto-de-elotero-no-aborda-criticas-por-el-operativo-c06fe3ea-focus-0-0-1479-828.webp\",\"width\":1280,\"height\":720},{\"@type\":\"BreadcrumbList\",\"@id\":\"https:\\\/\\\/buenosdiasbcs.com\\\/?p=8255#breadcrumb\",\"itemListElement\":[{\"@type\":\"ListItem\",\"position\":1,\"name\":\"Portada\",\"item\":\"https:\\\/\\\/buenosdiasbcs.com\\\/\"},{\"@type\":\"ListItem\",\"position\":2,\"name\":\"Polic\u00eda de La Paz justifica arresto de elotero; no aborda cr\u00edticas por el operativo\"}]},{\"@type\":\"WebSite\",\"@id\":\"https:\\\/\\\/buenosdiasbcs.com\\\/#website\",\"url\":\"https:\\\/\\\/buenosdiasbcs.com\\\/\",\"name\":\"Buenos D\u00edas BCS\",\"description\":\"\",\"publisher\":{\"@id\":\"https:\\\/\\\/buenosdiasbcs.com\\\/#organization\"},\"potentialAction\":[{\"@type\":\"SearchAction\",\"target\":{\"@type\":\"EntryPoint\",\"urlTemplate\":\"https:\\\/\\\/buenosdiasbcs.com\\\/?s={search_term_string}\"},\"query-input\":{\"@type\":\"PropertyValueSpecification\",\"valueRequired\":true,\"valueName\":\"search_term_string\"}}],\"inLanguage\":\"es\"},{\"@type\":\"Organization\",\"@id\":\"https:\\\/\\\/buenosdiasbcs.com\\\/#organization\",\"name\":\"Buenos D\u00edas BCS\",\"url\":\"https:\\\/\\\/buenosdiasbcs.com\\\/\",\"logo\":{\"@type\":\"ImageObject\",\"inLanguage\":\"es\",\"@id\":\"https:\\\/\\\/buenosdiasbcs.com\\\/#\\\/schema\\\/logo\\\/image\\\/\",\"url\":\"https:\\\/\\\/buenosdiasbcs.com\\\/wp-content\\\/uploads\\\/2026\\\/01\\\/logo-buenos-dias-40-01.png\",\"contentUrl\":\"https:\\\/\\\/buenosdiasbcs.com\\\/wp-content\\\/uploads\\\/2026\\\/01\\\/logo-buenos-dias-40-01.png\",\"width\":277,\"height\":40,\"caption\":\"Buenos D\u00edas BCS\"},\"image\":{\"@id\":\"https:\\\/\\\/buenosdiasbcs.com\\\/#\\\/schema\\\/logo\\\/image\\\/\"}},{\"@type\":\"Person\",\"@id\":\"https:\\\/\\\/buenosdiasbcs.com\\\/#\\\/schema\\\/person\\\/15aedc247eab7070ee5d76d6d069a821\",\"name\":\"Edici\u00f3n Buenos D\u00edas\",\"image\":{\"@type\":\"ImageObject\",\"inLanguage\":\"es\",\"@id\":\"https:\\\/\\\/buenosdiasbcs.com\\\/wp-content\\\/uploads\\\/2026\\\/01\\\/cropped-sol-96x96.png\",\"url\":\"https:\\\/\\\/buenosdiasbcs.com\\\/wp-content\\\/uploads\\\/2026\\\/01\\\/cropped-sol-96x96.png\",\"contentUrl\":\"https:\\\/\\\/buenosdiasbcs.com\\\/wp-content\\\/uploads\\\/2026\\\/01\\\/cropped-sol-96x96.png\",\"caption\":\"Edici\u00f3n Buenos D\u00edas\"},\"url\":\"https:\\\/\\\/buenosdiasbcs.com\\\/?author=2\"}]}<\/script>\n<!-- \/ Yoast SEO Premium plugin. -->","yoast_head_json":{"title":"Polic\u00eda de La Paz justifica arresto de elotero; no aborda cr\u00edticas por el operativo - Buenos D&iacute;as BCS","robots":{"index":"index","follow":"follow","max-snippet":"max-snippet:-1","max-image-preview":"max-image-preview:large","max-video-preview":"max-video-preview:-1"},"canonical":"https:\/\/buenosdiasbcs.com\/?p=8255","og_locale":"es_ES","og_type":"article","og_title":"Polic\u00eda de La Paz justifica arresto de elotero; no aborda cr\u00edticas por el operativo","og_description":"La Polic\u00eda de La Paz defendi\u00f3 la detenci\u00f3n del vendedor al se\u00f1alar que el vendedor incumpli\u00f3 el reglamento municipal. La&nbsp;Polic\u00eda...","og_url":"https:\/\/buenosdiasbcs.com\/?p=8255","og_site_name":"Buenos D&iacute;as BCS","article_published_time":"2026-04-28T07:32:00+00:00","og_image":[{"width":1280,"height":720,"url":"https:\/\/buenosdiasbcs.com\/wp-content\/uploads\/2026\/04\/policia-de-la-paz-justifica-arresto-de-elotero-no-aborda-criticas-por-el-operativo-c06fe3ea-focus-0-0-1479-828.webp","type":"image\/webp"}],"author":"Edici\u00f3n Buenos D\u00edas","twitter_card":"summary_large_image","twitter_misc":{"Escrito por":"Edici\u00f3n Buenos D\u00edas","Tiempo de lectura":"2 minutos"},"schema":{"@context":"https:\/\/schema.org","@graph":[{"@type":"Article","@id":"https:\/\/buenosdiasbcs.com\/?p=8255#article","isPartOf":{"@id":"https:\/\/buenosdiasbcs.com\/?p=8255"},"author":{"name":"Edici\u00f3n Buenos D\u00edas","@id":"https:\/\/buenosdiasbcs.com\/#\/schema\/person\/15aedc247eab7070ee5d76d6d069a821"},"headline":"Polic\u00eda de La Paz justifica arresto de elotero; no aborda cr\u00edticas por el operativo","datePublished":"2026-04-28T07:32:00+00:00","mainEntityOfPage":{"@id":"https:\/\/buenosdiasbcs.com\/?p=8255"},"wordCount":445,"commentCount":0,"publisher":{"@id":"https:\/\/buenosdiasbcs.com\/#organization"},"image":{"@id":"https:\/\/buenosdiasbcs.com\/?p=8255#primaryimage"},"thumbnailUrl":"https:\/\/buenosdiasbcs.com\/wp-content\/uploads\/2026\/04\/policia-de-la-paz-justifica-arresto-de-elotero-no-aborda-criticas-por-el-operativo-c06fe3ea-focus-0-0-1479-828.webp","articleSection":["Seguridad"],"inLanguage":"es","potentialAction":[{"@type":"CommentAction","name":"Comment","target":["https:\/\/buenosdiasbcs.com\/?p=8255#respond"]}]},{"@type":"WebPage","@id":"https:\/\/buenosdiasbcs.com\/?p=8255","url":"https:\/\/buenosdiasbcs.com\/?p=8255","name":"Polic\u00eda de La Paz justifica arresto de elotero; no aborda cr\u00edticas por el operativo - Buenos D&iacute;as BCS","isPartOf":{"@id":"https:\/\/buenosdiasbcs.com\/#website"},"primaryImageOfPage":{"@id":"https:\/\/buenosdiasbcs.com\/?p=8255#primaryimage"},"image":{"@id":"https:\/\/buenosdiasbcs.com\/?p=8255#primaryimage"},"thumbnailUrl":"https:\/\/buenosdiasbcs.com\/wp-content\/uploads\/2026\/04\/policia-de-la-paz-justifica-arresto-de-elotero-no-aborda-criticas-por-el-operativo-c06fe3ea-focus-0-0-1479-828.webp","datePublished":"2026-04-28T07:32:00+00:00","breadcrumb":{"@id":"https:\/\/buenosdiasbcs.com\/?p=8255#breadcrumb"},"inLanguage":"es","potentialAction":[{"@type":"ReadAction","target":["https:\/\/buenosdiasbcs.com\/?p=8255"]}]},{"@type":"ImageObject","inLanguage":"es","@id":"https:\/\/buenosdiasbcs.com\/?p=8255#primaryimage","url":"https:\/\/buenosdiasbcs.com\/wp-content\/uploads\/2026\/04\/policia-de-la-paz-justifica-arresto-de-elotero-no-aborda-criticas-por-el-operativo-c06fe3ea-focus-0-0-1479-828.webp","contentUrl":"https:\/\/buenosdiasbcs.com\/wp-content\/uploads\/2026\/04\/policia-de-la-paz-justifica-arresto-de-elotero-no-aborda-criticas-por-el-operativo-c06fe3ea-focus-0-0-1479-828.webp","width":1280,"height":720},{"@type":"BreadcrumbList","@id":"https:\/\/buenosdiasbcs.com\/?p=8255#breadcrumb","itemListElement":[{"@type":"ListItem","position":1,"name":"Portada","item":"https:\/\/buenosdiasbcs.com\/"},{"@type":"ListItem","position":2,"name":"Polic\u00eda de La Paz justifica arresto de elotero; no aborda cr\u00edticas por el operativo"}]},{"@type":"WebSite","@id":"https:\/\/buenosdiasbcs.com\/#website","url":"https:\/\/buenosdiasbcs.com\/","name":"Buenos D\u00edas BCS","description":"","publisher":{"@id":"https:\/\/buenosdiasbcs.com\/#organization"},"potentialAction":[{"@type":"SearchAction","target":{"@type":"EntryPoint","urlTemplate":"https:\/\/buenosdiasbcs.com\/?s={search_term_string}"},"query-input":{"@type":"PropertyValueSpecification","valueRequired":true,"valueName":"search_term_string"}}],"inLanguage":"es"},{"@type":"Organization","@id":"https:\/\/buenosdiasbcs.com\/#organization","name":"Buenos D\u00edas BCS","url":"https:\/\/buenosdiasbcs.com\/","logo":{"@type":"ImageObject","inLanguage":"es","@id":"https:\/\/buenosdiasbcs.com\/#\/schema\/logo\/image\/","url":"https:\/\/buenosdiasbcs.com\/wp-content\/uploads\/2026\/01\/logo-buenos-dias-40-01.png","contentUrl":"https:\/\/buenosdiasbcs.com\/wp-content\/uploads\/2026\/01\/logo-buenos-dias-40-01.png","width":277,"height":40,"caption":"Buenos D\u00edas BCS"},"image":{"@id":"https:\/\/buenosdiasbcs.com\/#\/schema\/logo\/image\/"}},{"@type":"Person","@id":"https:\/\/buenosdiasbcs.com\/#\/schema\/person\/15aedc247eab7070ee5d76d6d069a821","name":"Edici\u00f3n Buenos D\u00edas","image":{"@type":"ImageObject","inLanguage":"es","@id":"https:\/\/buenosdiasbcs.com\/wp-content\/uploads\/2026\/01\/cropped-sol-96x96.png","url":"https:\/\/buenosdiasbcs.com\/wp-content\/uploads\/2026\/01\/cropped-sol-96x96.png","contentUrl":"https:\/\/buenosdiasbcs.com\/wp-content\/uploads\/2026\/01\/cropped-sol-96x96.png","caption":"Edici\u00f3n Buenos D\u00edas"},"url":"https:\/\/buenosdiasbcs.com\/?author=2"}]}},"amp_enabled":true,"_links":{"self":[{"href":"https:\/\/buenosdiasbcs.com\/index.php?rest_route=\/wp\/v2\/posts\/8255","targetHints":{"allow":["GET"]}}],"collection":[{"href":"https:\/\/buenosdiasbcs.com\/index.php?rest_route=\/wp\/v2\/posts"}],"about":[{"href":"https:\/\/buenosdiasbcs.com\/index.php?rest_route=\/wp\/v2\/types\/post"}],"author":[{"embeddable":true,"href":"https:\/\/buenosdiasbcs.com\/index.php?rest_route=\/wp\/v2\/users\/2"}],"replies":[{"embeddable":true,"href":"https:\/\/buenosdiasbcs.com\/index.php?rest_route=%2Fwp%2Fv2%2Fcomments&post=8255"}],"version-history":[{"count":1,"href":"https:\/\/buenosdiasbcs.com\/index.php?rest_route=\/wp\/v2\/posts\/8255\/revisions"}],"predecessor-version":[{"id":8257,"href":"https:\/\/buenosdiasbcs.com\/index.php?rest_route=\/wp\/v2\/posts\/8255\/revisions\/8257"}],"wp:featuredmedia":[{"embeddable":true,"href":"https:\/\/buenosdiasbcs.com\/index.php?rest_route=\/wp\/v2\/media\/8256"}],"wp:attachment":[{"href":"https:\/\/buenosdiasbcs.com\/index.php?rest_route=%2Fwp%2Fv2%2Fmedia&parent=8255"}],"wp:term":[{"taxonomy":"category","embeddable":true,"href":"https:\/\/buenosdiasbcs.com\/index.php?rest_route=%2Fwp%2Fv2%2Fcategories&post=8255"},{"taxonomy":"post_tag","embeddable":true,"href":"https:\/\/buenosdiasbcs.com\/index.php?rest_route=%2Fwp%2Fv2%2Ftags&post=8255"}],"curies":[{"name":"wp","href":"https:\/\/api.w.org\/{rel}","templated":true}]}}