{"id":8249,"date":"2026-04-28T00:26:00","date_gmt":"2026-04-28T07:26:00","guid":{"rendered":"https:\/\/buenosdiasbcs.com\/?p=8249"},"modified":"2026-04-27T20:27:40","modified_gmt":"2026-04-28T03:27:40","slug":"ine-ha-identificado-a-28-mil-desaparecidos-cifra-total-supera-120-mil","status":"publish","type":"post","link":"https:\/\/buenosdiasbcs.com\/?p=8249","title":{"rendered":"INE ha identificado a 28 mil desaparecidos; cifra total supera 120 mil"},"content":{"rendered":"\n<h2 class=\"wp-block-heading\" id=\"h-los-colectivos-de-busqueda-han-exigido-mayor-presupuesto-y-voluntad-politica-para-localizar-a-los-desaparecidos\">Los colectivos de b\u00fasqueda han exigido mayor presupuesto y voluntad pol\u00edtica para localizar a los desaparecidos.<a href=\"https:\/\/images.sipse.com\/FOigXGmSWOYiuWoOCK2A0twNywE=\/1640x1016\/smart\/filters:format(webp)\/2026\/04\/27\/1777327953921.jpg\"><\/a><\/h2>\n\n\n\n<p>M\u00e9xico acumula&nbsp;<strong>120 mil 218 personas desaparecidas y no localizadas entre 2006 y abril de 2026<\/strong>, mientras el&nbsp;<strong>Instituto Nacional Electoral (INE)<\/strong>ha contribuido a identificar&nbsp;<strong>m\u00e1s de 28 mil personas<\/strong>&nbsp;mediante el uso de su base de datos biom\u00e9trica, en coordinaci\u00f3n con fiscal\u00edas y autoridades de b\u00fasqueda, de acuerdo con informaci\u00f3n presentada el&nbsp;<strong>27 de abril de 2026<\/strong>durante una sesi\u00f3n del Consejo General del organismo.&nbsp;<\/p>\n\n\n\n<p>Durante la sesi\u00f3n, la consejera&nbsp;<strong>Carla Humphrey<\/strong>&nbsp;advirti\u00f3 que el n\u00famero de casos evidencia la dimensi\u00f3n de una crisis que requiere acciones sostenidas.<\/p>\n\n\n\n<p>Se\u00f1al\u00f3 que no se trata solo de estad\u00edsticas, sino de una problem\u00e1tica que involucra a miles de familias en todo el pa\u00eds.&nbsp;<\/p>\n\n\n\n<h2 class=\"wp-block-heading\" id=\"h-el-papel-del-ine-en-la-identificacion\">El papel del INE en la identificaci\u00f3n<\/h2>\n\n\n\n<p>El organismo electoral ha logrado identificar&nbsp;<strong>28 mil 686 personas<\/strong>&nbsp;a partir de solicitudes enviadas por autoridades, utilizando herramientas biom\u00e9tricas como huellas dactilares.<\/p>\n\n\n\n<p>En total, se han procesado m\u00e1s de&nbsp;<strong>113 mil solicitudes<\/strong>, con resultados confirmados mediante dict\u00e1menes periciales.&nbsp;<\/p>\n\n\n\n<h2 class=\"wp-block-heading\" id=\"h-coordinacion-con-autoridades\">Coordinaci\u00f3n con autoridades<\/h2>\n\n\n\n<p>El INE mantiene convenios con&nbsp;<strong>29 fiscal\u00edas estatales, 13 comisiones de b\u00fasqueda y cinco instituciones federales<\/strong>, lo que permite cruzar informaci\u00f3n para apoyar en la localizaci\u00f3n de personas.<\/p>\n\n\n\n<p>Este trabajo conjunto facilita el uso de bases de datos para avanzar en procesos de identificaci\u00f3n.&nbsp;<\/p>\n\n\n\n<h2 class=\"wp-block-heading\" id=\"h-tecnologia-como-herramienta-clave\">Tecnolog\u00eda como herramienta clave<\/h2>\n\n\n\n<p>El uso de sistemas biom\u00e9tricos se ha convertido en un elemento central para enfrentar este problema, al permitir comparar registros de manera m\u00e1s precisa.<\/p>\n\n\n\n<p>Adem\u00e1s, se han recuperado&nbsp;<strong>457 actas y certificados de defunci\u00f3n<\/strong>, como parte de estos procesos.&nbsp;<\/p>\n\n\n\n<h2 class=\"wp-block-heading\" id=\"h-una-crisis-que-se-ha-extendido-por-anos\">Una crisis que se ha extendido por a\u00f1os<\/h2>\n\n\n\n<p>El fen\u00f3meno de desapariciones ha crecido de forma sostenida desde 2006, en un contexto marcado por violencia y operaciones contra el crimen organizado.<\/p>\n\n\n\n<p>Las cifras actuales reflejan una acumulaci\u00f3n de casos que a\u00fan no han sido resueltos.&nbsp;<\/p>\n\n\n\n<h2 class=\"wp-block-heading\" id=\"h-el-reto-de-identificar-y-localizar\">El reto de identificar y localizar<\/h2>\n\n\n\n<p>Aunque los avances en identificaci\u00f3n son relevantes, a\u00fan existe una brecha considerable frente al total de personas desaparecidas.<\/p>\n\n\n\n<p>Esto implica la necesidad de fortalecer tanto la b\u00fasqueda como los procesos forenses.&nbsp;<\/p>\n\n\n\n<h2 class=\"wp-block-heading\" id=\"h-llamado-a-acciones-coordinadas\">Llamado a acciones coordinadas<\/h2>\n\n\n\n<p>Autoridades del INE subrayaron que el problema requiere la participaci\u00f3n de m\u00faltiples instituciones y un enfoque integral.<\/p>\n\n\n\n<p>La combinaci\u00f3n de tecnolog\u00eda, coordinaci\u00f3n y trabajo pericial es vista como clave para avanzar.&nbsp;<\/p>\n\n\n\n<h2 class=\"wp-block-heading\" id=\"h-una-realidad-que-exige-respuestas\">Una realidad que exige respuestas<\/h2>\n\n\n\n<p>El aumento de casos mantiene la presi\u00f3n sobre autoridades y organismos encargados de la b\u00fasqueda.<\/p>\n\n\n\n<p>Las cifras muestran que, pese a avances, el desaf\u00edo sigue vigente y en expansi\u00f3n.<\/p>\n\n\n\n<h2 class=\"wp-block-heading\" id=\"h-familias-en-espera-de-respuestas\">Familias en espera de respuestas<\/h2>\n\n\n\n<p>Detr\u00e1s de cada n\u00famero hay historias de ausencia y b\u00fasqueda constante por parte de familiares.<\/p>\n\n\n\n<p>La dimensi\u00f3n del problema convierte a las desapariciones en uno de los temas m\u00e1s sensibles del pa\u00eds.<\/p>\n\n\n\n<p><em>Con informaci\u00f3n de Uno TV<\/em><\/p>\n","protected":false},"excerpt":{"rendered":"<p>Los colectivos de b\u00fasqueda han exigido mayor presupuesto y voluntad pol\u00edtica para localizar a los desaparecidos. M\u00e9xico acumula&nbsp;120 mil 218&#8230;<\/p>\n","protected":false},"author":2,"featured_media":8250,"comment_status":"open","ping_status":"open","sticky":false,"template":"","format":"standard","meta":{"footnotes":""},"categories":[32],"tags":[],"class_list":["post-8249","post","type-post","status-publish","format-standard","has-post-thumbnail","hentry","category-la-nacion"],"yoast_head":"<!-- This site is optimized with the Yoast SEO Premium plugin v26.8 (Yoast SEO v27.4) - https:\/\/yoast.com\/product\/yoast-seo-premium-wordpress\/ -->\n<title>INE ha identificado a 28 mil desaparecidos; cifra total supera 120 mil - Buenos D&iacute;as BCS<\/title>\n<meta name=\"robots\" content=\"index, follow, max-snippet:-1, max-image-preview:large, max-video-preview:-1\" \/>\n<link rel=\"canonical\" href=\"https:\/\/buenosdiasbcs.com\/?p=8249\" \/>\n<meta property=\"og:locale\" content=\"es_ES\" \/>\n<meta property=\"og:type\" content=\"article\" \/>\n<meta property=\"og:title\" content=\"INE ha identificado a 28 mil desaparecidos; cifra total supera 120 mil\" \/>\n<meta property=\"og:description\" content=\"Los colectivos de b\u00fasqueda han exigido mayor presupuesto y voluntad pol\u00edtica para localizar a los desaparecidos. M\u00e9xico acumula&nbsp;120 mil 218...\" \/>\n<meta property=\"og:url\" content=\"https:\/\/buenosdiasbcs.com\/?p=8249\" \/>\n<meta property=\"og:site_name\" content=\"Buenos D&iacute;as BCS\" \/>\n<meta property=\"article:published_time\" content=\"2026-04-28T07:26:00+00:00\" \/>\n<meta property=\"og:image\" content=\"https:\/\/buenosdiasbcs.com\/wp-content\/uploads\/2026\/04\/1777327953921.jpg.webp\" \/>\n\t<meta property=\"og:image:width\" content=\"820\" \/>\n\t<meta property=\"og:image:height\" content=\"508\" \/>\n\t<meta property=\"og:image:type\" content=\"image\/webp\" \/>\n<meta name=\"author\" content=\"Edici\u00f3n Buenos D\u00edas\" \/>\n<meta name=\"twitter:card\" content=\"summary_large_image\" \/>\n<meta name=\"twitter:label1\" content=\"Escrito por\" \/>\n\t<meta name=\"twitter:data1\" content=\"Edici\u00f3n Buenos D\u00edas\" \/>\n\t<meta name=\"twitter:label2\" content=\"Tiempo de lectura\" \/>\n\t<meta name=\"twitter:data2\" content=\"3 minutos\" \/>\n<script type=\"application\/ld+json\" class=\"yoast-schema-graph\">{\"@context\":\"https:\\\/\\\/schema.org\",\"@graph\":[{\"@type\":\"Article\",\"@id\":\"https:\\\/\\\/buenosdiasbcs.com\\\/?p=8249#article\",\"isPartOf\":{\"@id\":\"https:\\\/\\\/buenosdiasbcs.com\\\/?p=8249\"},\"author\":{\"name\":\"Edici\u00f3n Buenos D\u00edas\",\"@id\":\"https:\\\/\\\/buenosdiasbcs.com\\\/#\\\/schema\\\/person\\\/15aedc247eab7070ee5d76d6d069a821\"},\"headline\":\"INE ha identificado a 28 mil desaparecidos; cifra total supera 120 mil\",\"datePublished\":\"2026-04-28T07:26:00+00:00\",\"mainEntityOfPage\":{\"@id\":\"https:\\\/\\\/buenosdiasbcs.com\\\/?p=8249\"},\"wordCount\":528,\"commentCount\":0,\"publisher\":{\"@id\":\"https:\\\/\\\/buenosdiasbcs.com\\\/#organization\"},\"image\":{\"@id\":\"https:\\\/\\\/buenosdiasbcs.com\\\/?p=8249#primaryimage\"},\"thumbnailUrl\":\"https:\\\/\\\/buenosdiasbcs.com\\\/wp-content\\\/uploads\\\/2026\\\/04\\\/1777327953921.jpg.webp\",\"articleSection\":[\"La Naci\u00f3n\"],\"inLanguage\":\"es\",\"potentialAction\":[{\"@type\":\"CommentAction\",\"name\":\"Comment\",\"target\":[\"https:\\\/\\\/buenosdiasbcs.com\\\/?p=8249#respond\"]}]},{\"@type\":\"WebPage\",\"@id\":\"https:\\\/\\\/buenosdiasbcs.com\\\/?p=8249\",\"url\":\"https:\\\/\\\/buenosdiasbcs.com\\\/?p=8249\",\"name\":\"INE ha identificado a 28 mil desaparecidos; cifra total supera 120 mil - Buenos D&iacute;as BCS\",\"isPartOf\":{\"@id\":\"https:\\\/\\\/buenosdiasbcs.com\\\/#website\"},\"primaryImageOfPage\":{\"@id\":\"https:\\\/\\\/buenosdiasbcs.com\\\/?p=8249#primaryimage\"},\"image\":{\"@id\":\"https:\\\/\\\/buenosdiasbcs.com\\\/?p=8249#primaryimage\"},\"thumbnailUrl\":\"https:\\\/\\\/buenosdiasbcs.com\\\/wp-content\\\/uploads\\\/2026\\\/04\\\/1777327953921.jpg.webp\",\"datePublished\":\"2026-04-28T07:26:00+00:00\",\"breadcrumb\":{\"@id\":\"https:\\\/\\\/buenosdiasbcs.com\\\/?p=8249#breadcrumb\"},\"inLanguage\":\"es\",\"potentialAction\":[{\"@type\":\"ReadAction\",\"target\":[\"https:\\\/\\\/buenosdiasbcs.com\\\/?p=8249\"]}]},{\"@type\":\"ImageObject\",\"inLanguage\":\"es\",\"@id\":\"https:\\\/\\\/buenosdiasbcs.com\\\/?p=8249#primaryimage\",\"url\":\"https:\\\/\\\/buenosdiasbcs.com\\\/wp-content\\\/uploads\\\/2026\\\/04\\\/1777327953921.jpg.webp\",\"contentUrl\":\"https:\\\/\\\/buenosdiasbcs.com\\\/wp-content\\\/uploads\\\/2026\\\/04\\\/1777327953921.jpg.webp\",\"width\":820,\"height\":508},{\"@type\":\"BreadcrumbList\",\"@id\":\"https:\\\/\\\/buenosdiasbcs.com\\\/?p=8249#breadcrumb\",\"itemListElement\":[{\"@type\":\"ListItem\",\"position\":1,\"name\":\"Portada\",\"item\":\"https:\\\/\\\/buenosdiasbcs.com\\\/\"},{\"@type\":\"ListItem\",\"position\":2,\"name\":\"INE ha identificado a 28 mil desaparecidos; cifra total supera 120 mil\"}]},{\"@type\":\"WebSite\",\"@id\":\"https:\\\/\\\/buenosdiasbcs.com\\\/#website\",\"url\":\"https:\\\/\\\/buenosdiasbcs.com\\\/\",\"name\":\"Buenos D\u00edas BCS\",\"description\":\"\",\"publisher\":{\"@id\":\"https:\\\/\\\/buenosdiasbcs.com\\\/#organization\"},\"potentialAction\":[{\"@type\":\"SearchAction\",\"target\":{\"@type\":\"EntryPoint\",\"urlTemplate\":\"https:\\\/\\\/buenosdiasbcs.com\\\/?s={search_term_string}\"},\"query-input\":{\"@type\":\"PropertyValueSpecification\",\"valueRequired\":true,\"valueName\":\"search_term_string\"}}],\"inLanguage\":\"es\"},{\"@type\":\"Organization\",\"@id\":\"https:\\\/\\\/buenosdiasbcs.com\\\/#organization\",\"name\":\"Buenos D\u00edas BCS\",\"url\":\"https:\\\/\\\/buenosdiasbcs.com\\\/\",\"logo\":{\"@type\":\"ImageObject\",\"inLanguage\":\"es\",\"@id\":\"https:\\\/\\\/buenosdiasbcs.com\\\/#\\\/schema\\\/logo\\\/image\\\/\",\"url\":\"https:\\\/\\\/buenosdiasbcs.com\\\/wp-content\\\/uploads\\\/2026\\\/01\\\/logo-buenos-dias-40-01.png\",\"contentUrl\":\"https:\\\/\\\/buenosdiasbcs.com\\\/wp-content\\\/uploads\\\/2026\\\/01\\\/logo-buenos-dias-40-01.png\",\"width\":277,\"height\":40,\"caption\":\"Buenos D\u00edas BCS\"},\"image\":{\"@id\":\"https:\\\/\\\/buenosdiasbcs.com\\\/#\\\/schema\\\/logo\\\/image\\\/\"}},{\"@type\":\"Person\",\"@id\":\"https:\\\/\\\/buenosdiasbcs.com\\\/#\\\/schema\\\/person\\\/15aedc247eab7070ee5d76d6d069a821\",\"name\":\"Edici\u00f3n Buenos D\u00edas\",\"image\":{\"@type\":\"ImageObject\",\"inLanguage\":\"es\",\"@id\":\"https:\\\/\\\/buenosdiasbcs.com\\\/wp-content\\\/uploads\\\/2026\\\/01\\\/cropped-sol-96x96.png\",\"url\":\"https:\\\/\\\/buenosdiasbcs.com\\\/wp-content\\\/uploads\\\/2026\\\/01\\\/cropped-sol-96x96.png\",\"contentUrl\":\"https:\\\/\\\/buenosdiasbcs.com\\\/wp-content\\\/uploads\\\/2026\\\/01\\\/cropped-sol-96x96.png\",\"caption\":\"Edici\u00f3n Buenos D\u00edas\"},\"url\":\"https:\\\/\\\/buenosdiasbcs.com\\\/?author=2\"}]}<\/script>\n<!-- \/ Yoast SEO Premium plugin. -->","yoast_head_json":{"title":"INE ha identificado a 28 mil desaparecidos; cifra total supera 120 mil - Buenos D&iacute;as BCS","robots":{"index":"index","follow":"follow","max-snippet":"max-snippet:-1","max-image-preview":"max-image-preview:large","max-video-preview":"max-video-preview:-1"},"canonical":"https:\/\/buenosdiasbcs.com\/?p=8249","og_locale":"es_ES","og_type":"article","og_title":"INE ha identificado a 28 mil desaparecidos; cifra total supera 120 mil","og_description":"Los colectivos de b\u00fasqueda han exigido mayor presupuesto y voluntad pol\u00edtica para localizar a los desaparecidos. M\u00e9xico acumula&nbsp;120 mil 218...","og_url":"https:\/\/buenosdiasbcs.com\/?p=8249","og_site_name":"Buenos D&iacute;as BCS","article_published_time":"2026-04-28T07:26:00+00:00","og_image":[{"width":820,"height":508,"url":"https:\/\/buenosdiasbcs.com\/wp-content\/uploads\/2026\/04\/1777327953921.jpg.webp","type":"image\/webp"}],"author":"Edici\u00f3n Buenos D\u00edas","twitter_card":"summary_large_image","twitter_misc":{"Escrito por":"Edici\u00f3n Buenos D\u00edas","Tiempo de lectura":"3 minutos"},"schema":{"@context":"https:\/\/schema.org","@graph":[{"@type":"Article","@id":"https:\/\/buenosdiasbcs.com\/?p=8249#article","isPartOf":{"@id":"https:\/\/buenosdiasbcs.com\/?p=8249"},"author":{"name":"Edici\u00f3n Buenos D\u00edas","@id":"https:\/\/buenosdiasbcs.com\/#\/schema\/person\/15aedc247eab7070ee5d76d6d069a821"},"headline":"INE ha identificado a 28 mil desaparecidos; cifra total supera 120 mil","datePublished":"2026-04-28T07:26:00+00:00","mainEntityOfPage":{"@id":"https:\/\/buenosdiasbcs.com\/?p=8249"},"wordCount":528,"commentCount":0,"publisher":{"@id":"https:\/\/buenosdiasbcs.com\/#organization"},"image":{"@id":"https:\/\/buenosdiasbcs.com\/?p=8249#primaryimage"},"thumbnailUrl":"https:\/\/buenosdiasbcs.com\/wp-content\/uploads\/2026\/04\/1777327953921.jpg.webp","articleSection":["La Naci\u00f3n"],"inLanguage":"es","potentialAction":[{"@type":"CommentAction","name":"Comment","target":["https:\/\/buenosdiasbcs.com\/?p=8249#respond"]}]},{"@type":"WebPage","@id":"https:\/\/buenosdiasbcs.com\/?p=8249","url":"https:\/\/buenosdiasbcs.com\/?p=8249","name":"INE ha identificado a 28 mil desaparecidos; cifra total supera 120 mil - Buenos D&iacute;as BCS","isPartOf":{"@id":"https:\/\/buenosdiasbcs.com\/#website"},"primaryImageOfPage":{"@id":"https:\/\/buenosdiasbcs.com\/?p=8249#primaryimage"},"image":{"@id":"https:\/\/buenosdiasbcs.com\/?p=8249#primaryimage"},"thumbnailUrl":"https:\/\/buenosdiasbcs.com\/wp-content\/uploads\/2026\/04\/1777327953921.jpg.webp","datePublished":"2026-04-28T07:26:00+00:00","breadcrumb":{"@id":"https:\/\/buenosdiasbcs.com\/?p=8249#breadcrumb"},"inLanguage":"es","potentialAction":[{"@type":"ReadAction","target":["https:\/\/buenosdiasbcs.com\/?p=8249"]}]},{"@type":"ImageObject","inLanguage":"es","@id":"https:\/\/buenosdiasbcs.com\/?p=8249#primaryimage","url":"https:\/\/buenosdiasbcs.com\/wp-content\/uploads\/2026\/04\/1777327953921.jpg.webp","contentUrl":"https:\/\/buenosdiasbcs.com\/wp-content\/uploads\/2026\/04\/1777327953921.jpg.webp","width":820,"height":508},{"@type":"BreadcrumbList","@id":"https:\/\/buenosdiasbcs.com\/?p=8249#breadcrumb","itemListElement":[{"@type":"ListItem","position":1,"name":"Portada","item":"https:\/\/buenosdiasbcs.com\/"},{"@type":"ListItem","position":2,"name":"INE ha identificado a 28 mil desaparecidos; cifra total supera 120 mil"}]},{"@type":"WebSite","@id":"https:\/\/buenosdiasbcs.com\/#website","url":"https:\/\/buenosdiasbcs.com\/","name":"Buenos D\u00edas BCS","description":"","publisher":{"@id":"https:\/\/buenosdiasbcs.com\/#organization"},"potentialAction":[{"@type":"SearchAction","target":{"@type":"EntryPoint","urlTemplate":"https:\/\/buenosdiasbcs.com\/?s={search_term_string}"},"query-input":{"@type":"PropertyValueSpecification","valueRequired":true,"valueName":"search_term_string"}}],"inLanguage":"es"},{"@type":"Organization","@id":"https:\/\/buenosdiasbcs.com\/#organization","name":"Buenos D\u00edas BCS","url":"https:\/\/buenosdiasbcs.com\/","logo":{"@type":"ImageObject","inLanguage":"es","@id":"https:\/\/buenosdiasbcs.com\/#\/schema\/logo\/image\/","url":"https:\/\/buenosdiasbcs.com\/wp-content\/uploads\/2026\/01\/logo-buenos-dias-40-01.png","contentUrl":"https:\/\/buenosdiasbcs.com\/wp-content\/uploads\/2026\/01\/logo-buenos-dias-40-01.png","width":277,"height":40,"caption":"Buenos D\u00edas BCS"},"image":{"@id":"https:\/\/buenosdiasbcs.com\/#\/schema\/logo\/image\/"}},{"@type":"Person","@id":"https:\/\/buenosdiasbcs.com\/#\/schema\/person\/15aedc247eab7070ee5d76d6d069a821","name":"Edici\u00f3n Buenos D\u00edas","image":{"@type":"ImageObject","inLanguage":"es","@id":"https:\/\/buenosdiasbcs.com\/wp-content\/uploads\/2026\/01\/cropped-sol-96x96.png","url":"https:\/\/buenosdiasbcs.com\/wp-content\/uploads\/2026\/01\/cropped-sol-96x96.png","contentUrl":"https:\/\/buenosdiasbcs.com\/wp-content\/uploads\/2026\/01\/cropped-sol-96x96.png","caption":"Edici\u00f3n Buenos D\u00edas"},"url":"https:\/\/buenosdiasbcs.com\/?author=2"}]}},"amp_enabled":true,"_links":{"self":[{"href":"https:\/\/buenosdiasbcs.com\/index.php?rest_route=\/wp\/v2\/posts\/8249","targetHints":{"allow":["GET"]}}],"collection":[{"href":"https:\/\/buenosdiasbcs.com\/index.php?rest_route=\/wp\/v2\/posts"}],"about":[{"href":"https:\/\/buenosdiasbcs.com\/index.php?rest_route=\/wp\/v2\/types\/post"}],"author":[{"embeddable":true,"href":"https:\/\/buenosdiasbcs.com\/index.php?rest_route=\/wp\/v2\/users\/2"}],"replies":[{"embeddable":true,"href":"https:\/\/buenosdiasbcs.com\/index.php?rest_route=%2Fwp%2Fv2%2Fcomments&post=8249"}],"version-history":[{"count":1,"href":"https:\/\/buenosdiasbcs.com\/index.php?rest_route=\/wp\/v2\/posts\/8249\/revisions"}],"predecessor-version":[{"id":8251,"href":"https:\/\/buenosdiasbcs.com\/index.php?rest_route=\/wp\/v2\/posts\/8249\/revisions\/8251"}],"wp:featuredmedia":[{"embeddable":true,"href":"https:\/\/buenosdiasbcs.com\/index.php?rest_route=\/wp\/v2\/media\/8250"}],"wp:attachment":[{"href":"https:\/\/buenosdiasbcs.com\/index.php?rest_route=%2Fwp%2Fv2%2Fmedia&parent=8249"}],"wp:term":[{"taxonomy":"category","embeddable":true,"href":"https:\/\/buenosdiasbcs.com\/index.php?rest_route=%2Fwp%2Fv2%2Fcategories&post=8249"},{"taxonomy":"post_tag","embeddable":true,"href":"https:\/\/buenosdiasbcs.com\/index.php?rest_route=%2Fwp%2Fv2%2Ftags&post=8249"}],"curies":[{"name":"wp","href":"https:\/\/api.w.org\/{rel}","templated":true}]}}