{"id":8243,"date":"2026-04-28T00:20:00","date_gmt":"2026-04-28T07:20:00","guid":{"rendered":"https:\/\/buenosdiasbcs.com\/?p=8243"},"modified":"2026-04-27T20:21:22","modified_gmt":"2026-04-28T03:21:22","slug":"alemania-acusa-a-eu-de-ser-humillado-por-iran-y-carecer-de-estrategia","status":"publish","type":"post","link":"https:\/\/buenosdiasbcs.com\/?p=8243","title":{"rendered":"Alemania acusa a EU de ser &#8220;humillado&#8221; por Ir\u00e1n y carecer de estrategia"},"content":{"rendered":"\n<h2 class=\"wp-block-heading\" id=\"h-eu-ha-perdido-el-control-iran-les-esta-dictando-los-tiempos-declaro-merz-en-una-entrevista-con-la-cadena-zdf\">&#8220;EU ha perdido el control. Ir\u00e1n les est\u00e1 dictando los tiempos&#8221;, declar\u00f3 Merz en una entrevista con la cadena ZDF.<a href=\"https:\/\/images.sipse.com\/9xJCg3ikE5SMRFjkWX17__xwdm8=\/1640x1016\/smart\/filters:format(webp)\/2026\/04\/28\/1777339503960.jpg\"><\/a><\/h2>\n\n\n\n<p>El canciller alem\u00e1n&nbsp;Friedrich Merz&nbsp;lanz\u00f3 duras cr\u00edticas contra Estados Unidos al asegurar que est\u00e1 siendo \u201chumillado\u201d por Ir\u00e1n en el marco del conflicto en Medio Oriente, al tiempo que cuestion\u00f3 la falta de una estrategia clara por parte de Washington para resolver la crisis.<\/p>\n\n\n\n<p>Durante un encuentro con estudiantes en la ciudad de Marsberg, el l\u00edder alem\u00e1n afirm\u00f3 que Estados Unidos no ha logrado definir una salida viable al conflicto.<\/p>\n\n\n\n<p>En su an\u00e1lisis, advirti\u00f3 que en este tipo de escenarios no basta con iniciar una intervenci\u00f3n, sino que es fundamental contar con una&nbsp;<strong>estrategia de salida clara<\/strong>, algo que \u2014seg\u00fan dijo\u2014 no est\u00e1 ocurriendo.<\/p>\n\n\n\n<h2 class=\"wp-block-heading\" id=\"h-iran-gana-terreno-en-las-negociaciones\">Ir\u00e1n gana terreno en las negociaciones<\/h2>\n\n\n\n<p>Merz se\u00f1al\u00f3 que Ir\u00e1n ha mostrado una&nbsp;<strong>capacidad estrat\u00e9gica superior a la prevista<\/strong>, lo que le ha permitido tomar ventaja en las conversaciones.<\/p>\n\n\n\n<p>Incluso afirm\u00f3 que los iran\u00edes han manejado el proceso con habilidad, al grado de&nbsp;<strong>evitar compromisos concretos mientras desgastan a sus interlocutores<\/strong>.<\/p>\n\n\n\n<h2 class=\"wp-block-heading\" id=\"h-un-conflicto-que-recuerda-errores-del-pasado\">Un conflicto que recuerda errores del pasado<\/h2>\n\n\n\n<p>El canciller compar\u00f3 la situaci\u00f3n con intervenciones anteriores de Estados Unidos en conflictos como Afganist\u00e1n e Irak.<\/p>\n\n\n\n<p>Estos antecedentes, explic\u00f3, reflejan los riesgos de entrar en guerras sin un plan claro de salida, lo que puede prolongar los enfrentamientos y generar consecuencias inesperadas.<\/p>\n\n\n\n<h2 class=\"wp-block-heading\" id=\"h-origen-de-la-escalada\">Origen de la escalada<\/h2>\n\n\n\n<p>La tensi\u00f3n actual se intensific\u00f3 tras la ofensiva lanzada el 28 de febrero por&nbsp;Estados Unidos&nbsp;e&nbsp;Israel&nbsp;contra&nbsp;Ir\u00e1n, lo que provoc\u00f3 una respuesta militar de Teher\u00e1n.<\/p>\n\n\n\n<p>El conflicto alcanz\u00f3 un punto cr\u00edtico con el cierre del estrecho de Ormuz, una v\u00eda clave para el comercio mundial de petr\u00f3leo.<\/p>\n\n\n\n<h2 class=\"wp-block-heading\" id=\"h-negociaciones-estancadas\">Negociaciones estancadas<\/h2>\n\n\n\n<p>Aunque ambas partes acordaron una tregua que comenz\u00f3 el 8 de abril, las conversaciones para lograr un acuerdo definitivo se han estancado.<\/p>\n\n\n\n<p>Los di\u00e1logos, con mediaci\u00f3n de&nbsp;Pakist\u00e1n&nbsp;en Islamabad, no han producido avances concretos en las \u00faltimas semanas.<\/p>\n\n\n\n<h2 class=\"wp-block-heading\" id=\"h-criticas-a-la-falta-de-coordinacion-con-europa\">Cr\u00edticas a la falta de coordinaci\u00f3n con Europa<\/h2>\n\n\n\n<p>Merz tambi\u00e9n lament\u00f3 que Estados Unidos no haya involucrado de manera efectiva a sus aliados europeos.<\/p>\n\n\n\n<p>Se\u00f1al\u00f3 que Europa ofreci\u00f3 apoyo para reabrir el estrecho de Ormuz, incluso con el env\u00edo de&nbsp;<strong>equipos especializados para limpiar minas<\/strong>, pero estas propuestas no han sido aprovechadas.<\/p>\n\n\n\n<h2 class=\"wp-block-heading\" id=\"h-impacto-economico-en-europa\">Impacto econ\u00f3mico en Europa<\/h2>\n\n\n\n<p>El conflicto ha tenido repercusiones directas en la econom\u00eda europea, particularmente en Alemania.<\/p>\n\n\n\n<p>El incremento en los precios de la energ\u00eda ha generado presi\u00f3n sobre distintos sectores, evidenciando la dependencia de la regi\u00f3n respecto al suministro del Golfo.<\/p>\n\n\n\n<h2 class=\"wp-block-heading\" id=\"h-un-escenario-sin-salida-clara\">Un escenario sin salida clara<\/h2>\n\n\n\n<p>El canciller reconoci\u00f3 que la situaci\u00f3n actual es compleja y no presenta soluciones inmediatas.<\/p>\n\n\n\n<p>Subray\u00f3 que la combinaci\u00f3n de una&nbsp;<strong>Ir\u00e1n fortalecido y una estrategia estadounidense d\u00e9bil<\/strong>&nbsp;complica cualquier avance hacia la resoluci\u00f3n del conflicto.<\/p>\n\n\n\n<h2 class=\"wp-block-heading\" id=\"h-trump-endurece-postura\">Trump endurece postura<\/h2>\n\n\n\n<p>Por su parte, el presidente&nbsp;Donald Trump&nbsp;decidi\u00f3 cancelar un viaje de funcionarios estadounidenses a Pakist\u00e1n tras considerar que las negociaciones estaban perdiendo tiempo.<\/p>\n\n\n\n<p>Adem\u00e1s, dej\u00f3 claro que Ir\u00e1n deb\u00eda tomar la iniciativa si realmente buscaba dialogar.<\/p>\n\n\n\n<h2 class=\"wp-block-heading\" id=\"h-tregua-fragil-y-en-riesgo\">Tregua fr\u00e1gil y en riesgo<\/h2>\n\n\n\n<p>Aunque el alto al fuego fue extendido para facilitar las conversaciones, la falta de acuerdos mantiene la tensi\u00f3n latente.<\/p>\n\n\n\n<p>El proceso diplom\u00e1tico enfrenta obst\u00e1culos que podr\u00edan derivar en una nueva escalada.<\/p>\n\n\n\n<h2 class=\"wp-block-heading\" id=\"h-un-conflicto-con-alcance-global\">Un conflicto con alcance global<\/h2>\n\n\n\n<p>La crisis no solo afecta a Medio Oriente, sino que tiene consecuencias en el comercio internacional y los mercados energ\u00e9ticos.<\/p>\n\n\n\n<p>El cierre del estrecho de Ormuz, en particular, representa una amenaza para el flujo global de petr\u00f3leo.<\/p>\n\n\n\n<h2 class=\"wp-block-heading\" id=\"h-llamado-urgente-a-terminar-la-guerra\">Llamado urgente a terminar la guerra<\/h2>\n\n\n\n<p>Ante este panorama, Merz insisti\u00f3 en que el conflicto debe concluir lo antes posible.<\/p>\n\n\n\n<p>Advirti\u00f3 que prolongarlo solo agravar\u00e1 los efectos econ\u00f3micos y geopol\u00edticos a nivel mundial.<\/p>\n\n\n\n<h2 class=\"wp-block-heading\" id=\"h-un-equilibrio-cada-vez-mas-fragil\">Un equilibrio cada vez m\u00e1s fr\u00e1gil<\/h2>\n\n\n\n<p>Las declaraciones del canciller reflejan la preocupaci\u00f3n creciente en Europa por el rumbo del conflicto.<\/p>\n\n\n\n<p>Mientras las negociaciones no avancen, el escenario seguir\u00e1 marcado por la incertidumbre y la tensi\u00f3n internacional.<\/p>\n\n\n\n<p><em>Con informaci\u00f3n de BBC Mundo<\/em><\/p>\n","protected":false},"excerpt":{"rendered":"<p>&#8220;EU ha perdido el control. Ir\u00e1n les est\u00e1 dictando los tiempos&#8221;, declar\u00f3 Merz en una entrevista con la cadena ZDF&#8230;.<\/p>\n","protected":false},"author":2,"featured_media":8244,"comment_status":"open","ping_status":"open","sticky":false,"template":"","format":"standard","meta":{"footnotes":""},"categories":[29],"tags":[],"class_list":["post-8243","post","type-post","status-publish","format-standard","has-post-thumbnail","hentry","category-internacional"],"yoast_head":"<!-- This site is optimized with the Yoast SEO Premium plugin v26.8 (Yoast SEO v27.4) - https:\/\/yoast.com\/product\/yoast-seo-premium-wordpress\/ -->\n<title>Alemania acusa a EU de ser &quot;humillado&quot; por Ir\u00e1n y carecer de estrategia - Buenos D&iacute;as BCS<\/title>\n<meta name=\"robots\" content=\"index, follow, max-snippet:-1, max-image-preview:large, max-video-preview:-1\" \/>\n<link rel=\"canonical\" href=\"https:\/\/buenosdiasbcs.com\/?p=8243\" \/>\n<meta property=\"og:locale\" content=\"es_ES\" \/>\n<meta property=\"og:type\" content=\"article\" \/>\n<meta property=\"og:title\" content=\"Alemania acusa a EU de ser &quot;humillado&quot; por Ir\u00e1n y carecer de estrategia\" \/>\n<meta property=\"og:description\" content=\"&#8220;EU ha perdido el control. Ir\u00e1n les est\u00e1 dictando los tiempos&#8221;, declar\u00f3 Merz en una entrevista con la cadena ZDF....\" \/>\n<meta property=\"og:url\" content=\"https:\/\/buenosdiasbcs.com\/?p=8243\" \/>\n<meta property=\"og:site_name\" content=\"Buenos D&iacute;as BCS\" \/>\n<meta property=\"article:published_time\" content=\"2026-04-28T07:20:00+00:00\" \/>\n<meta property=\"og:image\" content=\"https:\/\/buenosdiasbcs.com\/wp-content\/uploads\/2026\/04\/1777339503960.jpg.webp\" \/>\n\t<meta property=\"og:image:width\" content=\"820\" \/>\n\t<meta property=\"og:image:height\" content=\"508\" \/>\n\t<meta property=\"og:image:type\" content=\"image\/webp\" \/>\n<meta name=\"author\" content=\"Edici\u00f3n Buenos D\u00edas\" \/>\n<meta name=\"twitter:card\" content=\"summary_large_image\" \/>\n<meta name=\"twitter:label1\" content=\"Escrito por\" \/>\n\t<meta name=\"twitter:data1\" content=\"Edici\u00f3n Buenos D\u00edas\" \/>\n\t<meta name=\"twitter:label2\" content=\"Tiempo de lectura\" \/>\n\t<meta name=\"twitter:data2\" content=\"4 minutos\" \/>\n<script type=\"application\/ld+json\" class=\"yoast-schema-graph\">{\"@context\":\"https:\\\/\\\/schema.org\",\"@graph\":[{\"@type\":\"Article\",\"@id\":\"https:\\\/\\\/buenosdiasbcs.com\\\/?p=8243#article\",\"isPartOf\":{\"@id\":\"https:\\\/\\\/buenosdiasbcs.com\\\/?p=8243\"},\"author\":{\"name\":\"Edici\u00f3n Buenos D\u00edas\",\"@id\":\"https:\\\/\\\/buenosdiasbcs.com\\\/#\\\/schema\\\/person\\\/15aedc247eab7070ee5d76d6d069a821\"},\"headline\":\"Alemania acusa a EU de ser &#8220;humillado&#8221; por Ir\u00e1n y carecer de estrategia\",\"datePublished\":\"2026-04-28T07:20:00+00:00\",\"mainEntityOfPage\":{\"@id\":\"https:\\\/\\\/buenosdiasbcs.com\\\/?p=8243\"},\"wordCount\":735,\"commentCount\":0,\"publisher\":{\"@id\":\"https:\\\/\\\/buenosdiasbcs.com\\\/#organization\"},\"image\":{\"@id\":\"https:\\\/\\\/buenosdiasbcs.com\\\/?p=8243#primaryimage\"},\"thumbnailUrl\":\"https:\\\/\\\/buenosdiasbcs.com\\\/wp-content\\\/uploads\\\/2026\\\/04\\\/1777339503960.jpg.webp\",\"articleSection\":[\"Internacional\"],\"inLanguage\":\"es\",\"potentialAction\":[{\"@type\":\"CommentAction\",\"name\":\"Comment\",\"target\":[\"https:\\\/\\\/buenosdiasbcs.com\\\/?p=8243#respond\"]}]},{\"@type\":\"WebPage\",\"@id\":\"https:\\\/\\\/buenosdiasbcs.com\\\/?p=8243\",\"url\":\"https:\\\/\\\/buenosdiasbcs.com\\\/?p=8243\",\"name\":\"Alemania acusa a EU de ser \\\"humillado\\\" por Ir\u00e1n y carecer de estrategia - Buenos D&iacute;as BCS\",\"isPartOf\":{\"@id\":\"https:\\\/\\\/buenosdiasbcs.com\\\/#website\"},\"primaryImageOfPage\":{\"@id\":\"https:\\\/\\\/buenosdiasbcs.com\\\/?p=8243#primaryimage\"},\"image\":{\"@id\":\"https:\\\/\\\/buenosdiasbcs.com\\\/?p=8243#primaryimage\"},\"thumbnailUrl\":\"https:\\\/\\\/buenosdiasbcs.com\\\/wp-content\\\/uploads\\\/2026\\\/04\\\/1777339503960.jpg.webp\",\"datePublished\":\"2026-04-28T07:20:00+00:00\",\"breadcrumb\":{\"@id\":\"https:\\\/\\\/buenosdiasbcs.com\\\/?p=8243#breadcrumb\"},\"inLanguage\":\"es\",\"potentialAction\":[{\"@type\":\"ReadAction\",\"target\":[\"https:\\\/\\\/buenosdiasbcs.com\\\/?p=8243\"]}]},{\"@type\":\"ImageObject\",\"inLanguage\":\"es\",\"@id\":\"https:\\\/\\\/buenosdiasbcs.com\\\/?p=8243#primaryimage\",\"url\":\"https:\\\/\\\/buenosdiasbcs.com\\\/wp-content\\\/uploads\\\/2026\\\/04\\\/1777339503960.jpg.webp\",\"contentUrl\":\"https:\\\/\\\/buenosdiasbcs.com\\\/wp-content\\\/uploads\\\/2026\\\/04\\\/1777339503960.jpg.webp\",\"width\":820,\"height\":508},{\"@type\":\"BreadcrumbList\",\"@id\":\"https:\\\/\\\/buenosdiasbcs.com\\\/?p=8243#breadcrumb\",\"itemListElement\":[{\"@type\":\"ListItem\",\"position\":1,\"name\":\"Portada\",\"item\":\"https:\\\/\\\/buenosdiasbcs.com\\\/\"},{\"@type\":\"ListItem\",\"position\":2,\"name\":\"Alemania acusa a EU de ser &#8220;humillado&#8221; por Ir\u00e1n y carecer de estrategia\"}]},{\"@type\":\"WebSite\",\"@id\":\"https:\\\/\\\/buenosdiasbcs.com\\\/#website\",\"url\":\"https:\\\/\\\/buenosdiasbcs.com\\\/\",\"name\":\"Buenos D\u00edas BCS\",\"description\":\"\",\"publisher\":{\"@id\":\"https:\\\/\\\/buenosdiasbcs.com\\\/#organization\"},\"potentialAction\":[{\"@type\":\"SearchAction\",\"target\":{\"@type\":\"EntryPoint\",\"urlTemplate\":\"https:\\\/\\\/buenosdiasbcs.com\\\/?s={search_term_string}\"},\"query-input\":{\"@type\":\"PropertyValueSpecification\",\"valueRequired\":true,\"valueName\":\"search_term_string\"}}],\"inLanguage\":\"es\"},{\"@type\":\"Organization\",\"@id\":\"https:\\\/\\\/buenosdiasbcs.com\\\/#organization\",\"name\":\"Buenos D\u00edas BCS\",\"url\":\"https:\\\/\\\/buenosdiasbcs.com\\\/\",\"logo\":{\"@type\":\"ImageObject\",\"inLanguage\":\"es\",\"@id\":\"https:\\\/\\\/buenosdiasbcs.com\\\/#\\\/schema\\\/logo\\\/image\\\/\",\"url\":\"https:\\\/\\\/buenosdiasbcs.com\\\/wp-content\\\/uploads\\\/2026\\\/01\\\/logo-buenos-dias-40-01.png\",\"contentUrl\":\"https:\\\/\\\/buenosdiasbcs.com\\\/wp-content\\\/uploads\\\/2026\\\/01\\\/logo-buenos-dias-40-01.png\",\"width\":277,\"height\":40,\"caption\":\"Buenos D\u00edas BCS\"},\"image\":{\"@id\":\"https:\\\/\\\/buenosdiasbcs.com\\\/#\\\/schema\\\/logo\\\/image\\\/\"}},{\"@type\":\"Person\",\"@id\":\"https:\\\/\\\/buenosdiasbcs.com\\\/#\\\/schema\\\/person\\\/15aedc247eab7070ee5d76d6d069a821\",\"name\":\"Edici\u00f3n Buenos D\u00edas\",\"image\":{\"@type\":\"ImageObject\",\"inLanguage\":\"es\",\"@id\":\"https:\\\/\\\/buenosdiasbcs.com\\\/wp-content\\\/uploads\\\/2026\\\/01\\\/cropped-sol-96x96.png\",\"url\":\"https:\\\/\\\/buenosdiasbcs.com\\\/wp-content\\\/uploads\\\/2026\\\/01\\\/cropped-sol-96x96.png\",\"contentUrl\":\"https:\\\/\\\/buenosdiasbcs.com\\\/wp-content\\\/uploads\\\/2026\\\/01\\\/cropped-sol-96x96.png\",\"caption\":\"Edici\u00f3n Buenos D\u00edas\"},\"url\":\"https:\\\/\\\/buenosdiasbcs.com\\\/?author=2\"}]}<\/script>\n<!-- \/ Yoast SEO Premium plugin. -->","yoast_head_json":{"title":"Alemania acusa a EU de ser \"humillado\" por Ir\u00e1n y carecer de estrategia - Buenos D&iacute;as BCS","robots":{"index":"index","follow":"follow","max-snippet":"max-snippet:-1","max-image-preview":"max-image-preview:large","max-video-preview":"max-video-preview:-1"},"canonical":"https:\/\/buenosdiasbcs.com\/?p=8243","og_locale":"es_ES","og_type":"article","og_title":"Alemania acusa a EU de ser \"humillado\" por Ir\u00e1n y carecer de estrategia","og_description":"&#8220;EU ha perdido el control. Ir\u00e1n les est\u00e1 dictando los tiempos&#8221;, declar\u00f3 Merz en una entrevista con la cadena ZDF....","og_url":"https:\/\/buenosdiasbcs.com\/?p=8243","og_site_name":"Buenos D&iacute;as BCS","article_published_time":"2026-04-28T07:20:00+00:00","og_image":[{"width":820,"height":508,"url":"https:\/\/buenosdiasbcs.com\/wp-content\/uploads\/2026\/04\/1777339503960.jpg.webp","type":"image\/webp"}],"author":"Edici\u00f3n Buenos D\u00edas","twitter_card":"summary_large_image","twitter_misc":{"Escrito por":"Edici\u00f3n Buenos D\u00edas","Tiempo de lectura":"4 minutos"},"schema":{"@context":"https:\/\/schema.org","@graph":[{"@type":"Article","@id":"https:\/\/buenosdiasbcs.com\/?p=8243#article","isPartOf":{"@id":"https:\/\/buenosdiasbcs.com\/?p=8243"},"author":{"name":"Edici\u00f3n Buenos D\u00edas","@id":"https:\/\/buenosdiasbcs.com\/#\/schema\/person\/15aedc247eab7070ee5d76d6d069a821"},"headline":"Alemania acusa a EU de ser &#8220;humillado&#8221; por Ir\u00e1n y carecer de estrategia","datePublished":"2026-04-28T07:20:00+00:00","mainEntityOfPage":{"@id":"https:\/\/buenosdiasbcs.com\/?p=8243"},"wordCount":735,"commentCount":0,"publisher":{"@id":"https:\/\/buenosdiasbcs.com\/#organization"},"image":{"@id":"https:\/\/buenosdiasbcs.com\/?p=8243#primaryimage"},"thumbnailUrl":"https:\/\/buenosdiasbcs.com\/wp-content\/uploads\/2026\/04\/1777339503960.jpg.webp","articleSection":["Internacional"],"inLanguage":"es","potentialAction":[{"@type":"CommentAction","name":"Comment","target":["https:\/\/buenosdiasbcs.com\/?p=8243#respond"]}]},{"@type":"WebPage","@id":"https:\/\/buenosdiasbcs.com\/?p=8243","url":"https:\/\/buenosdiasbcs.com\/?p=8243","name":"Alemania acusa a EU de ser \"humillado\" por Ir\u00e1n y carecer de estrategia - Buenos D&iacute;as BCS","isPartOf":{"@id":"https:\/\/buenosdiasbcs.com\/#website"},"primaryImageOfPage":{"@id":"https:\/\/buenosdiasbcs.com\/?p=8243#primaryimage"},"image":{"@id":"https:\/\/buenosdiasbcs.com\/?p=8243#primaryimage"},"thumbnailUrl":"https:\/\/buenosdiasbcs.com\/wp-content\/uploads\/2026\/04\/1777339503960.jpg.webp","datePublished":"2026-04-28T07:20:00+00:00","breadcrumb":{"@id":"https:\/\/buenosdiasbcs.com\/?p=8243#breadcrumb"},"inLanguage":"es","potentialAction":[{"@type":"ReadAction","target":["https:\/\/buenosdiasbcs.com\/?p=8243"]}]},{"@type":"ImageObject","inLanguage":"es","@id":"https:\/\/buenosdiasbcs.com\/?p=8243#primaryimage","url":"https:\/\/buenosdiasbcs.com\/wp-content\/uploads\/2026\/04\/1777339503960.jpg.webp","contentUrl":"https:\/\/buenosdiasbcs.com\/wp-content\/uploads\/2026\/04\/1777339503960.jpg.webp","width":820,"height":508},{"@type":"BreadcrumbList","@id":"https:\/\/buenosdiasbcs.com\/?p=8243#breadcrumb","itemListElement":[{"@type":"ListItem","position":1,"name":"Portada","item":"https:\/\/buenosdiasbcs.com\/"},{"@type":"ListItem","position":2,"name":"Alemania acusa a EU de ser &#8220;humillado&#8221; por Ir\u00e1n y carecer de estrategia"}]},{"@type":"WebSite","@id":"https:\/\/buenosdiasbcs.com\/#website","url":"https:\/\/buenosdiasbcs.com\/","name":"Buenos D\u00edas BCS","description":"","publisher":{"@id":"https:\/\/buenosdiasbcs.com\/#organization"},"potentialAction":[{"@type":"SearchAction","target":{"@type":"EntryPoint","urlTemplate":"https:\/\/buenosdiasbcs.com\/?s={search_term_string}"},"query-input":{"@type":"PropertyValueSpecification","valueRequired":true,"valueName":"search_term_string"}}],"inLanguage":"es"},{"@type":"Organization","@id":"https:\/\/buenosdiasbcs.com\/#organization","name":"Buenos D\u00edas BCS","url":"https:\/\/buenosdiasbcs.com\/","logo":{"@type":"ImageObject","inLanguage":"es","@id":"https:\/\/buenosdiasbcs.com\/#\/schema\/logo\/image\/","url":"https:\/\/buenosdiasbcs.com\/wp-content\/uploads\/2026\/01\/logo-buenos-dias-40-01.png","contentUrl":"https:\/\/buenosdiasbcs.com\/wp-content\/uploads\/2026\/01\/logo-buenos-dias-40-01.png","width":277,"height":40,"caption":"Buenos D\u00edas BCS"},"image":{"@id":"https:\/\/buenosdiasbcs.com\/#\/schema\/logo\/image\/"}},{"@type":"Person","@id":"https:\/\/buenosdiasbcs.com\/#\/schema\/person\/15aedc247eab7070ee5d76d6d069a821","name":"Edici\u00f3n Buenos D\u00edas","image":{"@type":"ImageObject","inLanguage":"es","@id":"https:\/\/buenosdiasbcs.com\/wp-content\/uploads\/2026\/01\/cropped-sol-96x96.png","url":"https:\/\/buenosdiasbcs.com\/wp-content\/uploads\/2026\/01\/cropped-sol-96x96.png","contentUrl":"https:\/\/buenosdiasbcs.com\/wp-content\/uploads\/2026\/01\/cropped-sol-96x96.png","caption":"Edici\u00f3n Buenos D\u00edas"},"url":"https:\/\/buenosdiasbcs.com\/?author=2"}]}},"amp_enabled":true,"_links":{"self":[{"href":"https:\/\/buenosdiasbcs.com\/index.php?rest_route=\/wp\/v2\/posts\/8243","targetHints":{"allow":["GET"]}}],"collection":[{"href":"https:\/\/buenosdiasbcs.com\/index.php?rest_route=\/wp\/v2\/posts"}],"about":[{"href":"https:\/\/buenosdiasbcs.com\/index.php?rest_route=\/wp\/v2\/types\/post"}],"author":[{"embeddable":true,"href":"https:\/\/buenosdiasbcs.com\/index.php?rest_route=\/wp\/v2\/users\/2"}],"replies":[{"embeddable":true,"href":"https:\/\/buenosdiasbcs.com\/index.php?rest_route=%2Fwp%2Fv2%2Fcomments&post=8243"}],"version-history":[{"count":1,"href":"https:\/\/buenosdiasbcs.com\/index.php?rest_route=\/wp\/v2\/posts\/8243\/revisions"}],"predecessor-version":[{"id":8245,"href":"https:\/\/buenosdiasbcs.com\/index.php?rest_route=\/wp\/v2\/posts\/8243\/revisions\/8245"}],"wp:featuredmedia":[{"embeddable":true,"href":"https:\/\/buenosdiasbcs.com\/index.php?rest_route=\/wp\/v2\/media\/8244"}],"wp:attachment":[{"href":"https:\/\/buenosdiasbcs.com\/index.php?rest_route=%2Fwp%2Fv2%2Fmedia&parent=8243"}],"wp:term":[{"taxonomy":"category","embeddable":true,"href":"https:\/\/buenosdiasbcs.com\/index.php?rest_route=%2Fwp%2Fv2%2Fcategories&post=8243"},{"taxonomy":"post_tag","embeddable":true,"href":"https:\/\/buenosdiasbcs.com\/index.php?rest_route=%2Fwp%2Fv2%2Ftags&post=8243"}],"curies":[{"name":"wp","href":"https:\/\/api.w.org\/{rel}","templated":true}]}}