{"id":8222,"date":"2026-04-28T00:59:00","date_gmt":"2026-04-28T07:59:00","guid":{"rendered":"https:\/\/buenosdiasbcs.com\/?p=8222"},"modified":"2026-04-27T20:02:10","modified_gmt":"2026-04-28T03:02:10","slug":"cfe-anuncia-apagon-programado-en-la-paz-horarios-y-comunidades","status":"publish","type":"post","link":"https:\/\/buenosdiasbcs.com\/?p=8222","title":{"rendered":"CFE anuncia apag\u00f3n programado en La Paz: Horarios y comunidades"},"content":{"rendered":"\n<h2 class=\"wp-block-heading\" id=\"h-la-cfe-anuncia-un-corte-de-luz-programado-en-la-paz-bcs-para-este-martes-28-de-abril-afectara-a-los-barriles-y-el-cardonal-conoce-el-horario-oficial\">La CFE anuncia un corte de luz programado en La Paz, BCS, para este martes 28 de abril. Afectar\u00e1 a Los Barriles y El Cardonal. Conoce el horario oficial<\/h2>\n\n\n\n<p>La&nbsp;<strong>Comisi\u00f3n Federal de Electricidad&nbsp;<\/strong>(<a href=\"https:\/\/www.debate.com.mx\/cfe-t640813\" rel=\"noreferrer noopener\" target=\"_blank\">CFE<\/a>) inform\u00f3 sobre una interrupci\u00f3n temporal en el suministro el\u00e9ctrico que afectar\u00e1 a comunidades estrat\u00e9gicas del municipio de&nbsp;<strong>La Paz, Baja California Sur.<\/strong>&nbsp;Esta medida responde a un<strong>&nbsp;programa de mantenimiento preventivo<\/strong>&nbsp;dise\u00f1ado para fortalecer la infraestructura el\u00e9ctrica y evitar fallas mayores durante la temporada de mayor demanda.<\/p>\n\n\n\n<h2 class=\"wp-block-heading\" id=\"h-a-que-hora-sera-el-corte-de-luz-en-los-barriles-y-el-cardonal\">\u00bfA qu\u00e9 hora ser\u00e1 el corte de luz en Los Barriles y El Cardonal?<\/h2>\n\n\n\n<p>A diferencia de otros&nbsp;<strong>mantenimientos de larga duraci\u00f3n<\/strong>, la paraestatal ha programado una intervenci\u00f3n r\u00e1pida para reducir las molestias a los usuarios y al sector comercial de la zona costera.<\/p>\n\n\n\n<p>Martes 28 de abril de 2026.<\/p>\n\n\n\n<h2 class=\"wp-block-heading\" id=\"h-comunidades-de-la-paz-afectadas-por-el-mantenimiento\">Comunidades de La Paz afectadas por el mantenimiento<\/h2>\n\n\n\n<p>El&nbsp;<strong>corte de energ\u00eda<\/strong>&nbsp;se concentrar\u00e1 en dos de las comunidades con mayor actividad tur\u00edstica y residencial al sur de la capital:<\/p>\n\n\n\n<p>La&nbsp;<strong>CFE&nbsp;<\/strong>precis\u00f3 que las maniobras se realizar\u00e1n con l\u00edneas desenergizadas, una medida de seguridad obligatoria para proteger la integridad del personal t\u00e9cnico que trabajar\u00e1 directamente en la red de distribuci\u00f3n.<\/p>\n\n\n\n<h2 class=\"wp-block-heading\" id=\"h-recomendaciones-para-proteger-tus-electrodomesticos\">Recomendaciones para proteger tus electrodom\u00e9sticos<\/h2>\n\n\n\n<p>Aunque la suspensi\u00f3n ser\u00e1 breve, el restablecimiento del flujo el\u00e9ctrico puede generar variaciones de voltaje. Por ello, se recomienda a la poblaci\u00f3n:<\/p>\n\n\n\n<p>Computadoras, pantallas y equipos de refrigeraci\u00f3n deben desenchufarse antes de las 10:00 a.m.<\/p>\n\n\n\n<p>Evitar el uso de plantas de emergencia sin transferencia: Si utilizas generadores propios, aseg\u00farate de que no &#8220;retroalimenten&#8221; la red de&nbsp;<strong>CFE&nbsp;<\/strong>para evitar accidentes.<\/p>\n\n\n\n<p>Una vez que la luz regrese, espera un par de minutos antes de conectar nuevamente tus dispositivos.<\/p>\n\n\n\n<p>Para cualquier duda, aclaraci\u00f3n o si el servicio no se restablece despu\u00e9s de las 11:00 horas, la l\u00ednea de atenci\u00f3n 071 y los canales digitales de la paraestatal permanecen activos.<\/p>\n","protected":false},"excerpt":{"rendered":"<p>La CFE anuncia un corte de luz programado en La Paz, BCS, para este martes 28 de abril. Afectar\u00e1 a&#8230;<\/p>\n","protected":false},"author":2,"featured_media":8223,"comment_status":"open","ping_status":"open","sticky":false,"template":"","format":"standard","meta":{"footnotes":""},"categories":[25],"tags":[],"class_list":["post-8222","post","type-post","status-publish","format-standard","has-post-thumbnail","hentry","category-sociedad"],"yoast_head":"<!-- This site is optimized with the Yoast SEO Premium plugin v26.8 (Yoast SEO v27.4) - https:\/\/yoast.com\/product\/yoast-seo-premium-wordpress\/ -->\n<title>CFE anuncia apag\u00f3n programado en La Paz: Horarios y comunidades - Buenos D&iacute;as BCS<\/title>\n<meta name=\"robots\" content=\"index, follow, max-snippet:-1, max-image-preview:large, max-video-preview:-1\" \/>\n<link rel=\"canonical\" href=\"https:\/\/buenosdiasbcs.com\/?p=8222\" \/>\n<meta property=\"og:locale\" content=\"es_ES\" \/>\n<meta property=\"og:type\" content=\"article\" \/>\n<meta property=\"og:title\" content=\"CFE anuncia apag\u00f3n programado en La Paz: Horarios y comunidades\" \/>\n<meta property=\"og:description\" content=\"La CFE anuncia un corte de luz programado en La Paz, BCS, para este martes 28 de abril. Afectar\u00e1 a...\" \/>\n<meta property=\"og:url\" content=\"https:\/\/buenosdiasbcs.com\/?p=8222\" \/>\n<meta property=\"og:site_name\" content=\"Buenos D&iacute;as BCS\" \/>\n<meta property=\"article:published_time\" content=\"2026-04-28T07:59:00+00:00\" \/>\n<meta property=\"og:image\" content=\"https:\/\/buenosdiasbcs.com\/wp-content\/uploads\/2026\/04\/luz_-.jpg_1015297232.jpg.webp\" \/>\n\t<meta property=\"og:image:width\" content=\"1200\" \/>\n\t<meta property=\"og:image:height\" content=\"800\" \/>\n\t<meta property=\"og:image:type\" content=\"image\/webp\" \/>\n<meta name=\"author\" content=\"Edici\u00f3n Buenos D\u00edas\" \/>\n<meta name=\"twitter:card\" content=\"summary_large_image\" \/>\n<meta name=\"twitter:label1\" content=\"Escrito por\" \/>\n\t<meta name=\"twitter:data1\" content=\"Edici\u00f3n Buenos D\u00edas\" \/>\n\t<meta name=\"twitter:label2\" content=\"Tiempo de lectura\" \/>\n\t<meta name=\"twitter:data2\" content=\"2 minutos\" \/>\n<script type=\"application\/ld+json\" class=\"yoast-schema-graph\">{\"@context\":\"https:\\\/\\\/schema.org\",\"@graph\":[{\"@type\":\"Article\",\"@id\":\"https:\\\/\\\/buenosdiasbcs.com\\\/?p=8222#article\",\"isPartOf\":{\"@id\":\"https:\\\/\\\/buenosdiasbcs.com\\\/?p=8222\"},\"author\":{\"name\":\"Edici\u00f3n Buenos D\u00edas\",\"@id\":\"https:\\\/\\\/buenosdiasbcs.com\\\/#\\\/schema\\\/person\\\/15aedc247eab7070ee5d76d6d069a821\"},\"headline\":\"CFE anuncia apag\u00f3n programado en La Paz: Horarios y comunidades\",\"datePublished\":\"2026-04-28T07:59:00+00:00\",\"mainEntityOfPage\":{\"@id\":\"https:\\\/\\\/buenosdiasbcs.com\\\/?p=8222\"},\"wordCount\":349,\"commentCount\":0,\"publisher\":{\"@id\":\"https:\\\/\\\/buenosdiasbcs.com\\\/#organization\"},\"image\":{\"@id\":\"https:\\\/\\\/buenosdiasbcs.com\\\/?p=8222#primaryimage\"},\"thumbnailUrl\":\"https:\\\/\\\/buenosdiasbcs.com\\\/wp-content\\\/uploads\\\/2026\\\/04\\\/luz_-.jpg_1015297232.jpg.webp\",\"articleSection\":[\"Sociedad\"],\"inLanguage\":\"es\",\"potentialAction\":[{\"@type\":\"CommentAction\",\"name\":\"Comment\",\"target\":[\"https:\\\/\\\/buenosdiasbcs.com\\\/?p=8222#respond\"]}]},{\"@type\":\"WebPage\",\"@id\":\"https:\\\/\\\/buenosdiasbcs.com\\\/?p=8222\",\"url\":\"https:\\\/\\\/buenosdiasbcs.com\\\/?p=8222\",\"name\":\"CFE anuncia apag\u00f3n programado en La Paz: Horarios y comunidades - Buenos D&iacute;as BCS\",\"isPartOf\":{\"@id\":\"https:\\\/\\\/buenosdiasbcs.com\\\/#website\"},\"primaryImageOfPage\":{\"@id\":\"https:\\\/\\\/buenosdiasbcs.com\\\/?p=8222#primaryimage\"},\"image\":{\"@id\":\"https:\\\/\\\/buenosdiasbcs.com\\\/?p=8222#primaryimage\"},\"thumbnailUrl\":\"https:\\\/\\\/buenosdiasbcs.com\\\/wp-content\\\/uploads\\\/2026\\\/04\\\/luz_-.jpg_1015297232.jpg.webp\",\"datePublished\":\"2026-04-28T07:59:00+00:00\",\"breadcrumb\":{\"@id\":\"https:\\\/\\\/buenosdiasbcs.com\\\/?p=8222#breadcrumb\"},\"inLanguage\":\"es\",\"potentialAction\":[{\"@type\":\"ReadAction\",\"target\":[\"https:\\\/\\\/buenosdiasbcs.com\\\/?p=8222\"]}]},{\"@type\":\"ImageObject\",\"inLanguage\":\"es\",\"@id\":\"https:\\\/\\\/buenosdiasbcs.com\\\/?p=8222#primaryimage\",\"url\":\"https:\\\/\\\/buenosdiasbcs.com\\\/wp-content\\\/uploads\\\/2026\\\/04\\\/luz_-.jpg_1015297232.jpg.webp\",\"contentUrl\":\"https:\\\/\\\/buenosdiasbcs.com\\\/wp-content\\\/uploads\\\/2026\\\/04\\\/luz_-.jpg_1015297232.jpg.webp\",\"width\":1200,\"height\":800},{\"@type\":\"BreadcrumbList\",\"@id\":\"https:\\\/\\\/buenosdiasbcs.com\\\/?p=8222#breadcrumb\",\"itemListElement\":[{\"@type\":\"ListItem\",\"position\":1,\"name\":\"Portada\",\"item\":\"https:\\\/\\\/buenosdiasbcs.com\\\/\"},{\"@type\":\"ListItem\",\"position\":2,\"name\":\"CFE anuncia apag\u00f3n programado en La Paz: Horarios y comunidades\"}]},{\"@type\":\"WebSite\",\"@id\":\"https:\\\/\\\/buenosdiasbcs.com\\\/#website\",\"url\":\"https:\\\/\\\/buenosdiasbcs.com\\\/\",\"name\":\"Buenos D\u00edas BCS\",\"description\":\"\",\"publisher\":{\"@id\":\"https:\\\/\\\/buenosdiasbcs.com\\\/#organization\"},\"potentialAction\":[{\"@type\":\"SearchAction\",\"target\":{\"@type\":\"EntryPoint\",\"urlTemplate\":\"https:\\\/\\\/buenosdiasbcs.com\\\/?s={search_term_string}\"},\"query-input\":{\"@type\":\"PropertyValueSpecification\",\"valueRequired\":true,\"valueName\":\"search_term_string\"}}],\"inLanguage\":\"es\"},{\"@type\":\"Organization\",\"@id\":\"https:\\\/\\\/buenosdiasbcs.com\\\/#organization\",\"name\":\"Buenos D\u00edas BCS\",\"url\":\"https:\\\/\\\/buenosdiasbcs.com\\\/\",\"logo\":{\"@type\":\"ImageObject\",\"inLanguage\":\"es\",\"@id\":\"https:\\\/\\\/buenosdiasbcs.com\\\/#\\\/schema\\\/logo\\\/image\\\/\",\"url\":\"https:\\\/\\\/buenosdiasbcs.com\\\/wp-content\\\/uploads\\\/2026\\\/01\\\/logo-buenos-dias-40-01.png\",\"contentUrl\":\"https:\\\/\\\/buenosdiasbcs.com\\\/wp-content\\\/uploads\\\/2026\\\/01\\\/logo-buenos-dias-40-01.png\",\"width\":277,\"height\":40,\"caption\":\"Buenos D\u00edas BCS\"},\"image\":{\"@id\":\"https:\\\/\\\/buenosdiasbcs.com\\\/#\\\/schema\\\/logo\\\/image\\\/\"}},{\"@type\":\"Person\",\"@id\":\"https:\\\/\\\/buenosdiasbcs.com\\\/#\\\/schema\\\/person\\\/15aedc247eab7070ee5d76d6d069a821\",\"name\":\"Edici\u00f3n Buenos D\u00edas\",\"image\":{\"@type\":\"ImageObject\",\"inLanguage\":\"es\",\"@id\":\"https:\\\/\\\/buenosdiasbcs.com\\\/wp-content\\\/uploads\\\/2026\\\/01\\\/cropped-sol-96x96.png\",\"url\":\"https:\\\/\\\/buenosdiasbcs.com\\\/wp-content\\\/uploads\\\/2026\\\/01\\\/cropped-sol-96x96.png\",\"contentUrl\":\"https:\\\/\\\/buenosdiasbcs.com\\\/wp-content\\\/uploads\\\/2026\\\/01\\\/cropped-sol-96x96.png\",\"caption\":\"Edici\u00f3n Buenos D\u00edas\"},\"url\":\"https:\\\/\\\/buenosdiasbcs.com\\\/?author=2\"}]}<\/script>\n<!-- \/ Yoast SEO Premium plugin. -->","yoast_head_json":{"title":"CFE anuncia apag\u00f3n programado en La Paz: Horarios y comunidades - Buenos D&iacute;as BCS","robots":{"index":"index","follow":"follow","max-snippet":"max-snippet:-1","max-image-preview":"max-image-preview:large","max-video-preview":"max-video-preview:-1"},"canonical":"https:\/\/buenosdiasbcs.com\/?p=8222","og_locale":"es_ES","og_type":"article","og_title":"CFE anuncia apag\u00f3n programado en La Paz: Horarios y comunidades","og_description":"La CFE anuncia un corte de luz programado en La Paz, BCS, para este martes 28 de abril. Afectar\u00e1 a...","og_url":"https:\/\/buenosdiasbcs.com\/?p=8222","og_site_name":"Buenos D&iacute;as BCS","article_published_time":"2026-04-28T07:59:00+00:00","og_image":[{"width":1200,"height":800,"url":"https:\/\/buenosdiasbcs.com\/wp-content\/uploads\/2026\/04\/luz_-.jpg_1015297232.jpg.webp","type":"image\/webp"}],"author":"Edici\u00f3n Buenos D\u00edas","twitter_card":"summary_large_image","twitter_misc":{"Escrito por":"Edici\u00f3n Buenos D\u00edas","Tiempo de lectura":"2 minutos"},"schema":{"@context":"https:\/\/schema.org","@graph":[{"@type":"Article","@id":"https:\/\/buenosdiasbcs.com\/?p=8222#article","isPartOf":{"@id":"https:\/\/buenosdiasbcs.com\/?p=8222"},"author":{"name":"Edici\u00f3n Buenos D\u00edas","@id":"https:\/\/buenosdiasbcs.com\/#\/schema\/person\/15aedc247eab7070ee5d76d6d069a821"},"headline":"CFE anuncia apag\u00f3n programado en La Paz: Horarios y comunidades","datePublished":"2026-04-28T07:59:00+00:00","mainEntityOfPage":{"@id":"https:\/\/buenosdiasbcs.com\/?p=8222"},"wordCount":349,"commentCount":0,"publisher":{"@id":"https:\/\/buenosdiasbcs.com\/#organization"},"image":{"@id":"https:\/\/buenosdiasbcs.com\/?p=8222#primaryimage"},"thumbnailUrl":"https:\/\/buenosdiasbcs.com\/wp-content\/uploads\/2026\/04\/luz_-.jpg_1015297232.jpg.webp","articleSection":["Sociedad"],"inLanguage":"es","potentialAction":[{"@type":"CommentAction","name":"Comment","target":["https:\/\/buenosdiasbcs.com\/?p=8222#respond"]}]},{"@type":"WebPage","@id":"https:\/\/buenosdiasbcs.com\/?p=8222","url":"https:\/\/buenosdiasbcs.com\/?p=8222","name":"CFE anuncia apag\u00f3n programado en La Paz: Horarios y comunidades - Buenos D&iacute;as BCS","isPartOf":{"@id":"https:\/\/buenosdiasbcs.com\/#website"},"primaryImageOfPage":{"@id":"https:\/\/buenosdiasbcs.com\/?p=8222#primaryimage"},"image":{"@id":"https:\/\/buenosdiasbcs.com\/?p=8222#primaryimage"},"thumbnailUrl":"https:\/\/buenosdiasbcs.com\/wp-content\/uploads\/2026\/04\/luz_-.jpg_1015297232.jpg.webp","datePublished":"2026-04-28T07:59:00+00:00","breadcrumb":{"@id":"https:\/\/buenosdiasbcs.com\/?p=8222#breadcrumb"},"inLanguage":"es","potentialAction":[{"@type":"ReadAction","target":["https:\/\/buenosdiasbcs.com\/?p=8222"]}]},{"@type":"ImageObject","inLanguage":"es","@id":"https:\/\/buenosdiasbcs.com\/?p=8222#primaryimage","url":"https:\/\/buenosdiasbcs.com\/wp-content\/uploads\/2026\/04\/luz_-.jpg_1015297232.jpg.webp","contentUrl":"https:\/\/buenosdiasbcs.com\/wp-content\/uploads\/2026\/04\/luz_-.jpg_1015297232.jpg.webp","width":1200,"height":800},{"@type":"BreadcrumbList","@id":"https:\/\/buenosdiasbcs.com\/?p=8222#breadcrumb","itemListElement":[{"@type":"ListItem","position":1,"name":"Portada","item":"https:\/\/buenosdiasbcs.com\/"},{"@type":"ListItem","position":2,"name":"CFE anuncia apag\u00f3n programado en La Paz: Horarios y comunidades"}]},{"@type":"WebSite","@id":"https:\/\/buenosdiasbcs.com\/#website","url":"https:\/\/buenosdiasbcs.com\/","name":"Buenos D\u00edas BCS","description":"","publisher":{"@id":"https:\/\/buenosdiasbcs.com\/#organization"},"potentialAction":[{"@type":"SearchAction","target":{"@type":"EntryPoint","urlTemplate":"https:\/\/buenosdiasbcs.com\/?s={search_term_string}"},"query-input":{"@type":"PropertyValueSpecification","valueRequired":true,"valueName":"search_term_string"}}],"inLanguage":"es"},{"@type":"Organization","@id":"https:\/\/buenosdiasbcs.com\/#organization","name":"Buenos D\u00edas BCS","url":"https:\/\/buenosdiasbcs.com\/","logo":{"@type":"ImageObject","inLanguage":"es","@id":"https:\/\/buenosdiasbcs.com\/#\/schema\/logo\/image\/","url":"https:\/\/buenosdiasbcs.com\/wp-content\/uploads\/2026\/01\/logo-buenos-dias-40-01.png","contentUrl":"https:\/\/buenosdiasbcs.com\/wp-content\/uploads\/2026\/01\/logo-buenos-dias-40-01.png","width":277,"height":40,"caption":"Buenos D\u00edas BCS"},"image":{"@id":"https:\/\/buenosdiasbcs.com\/#\/schema\/logo\/image\/"}},{"@type":"Person","@id":"https:\/\/buenosdiasbcs.com\/#\/schema\/person\/15aedc247eab7070ee5d76d6d069a821","name":"Edici\u00f3n Buenos D\u00edas","image":{"@type":"ImageObject","inLanguage":"es","@id":"https:\/\/buenosdiasbcs.com\/wp-content\/uploads\/2026\/01\/cropped-sol-96x96.png","url":"https:\/\/buenosdiasbcs.com\/wp-content\/uploads\/2026\/01\/cropped-sol-96x96.png","contentUrl":"https:\/\/buenosdiasbcs.com\/wp-content\/uploads\/2026\/01\/cropped-sol-96x96.png","caption":"Edici\u00f3n Buenos D\u00edas"},"url":"https:\/\/buenosdiasbcs.com\/?author=2"}]}},"amp_enabled":true,"_links":{"self":[{"href":"https:\/\/buenosdiasbcs.com\/index.php?rest_route=\/wp\/v2\/posts\/8222","targetHints":{"allow":["GET"]}}],"collection":[{"href":"https:\/\/buenosdiasbcs.com\/index.php?rest_route=\/wp\/v2\/posts"}],"about":[{"href":"https:\/\/buenosdiasbcs.com\/index.php?rest_route=\/wp\/v2\/types\/post"}],"author":[{"embeddable":true,"href":"https:\/\/buenosdiasbcs.com\/index.php?rest_route=\/wp\/v2\/users\/2"}],"replies":[{"embeddable":true,"href":"https:\/\/buenosdiasbcs.com\/index.php?rest_route=%2Fwp%2Fv2%2Fcomments&post=8222"}],"version-history":[{"count":1,"href":"https:\/\/buenosdiasbcs.com\/index.php?rest_route=\/wp\/v2\/posts\/8222\/revisions"}],"predecessor-version":[{"id":8224,"href":"https:\/\/buenosdiasbcs.com\/index.php?rest_route=\/wp\/v2\/posts\/8222\/revisions\/8224"}],"wp:featuredmedia":[{"embeddable":true,"href":"https:\/\/buenosdiasbcs.com\/index.php?rest_route=\/wp\/v2\/media\/8223"}],"wp:attachment":[{"href":"https:\/\/buenosdiasbcs.com\/index.php?rest_route=%2Fwp%2Fv2%2Fmedia&parent=8222"}],"wp:term":[{"taxonomy":"category","embeddable":true,"href":"https:\/\/buenosdiasbcs.com\/index.php?rest_route=%2Fwp%2Fv2%2Fcategories&post=8222"},{"taxonomy":"post_tag","embeddable":true,"href":"https:\/\/buenosdiasbcs.com\/index.php?rest_route=%2Fwp%2Fv2%2Ftags&post=8222"}],"curies":[{"name":"wp","href":"https:\/\/api.w.org\/{rel}","templated":true}]}}