{"id":8216,"date":"2026-04-28T00:57:00","date_gmt":"2026-04-28T07:57:00","guid":{"rendered":"https:\/\/buenosdiasbcs.com\/?p=8216"},"modified":"2026-04-27T15:59:36","modified_gmt":"2026-04-27T22:59:36","slug":"puerto-de-altura-en-jaque-loreto-exige-marcha-atras-con-gallo-vehicular","status":"publish","type":"post","link":"https:\/\/buenosdiasbcs.com\/?p=8216","title":{"rendered":"Puerto de Altura en jaque: Loreto exige marcha atr\u00e1s con gallo vehicular"},"content":{"rendered":"\n<h2 class=\"wp-block-heading\" id=\"h-la-comunidad-convoca-a-un-galllo-vehicular-este-lunes-para-exigir-la-derogacion-inmediata-del-decreto-presidencial-que-eleva-a-loreto-a-puerto-de-altura-y-cabotaje\">La comunidad convoca a un \u201cgalllo vehicular&#8221; este lunes para exigir la derogaci\u00f3n inmediata del decreto presidencial que eleva a Loreto a Puerto de Altura y Cabotaje.<\/h2>\n\n\n\n<p><em><strong>Loreto<\/strong><\/em>,<em><strong>&nbsp;Baja California Sur<\/strong><\/em>.- Entre bocinas, pancartas y carrocer\u00edas pintadas,&nbsp;<strong>ciudadanos de Loreto alistan un<\/strong>&nbsp;\u201c<em><strong>gallo vehicular<\/strong><\/em>\u201d<strong>&nbsp;para rechazar el decreto presidencial que busca convertir al destino en Puerto de Altura y Cabotaje<\/strong>, una figura que \u2013<em>advierten<\/em>\u2013 podr\u00eda detonar la llegada de cruceros masivos y reconfigurar el equilibrio ambiental del<strong>&nbsp;Parque Nacional Bah\u00eda de Loreto<\/strong>.<\/p>\n\n\n\n<p>La convocatoria circula con claridad y filo a trav\u00e9s de las redes sociales&nbsp;<strong>del grupo de cooperativas y prestadores de servicios n\u00e1uticos llamado<\/strong>&nbsp;<strong>Uni\u00f3n Loreto BCS<\/strong>. La cita est\u00e1 programada para&nbsp;<strong>este lunes 27 de abril a las 5:00 de la tarde<\/strong>, donde el punto de reuni\u00f3n ser\u00e1 en<strong>&nbsp;la esquina de calle Ju\u00e1rez con malec\u00f3n<\/strong>, antes del c\u00e1rcamo.<\/p>\n\n\n\n<p>El tono no deja dudas: \u201c<em><strong>S\u00ed al turismo<\/strong><\/em>,<strong><em>&nbsp;no a crucero<\/em><\/strong>s\u201d, \u201c<strong><em>La costa no se toca<\/em><\/strong>\u201d, \u201c<strong><em>Protejamos lo que nos da vida<\/em><\/strong>\u201d. Y una advertencia que busca blindar la causa: \u201c<em><strong>Se pide que no se politic<\/strong>e<\/em>\u201d.<\/p>\n\n\n\n<p><strong>El nombramiento de Puerto de Altura implica capacidad para recibir embarcaciones de gran calado<\/strong>,<strong>incluidas rutas de cruceros<\/strong>. Para el gobierno federal, es sin\u00f3nimo de&nbsp;<strong>dinamismo econ\u00f3mico<\/strong>; para una parte de la comunidad loretana, es&nbsp;<strong>una l\u00ednea roja que podr\u00eda comprometer el ecosistema marino<\/strong>,<strong>&nbsp;la pesca ribere\u00f1a y el modelo de turismo de bajo impacto<\/strong>&nbsp;que ha definido a la regi\u00f3n.<\/p>\n\n\n\n<p>La reacci\u00f3n no es espont\u00e1nea ni aislada. En las \u00faltimas semanas, el debate ha subido de tono:&nbsp;<strong>reuniones vecinales<\/strong>,&nbsp;<strong>pronunciamientos de organizaciones locales y ahora una movilizaci\u00f3n en formato vehicular<\/strong>&nbsp;que apuesta por visibilidad sin confrontaci\u00f3n directa.<\/p>\n\n\n\n<p>No es casualidad que la imagen de la convocatoria est\u00e9 dominada por una ballena emergiendo del mar.&nbsp;<strong>La Bah\u00eda de Loreto es santuario de vida<\/strong>:&nbsp;<strong>corredores de ballena gris, jorobada y azul<\/strong>,&nbsp;<strong>adem\u00e1s de una biodiversidad que sostiene la pesca y el turismo de naturaleza<\/strong>. El temor es concreto: m\u00e1s tr\u00e1fico mar\u00edtimo, m\u00e1s ruido submarino, m\u00e1s presi\u00f3n sobre un sistema fr\u00e1gil.<\/p>\n\n\n\n<p>De ah\u00ed que los mensajes apunten a lo esencial: \u201c<em><strong>Por nuestras ballenas<\/strong><\/em>\u201d, \u201c<em><strong>Por nuestro ecosistema<\/strong><\/em>\u201d, \u201c<em><strong>Por nuestras futuras generaciones<\/strong><\/em>\u201d. El formato elegido \u2013<em>caravanas de veh\u00edculos<\/em>\u2013 busca sumar sin bloquear. Los organizadores incluso<strong>&nbsp;invitan a pintar autos con consignas para convertir cada unidad en un altavoz rodante<\/strong>, presencia masiva, mensaje unificado y car\u00e1cter pac\u00edfico.<\/p>\n\n\n\n<p>El punto de quiebre no es el turismo, subrayan. Es el modelo.<strong>&nbsp;Loreto ha apostado por una narrativa distinta a la de otros destinos del estado<\/strong>: menos volumen, m\u00e1s conservaci\u00f3n.&nbsp;<strong>El arribo de cruceros podr\u00eda alterar esa ecuaci\u00f3n con impactos en servicios<\/strong>,&nbsp;<strong>residuos<\/strong>,&nbsp;<strong>presi\u00f3n costera y din\u00e1mica social<\/strong>.<\/p>\n\n\n\n<p>La movilizaci\u00f3n de este lunes no cierra el cap\u00edtulo: lo abre.&nbsp;<strong>De un lado<\/strong>,&nbsp;<strong>la promesa de inversi\u00f3n y flujo econ\u00f3mico<\/strong>;<strong>&nbsp;del otro<\/strong>,&nbsp;<strong>la defensa de un patrimonio natural que define la identidad loca<\/strong>l. En medio, una comunidad que decidi\u00f3 salir a la calle \u2013<em>o mejor dicho, al volante<\/em>\u2013 para hacerse escuchar.<\/p>\n","protected":false},"excerpt":{"rendered":"<p>La comunidad convoca a un \u201cgalllo vehicular&#8221; este lunes para exigir la derogaci\u00f3n inmediata del decreto presidencial que eleva a&#8230;<\/p>\n","protected":false},"author":2,"featured_media":8217,"comment_status":"open","ping_status":"open","sticky":false,"template":"","format":"standard","meta":{"footnotes":""},"categories":[25],"tags":[],"class_list":["post-8216","post","type-post","status-publish","format-standard","has-post-thumbnail","hentry","category-sociedad"],"yoast_head":"<!-- This site is optimized with the Yoast SEO Premium plugin v26.8 (Yoast SEO v27.4) - https:\/\/yoast.com\/product\/yoast-seo-premium-wordpress\/ -->\n<title>Puerto de Altura en jaque: Loreto exige marcha atr\u00e1s con gallo vehicular - Buenos D&iacute;as BCS<\/title>\n<meta name=\"robots\" content=\"index, follow, max-snippet:-1, max-image-preview:large, max-video-preview:-1\" \/>\n<link rel=\"canonical\" href=\"https:\/\/buenosdiasbcs.com\/?p=8216\" \/>\n<meta property=\"og:locale\" content=\"es_ES\" \/>\n<meta property=\"og:type\" content=\"article\" \/>\n<meta property=\"og:title\" content=\"Puerto de Altura en jaque: Loreto exige marcha atr\u00e1s con gallo vehicular\" \/>\n<meta property=\"og:description\" content=\"La comunidad convoca a un \u201cgalllo vehicular&#8221; este lunes para exigir la derogaci\u00f3n inmediata del decreto presidencial que eleva a...\" \/>\n<meta property=\"og:url\" content=\"https:\/\/buenosdiasbcs.com\/?p=8216\" \/>\n<meta property=\"og:site_name\" content=\"Buenos D&iacute;as BCS\" \/>\n<meta property=\"article:published_time\" content=\"2026-04-28T07:57:00+00:00\" \/>\n<meta property=\"og:image\" content=\"https:\/\/buenosdiasbcs.com\/wp-content\/uploads\/2026\/04\/eeivuo_U.jpeg\" \/>\n\t<meta property=\"og:image:width\" content=\"1500\" \/>\n\t<meta property=\"og:image:height\" content=\"1000\" \/>\n\t<meta property=\"og:image:type\" content=\"image\/jpeg\" \/>\n<meta name=\"author\" content=\"Edici\u00f3n Buenos D\u00edas\" \/>\n<meta name=\"twitter:card\" content=\"summary_large_image\" \/>\n<meta name=\"twitter:label1\" content=\"Escrito por\" \/>\n\t<meta name=\"twitter:data1\" content=\"Edici\u00f3n Buenos D\u00edas\" \/>\n\t<meta name=\"twitter:label2\" content=\"Tiempo de lectura\" \/>\n\t<meta name=\"twitter:data2\" content=\"3 minutos\" \/>\n<script type=\"application\/ld+json\" class=\"yoast-schema-graph\">{\"@context\":\"https:\\\/\\\/schema.org\",\"@graph\":[{\"@type\":\"Article\",\"@id\":\"https:\\\/\\\/buenosdiasbcs.com\\\/?p=8216#article\",\"isPartOf\":{\"@id\":\"https:\\\/\\\/buenosdiasbcs.com\\\/?p=8216\"},\"author\":{\"name\":\"Edici\u00f3n Buenos D\u00edas\",\"@id\":\"https:\\\/\\\/buenosdiasbcs.com\\\/#\\\/schema\\\/person\\\/15aedc247eab7070ee5d76d6d069a821\"},\"headline\":\"Puerto de Altura en jaque: Loreto exige marcha atr\u00e1s con gallo vehicular\",\"datePublished\":\"2026-04-28T07:57:00+00:00\",\"mainEntityOfPage\":{\"@id\":\"https:\\\/\\\/buenosdiasbcs.com\\\/?p=8216\"},\"wordCount\":574,\"commentCount\":0,\"publisher\":{\"@id\":\"https:\\\/\\\/buenosdiasbcs.com\\\/#organization\"},\"image\":{\"@id\":\"https:\\\/\\\/buenosdiasbcs.com\\\/?p=8216#primaryimage\"},\"thumbnailUrl\":\"https:\\\/\\\/buenosdiasbcs.com\\\/wp-content\\\/uploads\\\/2026\\\/04\\\/eeivuo_U.jpeg\",\"articleSection\":[\"Sociedad\"],\"inLanguage\":\"es\",\"potentialAction\":[{\"@type\":\"CommentAction\",\"name\":\"Comment\",\"target\":[\"https:\\\/\\\/buenosdiasbcs.com\\\/?p=8216#respond\"]}]},{\"@type\":\"WebPage\",\"@id\":\"https:\\\/\\\/buenosdiasbcs.com\\\/?p=8216\",\"url\":\"https:\\\/\\\/buenosdiasbcs.com\\\/?p=8216\",\"name\":\"Puerto de Altura en jaque: Loreto exige marcha atr\u00e1s con gallo vehicular - Buenos D&iacute;as BCS\",\"isPartOf\":{\"@id\":\"https:\\\/\\\/buenosdiasbcs.com\\\/#website\"},\"primaryImageOfPage\":{\"@id\":\"https:\\\/\\\/buenosdiasbcs.com\\\/?p=8216#primaryimage\"},\"image\":{\"@id\":\"https:\\\/\\\/buenosdiasbcs.com\\\/?p=8216#primaryimage\"},\"thumbnailUrl\":\"https:\\\/\\\/buenosdiasbcs.com\\\/wp-content\\\/uploads\\\/2026\\\/04\\\/eeivuo_U.jpeg\",\"datePublished\":\"2026-04-28T07:57:00+00:00\",\"breadcrumb\":{\"@id\":\"https:\\\/\\\/buenosdiasbcs.com\\\/?p=8216#breadcrumb\"},\"inLanguage\":\"es\",\"potentialAction\":[{\"@type\":\"ReadAction\",\"target\":[\"https:\\\/\\\/buenosdiasbcs.com\\\/?p=8216\"]}]},{\"@type\":\"ImageObject\",\"inLanguage\":\"es\",\"@id\":\"https:\\\/\\\/buenosdiasbcs.com\\\/?p=8216#primaryimage\",\"url\":\"https:\\\/\\\/buenosdiasbcs.com\\\/wp-content\\\/uploads\\\/2026\\\/04\\\/eeivuo_U.jpeg\",\"contentUrl\":\"https:\\\/\\\/buenosdiasbcs.com\\\/wp-content\\\/uploads\\\/2026\\\/04\\\/eeivuo_U.jpeg\",\"width\":1500,\"height\":1000},{\"@type\":\"BreadcrumbList\",\"@id\":\"https:\\\/\\\/buenosdiasbcs.com\\\/?p=8216#breadcrumb\",\"itemListElement\":[{\"@type\":\"ListItem\",\"position\":1,\"name\":\"Portada\",\"item\":\"https:\\\/\\\/buenosdiasbcs.com\\\/\"},{\"@type\":\"ListItem\",\"position\":2,\"name\":\"Puerto de Altura en jaque: Loreto exige marcha atr\u00e1s con gallo vehicular\"}]},{\"@type\":\"WebSite\",\"@id\":\"https:\\\/\\\/buenosdiasbcs.com\\\/#website\",\"url\":\"https:\\\/\\\/buenosdiasbcs.com\\\/\",\"name\":\"Buenos D\u00edas BCS\",\"description\":\"\",\"publisher\":{\"@id\":\"https:\\\/\\\/buenosdiasbcs.com\\\/#organization\"},\"potentialAction\":[{\"@type\":\"SearchAction\",\"target\":{\"@type\":\"EntryPoint\",\"urlTemplate\":\"https:\\\/\\\/buenosdiasbcs.com\\\/?s={search_term_string}\"},\"query-input\":{\"@type\":\"PropertyValueSpecification\",\"valueRequired\":true,\"valueName\":\"search_term_string\"}}],\"inLanguage\":\"es\"},{\"@type\":\"Organization\",\"@id\":\"https:\\\/\\\/buenosdiasbcs.com\\\/#organization\",\"name\":\"Buenos D\u00edas BCS\",\"url\":\"https:\\\/\\\/buenosdiasbcs.com\\\/\",\"logo\":{\"@type\":\"ImageObject\",\"inLanguage\":\"es\",\"@id\":\"https:\\\/\\\/buenosdiasbcs.com\\\/#\\\/schema\\\/logo\\\/image\\\/\",\"url\":\"https:\\\/\\\/buenosdiasbcs.com\\\/wp-content\\\/uploads\\\/2026\\\/01\\\/logo-buenos-dias-40-01.png\",\"contentUrl\":\"https:\\\/\\\/buenosdiasbcs.com\\\/wp-content\\\/uploads\\\/2026\\\/01\\\/logo-buenos-dias-40-01.png\",\"width\":277,\"height\":40,\"caption\":\"Buenos D\u00edas BCS\"},\"image\":{\"@id\":\"https:\\\/\\\/buenosdiasbcs.com\\\/#\\\/schema\\\/logo\\\/image\\\/\"}},{\"@type\":\"Person\",\"@id\":\"https:\\\/\\\/buenosdiasbcs.com\\\/#\\\/schema\\\/person\\\/15aedc247eab7070ee5d76d6d069a821\",\"name\":\"Edici\u00f3n Buenos D\u00edas\",\"image\":{\"@type\":\"ImageObject\",\"inLanguage\":\"es\",\"@id\":\"https:\\\/\\\/buenosdiasbcs.com\\\/wp-content\\\/uploads\\\/2026\\\/01\\\/cropped-sol-96x96.png\",\"url\":\"https:\\\/\\\/buenosdiasbcs.com\\\/wp-content\\\/uploads\\\/2026\\\/01\\\/cropped-sol-96x96.png\",\"contentUrl\":\"https:\\\/\\\/buenosdiasbcs.com\\\/wp-content\\\/uploads\\\/2026\\\/01\\\/cropped-sol-96x96.png\",\"caption\":\"Edici\u00f3n Buenos D\u00edas\"},\"url\":\"https:\\\/\\\/buenosdiasbcs.com\\\/?author=2\"}]}<\/script>\n<!-- \/ Yoast SEO Premium plugin. -->","yoast_head_json":{"title":"Puerto de Altura en jaque: Loreto exige marcha atr\u00e1s con gallo vehicular - Buenos D&iacute;as BCS","robots":{"index":"index","follow":"follow","max-snippet":"max-snippet:-1","max-image-preview":"max-image-preview:large","max-video-preview":"max-video-preview:-1"},"canonical":"https:\/\/buenosdiasbcs.com\/?p=8216","og_locale":"es_ES","og_type":"article","og_title":"Puerto de Altura en jaque: Loreto exige marcha atr\u00e1s con gallo vehicular","og_description":"La comunidad convoca a un \u201cgalllo vehicular&#8221; este lunes para exigir la derogaci\u00f3n inmediata del decreto presidencial que eleva a...","og_url":"https:\/\/buenosdiasbcs.com\/?p=8216","og_site_name":"Buenos D&iacute;as BCS","article_published_time":"2026-04-28T07:57:00+00:00","og_image":[{"width":1500,"height":1000,"url":"https:\/\/buenosdiasbcs.com\/wp-content\/uploads\/2026\/04\/eeivuo_U.jpeg","type":"image\/jpeg"}],"author":"Edici\u00f3n Buenos D\u00edas","twitter_card":"summary_large_image","twitter_misc":{"Escrito por":"Edici\u00f3n Buenos D\u00edas","Tiempo de lectura":"3 minutos"},"schema":{"@context":"https:\/\/schema.org","@graph":[{"@type":"Article","@id":"https:\/\/buenosdiasbcs.com\/?p=8216#article","isPartOf":{"@id":"https:\/\/buenosdiasbcs.com\/?p=8216"},"author":{"name":"Edici\u00f3n Buenos D\u00edas","@id":"https:\/\/buenosdiasbcs.com\/#\/schema\/person\/15aedc247eab7070ee5d76d6d069a821"},"headline":"Puerto de Altura en jaque: Loreto exige marcha atr\u00e1s con gallo vehicular","datePublished":"2026-04-28T07:57:00+00:00","mainEntityOfPage":{"@id":"https:\/\/buenosdiasbcs.com\/?p=8216"},"wordCount":574,"commentCount":0,"publisher":{"@id":"https:\/\/buenosdiasbcs.com\/#organization"},"image":{"@id":"https:\/\/buenosdiasbcs.com\/?p=8216#primaryimage"},"thumbnailUrl":"https:\/\/buenosdiasbcs.com\/wp-content\/uploads\/2026\/04\/eeivuo_U.jpeg","articleSection":["Sociedad"],"inLanguage":"es","potentialAction":[{"@type":"CommentAction","name":"Comment","target":["https:\/\/buenosdiasbcs.com\/?p=8216#respond"]}]},{"@type":"WebPage","@id":"https:\/\/buenosdiasbcs.com\/?p=8216","url":"https:\/\/buenosdiasbcs.com\/?p=8216","name":"Puerto de Altura en jaque: Loreto exige marcha atr\u00e1s con gallo vehicular - Buenos D&iacute;as BCS","isPartOf":{"@id":"https:\/\/buenosdiasbcs.com\/#website"},"primaryImageOfPage":{"@id":"https:\/\/buenosdiasbcs.com\/?p=8216#primaryimage"},"image":{"@id":"https:\/\/buenosdiasbcs.com\/?p=8216#primaryimage"},"thumbnailUrl":"https:\/\/buenosdiasbcs.com\/wp-content\/uploads\/2026\/04\/eeivuo_U.jpeg","datePublished":"2026-04-28T07:57:00+00:00","breadcrumb":{"@id":"https:\/\/buenosdiasbcs.com\/?p=8216#breadcrumb"},"inLanguage":"es","potentialAction":[{"@type":"ReadAction","target":["https:\/\/buenosdiasbcs.com\/?p=8216"]}]},{"@type":"ImageObject","inLanguage":"es","@id":"https:\/\/buenosdiasbcs.com\/?p=8216#primaryimage","url":"https:\/\/buenosdiasbcs.com\/wp-content\/uploads\/2026\/04\/eeivuo_U.jpeg","contentUrl":"https:\/\/buenosdiasbcs.com\/wp-content\/uploads\/2026\/04\/eeivuo_U.jpeg","width":1500,"height":1000},{"@type":"BreadcrumbList","@id":"https:\/\/buenosdiasbcs.com\/?p=8216#breadcrumb","itemListElement":[{"@type":"ListItem","position":1,"name":"Portada","item":"https:\/\/buenosdiasbcs.com\/"},{"@type":"ListItem","position":2,"name":"Puerto de Altura en jaque: Loreto exige marcha atr\u00e1s con gallo vehicular"}]},{"@type":"WebSite","@id":"https:\/\/buenosdiasbcs.com\/#website","url":"https:\/\/buenosdiasbcs.com\/","name":"Buenos D\u00edas BCS","description":"","publisher":{"@id":"https:\/\/buenosdiasbcs.com\/#organization"},"potentialAction":[{"@type":"SearchAction","target":{"@type":"EntryPoint","urlTemplate":"https:\/\/buenosdiasbcs.com\/?s={search_term_string}"},"query-input":{"@type":"PropertyValueSpecification","valueRequired":true,"valueName":"search_term_string"}}],"inLanguage":"es"},{"@type":"Organization","@id":"https:\/\/buenosdiasbcs.com\/#organization","name":"Buenos D\u00edas BCS","url":"https:\/\/buenosdiasbcs.com\/","logo":{"@type":"ImageObject","inLanguage":"es","@id":"https:\/\/buenosdiasbcs.com\/#\/schema\/logo\/image\/","url":"https:\/\/buenosdiasbcs.com\/wp-content\/uploads\/2026\/01\/logo-buenos-dias-40-01.png","contentUrl":"https:\/\/buenosdiasbcs.com\/wp-content\/uploads\/2026\/01\/logo-buenos-dias-40-01.png","width":277,"height":40,"caption":"Buenos D\u00edas BCS"},"image":{"@id":"https:\/\/buenosdiasbcs.com\/#\/schema\/logo\/image\/"}},{"@type":"Person","@id":"https:\/\/buenosdiasbcs.com\/#\/schema\/person\/15aedc247eab7070ee5d76d6d069a821","name":"Edici\u00f3n Buenos D\u00edas","image":{"@type":"ImageObject","inLanguage":"es","@id":"https:\/\/buenosdiasbcs.com\/wp-content\/uploads\/2026\/01\/cropped-sol-96x96.png","url":"https:\/\/buenosdiasbcs.com\/wp-content\/uploads\/2026\/01\/cropped-sol-96x96.png","contentUrl":"https:\/\/buenosdiasbcs.com\/wp-content\/uploads\/2026\/01\/cropped-sol-96x96.png","caption":"Edici\u00f3n Buenos D\u00edas"},"url":"https:\/\/buenosdiasbcs.com\/?author=2"}]}},"amp_enabled":true,"_links":{"self":[{"href":"https:\/\/buenosdiasbcs.com\/index.php?rest_route=\/wp\/v2\/posts\/8216","targetHints":{"allow":["GET"]}}],"collection":[{"href":"https:\/\/buenosdiasbcs.com\/index.php?rest_route=\/wp\/v2\/posts"}],"about":[{"href":"https:\/\/buenosdiasbcs.com\/index.php?rest_route=\/wp\/v2\/types\/post"}],"author":[{"embeddable":true,"href":"https:\/\/buenosdiasbcs.com\/index.php?rest_route=\/wp\/v2\/users\/2"}],"replies":[{"embeddable":true,"href":"https:\/\/buenosdiasbcs.com\/index.php?rest_route=%2Fwp%2Fv2%2Fcomments&post=8216"}],"version-history":[{"count":1,"href":"https:\/\/buenosdiasbcs.com\/index.php?rest_route=\/wp\/v2\/posts\/8216\/revisions"}],"predecessor-version":[{"id":8218,"href":"https:\/\/buenosdiasbcs.com\/index.php?rest_route=\/wp\/v2\/posts\/8216\/revisions\/8218"}],"wp:featuredmedia":[{"embeddable":true,"href":"https:\/\/buenosdiasbcs.com\/index.php?rest_route=\/wp\/v2\/media\/8217"}],"wp:attachment":[{"href":"https:\/\/buenosdiasbcs.com\/index.php?rest_route=%2Fwp%2Fv2%2Fmedia&parent=8216"}],"wp:term":[{"taxonomy":"category","embeddable":true,"href":"https:\/\/buenosdiasbcs.com\/index.php?rest_route=%2Fwp%2Fv2%2Fcategories&post=8216"},{"taxonomy":"post_tag","embeddable":true,"href":"https:\/\/buenosdiasbcs.com\/index.php?rest_route=%2Fwp%2Fv2%2Ftags&post=8216"}],"curies":[{"name":"wp","href":"https:\/\/api.w.org\/{rel}","templated":true}]}}