{"id":8213,"date":"2026-04-28T00:53:00","date_gmt":"2026-04-28T07:53:00","guid":{"rendered":"https:\/\/buenosdiasbcs.com\/?p=8213"},"modified":"2026-04-27T15:55:20","modified_gmt":"2026-04-27T22:55:20","slug":"invitan-a-familias-pacenas-a-participar-en-el-medio-maraton-costero-de-la-paz-2026","status":"publish","type":"post","link":"https:\/\/buenosdiasbcs.com\/?p=8213","title":{"rendered":"Invitan a familias pace\u00f1as a participar en el Medio Marat\u00f3n Costero de La Paz 2026"},"content":{"rendered":"\n<h2 class=\"wp-block-heading\" id=\"h-el-gobierno-de-la-paz-convoca-al-medio-maraton-costero-gratuito-para-promover-deporte-y-celebrar-aniversario-de-la-ciudad-pacena\">El gobierno de La Paz convoca al Medio Marat\u00f3n Costero gratuito, para promover deporte y celebrar aniversario de la ciudad pace\u00f1a<\/h2>\n\n\n\n<p><strong><em>La Paz, Baja California Sur (BCS).&nbsp;<\/em><\/strong>El Gobierno Municipal de La Paz lanz\u00f3 una&nbsp;<strong>convocatoria abierta para participar en el Medio Marat\u00f3n Costero de La Paz,&nbsp;<\/strong>un evento deportivo que se realizar\u00e1 el pr\u00f3ximo domingo 31 de mayo como parte de las actividades conmemorativas por el 491 aniversario de la fundaci\u00f3n de la ciudad. La salida est\u00e1 programada a las 06:30 horas desde el kiosco del malec\u00f3n, uno de los puntos m\u00e1s representativos del municipio.&nbsp;<\/p>\n\n\n\n<p>La administraci\u00f3n encabezada por la alcaldesa Milena Quiroga Romero destac\u00f3 que&nbsp;<strong>esta actividad forma parte de una estrategia para fomentar estilos de vida saludables y fortalecer la integraci\u00f3n social.<\/strong>&nbsp;A trav\u00e9s del deporte, el Ayuntamiento busca generar espacios de convivencia que beneficien a personas de todas las edades, promoviendo el bienestar f\u00edsico y comunitario entre la poblaci\u00f3n pace\u00f1a.&nbsp;<\/p>\n\n\n\n<p>El director municipal del Deporte, Guillermo&nbsp;Ortalejo&nbsp;Hern\u00e1ndez, explic\u00f3 que el evento est\u00e1 dise\u00f1ado para ser incluyente y accesible.<strong>&nbsp;\u201cEstamos invitando a la poblaci\u00f3n en general a que participe, las inscripciones son gratuitas; lo que queremos es tener una gran fiesta y celebrar esta fundaci\u00f3n de La Paz\u201d,<\/strong>&nbsp;expres\u00f3 el funcionario, al resaltar el car\u00e1cter recreativo y conmemorativo de la carrera.&nbsp;<\/p>\n\n\n\n<p><strong>El Medio Marat\u00f3n contempla recorridos de 5, 10, 15 y 21 kil\u00f3metros,<\/strong>&nbsp;adem\u00e1s de una caminata recreativa y competencias infantiles con distancias que van de los 200 a los 500 metros. Estas opciones permiten que ni\u00f1as, ni\u00f1os, j\u00f3venes y adultos participen de acuerdo con sus capacidades y preferencias.&nbsp;<\/p>\n\n\n\n<p>Las personas interesadas deber\u00e1n registrarse mediante un formulario en l\u00ednea, descargar una hoja responsiva y entregarla firmada junto con una copia de identificaci\u00f3n oficial en el CDM El Piojillo. Finalmente,&nbsp;Ortalejo&nbsp;Hern\u00e1ndez subray\u00f3 que este evento, considerado uno de los m\u00e1s emblem\u00e1ticos de la ciudad, celebrar\u00e1 en 2026 su edici\u00f3n n\u00famero 46, consolid\u00e1ndose como una tradici\u00f3n deportiva en La Paz.&nbsp;<\/p>\n","protected":false},"excerpt":{"rendered":"<p>El gobierno de La Paz convoca al Medio Marat\u00f3n Costero gratuito, para promover deporte y celebrar aniversario de la ciudad&#8230;<\/p>\n","protected":false},"author":2,"featured_media":8214,"comment_status":"open","ping_status":"open","sticky":false,"template":"","format":"standard","meta":{"footnotes":""},"categories":[34],"tags":[],"class_list":["post-8213","post","type-post","status-publish","format-standard","has-post-thumbnail","hentry","category-deportes"],"yoast_head":"<!-- This site is optimized with the Yoast SEO Premium plugin v26.8 (Yoast SEO v27.4) - https:\/\/yoast.com\/product\/yoast-seo-premium-wordpress\/ -->\n<title>Invitan a familias pace\u00f1as a participar en el Medio Marat\u00f3n Costero de La Paz 2026 - Buenos D&iacute;as BCS<\/title>\n<meta name=\"robots\" content=\"index, follow, max-snippet:-1, max-image-preview:large, max-video-preview:-1\" \/>\n<link rel=\"canonical\" href=\"https:\/\/buenosdiasbcs.com\/?p=8213\" \/>\n<meta property=\"og:locale\" content=\"es_ES\" \/>\n<meta property=\"og:type\" content=\"article\" \/>\n<meta property=\"og:title\" content=\"Invitan a familias pace\u00f1as a participar en el Medio Marat\u00f3n Costero de La Paz 2026\" \/>\n<meta property=\"og:description\" content=\"El gobierno de La Paz convoca al Medio Marat\u00f3n Costero gratuito, para promover deporte y celebrar aniversario de la ciudad...\" \/>\n<meta property=\"og:url\" content=\"https:\/\/buenosdiasbcs.com\/?p=8213\" \/>\n<meta property=\"og:site_name\" content=\"Buenos D&iacute;as BCS\" \/>\n<meta property=\"article:published_time\" content=\"2026-04-28T07:53:00+00:00\" \/>\n<meta property=\"og:image\" content=\"https:\/\/buenosdiasbcs.com\/wp-content\/uploads\/2026\/04\/portada-bcs-2025-05-13t221145162-e6bbbeff-focus-0.14-0.23-1200-600.webp\" \/>\n\t<meta property=\"og:image:width\" content=\"1200\" \/>\n\t<meta property=\"og:image:height\" content=\"800\" \/>\n\t<meta property=\"og:image:type\" content=\"image\/webp\" \/>\n<meta name=\"author\" content=\"Edici\u00f3n Buenos D\u00edas\" \/>\n<meta name=\"twitter:card\" content=\"summary_large_image\" \/>\n<meta name=\"twitter:label1\" content=\"Escrito por\" \/>\n\t<meta name=\"twitter:data1\" content=\"Edici\u00f3n Buenos D\u00edas\" \/>\n\t<meta name=\"twitter:label2\" content=\"Tiempo de lectura\" \/>\n\t<meta name=\"twitter:data2\" content=\"2 minutos\" \/>\n<script type=\"application\/ld+json\" class=\"yoast-schema-graph\">{\"@context\":\"https:\\\/\\\/schema.org\",\"@graph\":[{\"@type\":\"Article\",\"@id\":\"https:\\\/\\\/buenosdiasbcs.com\\\/?p=8213#article\",\"isPartOf\":{\"@id\":\"https:\\\/\\\/buenosdiasbcs.com\\\/?p=8213\"},\"author\":{\"name\":\"Edici\u00f3n Buenos D\u00edas\",\"@id\":\"https:\\\/\\\/buenosdiasbcs.com\\\/#\\\/schema\\\/person\\\/15aedc247eab7070ee5d76d6d069a821\"},\"headline\":\"Invitan a familias pace\u00f1as a participar en el Medio Marat\u00f3n Costero de La Paz 2026\",\"datePublished\":\"2026-04-28T07:53:00+00:00\",\"mainEntityOfPage\":{\"@id\":\"https:\\\/\\\/buenosdiasbcs.com\\\/?p=8213\"},\"wordCount\":379,\"commentCount\":0,\"publisher\":{\"@id\":\"https:\\\/\\\/buenosdiasbcs.com\\\/#organization\"},\"image\":{\"@id\":\"https:\\\/\\\/buenosdiasbcs.com\\\/?p=8213#primaryimage\"},\"thumbnailUrl\":\"https:\\\/\\\/buenosdiasbcs.com\\\/wp-content\\\/uploads\\\/2026\\\/04\\\/portada-bcs-2025-05-13t221145162-e6bbbeff-focus-0.14-0.23-1200-600.webp\",\"articleSection\":[\"Deportes\"],\"inLanguage\":\"es\",\"potentialAction\":[{\"@type\":\"CommentAction\",\"name\":\"Comment\",\"target\":[\"https:\\\/\\\/buenosdiasbcs.com\\\/?p=8213#respond\"]}]},{\"@type\":\"WebPage\",\"@id\":\"https:\\\/\\\/buenosdiasbcs.com\\\/?p=8213\",\"url\":\"https:\\\/\\\/buenosdiasbcs.com\\\/?p=8213\",\"name\":\"Invitan a familias pace\u00f1as a participar en el Medio Marat\u00f3n Costero de La Paz 2026 - Buenos D&iacute;as BCS\",\"isPartOf\":{\"@id\":\"https:\\\/\\\/buenosdiasbcs.com\\\/#website\"},\"primaryImageOfPage\":{\"@id\":\"https:\\\/\\\/buenosdiasbcs.com\\\/?p=8213#primaryimage\"},\"image\":{\"@id\":\"https:\\\/\\\/buenosdiasbcs.com\\\/?p=8213#primaryimage\"},\"thumbnailUrl\":\"https:\\\/\\\/buenosdiasbcs.com\\\/wp-content\\\/uploads\\\/2026\\\/04\\\/portada-bcs-2025-05-13t221145162-e6bbbeff-focus-0.14-0.23-1200-600.webp\",\"datePublished\":\"2026-04-28T07:53:00+00:00\",\"breadcrumb\":{\"@id\":\"https:\\\/\\\/buenosdiasbcs.com\\\/?p=8213#breadcrumb\"},\"inLanguage\":\"es\",\"potentialAction\":[{\"@type\":\"ReadAction\",\"target\":[\"https:\\\/\\\/buenosdiasbcs.com\\\/?p=8213\"]}]},{\"@type\":\"ImageObject\",\"inLanguage\":\"es\",\"@id\":\"https:\\\/\\\/buenosdiasbcs.com\\\/?p=8213#primaryimage\",\"url\":\"https:\\\/\\\/buenosdiasbcs.com\\\/wp-content\\\/uploads\\\/2026\\\/04\\\/portada-bcs-2025-05-13t221145162-e6bbbeff-focus-0.14-0.23-1200-600.webp\",\"contentUrl\":\"https:\\\/\\\/buenosdiasbcs.com\\\/wp-content\\\/uploads\\\/2026\\\/04\\\/portada-bcs-2025-05-13t221145162-e6bbbeff-focus-0.14-0.23-1200-600.webp\",\"width\":1200,\"height\":800},{\"@type\":\"BreadcrumbList\",\"@id\":\"https:\\\/\\\/buenosdiasbcs.com\\\/?p=8213#breadcrumb\",\"itemListElement\":[{\"@type\":\"ListItem\",\"position\":1,\"name\":\"Portada\",\"item\":\"https:\\\/\\\/buenosdiasbcs.com\\\/\"},{\"@type\":\"ListItem\",\"position\":2,\"name\":\"Invitan a familias pace\u00f1as a participar en el Medio Marat\u00f3n Costero de La Paz 2026\"}]},{\"@type\":\"WebSite\",\"@id\":\"https:\\\/\\\/buenosdiasbcs.com\\\/#website\",\"url\":\"https:\\\/\\\/buenosdiasbcs.com\\\/\",\"name\":\"Buenos D\u00edas BCS\",\"description\":\"\",\"publisher\":{\"@id\":\"https:\\\/\\\/buenosdiasbcs.com\\\/#organization\"},\"potentialAction\":[{\"@type\":\"SearchAction\",\"target\":{\"@type\":\"EntryPoint\",\"urlTemplate\":\"https:\\\/\\\/buenosdiasbcs.com\\\/?s={search_term_string}\"},\"query-input\":{\"@type\":\"PropertyValueSpecification\",\"valueRequired\":true,\"valueName\":\"search_term_string\"}}],\"inLanguage\":\"es\"},{\"@type\":\"Organization\",\"@id\":\"https:\\\/\\\/buenosdiasbcs.com\\\/#organization\",\"name\":\"Buenos D\u00edas BCS\",\"url\":\"https:\\\/\\\/buenosdiasbcs.com\\\/\",\"logo\":{\"@type\":\"ImageObject\",\"inLanguage\":\"es\",\"@id\":\"https:\\\/\\\/buenosdiasbcs.com\\\/#\\\/schema\\\/logo\\\/image\\\/\",\"url\":\"https:\\\/\\\/buenosdiasbcs.com\\\/wp-content\\\/uploads\\\/2026\\\/01\\\/logo-buenos-dias-40-01.png\",\"contentUrl\":\"https:\\\/\\\/buenosdiasbcs.com\\\/wp-content\\\/uploads\\\/2026\\\/01\\\/logo-buenos-dias-40-01.png\",\"width\":277,\"height\":40,\"caption\":\"Buenos D\u00edas BCS\"},\"image\":{\"@id\":\"https:\\\/\\\/buenosdiasbcs.com\\\/#\\\/schema\\\/logo\\\/image\\\/\"}},{\"@type\":\"Person\",\"@id\":\"https:\\\/\\\/buenosdiasbcs.com\\\/#\\\/schema\\\/person\\\/15aedc247eab7070ee5d76d6d069a821\",\"name\":\"Edici\u00f3n Buenos D\u00edas\",\"image\":{\"@type\":\"ImageObject\",\"inLanguage\":\"es\",\"@id\":\"https:\\\/\\\/buenosdiasbcs.com\\\/wp-content\\\/uploads\\\/2026\\\/01\\\/cropped-sol-96x96.png\",\"url\":\"https:\\\/\\\/buenosdiasbcs.com\\\/wp-content\\\/uploads\\\/2026\\\/01\\\/cropped-sol-96x96.png\",\"contentUrl\":\"https:\\\/\\\/buenosdiasbcs.com\\\/wp-content\\\/uploads\\\/2026\\\/01\\\/cropped-sol-96x96.png\",\"caption\":\"Edici\u00f3n Buenos D\u00edas\"},\"url\":\"https:\\\/\\\/buenosdiasbcs.com\\\/?author=2\"}]}<\/script>\n<!-- \/ Yoast SEO Premium plugin. -->","yoast_head_json":{"title":"Invitan a familias pace\u00f1as a participar en el Medio Marat\u00f3n Costero de La Paz 2026 - Buenos D&iacute;as BCS","robots":{"index":"index","follow":"follow","max-snippet":"max-snippet:-1","max-image-preview":"max-image-preview:large","max-video-preview":"max-video-preview:-1"},"canonical":"https:\/\/buenosdiasbcs.com\/?p=8213","og_locale":"es_ES","og_type":"article","og_title":"Invitan a familias pace\u00f1as a participar en el Medio Marat\u00f3n Costero de La Paz 2026","og_description":"El gobierno de La Paz convoca al Medio Marat\u00f3n Costero gratuito, para promover deporte y celebrar aniversario de la ciudad...","og_url":"https:\/\/buenosdiasbcs.com\/?p=8213","og_site_name":"Buenos D&iacute;as BCS","article_published_time":"2026-04-28T07:53:00+00:00","og_image":[{"width":1200,"height":800,"url":"https:\/\/buenosdiasbcs.com\/wp-content\/uploads\/2026\/04\/portada-bcs-2025-05-13t221145162-e6bbbeff-focus-0.14-0.23-1200-600.webp","type":"image\/webp"}],"author":"Edici\u00f3n Buenos D\u00edas","twitter_card":"summary_large_image","twitter_misc":{"Escrito por":"Edici\u00f3n Buenos D\u00edas","Tiempo de lectura":"2 minutos"},"schema":{"@context":"https:\/\/schema.org","@graph":[{"@type":"Article","@id":"https:\/\/buenosdiasbcs.com\/?p=8213#article","isPartOf":{"@id":"https:\/\/buenosdiasbcs.com\/?p=8213"},"author":{"name":"Edici\u00f3n Buenos D\u00edas","@id":"https:\/\/buenosdiasbcs.com\/#\/schema\/person\/15aedc247eab7070ee5d76d6d069a821"},"headline":"Invitan a familias pace\u00f1as a participar en el Medio Marat\u00f3n Costero de La Paz 2026","datePublished":"2026-04-28T07:53:00+00:00","mainEntityOfPage":{"@id":"https:\/\/buenosdiasbcs.com\/?p=8213"},"wordCount":379,"commentCount":0,"publisher":{"@id":"https:\/\/buenosdiasbcs.com\/#organization"},"image":{"@id":"https:\/\/buenosdiasbcs.com\/?p=8213#primaryimage"},"thumbnailUrl":"https:\/\/buenosdiasbcs.com\/wp-content\/uploads\/2026\/04\/portada-bcs-2025-05-13t221145162-e6bbbeff-focus-0.14-0.23-1200-600.webp","articleSection":["Deportes"],"inLanguage":"es","potentialAction":[{"@type":"CommentAction","name":"Comment","target":["https:\/\/buenosdiasbcs.com\/?p=8213#respond"]}]},{"@type":"WebPage","@id":"https:\/\/buenosdiasbcs.com\/?p=8213","url":"https:\/\/buenosdiasbcs.com\/?p=8213","name":"Invitan a familias pace\u00f1as a participar en el Medio Marat\u00f3n Costero de La Paz 2026 - Buenos D&iacute;as BCS","isPartOf":{"@id":"https:\/\/buenosdiasbcs.com\/#website"},"primaryImageOfPage":{"@id":"https:\/\/buenosdiasbcs.com\/?p=8213#primaryimage"},"image":{"@id":"https:\/\/buenosdiasbcs.com\/?p=8213#primaryimage"},"thumbnailUrl":"https:\/\/buenosdiasbcs.com\/wp-content\/uploads\/2026\/04\/portada-bcs-2025-05-13t221145162-e6bbbeff-focus-0.14-0.23-1200-600.webp","datePublished":"2026-04-28T07:53:00+00:00","breadcrumb":{"@id":"https:\/\/buenosdiasbcs.com\/?p=8213#breadcrumb"},"inLanguage":"es","potentialAction":[{"@type":"ReadAction","target":["https:\/\/buenosdiasbcs.com\/?p=8213"]}]},{"@type":"ImageObject","inLanguage":"es","@id":"https:\/\/buenosdiasbcs.com\/?p=8213#primaryimage","url":"https:\/\/buenosdiasbcs.com\/wp-content\/uploads\/2026\/04\/portada-bcs-2025-05-13t221145162-e6bbbeff-focus-0.14-0.23-1200-600.webp","contentUrl":"https:\/\/buenosdiasbcs.com\/wp-content\/uploads\/2026\/04\/portada-bcs-2025-05-13t221145162-e6bbbeff-focus-0.14-0.23-1200-600.webp","width":1200,"height":800},{"@type":"BreadcrumbList","@id":"https:\/\/buenosdiasbcs.com\/?p=8213#breadcrumb","itemListElement":[{"@type":"ListItem","position":1,"name":"Portada","item":"https:\/\/buenosdiasbcs.com\/"},{"@type":"ListItem","position":2,"name":"Invitan a familias pace\u00f1as a participar en el Medio Marat\u00f3n Costero de La Paz 2026"}]},{"@type":"WebSite","@id":"https:\/\/buenosdiasbcs.com\/#website","url":"https:\/\/buenosdiasbcs.com\/","name":"Buenos D\u00edas BCS","description":"","publisher":{"@id":"https:\/\/buenosdiasbcs.com\/#organization"},"potentialAction":[{"@type":"SearchAction","target":{"@type":"EntryPoint","urlTemplate":"https:\/\/buenosdiasbcs.com\/?s={search_term_string}"},"query-input":{"@type":"PropertyValueSpecification","valueRequired":true,"valueName":"search_term_string"}}],"inLanguage":"es"},{"@type":"Organization","@id":"https:\/\/buenosdiasbcs.com\/#organization","name":"Buenos D\u00edas BCS","url":"https:\/\/buenosdiasbcs.com\/","logo":{"@type":"ImageObject","inLanguage":"es","@id":"https:\/\/buenosdiasbcs.com\/#\/schema\/logo\/image\/","url":"https:\/\/buenosdiasbcs.com\/wp-content\/uploads\/2026\/01\/logo-buenos-dias-40-01.png","contentUrl":"https:\/\/buenosdiasbcs.com\/wp-content\/uploads\/2026\/01\/logo-buenos-dias-40-01.png","width":277,"height":40,"caption":"Buenos D\u00edas BCS"},"image":{"@id":"https:\/\/buenosdiasbcs.com\/#\/schema\/logo\/image\/"}},{"@type":"Person","@id":"https:\/\/buenosdiasbcs.com\/#\/schema\/person\/15aedc247eab7070ee5d76d6d069a821","name":"Edici\u00f3n Buenos D\u00edas","image":{"@type":"ImageObject","inLanguage":"es","@id":"https:\/\/buenosdiasbcs.com\/wp-content\/uploads\/2026\/01\/cropped-sol-96x96.png","url":"https:\/\/buenosdiasbcs.com\/wp-content\/uploads\/2026\/01\/cropped-sol-96x96.png","contentUrl":"https:\/\/buenosdiasbcs.com\/wp-content\/uploads\/2026\/01\/cropped-sol-96x96.png","caption":"Edici\u00f3n Buenos D\u00edas"},"url":"https:\/\/buenosdiasbcs.com\/?author=2"}]}},"amp_enabled":true,"_links":{"self":[{"href":"https:\/\/buenosdiasbcs.com\/index.php?rest_route=\/wp\/v2\/posts\/8213","targetHints":{"allow":["GET"]}}],"collection":[{"href":"https:\/\/buenosdiasbcs.com\/index.php?rest_route=\/wp\/v2\/posts"}],"about":[{"href":"https:\/\/buenosdiasbcs.com\/index.php?rest_route=\/wp\/v2\/types\/post"}],"author":[{"embeddable":true,"href":"https:\/\/buenosdiasbcs.com\/index.php?rest_route=\/wp\/v2\/users\/2"}],"replies":[{"embeddable":true,"href":"https:\/\/buenosdiasbcs.com\/index.php?rest_route=%2Fwp%2Fv2%2Fcomments&post=8213"}],"version-history":[{"count":1,"href":"https:\/\/buenosdiasbcs.com\/index.php?rest_route=\/wp\/v2\/posts\/8213\/revisions"}],"predecessor-version":[{"id":8215,"href":"https:\/\/buenosdiasbcs.com\/index.php?rest_route=\/wp\/v2\/posts\/8213\/revisions\/8215"}],"wp:featuredmedia":[{"embeddable":true,"href":"https:\/\/buenosdiasbcs.com\/index.php?rest_route=\/wp\/v2\/media\/8214"}],"wp:attachment":[{"href":"https:\/\/buenosdiasbcs.com\/index.php?rest_route=%2Fwp%2Fv2%2Fmedia&parent=8213"}],"wp:term":[{"taxonomy":"category","embeddable":true,"href":"https:\/\/buenosdiasbcs.com\/index.php?rest_route=%2Fwp%2Fv2%2Fcategories&post=8213"},{"taxonomy":"post_tag","embeddable":true,"href":"https:\/\/buenosdiasbcs.com\/index.php?rest_route=%2Fwp%2Fv2%2Ftags&post=8213"}],"curies":[{"name":"wp","href":"https:\/\/api.w.org\/{rel}","templated":true}]}}