{"id":8204,"date":"2026-04-28T00:41:00","date_gmt":"2026-04-28T07:41:00","guid":{"rendered":"https:\/\/buenosdiasbcs.com\/?p=8204"},"modified":"2026-04-27T15:42:37","modified_gmt":"2026-04-27T22:42:37","slug":"se-perfila-un-super-el-nino-unam-preve-eventos-climaticos-extremos-en-2026","status":"publish","type":"post","link":"https:\/\/buenosdiasbcs.com\/?p=8204","title":{"rendered":"\u00bfSe perfila un super-El Ni\u00f1o? UNAM prev\u00e9 eventos clim\u00e1ticos extremos en 2026"},"content":{"rendered":"\n<h2 class=\"wp-block-heading\" id=\"h-unam-preve-posible-evento-de-el-nino-intenso-en-2026-con-efectos-sobre-lluvias-sequias-y-huracanes-en-mexico-por-interaccion-con-el-cambio-climatico\">UNAM prev\u00e9 posible evento de El Ni\u00f1o intenso en 2026, con efectos sobre lluvias, sequ\u00edas y huracanes en M\u00e9xico por interacci\u00f3n con el cambio clim\u00e1tico<\/h2>\n\n\n\n<p><strong>Ciudad de M\u00e9xico.-<\/strong>&nbsp;Modelos clim\u00e1ticos internacionales anticipan la posible formaci\u00f3n de un evento de&nbsp;<strong>El Ni\u00f1o<\/strong>&nbsp;de&nbsp;<strong>intensidad alta entre 2026 y 2027<\/strong>, con efectos potenciales sobre&nbsp;<strong>lluvias, sequ\u00edas, huracanes y temperaturas extremas<\/strong>.<\/p>\n\n\n\n<p>Francisco Estrada Porr\u00faa, coordinador del Programa de Investigaci\u00f3n en Cambio Clim\u00e1tico (PINCC) de la&nbsp;<strong>UNAM<\/strong>, se\u00f1al\u00f3 que el fen\u00f3meno podr\u00eda alcanzar una&nbsp;<strong>magnitud comparable<\/strong>&nbsp;con los&nbsp;<strong>episodios m\u00e1s intensos registrados desde 1982<\/strong>.<\/p>\n\n\n\n<p>De acuerdo con proyecciones de servicios clim\u00e1ticos internacionales y estimaciones europeas, el fen\u00f3meno&nbsp;<strong>El Ni\u00f1o-Oscilaci\u00f3n del Sur<\/strong>&nbsp;(ENOS) podr\u00eda evolucionar hacia una&nbsp;<strong>fase c\u00e1lida en los pr\u00f3ximos meses<\/strong>, luego de la conclusi\u00f3n reciente de La Ni\u00f1a y del actual estado neutro del sistema.<\/p>\n\n\n\n<p>Estrada Porr\u00faa explic\u00f3 que los modelos clim\u00e1ticos apuntan a un evento de El Ni\u00f1o que podr\u00eda ubicarse&nbsp;<strong>entre los m\u00e1s intensos desde que existen registros instrumentales<\/strong>, con referencias a los episodios de 1982-1983, 1997-1998 y 2015-2016.<\/p>\n\n\n\n<blockquote class=\"wp-block-quote is-layout-flow wp-block-quote-is-layout-flow\">\n<p>\u201c&nbsp;Lo alt\u00edsimamente probable es tener un fen\u00f3meno de El Ni\u00f1o con intensidad de moderada a alta; pero probablemente pudiera ser un evento hist\u00f3rico\u201d, indic\u00f3 el especialista.<\/p>\n<\/blockquote>\n\n\n\n<p>El investigador precis\u00f3 que a\u00fan persiste un margen de incertidumbre asociado a la llamada \u201c<strong>barrera de predictibilidad de la primavera<\/strong>\u201d, un periodo en el que los modelos presentan menor precisi\u00f3n. No obstante, subray\u00f3 que esta incertidumbre no implica ausencia de se\u00f1ales suficientes para anticipar riesgos y fortalecer medidas de preparaci\u00f3n.<\/p>\n\n\n\n<p>Estrada Porr\u00faa, tambi\u00e9n investigador del Instituto de Ciencias de la Atm\u00f3sfera y Cambio Clim\u00e1tico (ICAyCC) de la UNAM, record\u00f3 que el ENOS es un patr\u00f3n clim\u00e1tico natural del Pac\u00edfico tropical que alterna entre una fase c\u00e1lida (El Ni\u00f1o) y una fr\u00eda (La Ni\u00f1a), con efectos sobre temperatura, precipitaci\u00f3n y eventos extremos en distintas regiones del planeta.<\/p>\n\n\n\n<p>Sin embargo, advirti\u00f3 que el calentamiento global ha modificado la forma en que este fen\u00f3meno se manifiesta. Seg\u00fan explic\u00f3, el&nbsp;<strong>aumento de la temperatura global<\/strong>&nbsp;(estimado actualmente en 1.46 grados Celsius respecto al periodo preindustrial) altera las teleconexiones del ENOS, es decir, los patrones que conectan sus efectos con distintas regiones del mundo.<\/p>\n\n\n\n<blockquote class=\"wp-block-quote is-layout-flow wp-block-quote-is-layout-flow\">\n<p>\u201c&nbsp;Lo que encontramos es que el cambio clim\u00e1tico ya ha cambiado las teleconexiones del ENOS; ha cambiado c\u00f3mo se ve en el mapa, d\u00f3nde van a ocurrir, la probabilidad de ocurrencia y muchas veces la intensidad\u201d, explic\u00f3.<\/p>\n<\/blockquote>\n\n\n\n<p>El especialista se\u00f1al\u00f3 que esta modificaci\u00f3n implica que los efectos asociados hist\u00f3ricamente con El Ni\u00f1o ya no necesariamente se presentar\u00e1n en las mismas regiones ni con la misma intensidad observada en d\u00e9cadas anteriores.<\/p>\n\n\n\n<h3 class=\"wp-block-heading\" id=\"h-mexico-enfrentaria-cambios-en-lluvias-sequias-y-huracanes\">M\u00e9xico enfrentar\u00eda cambios en lluvias, sequ\u00edas y huracanes<\/h3>\n\n\n\n<p>En el caso de M\u00e9xico, Estrada Porr\u00faa indic\u00f3 que los patrones hist\u00f3ricos asociados a El Ni\u00f1o podr\u00edan modificarse. Aunque tradicionalmente un evento fuerte se relaciona con menor precipitaci\u00f3n y sequ\u00eda en amplias zonas del pa\u00eds, estudios recientes sugieren que durante el verano tambi\u00e9n podr\u00eda aumentar la probabilidad de lluvias extremas en regiones del centro y norte.<\/p>\n\n\n\n<p>El investigador a\u00f1adi\u00f3 que la&nbsp;<strong>costa del Pac\u00edfico mexicano<\/strong>&nbsp;se mantiene entre las zonas m\u00e1s expuestas por una posible&nbsp;<strong>mayor actividad cicl\u00f3nica<\/strong>&nbsp;y por condiciones favorables para&nbsp;<strong>intensificaci\u00f3n r\u00e1pida de huracanes<\/strong>, asociadas al calentamiento an\u00f3malo del oc\u00e9ano frente a Baja California y California.<\/p>\n\n\n\n<blockquote class=\"wp-block-quote is-layout-flow wp-block-quote-is-layout-flow\">\n<p>\u201c&nbsp;Si estas condiciones se mantienen hacia el inicio de la temporada de huracanes, podr\u00eda tratarse de un escenario que requiere seguimiento puntual, porque el calor del oc\u00e9ano es una de las principales fuentes de energ\u00eda para estos sistemas\u201d, explic\u00f3.<\/p>\n<\/blockquote>\n\n\n\n<p>Tambi\u00e9n advirti\u00f3 que un evento severo de El Ni\u00f1o podr\u00eda&nbsp;<strong>elevar temporalmente la temperatura global hasta 0.3 grados adicionales<\/strong>, con posibilidad de acercar al planeta a anomal\u00edas cercanas a 1.8 grados por encima de niveles preindustriales durante 2027.<\/p>\n\n\n\n<p>El especialista consider\u00f3 que la posible intensificaci\u00f3n de El Ni\u00f1o en un contexto de&nbsp;<strong>calentamiento global<\/strong>&nbsp;obliga a revisar los esquemas tradicionales de prevenci\u00f3n y adaptaci\u00f3n clim\u00e1tica. Se\u00f1al\u00f3 que los registros hist\u00f3ricos ya no bastan por s\u00ed solos para anticipar riesgos y subray\u00f3 la necesidad de fortalecer la investigaci\u00f3n clim\u00e1tica y los sistemas de preparaci\u00f3n ante eventos extremos en M\u00e9xico.<\/p>\n\n\n\n<p><em>Con informaci\u00f3n de&nbsp;<a href=\"https:\/\/aristeguinoticias.com\/2704\/naturaleza\/se-perfila-un-super-el-nino-unam-preve-eventos-climaticos-extremos-en-2026\/\">Aristegui Noticias<\/a><\/em><\/p>\n","protected":false},"excerpt":{"rendered":"<p>UNAM prev\u00e9 posible evento de El Ni\u00f1o intenso en 2026, con efectos sobre lluvias, sequ\u00edas y huracanes en M\u00e9xico por&#8230;<\/p>\n","protected":false},"author":2,"featured_media":8205,"comment_status":"open","ping_status":"open","sticky":false,"template":"","format":"standard","meta":{"footnotes":""},"categories":[23],"tags":[],"class_list":["post-8204","post","type-post","status-publish","format-standard","has-post-thumbnail","hentry","category-clima"],"yoast_head":"<!-- This site is optimized with the Yoast SEO Premium plugin v26.8 (Yoast SEO v27.4) - https:\/\/yoast.com\/product\/yoast-seo-premium-wordpress\/ -->\n<title>\u00bfSe perfila un super-El Ni\u00f1o? UNAM prev\u00e9 eventos clim\u00e1ticos extremos en 2026 - Buenos D&iacute;as BCS<\/title>\n<meta name=\"robots\" content=\"index, follow, max-snippet:-1, max-image-preview:large, max-video-preview:-1\" \/>\n<link rel=\"canonical\" href=\"https:\/\/buenosdiasbcs.com\/?p=8204\" \/>\n<meta property=\"og:locale\" content=\"es_ES\" \/>\n<meta property=\"og:type\" content=\"article\" \/>\n<meta property=\"og:title\" content=\"\u00bfSe perfila un super-El Ni\u00f1o? UNAM prev\u00e9 eventos clim\u00e1ticos extremos en 2026\" \/>\n<meta property=\"og:description\" content=\"UNAM prev\u00e9 posible evento de El Ni\u00f1o intenso en 2026, con efectos sobre lluvias, sequ\u00edas y huracanes en M\u00e9xico por...\" \/>\n<meta property=\"og:url\" content=\"https:\/\/buenosdiasbcs.com\/?p=8204\" \/>\n<meta property=\"og:site_name\" content=\"Buenos D&iacute;as BCS\" \/>\n<meta property=\"article:published_time\" content=\"2026-04-28T07:41:00+00:00\" \/>\n<meta property=\"og:image\" content=\"https:\/\/buenosdiasbcs.com\/wp-content\/uploads\/2026\/04\/supernino.jpg\" \/>\n\t<meta property=\"og:image:width\" content=\"650\" \/>\n\t<meta property=\"og:image:height\" content=\"417\" \/>\n\t<meta property=\"og:image:type\" content=\"image\/jpeg\" \/>\n<meta name=\"author\" content=\"Edici\u00f3n Buenos D\u00edas\" \/>\n<meta name=\"twitter:card\" content=\"summary_large_image\" \/>\n<meta name=\"twitter:label1\" content=\"Escrito por\" \/>\n\t<meta name=\"twitter:data1\" content=\"Edici\u00f3n Buenos D\u00edas\" \/>\n\t<meta name=\"twitter:label2\" content=\"Tiempo de lectura\" \/>\n\t<meta name=\"twitter:data2\" content=\"3 minutos\" \/>\n<script type=\"application\/ld+json\" class=\"yoast-schema-graph\">{\"@context\":\"https:\\\/\\\/schema.org\",\"@graph\":[{\"@type\":\"Article\",\"@id\":\"https:\\\/\\\/buenosdiasbcs.com\\\/?p=8204#article\",\"isPartOf\":{\"@id\":\"https:\\\/\\\/buenosdiasbcs.com\\\/?p=8204\"},\"author\":{\"name\":\"Edici\u00f3n Buenos D\u00edas\",\"@id\":\"https:\\\/\\\/buenosdiasbcs.com\\\/#\\\/schema\\\/person\\\/15aedc247eab7070ee5d76d6d069a821\"},\"headline\":\"\u00bfSe perfila un super-El Ni\u00f1o? UNAM prev\u00e9 eventos clim\u00e1ticos extremos en 2026\",\"datePublished\":\"2026-04-28T07:41:00+00:00\",\"mainEntityOfPage\":{\"@id\":\"https:\\\/\\\/buenosdiasbcs.com\\\/?p=8204\"},\"wordCount\":808,\"commentCount\":0,\"publisher\":{\"@id\":\"https:\\\/\\\/buenosdiasbcs.com\\\/#organization\"},\"image\":{\"@id\":\"https:\\\/\\\/buenosdiasbcs.com\\\/?p=8204#primaryimage\"},\"thumbnailUrl\":\"https:\\\/\\\/buenosdiasbcs.com\\\/wp-content\\\/uploads\\\/2026\\\/04\\\/supernino.jpg\",\"articleSection\":[\"Clima\"],\"inLanguage\":\"es\",\"potentialAction\":[{\"@type\":\"CommentAction\",\"name\":\"Comment\",\"target\":[\"https:\\\/\\\/buenosdiasbcs.com\\\/?p=8204#respond\"]}]},{\"@type\":\"WebPage\",\"@id\":\"https:\\\/\\\/buenosdiasbcs.com\\\/?p=8204\",\"url\":\"https:\\\/\\\/buenosdiasbcs.com\\\/?p=8204\",\"name\":\"\u00bfSe perfila un super-El Ni\u00f1o? UNAM prev\u00e9 eventos clim\u00e1ticos extremos en 2026 - Buenos D&iacute;as BCS\",\"isPartOf\":{\"@id\":\"https:\\\/\\\/buenosdiasbcs.com\\\/#website\"},\"primaryImageOfPage\":{\"@id\":\"https:\\\/\\\/buenosdiasbcs.com\\\/?p=8204#primaryimage\"},\"image\":{\"@id\":\"https:\\\/\\\/buenosdiasbcs.com\\\/?p=8204#primaryimage\"},\"thumbnailUrl\":\"https:\\\/\\\/buenosdiasbcs.com\\\/wp-content\\\/uploads\\\/2026\\\/04\\\/supernino.jpg\",\"datePublished\":\"2026-04-28T07:41:00+00:00\",\"breadcrumb\":{\"@id\":\"https:\\\/\\\/buenosdiasbcs.com\\\/?p=8204#breadcrumb\"},\"inLanguage\":\"es\",\"potentialAction\":[{\"@type\":\"ReadAction\",\"target\":[\"https:\\\/\\\/buenosdiasbcs.com\\\/?p=8204\"]}]},{\"@type\":\"ImageObject\",\"inLanguage\":\"es\",\"@id\":\"https:\\\/\\\/buenosdiasbcs.com\\\/?p=8204#primaryimage\",\"url\":\"https:\\\/\\\/buenosdiasbcs.com\\\/wp-content\\\/uploads\\\/2026\\\/04\\\/supernino.jpg\",\"contentUrl\":\"https:\\\/\\\/buenosdiasbcs.com\\\/wp-content\\\/uploads\\\/2026\\\/04\\\/supernino.jpg\",\"width\":650,\"height\":417},{\"@type\":\"BreadcrumbList\",\"@id\":\"https:\\\/\\\/buenosdiasbcs.com\\\/?p=8204#breadcrumb\",\"itemListElement\":[{\"@type\":\"ListItem\",\"position\":1,\"name\":\"Portada\",\"item\":\"https:\\\/\\\/buenosdiasbcs.com\\\/\"},{\"@type\":\"ListItem\",\"position\":2,\"name\":\"\u00bfSe perfila un super-El Ni\u00f1o? UNAM prev\u00e9 eventos clim\u00e1ticos extremos en 2026\"}]},{\"@type\":\"WebSite\",\"@id\":\"https:\\\/\\\/buenosdiasbcs.com\\\/#website\",\"url\":\"https:\\\/\\\/buenosdiasbcs.com\\\/\",\"name\":\"Buenos D\u00edas BCS\",\"description\":\"\",\"publisher\":{\"@id\":\"https:\\\/\\\/buenosdiasbcs.com\\\/#organization\"},\"potentialAction\":[{\"@type\":\"SearchAction\",\"target\":{\"@type\":\"EntryPoint\",\"urlTemplate\":\"https:\\\/\\\/buenosdiasbcs.com\\\/?s={search_term_string}\"},\"query-input\":{\"@type\":\"PropertyValueSpecification\",\"valueRequired\":true,\"valueName\":\"search_term_string\"}}],\"inLanguage\":\"es\"},{\"@type\":\"Organization\",\"@id\":\"https:\\\/\\\/buenosdiasbcs.com\\\/#organization\",\"name\":\"Buenos D\u00edas BCS\",\"url\":\"https:\\\/\\\/buenosdiasbcs.com\\\/\",\"logo\":{\"@type\":\"ImageObject\",\"inLanguage\":\"es\",\"@id\":\"https:\\\/\\\/buenosdiasbcs.com\\\/#\\\/schema\\\/logo\\\/image\\\/\",\"url\":\"https:\\\/\\\/buenosdiasbcs.com\\\/wp-content\\\/uploads\\\/2026\\\/01\\\/logo-buenos-dias-40-01.png\",\"contentUrl\":\"https:\\\/\\\/buenosdiasbcs.com\\\/wp-content\\\/uploads\\\/2026\\\/01\\\/logo-buenos-dias-40-01.png\",\"width\":277,\"height\":40,\"caption\":\"Buenos D\u00edas BCS\"},\"image\":{\"@id\":\"https:\\\/\\\/buenosdiasbcs.com\\\/#\\\/schema\\\/logo\\\/image\\\/\"}},{\"@type\":\"Person\",\"@id\":\"https:\\\/\\\/buenosdiasbcs.com\\\/#\\\/schema\\\/person\\\/15aedc247eab7070ee5d76d6d069a821\",\"name\":\"Edici\u00f3n Buenos D\u00edas\",\"image\":{\"@type\":\"ImageObject\",\"inLanguage\":\"es\",\"@id\":\"https:\\\/\\\/buenosdiasbcs.com\\\/wp-content\\\/uploads\\\/2026\\\/01\\\/cropped-sol-96x96.png\",\"url\":\"https:\\\/\\\/buenosdiasbcs.com\\\/wp-content\\\/uploads\\\/2026\\\/01\\\/cropped-sol-96x96.png\",\"contentUrl\":\"https:\\\/\\\/buenosdiasbcs.com\\\/wp-content\\\/uploads\\\/2026\\\/01\\\/cropped-sol-96x96.png\",\"caption\":\"Edici\u00f3n Buenos D\u00edas\"},\"url\":\"https:\\\/\\\/buenosdiasbcs.com\\\/?author=2\"}]}<\/script>\n<!-- \/ Yoast SEO Premium plugin. -->","yoast_head_json":{"title":"\u00bfSe perfila un super-El Ni\u00f1o? UNAM prev\u00e9 eventos clim\u00e1ticos extremos en 2026 - Buenos D&iacute;as BCS","robots":{"index":"index","follow":"follow","max-snippet":"max-snippet:-1","max-image-preview":"max-image-preview:large","max-video-preview":"max-video-preview:-1"},"canonical":"https:\/\/buenosdiasbcs.com\/?p=8204","og_locale":"es_ES","og_type":"article","og_title":"\u00bfSe perfila un super-El Ni\u00f1o? UNAM prev\u00e9 eventos clim\u00e1ticos extremos en 2026","og_description":"UNAM prev\u00e9 posible evento de El Ni\u00f1o intenso en 2026, con efectos sobre lluvias, sequ\u00edas y huracanes en M\u00e9xico por...","og_url":"https:\/\/buenosdiasbcs.com\/?p=8204","og_site_name":"Buenos D&iacute;as BCS","article_published_time":"2026-04-28T07:41:00+00:00","og_image":[{"width":650,"height":417,"url":"https:\/\/buenosdiasbcs.com\/wp-content\/uploads\/2026\/04\/supernino.jpg","type":"image\/jpeg"}],"author":"Edici\u00f3n Buenos D\u00edas","twitter_card":"summary_large_image","twitter_misc":{"Escrito por":"Edici\u00f3n Buenos D\u00edas","Tiempo de lectura":"3 minutos"},"schema":{"@context":"https:\/\/schema.org","@graph":[{"@type":"Article","@id":"https:\/\/buenosdiasbcs.com\/?p=8204#article","isPartOf":{"@id":"https:\/\/buenosdiasbcs.com\/?p=8204"},"author":{"name":"Edici\u00f3n Buenos D\u00edas","@id":"https:\/\/buenosdiasbcs.com\/#\/schema\/person\/15aedc247eab7070ee5d76d6d069a821"},"headline":"\u00bfSe perfila un super-El Ni\u00f1o? UNAM prev\u00e9 eventos clim\u00e1ticos extremos en 2026","datePublished":"2026-04-28T07:41:00+00:00","mainEntityOfPage":{"@id":"https:\/\/buenosdiasbcs.com\/?p=8204"},"wordCount":808,"commentCount":0,"publisher":{"@id":"https:\/\/buenosdiasbcs.com\/#organization"},"image":{"@id":"https:\/\/buenosdiasbcs.com\/?p=8204#primaryimage"},"thumbnailUrl":"https:\/\/buenosdiasbcs.com\/wp-content\/uploads\/2026\/04\/supernino.jpg","articleSection":["Clima"],"inLanguage":"es","potentialAction":[{"@type":"CommentAction","name":"Comment","target":["https:\/\/buenosdiasbcs.com\/?p=8204#respond"]}]},{"@type":"WebPage","@id":"https:\/\/buenosdiasbcs.com\/?p=8204","url":"https:\/\/buenosdiasbcs.com\/?p=8204","name":"\u00bfSe perfila un super-El Ni\u00f1o? UNAM prev\u00e9 eventos clim\u00e1ticos extremos en 2026 - Buenos D&iacute;as BCS","isPartOf":{"@id":"https:\/\/buenosdiasbcs.com\/#website"},"primaryImageOfPage":{"@id":"https:\/\/buenosdiasbcs.com\/?p=8204#primaryimage"},"image":{"@id":"https:\/\/buenosdiasbcs.com\/?p=8204#primaryimage"},"thumbnailUrl":"https:\/\/buenosdiasbcs.com\/wp-content\/uploads\/2026\/04\/supernino.jpg","datePublished":"2026-04-28T07:41:00+00:00","breadcrumb":{"@id":"https:\/\/buenosdiasbcs.com\/?p=8204#breadcrumb"},"inLanguage":"es","potentialAction":[{"@type":"ReadAction","target":["https:\/\/buenosdiasbcs.com\/?p=8204"]}]},{"@type":"ImageObject","inLanguage":"es","@id":"https:\/\/buenosdiasbcs.com\/?p=8204#primaryimage","url":"https:\/\/buenosdiasbcs.com\/wp-content\/uploads\/2026\/04\/supernino.jpg","contentUrl":"https:\/\/buenosdiasbcs.com\/wp-content\/uploads\/2026\/04\/supernino.jpg","width":650,"height":417},{"@type":"BreadcrumbList","@id":"https:\/\/buenosdiasbcs.com\/?p=8204#breadcrumb","itemListElement":[{"@type":"ListItem","position":1,"name":"Portada","item":"https:\/\/buenosdiasbcs.com\/"},{"@type":"ListItem","position":2,"name":"\u00bfSe perfila un super-El Ni\u00f1o? UNAM prev\u00e9 eventos clim\u00e1ticos extremos en 2026"}]},{"@type":"WebSite","@id":"https:\/\/buenosdiasbcs.com\/#website","url":"https:\/\/buenosdiasbcs.com\/","name":"Buenos D\u00edas BCS","description":"","publisher":{"@id":"https:\/\/buenosdiasbcs.com\/#organization"},"potentialAction":[{"@type":"SearchAction","target":{"@type":"EntryPoint","urlTemplate":"https:\/\/buenosdiasbcs.com\/?s={search_term_string}"},"query-input":{"@type":"PropertyValueSpecification","valueRequired":true,"valueName":"search_term_string"}}],"inLanguage":"es"},{"@type":"Organization","@id":"https:\/\/buenosdiasbcs.com\/#organization","name":"Buenos D\u00edas BCS","url":"https:\/\/buenosdiasbcs.com\/","logo":{"@type":"ImageObject","inLanguage":"es","@id":"https:\/\/buenosdiasbcs.com\/#\/schema\/logo\/image\/","url":"https:\/\/buenosdiasbcs.com\/wp-content\/uploads\/2026\/01\/logo-buenos-dias-40-01.png","contentUrl":"https:\/\/buenosdiasbcs.com\/wp-content\/uploads\/2026\/01\/logo-buenos-dias-40-01.png","width":277,"height":40,"caption":"Buenos D\u00edas BCS"},"image":{"@id":"https:\/\/buenosdiasbcs.com\/#\/schema\/logo\/image\/"}},{"@type":"Person","@id":"https:\/\/buenosdiasbcs.com\/#\/schema\/person\/15aedc247eab7070ee5d76d6d069a821","name":"Edici\u00f3n Buenos D\u00edas","image":{"@type":"ImageObject","inLanguage":"es","@id":"https:\/\/buenosdiasbcs.com\/wp-content\/uploads\/2026\/01\/cropped-sol-96x96.png","url":"https:\/\/buenosdiasbcs.com\/wp-content\/uploads\/2026\/01\/cropped-sol-96x96.png","contentUrl":"https:\/\/buenosdiasbcs.com\/wp-content\/uploads\/2026\/01\/cropped-sol-96x96.png","caption":"Edici\u00f3n Buenos D\u00edas"},"url":"https:\/\/buenosdiasbcs.com\/?author=2"}]}},"amp_enabled":true,"_links":{"self":[{"href":"https:\/\/buenosdiasbcs.com\/index.php?rest_route=\/wp\/v2\/posts\/8204","targetHints":{"allow":["GET"]}}],"collection":[{"href":"https:\/\/buenosdiasbcs.com\/index.php?rest_route=\/wp\/v2\/posts"}],"about":[{"href":"https:\/\/buenosdiasbcs.com\/index.php?rest_route=\/wp\/v2\/types\/post"}],"author":[{"embeddable":true,"href":"https:\/\/buenosdiasbcs.com\/index.php?rest_route=\/wp\/v2\/users\/2"}],"replies":[{"embeddable":true,"href":"https:\/\/buenosdiasbcs.com\/index.php?rest_route=%2Fwp%2Fv2%2Fcomments&post=8204"}],"version-history":[{"count":1,"href":"https:\/\/buenosdiasbcs.com\/index.php?rest_route=\/wp\/v2\/posts\/8204\/revisions"}],"predecessor-version":[{"id":8206,"href":"https:\/\/buenosdiasbcs.com\/index.php?rest_route=\/wp\/v2\/posts\/8204\/revisions\/8206"}],"wp:featuredmedia":[{"embeddable":true,"href":"https:\/\/buenosdiasbcs.com\/index.php?rest_route=\/wp\/v2\/media\/8205"}],"wp:attachment":[{"href":"https:\/\/buenosdiasbcs.com\/index.php?rest_route=%2Fwp%2Fv2%2Fmedia&parent=8204"}],"wp:term":[{"taxonomy":"category","embeddable":true,"href":"https:\/\/buenosdiasbcs.com\/index.php?rest_route=%2Fwp%2Fv2%2Fcategories&post=8204"},{"taxonomy":"post_tag","embeddable":true,"href":"https:\/\/buenosdiasbcs.com\/index.php?rest_route=%2Fwp%2Fv2%2Ftags&post=8204"}],"curies":[{"name":"wp","href":"https:\/\/api.w.org\/{rel}","templated":true}]}}