{"id":8201,"date":"2026-04-28T00:58:00","date_gmt":"2026-04-28T07:58:00","guid":{"rendered":"https:\/\/buenosdiasbcs.com\/?p=8201"},"modified":"2026-04-27T19:59:10","modified_gmt":"2026-04-28T02:59:10","slug":"fiestas-de-fundacion-de-la-paz-2026-agenda-con-fechas-horarios-y-actividades","status":"publish","type":"post","link":"https:\/\/buenosdiasbcs.com\/?p=8201","title":{"rendered":"Fiestas de Fundaci\u00f3n de La Paz 2026: agenda con fechas, horarios y actividades"},"content":{"rendered":"\n<p>Este fin de semana inician las tradicionales Fiestas de Fundaci\u00f3n de La Paz, donde se llevar\u00e1 a cabo la escenificaci\u00f3n del &#8220;desembarco de Hern\u00e1n Cort\u00e9s en la bah\u00eda&#8221; y la coronaci\u00f3n de la reina Calafia.<\/p>\n\n\n\n<p>El desembarco de Hern\u00e1n Cort\u00e9s en la bah\u00eda y la coronaci\u00f3n de la reina Calafia son algunas de las tradiciones m\u00e1s importantes de esta festividad. Foto: Modesto Peralta Delgado.<\/p>\n\n\n\n<p>Mayo es el mes de las&nbsp;<strong>Fiestas de Fundaci\u00f3n de La Paz<\/strong>&nbsp;que organiza anualmente el&nbsp;<strong>Ayuntamiento de La Paz,<\/strong>&nbsp;con actividades art\u00edsticas, culturales e incluso deportivas, como el&nbsp;<a href=\"https:\/\/www.posta.com.mx\/bcs\/fiestas-de-fundacion-de-la-paz-asi-puedes-participar-en-el-medio-maraton-costero\/vl2195525\"><strong>Medio Marat\u00f3n&nbsp;<\/strong>que se correr\u00e1 el 31 de mayo<\/a>&nbsp;como parte de esta festividad.<\/p>\n\n\n\n<h2 class=\"wp-block-heading\" id=\"h-cuando-y-con-que-arrancan-las-fiestas-de-fundacion-de-la-paz\">\u00bfCu\u00e1ndo y con qu\u00e9 arrancan las Fiestas de Fundaci\u00f3n de La Paz?<\/h2>\n\n\n\n<p>Mayra Cisneros Nev\u00e1rez, directora general de&nbsp;<strong>Inclusi\u00f3n y Diversidad del Ayuntamiento de La Paz,<\/strong>&nbsp;informa las<strong>&nbsp;actividades<\/strong>&nbsp;con que&nbsp;<strong>arranca&nbsp;<\/strong>esta tradicional festividad, invitando a esta celebraci\u00f3n que organizan diversas direcciones del gobierno municipal.<\/p>\n\n\n\n<p>Las&nbsp;<strong>Fiestas de Fundaci\u00f3n de La Paz&nbsp;<\/strong>inician formalmente este&nbsp;<strong>s\u00e1bado 2 de mayo<\/strong>&nbsp;a las 5 de la tarde, con el&nbsp;desfile de la XXIV edici\u00f3n del&nbsp;<strong>Mitote Folkl\u00f3rico<\/strong>; ser\u00e1 desde el parque Cuauht\u00e9moc hasta el kiosco del malec\u00f3n, donde cerrar\u00e1n la tarde con muestras de danzas de grupos locales.<\/p>\n\n\n\n<h2 class=\"wp-block-heading\" id=\"h-cuando-y-donde-sera-la-escenificacion-del-desembarco-de-hernan-cortes-en-la-paz\">\u00bfCu\u00e1ndo y d\u00f3nde ser\u00e1 la escenificaci\u00f3n del Desembarco de Hern\u00e1n Cort\u00e9s en La Paz?<\/h2>\n\n\n\n<p>El domingo 3 de mayo, a partir de las 6:30 de la tarde ser\u00e1 la<a href=\"https:\/\/www.posta.com.mx\/bcs\/fiestas-de-fundacion-de-la-paz-cuando-y-a-que-hora-es-el-desembarco-del-hernan-cortes\/vl2191270\">&nbsp;escenificaci\u00f3n de&nbsp;<strong>&#8220;El Desembarco de Hern\u00e1n Cort\u00e9s<\/strong>&nbsp;en la Bah\u00eda<\/a>&nbsp;de la Santa Cruz&#8221;, en la<strong>&nbsp;playa anexa al kiosco<\/strong>, una de las tradiciones m\u00e1s representativas de sus historias y mitos.<\/p>\n\n\n\n<p>M\u00e1s tarde, ser\u00e1 la&nbsp;<strong>coronaci\u00f3n de la Reina Calafia 2026, Alexa Taboada<\/strong>; y posteriormente, el concierto estelar de la banda nacional,&nbsp;<strong>Ganja<\/strong>.<\/p>\n\n\n\n<p>Para el 4 y 5 de mayo, las actividades continuar\u00e1n en el&nbsp;<strong>kiosco del malec\u00f3n<\/strong>&nbsp;con conciertos y el Homenaje al Tibur\u00f3n Ballena, respectivamente.<\/p>\n\n\n\n<h2 class=\"wp-block-heading\" id=\"h-mas-eventos-durante-todo-el-mes-de-mayo\">M\u00e1s eventos durante todo el mes de mayo<\/h2>\n\n\n\n<p>Cisneros Nev\u00e1rez agreg\u00f3 que dentro del programa de las&nbsp;<strong>Fiestas de Fundaci\u00f3n de La Paz&nbsp;<\/strong>se contemplan e<strong>l JuvenFest&nbsp;<\/strong>en el marco del D\u00eda del Estudiante y la edici\u00f3n&nbsp;<strong>46 del Medio Marat\u00f3n Costero,<\/strong>&nbsp;entre otras actividades.<\/p>\n\n\n\n<p>Cabe recordar que&nbsp;<a href=\"https:\/\/www.posta.com.mx\/bcs\/estas-son-las-bandas-de-rock-de-la-paz-seleccionadas-para-el-festival-rock-fundacion-2026\/vl2195289\">el 16 y 17 de mayo se llevar\u00e1 a cabo el&nbsp;<strong>Festival Rock Fundaci\u00f3n 2026<\/strong><\/a>, con bandas de rock locales y la presencia de grupos nacionales como&nbsp;<strong>Allison, Jumbo y DLD<\/strong>.<\/p>\n\n\n\n<p>En la p\u00e1gina de Facebook de la&nbsp;<strong>Direcci\u00f3n Municipal de Cultura<\/strong>&nbsp;se han ido publicando las programaciones y actualizaciones de esta festividad.<\/p>\n","protected":false},"excerpt":{"rendered":"<p>Este fin de semana inician las tradicionales Fiestas de Fundaci\u00f3n de La Paz, donde se llevar\u00e1 a cabo la escenificaci\u00f3n&#8230;<\/p>\n","protected":false},"author":2,"featured_media":8202,"comment_status":"open","ping_status":"open","sticky":false,"template":"","format":"standard","meta":{"footnotes":""},"categories":[25],"tags":[],"class_list":["post-8201","post","type-post","status-publish","format-standard","has-post-thumbnail","hentry","category-sociedad"],"yoast_head":"<!-- This site is optimized with the Yoast SEO Premium plugin v26.8 (Yoast SEO v27.4) - https:\/\/yoast.com\/product\/yoast-seo-premium-wordpress\/ -->\n<title>Fiestas de Fundaci\u00f3n de La Paz 2026: agenda con fechas, horarios y actividades - Buenos D&iacute;as BCS<\/title>\n<meta name=\"robots\" content=\"index, follow, max-snippet:-1, max-image-preview:large, max-video-preview:-1\" \/>\n<link rel=\"canonical\" href=\"https:\/\/buenosdiasbcs.com\/?p=8201\" \/>\n<meta property=\"og:locale\" content=\"es_ES\" \/>\n<meta property=\"og:type\" content=\"article\" \/>\n<meta property=\"og:title\" content=\"Fiestas de Fundaci\u00f3n de La Paz 2026: agenda con fechas, horarios y actividades\" \/>\n<meta property=\"og:description\" content=\"Este fin de semana inician las tradicionales Fiestas de Fundaci\u00f3n de La Paz, donde se llevar\u00e1 a cabo la escenificaci\u00f3n...\" \/>\n<meta property=\"og:url\" content=\"https:\/\/buenosdiasbcs.com\/?p=8201\" \/>\n<meta property=\"og:site_name\" content=\"Buenos D&iacute;as BCS\" \/>\n<meta property=\"article:published_time\" content=\"2026-04-28T07:58:00+00:00\" \/>\n<meta property=\"og:image\" content=\"https:\/\/buenosdiasbcs.com\/wp-content\/uploads\/2026\/04\/desembarco-cortes-fiestas-fundacion-2-867db6e5-focus-0-0-1479-828.webp\" \/>\n\t<meta property=\"og:image:width\" content=\"1280\" \/>\n\t<meta property=\"og:image:height\" content=\"800\" \/>\n\t<meta property=\"og:image:type\" content=\"image\/webp\" \/>\n<meta name=\"author\" content=\"Edici\u00f3n Buenos D\u00edas\" \/>\n<meta name=\"twitter:card\" content=\"summary_large_image\" \/>\n<meta name=\"twitter:label1\" content=\"Escrito por\" \/>\n\t<meta name=\"twitter:data1\" content=\"Edici\u00f3n Buenos D\u00edas\" \/>\n\t<meta name=\"twitter:label2\" content=\"Tiempo de lectura\" \/>\n\t<meta name=\"twitter:data2\" content=\"3 minutos\" \/>\n<script type=\"application\/ld+json\" class=\"yoast-schema-graph\">{\"@context\":\"https:\\\/\\\/schema.org\",\"@graph\":[{\"@type\":\"Article\",\"@id\":\"https:\\\/\\\/buenosdiasbcs.com\\\/?p=8201#article\",\"isPartOf\":{\"@id\":\"https:\\\/\\\/buenosdiasbcs.com\\\/?p=8201\"},\"author\":{\"name\":\"Edici\u00f3n Buenos D\u00edas\",\"@id\":\"https:\\\/\\\/buenosdiasbcs.com\\\/#\\\/schema\\\/person\\\/15aedc247eab7070ee5d76d6d069a821\"},\"headline\":\"Fiestas de Fundaci\u00f3n de La Paz 2026: agenda con fechas, horarios y actividades\",\"datePublished\":\"2026-04-28T07:58:00+00:00\",\"mainEntityOfPage\":{\"@id\":\"https:\\\/\\\/buenosdiasbcs.com\\\/?p=8201\"},\"wordCount\":500,\"commentCount\":0,\"publisher\":{\"@id\":\"https:\\\/\\\/buenosdiasbcs.com\\\/#organization\"},\"image\":{\"@id\":\"https:\\\/\\\/buenosdiasbcs.com\\\/?p=8201#primaryimage\"},\"thumbnailUrl\":\"https:\\\/\\\/buenosdiasbcs.com\\\/wp-content\\\/uploads\\\/2026\\\/04\\\/desembarco-cortes-fiestas-fundacion-2-867db6e5-focus-0-0-1479-828.webp\",\"articleSection\":[\"Sociedad\"],\"inLanguage\":\"es\",\"potentialAction\":[{\"@type\":\"CommentAction\",\"name\":\"Comment\",\"target\":[\"https:\\\/\\\/buenosdiasbcs.com\\\/?p=8201#respond\"]}]},{\"@type\":\"WebPage\",\"@id\":\"https:\\\/\\\/buenosdiasbcs.com\\\/?p=8201\",\"url\":\"https:\\\/\\\/buenosdiasbcs.com\\\/?p=8201\",\"name\":\"Fiestas de Fundaci\u00f3n de La Paz 2026: agenda con fechas, horarios y actividades - Buenos D&iacute;as BCS\",\"isPartOf\":{\"@id\":\"https:\\\/\\\/buenosdiasbcs.com\\\/#website\"},\"primaryImageOfPage\":{\"@id\":\"https:\\\/\\\/buenosdiasbcs.com\\\/?p=8201#primaryimage\"},\"image\":{\"@id\":\"https:\\\/\\\/buenosdiasbcs.com\\\/?p=8201#primaryimage\"},\"thumbnailUrl\":\"https:\\\/\\\/buenosdiasbcs.com\\\/wp-content\\\/uploads\\\/2026\\\/04\\\/desembarco-cortes-fiestas-fundacion-2-867db6e5-focus-0-0-1479-828.webp\",\"datePublished\":\"2026-04-28T07:58:00+00:00\",\"breadcrumb\":{\"@id\":\"https:\\\/\\\/buenosdiasbcs.com\\\/?p=8201#breadcrumb\"},\"inLanguage\":\"es\",\"potentialAction\":[{\"@type\":\"ReadAction\",\"target\":[\"https:\\\/\\\/buenosdiasbcs.com\\\/?p=8201\"]}]},{\"@type\":\"ImageObject\",\"inLanguage\":\"es\",\"@id\":\"https:\\\/\\\/buenosdiasbcs.com\\\/?p=8201#primaryimage\",\"url\":\"https:\\\/\\\/buenosdiasbcs.com\\\/wp-content\\\/uploads\\\/2026\\\/04\\\/desembarco-cortes-fiestas-fundacion-2-867db6e5-focus-0-0-1479-828.webp\",\"contentUrl\":\"https:\\\/\\\/buenosdiasbcs.com\\\/wp-content\\\/uploads\\\/2026\\\/04\\\/desembarco-cortes-fiestas-fundacion-2-867db6e5-focus-0-0-1479-828.webp\",\"width\":1280,\"height\":800},{\"@type\":\"BreadcrumbList\",\"@id\":\"https:\\\/\\\/buenosdiasbcs.com\\\/?p=8201#breadcrumb\",\"itemListElement\":[{\"@type\":\"ListItem\",\"position\":1,\"name\":\"Portada\",\"item\":\"https:\\\/\\\/buenosdiasbcs.com\\\/\"},{\"@type\":\"ListItem\",\"position\":2,\"name\":\"Fiestas de Fundaci\u00f3n de La Paz 2026: agenda con fechas, horarios y actividades\"}]},{\"@type\":\"WebSite\",\"@id\":\"https:\\\/\\\/buenosdiasbcs.com\\\/#website\",\"url\":\"https:\\\/\\\/buenosdiasbcs.com\\\/\",\"name\":\"Buenos D\u00edas BCS\",\"description\":\"\",\"publisher\":{\"@id\":\"https:\\\/\\\/buenosdiasbcs.com\\\/#organization\"},\"potentialAction\":[{\"@type\":\"SearchAction\",\"target\":{\"@type\":\"EntryPoint\",\"urlTemplate\":\"https:\\\/\\\/buenosdiasbcs.com\\\/?s={search_term_string}\"},\"query-input\":{\"@type\":\"PropertyValueSpecification\",\"valueRequired\":true,\"valueName\":\"search_term_string\"}}],\"inLanguage\":\"es\"},{\"@type\":\"Organization\",\"@id\":\"https:\\\/\\\/buenosdiasbcs.com\\\/#organization\",\"name\":\"Buenos D\u00edas BCS\",\"url\":\"https:\\\/\\\/buenosdiasbcs.com\\\/\",\"logo\":{\"@type\":\"ImageObject\",\"inLanguage\":\"es\",\"@id\":\"https:\\\/\\\/buenosdiasbcs.com\\\/#\\\/schema\\\/logo\\\/image\\\/\",\"url\":\"https:\\\/\\\/buenosdiasbcs.com\\\/wp-content\\\/uploads\\\/2026\\\/01\\\/logo-buenos-dias-40-01.png\",\"contentUrl\":\"https:\\\/\\\/buenosdiasbcs.com\\\/wp-content\\\/uploads\\\/2026\\\/01\\\/logo-buenos-dias-40-01.png\",\"width\":277,\"height\":40,\"caption\":\"Buenos D\u00edas BCS\"},\"image\":{\"@id\":\"https:\\\/\\\/buenosdiasbcs.com\\\/#\\\/schema\\\/logo\\\/image\\\/\"}},{\"@type\":\"Person\",\"@id\":\"https:\\\/\\\/buenosdiasbcs.com\\\/#\\\/schema\\\/person\\\/15aedc247eab7070ee5d76d6d069a821\",\"name\":\"Edici\u00f3n Buenos D\u00edas\",\"image\":{\"@type\":\"ImageObject\",\"inLanguage\":\"es\",\"@id\":\"https:\\\/\\\/buenosdiasbcs.com\\\/wp-content\\\/uploads\\\/2026\\\/01\\\/cropped-sol-96x96.png\",\"url\":\"https:\\\/\\\/buenosdiasbcs.com\\\/wp-content\\\/uploads\\\/2026\\\/01\\\/cropped-sol-96x96.png\",\"contentUrl\":\"https:\\\/\\\/buenosdiasbcs.com\\\/wp-content\\\/uploads\\\/2026\\\/01\\\/cropped-sol-96x96.png\",\"caption\":\"Edici\u00f3n Buenos D\u00edas\"},\"url\":\"https:\\\/\\\/buenosdiasbcs.com\\\/?author=2\"}]}<\/script>\n<!-- \/ Yoast SEO Premium plugin. -->","yoast_head_json":{"title":"Fiestas de Fundaci\u00f3n de La Paz 2026: agenda con fechas, horarios y actividades - Buenos D&iacute;as BCS","robots":{"index":"index","follow":"follow","max-snippet":"max-snippet:-1","max-image-preview":"max-image-preview:large","max-video-preview":"max-video-preview:-1"},"canonical":"https:\/\/buenosdiasbcs.com\/?p=8201","og_locale":"es_ES","og_type":"article","og_title":"Fiestas de Fundaci\u00f3n de La Paz 2026: agenda con fechas, horarios y actividades","og_description":"Este fin de semana inician las tradicionales Fiestas de Fundaci\u00f3n de La Paz, donde se llevar\u00e1 a cabo la escenificaci\u00f3n...","og_url":"https:\/\/buenosdiasbcs.com\/?p=8201","og_site_name":"Buenos D&iacute;as BCS","article_published_time":"2026-04-28T07:58:00+00:00","og_image":[{"width":1280,"height":800,"url":"https:\/\/buenosdiasbcs.com\/wp-content\/uploads\/2026\/04\/desembarco-cortes-fiestas-fundacion-2-867db6e5-focus-0-0-1479-828.webp","type":"image\/webp"}],"author":"Edici\u00f3n Buenos D\u00edas","twitter_card":"summary_large_image","twitter_misc":{"Escrito por":"Edici\u00f3n Buenos D\u00edas","Tiempo de lectura":"3 minutos"},"schema":{"@context":"https:\/\/schema.org","@graph":[{"@type":"Article","@id":"https:\/\/buenosdiasbcs.com\/?p=8201#article","isPartOf":{"@id":"https:\/\/buenosdiasbcs.com\/?p=8201"},"author":{"name":"Edici\u00f3n Buenos D\u00edas","@id":"https:\/\/buenosdiasbcs.com\/#\/schema\/person\/15aedc247eab7070ee5d76d6d069a821"},"headline":"Fiestas de Fundaci\u00f3n de La Paz 2026: agenda con fechas, horarios y actividades","datePublished":"2026-04-28T07:58:00+00:00","mainEntityOfPage":{"@id":"https:\/\/buenosdiasbcs.com\/?p=8201"},"wordCount":500,"commentCount":0,"publisher":{"@id":"https:\/\/buenosdiasbcs.com\/#organization"},"image":{"@id":"https:\/\/buenosdiasbcs.com\/?p=8201#primaryimage"},"thumbnailUrl":"https:\/\/buenosdiasbcs.com\/wp-content\/uploads\/2026\/04\/desembarco-cortes-fiestas-fundacion-2-867db6e5-focus-0-0-1479-828.webp","articleSection":["Sociedad"],"inLanguage":"es","potentialAction":[{"@type":"CommentAction","name":"Comment","target":["https:\/\/buenosdiasbcs.com\/?p=8201#respond"]}]},{"@type":"WebPage","@id":"https:\/\/buenosdiasbcs.com\/?p=8201","url":"https:\/\/buenosdiasbcs.com\/?p=8201","name":"Fiestas de Fundaci\u00f3n de La Paz 2026: agenda con fechas, horarios y actividades - Buenos D&iacute;as BCS","isPartOf":{"@id":"https:\/\/buenosdiasbcs.com\/#website"},"primaryImageOfPage":{"@id":"https:\/\/buenosdiasbcs.com\/?p=8201#primaryimage"},"image":{"@id":"https:\/\/buenosdiasbcs.com\/?p=8201#primaryimage"},"thumbnailUrl":"https:\/\/buenosdiasbcs.com\/wp-content\/uploads\/2026\/04\/desembarco-cortes-fiestas-fundacion-2-867db6e5-focus-0-0-1479-828.webp","datePublished":"2026-04-28T07:58:00+00:00","breadcrumb":{"@id":"https:\/\/buenosdiasbcs.com\/?p=8201#breadcrumb"},"inLanguage":"es","potentialAction":[{"@type":"ReadAction","target":["https:\/\/buenosdiasbcs.com\/?p=8201"]}]},{"@type":"ImageObject","inLanguage":"es","@id":"https:\/\/buenosdiasbcs.com\/?p=8201#primaryimage","url":"https:\/\/buenosdiasbcs.com\/wp-content\/uploads\/2026\/04\/desembarco-cortes-fiestas-fundacion-2-867db6e5-focus-0-0-1479-828.webp","contentUrl":"https:\/\/buenosdiasbcs.com\/wp-content\/uploads\/2026\/04\/desembarco-cortes-fiestas-fundacion-2-867db6e5-focus-0-0-1479-828.webp","width":1280,"height":800},{"@type":"BreadcrumbList","@id":"https:\/\/buenosdiasbcs.com\/?p=8201#breadcrumb","itemListElement":[{"@type":"ListItem","position":1,"name":"Portada","item":"https:\/\/buenosdiasbcs.com\/"},{"@type":"ListItem","position":2,"name":"Fiestas de Fundaci\u00f3n de La Paz 2026: agenda con fechas, horarios y actividades"}]},{"@type":"WebSite","@id":"https:\/\/buenosdiasbcs.com\/#website","url":"https:\/\/buenosdiasbcs.com\/","name":"Buenos D\u00edas BCS","description":"","publisher":{"@id":"https:\/\/buenosdiasbcs.com\/#organization"},"potentialAction":[{"@type":"SearchAction","target":{"@type":"EntryPoint","urlTemplate":"https:\/\/buenosdiasbcs.com\/?s={search_term_string}"},"query-input":{"@type":"PropertyValueSpecification","valueRequired":true,"valueName":"search_term_string"}}],"inLanguage":"es"},{"@type":"Organization","@id":"https:\/\/buenosdiasbcs.com\/#organization","name":"Buenos D\u00edas BCS","url":"https:\/\/buenosdiasbcs.com\/","logo":{"@type":"ImageObject","inLanguage":"es","@id":"https:\/\/buenosdiasbcs.com\/#\/schema\/logo\/image\/","url":"https:\/\/buenosdiasbcs.com\/wp-content\/uploads\/2026\/01\/logo-buenos-dias-40-01.png","contentUrl":"https:\/\/buenosdiasbcs.com\/wp-content\/uploads\/2026\/01\/logo-buenos-dias-40-01.png","width":277,"height":40,"caption":"Buenos D\u00edas BCS"},"image":{"@id":"https:\/\/buenosdiasbcs.com\/#\/schema\/logo\/image\/"}},{"@type":"Person","@id":"https:\/\/buenosdiasbcs.com\/#\/schema\/person\/15aedc247eab7070ee5d76d6d069a821","name":"Edici\u00f3n Buenos D\u00edas","image":{"@type":"ImageObject","inLanguage":"es","@id":"https:\/\/buenosdiasbcs.com\/wp-content\/uploads\/2026\/01\/cropped-sol-96x96.png","url":"https:\/\/buenosdiasbcs.com\/wp-content\/uploads\/2026\/01\/cropped-sol-96x96.png","contentUrl":"https:\/\/buenosdiasbcs.com\/wp-content\/uploads\/2026\/01\/cropped-sol-96x96.png","caption":"Edici\u00f3n Buenos D\u00edas"},"url":"https:\/\/buenosdiasbcs.com\/?author=2"}]}},"amp_enabled":true,"_links":{"self":[{"href":"https:\/\/buenosdiasbcs.com\/index.php?rest_route=\/wp\/v2\/posts\/8201","targetHints":{"allow":["GET"]}}],"collection":[{"href":"https:\/\/buenosdiasbcs.com\/index.php?rest_route=\/wp\/v2\/posts"}],"about":[{"href":"https:\/\/buenosdiasbcs.com\/index.php?rest_route=\/wp\/v2\/types\/post"}],"author":[{"embeddable":true,"href":"https:\/\/buenosdiasbcs.com\/index.php?rest_route=\/wp\/v2\/users\/2"}],"replies":[{"embeddable":true,"href":"https:\/\/buenosdiasbcs.com\/index.php?rest_route=%2Fwp%2Fv2%2Fcomments&post=8201"}],"version-history":[{"count":1,"href":"https:\/\/buenosdiasbcs.com\/index.php?rest_route=\/wp\/v2\/posts\/8201\/revisions"}],"predecessor-version":[{"id":8203,"href":"https:\/\/buenosdiasbcs.com\/index.php?rest_route=\/wp\/v2\/posts\/8201\/revisions\/8203"}],"wp:featuredmedia":[{"embeddable":true,"href":"https:\/\/buenosdiasbcs.com\/index.php?rest_route=\/wp\/v2\/media\/8202"}],"wp:attachment":[{"href":"https:\/\/buenosdiasbcs.com\/index.php?rest_route=%2Fwp%2Fv2%2Fmedia&parent=8201"}],"wp:term":[{"taxonomy":"category","embeddable":true,"href":"https:\/\/buenosdiasbcs.com\/index.php?rest_route=%2Fwp%2Fv2%2Fcategories&post=8201"},{"taxonomy":"post_tag","embeddable":true,"href":"https:\/\/buenosdiasbcs.com\/index.php?rest_route=%2Fwp%2Fv2%2Ftags&post=8201"}],"curies":[{"name":"wp","href":"https:\/\/api.w.org\/{rel}","templated":true}]}}