{"id":8186,"date":"2026-04-27T00:41:02","date_gmt":"2026-04-27T07:41:02","guid":{"rendered":"https:\/\/buenosdiasbcs.com\/?p=8186"},"modified":"2026-04-27T00:41:06","modified_gmt":"2026-04-27T07:41:06","slug":"la-paz-se-construye-desde-el-territorio-encabeza-saul-gonzalez-encuentro-lideres-de-fe-valores-y-participacion-comunitaria","status":"publish","type":"post","link":"https:\/\/buenosdiasbcs.com\/?p=8186","title":{"rendered":"\u201cLa Paz se construye desde el territorio\u201d: Encabeza Sa\u00fal Gonz\u00e1lez encuentro \u201cL\u00edderes de Fe: Valores y Participaci\u00f3n Comunitaria\u201d"},"content":{"rendered":"\n<p>El Gobierno del Estado, a trav\u00e9s del Consejo Estatal de Paz y Justicia C\u00edvica, llev\u00f3 a cabo el encuentro \u201cL\u00edderes de Fe: Valores y Participaci\u00f3n Comunitaria\u201d, encabezado por el secretario general de Gobierno, Jos\u00e9 Sa\u00fal Gonz\u00e1lez N\u00fa\u00f1ez, con el objetivo de dialogar con representantes religiosos de Baja California Sur sobre acciones desde el territorio para atender las causas de la violencia social.<\/p>\n\n\n\n<p>Durante su intervenci\u00f3n, el secretario general destac\u00f3 que la paz no se construye \u00fanicamente desde las instituciones, sino mediante el trabajo conjunto con la ciudadan\u00eda, reconociendo la cercan\u00eda de las y los l\u00edderes religiosos con sus comunidades.<\/p>\n\n\n\n<p>\u201cNecesitamos ir a los territorios, identificar la problem\u00e1tica desde su origen y trabajar en alianza, con compromiso, para generar soluciones reales. Este Consejo est\u00e1 pensado para atender las causas de fondo\u201d, expres\u00f3.<\/p>\n\n\n\n<p>En este marco, la secretaria t\u00e9cnica del Consejo, Alma Lidia Cota Ojeda, explic\u00f3 que este ejercicio forma parte de la estrategia estatal para integrar el diagn\u00f3stico de violencia social, desarrollado en coordinaci\u00f3n con la Secretar\u00eda de Gobernaci\u00f3n y con la participaci\u00f3n de diversos sectores.<\/p>\n\n\n\n<p>Como parte del encuentro, se presentaron avances del diagn\u00f3stico estatal, que integra informaci\u00f3n recabada mediante consultas con j\u00f3venes, personas adultas mayores, prestadores de servicios y comunidades productivas, reconociendo a los l\u00edderes religiosos como un v\u00ednculo clave entre lo p\u00fablico y lo social.<\/p>\n\n\n\n<p>Los resultados permitir\u00e1n definir acciones concretas orientadas a fortalecer la convivencia, fomentar valores y propiciar entornos m\u00e1s seguros para las familias sudcalifornianas.<\/p>\n","protected":false},"excerpt":{"rendered":"<p>El Gobierno del Estado, a trav\u00e9s del Consejo Estatal de Paz y Justicia C\u00edvica, llev\u00f3 a cabo el encuentro \u201cL\u00edderes&#8230;<\/p>\n","protected":false},"author":2,"featured_media":8187,"comment_status":"open","ping_status":"open","sticky":false,"template":"","format":"standard","meta":{"footnotes":""},"categories":[24],"tags":[],"class_list":["post-8186","post","type-post","status-publish","format-standard","has-post-thumbnail","hentry","category-gobierno"],"yoast_head":"<!-- This site is optimized with the Yoast SEO Premium plugin v26.8 (Yoast SEO v27.4) - https:\/\/yoast.com\/product\/yoast-seo-premium-wordpress\/ -->\n<title>\u201cLa Paz se construye desde el territorio\u201d: Encabeza Sa\u00fal Gonz\u00e1lez encuentro \u201cL\u00edderes de Fe: Valores y Participaci\u00f3n Comunitaria\u201d - Buenos D&iacute;as BCS<\/title>\n<meta name=\"robots\" content=\"index, follow, max-snippet:-1, max-image-preview:large, max-video-preview:-1\" \/>\n<link rel=\"canonical\" href=\"https:\/\/buenosdiasbcs.com\/?p=8186\" \/>\n<meta property=\"og:locale\" content=\"es_ES\" \/>\n<meta property=\"og:type\" content=\"article\" \/>\n<meta property=\"og:title\" content=\"\u201cLa Paz se construye desde el territorio\u201d: Encabeza Sa\u00fal Gonz\u00e1lez encuentro \u201cL\u00edderes de Fe: Valores y Participaci\u00f3n Comunitaria\u201d\" \/>\n<meta property=\"og:description\" content=\"El Gobierno del Estado, a trav\u00e9s del Consejo Estatal de Paz y Justicia C\u00edvica, llev\u00f3 a cabo el encuentro \u201cL\u00edderes...\" \/>\n<meta property=\"og:url\" content=\"https:\/\/buenosdiasbcs.com\/?p=8186\" \/>\n<meta property=\"og:site_name\" content=\"Buenos D&iacute;as BCS\" \/>\n<meta property=\"article:published_time\" content=\"2026-04-27T07:41:02+00:00\" \/>\n<meta property=\"article:modified_time\" content=\"2026-04-27T07:41:06+00:00\" \/>\n<meta property=\"og:image\" content=\"https:\/\/buenosdiasbcs.com\/wp-content\/uploads\/2026\/04\/7c91c092-f12c-47dc-85fa-f43d0d95c872.jpeg\" \/>\n\t<meta property=\"og:image:width\" content=\"1280\" \/>\n\t<meta property=\"og:image:height\" content=\"864\" \/>\n\t<meta property=\"og:image:type\" content=\"image\/jpeg\" \/>\n<meta name=\"author\" content=\"Edici\u00f3n Buenos D\u00edas\" \/>\n<meta name=\"twitter:card\" content=\"summary_large_image\" \/>\n<meta name=\"twitter:label1\" content=\"Escrito por\" \/>\n\t<meta name=\"twitter:data1\" content=\"Edici\u00f3n Buenos D\u00edas\" \/>\n\t<meta name=\"twitter:label2\" content=\"Tiempo de lectura\" \/>\n\t<meta name=\"twitter:data2\" content=\"2 minutos\" \/>\n<script type=\"application\/ld+json\" class=\"yoast-schema-graph\">{\"@context\":\"https:\\\/\\\/schema.org\",\"@graph\":[{\"@type\":\"Article\",\"@id\":\"https:\\\/\\\/buenosdiasbcs.com\\\/?p=8186#article\",\"isPartOf\":{\"@id\":\"https:\\\/\\\/buenosdiasbcs.com\\\/?p=8186\"},\"author\":{\"name\":\"Edici\u00f3n Buenos D\u00edas\",\"@id\":\"https:\\\/\\\/buenosdiasbcs.com\\\/#\\\/schema\\\/person\\\/15aedc247eab7070ee5d76d6d069a821\"},\"headline\":\"\u201cLa Paz se construye desde el territorio\u201d: Encabeza Sa\u00fal Gonz\u00e1lez encuentro \u201cL\u00edderes de Fe: Valores y Participaci\u00f3n Comunitaria\u201d\",\"datePublished\":\"2026-04-27T07:41:02+00:00\",\"dateModified\":\"2026-04-27T07:41:06+00:00\",\"mainEntityOfPage\":{\"@id\":\"https:\\\/\\\/buenosdiasbcs.com\\\/?p=8186\"},\"wordCount\":287,\"commentCount\":0,\"publisher\":{\"@id\":\"https:\\\/\\\/buenosdiasbcs.com\\\/#organization\"},\"image\":{\"@id\":\"https:\\\/\\\/buenosdiasbcs.com\\\/?p=8186#primaryimage\"},\"thumbnailUrl\":\"https:\\\/\\\/buenosdiasbcs.com\\\/wp-content\\\/uploads\\\/2026\\\/04\\\/7c91c092-f12c-47dc-85fa-f43d0d95c872.jpeg\",\"articleSection\":[\"Gobierno\"],\"inLanguage\":\"es\",\"potentialAction\":[{\"@type\":\"CommentAction\",\"name\":\"Comment\",\"target\":[\"https:\\\/\\\/buenosdiasbcs.com\\\/?p=8186#respond\"]}]},{\"@type\":\"WebPage\",\"@id\":\"https:\\\/\\\/buenosdiasbcs.com\\\/?p=8186\",\"url\":\"https:\\\/\\\/buenosdiasbcs.com\\\/?p=8186\",\"name\":\"\u201cLa Paz se construye desde el territorio\u201d: Encabeza Sa\u00fal Gonz\u00e1lez encuentro \u201cL\u00edderes de Fe: Valores y Participaci\u00f3n Comunitaria\u201d - Buenos D&iacute;as BCS\",\"isPartOf\":{\"@id\":\"https:\\\/\\\/buenosdiasbcs.com\\\/#website\"},\"primaryImageOfPage\":{\"@id\":\"https:\\\/\\\/buenosdiasbcs.com\\\/?p=8186#primaryimage\"},\"image\":{\"@id\":\"https:\\\/\\\/buenosdiasbcs.com\\\/?p=8186#primaryimage\"},\"thumbnailUrl\":\"https:\\\/\\\/buenosdiasbcs.com\\\/wp-content\\\/uploads\\\/2026\\\/04\\\/7c91c092-f12c-47dc-85fa-f43d0d95c872.jpeg\",\"datePublished\":\"2026-04-27T07:41:02+00:00\",\"dateModified\":\"2026-04-27T07:41:06+00:00\",\"breadcrumb\":{\"@id\":\"https:\\\/\\\/buenosdiasbcs.com\\\/?p=8186#breadcrumb\"},\"inLanguage\":\"es\",\"potentialAction\":[{\"@type\":\"ReadAction\",\"target\":[\"https:\\\/\\\/buenosdiasbcs.com\\\/?p=8186\"]}]},{\"@type\":\"ImageObject\",\"inLanguage\":\"es\",\"@id\":\"https:\\\/\\\/buenosdiasbcs.com\\\/?p=8186#primaryimage\",\"url\":\"https:\\\/\\\/buenosdiasbcs.com\\\/wp-content\\\/uploads\\\/2026\\\/04\\\/7c91c092-f12c-47dc-85fa-f43d0d95c872.jpeg\",\"contentUrl\":\"https:\\\/\\\/buenosdiasbcs.com\\\/wp-content\\\/uploads\\\/2026\\\/04\\\/7c91c092-f12c-47dc-85fa-f43d0d95c872.jpeg\",\"width\":1280,\"height\":864},{\"@type\":\"BreadcrumbList\",\"@id\":\"https:\\\/\\\/buenosdiasbcs.com\\\/?p=8186#breadcrumb\",\"itemListElement\":[{\"@type\":\"ListItem\",\"position\":1,\"name\":\"Portada\",\"item\":\"https:\\\/\\\/buenosdiasbcs.com\\\/\"},{\"@type\":\"ListItem\",\"position\":2,\"name\":\"\u201cLa Paz se construye desde el territorio\u201d: Encabeza Sa\u00fal Gonz\u00e1lez encuentro \u201cL\u00edderes de Fe: Valores y Participaci\u00f3n Comunitaria\u201d\"}]},{\"@type\":\"WebSite\",\"@id\":\"https:\\\/\\\/buenosdiasbcs.com\\\/#website\",\"url\":\"https:\\\/\\\/buenosdiasbcs.com\\\/\",\"name\":\"Buenos D\u00edas BCS\",\"description\":\"\",\"publisher\":{\"@id\":\"https:\\\/\\\/buenosdiasbcs.com\\\/#organization\"},\"potentialAction\":[{\"@type\":\"SearchAction\",\"target\":{\"@type\":\"EntryPoint\",\"urlTemplate\":\"https:\\\/\\\/buenosdiasbcs.com\\\/?s={search_term_string}\"},\"query-input\":{\"@type\":\"PropertyValueSpecification\",\"valueRequired\":true,\"valueName\":\"search_term_string\"}}],\"inLanguage\":\"es\"},{\"@type\":\"Organization\",\"@id\":\"https:\\\/\\\/buenosdiasbcs.com\\\/#organization\",\"name\":\"Buenos D\u00edas BCS\",\"url\":\"https:\\\/\\\/buenosdiasbcs.com\\\/\",\"logo\":{\"@type\":\"ImageObject\",\"inLanguage\":\"es\",\"@id\":\"https:\\\/\\\/buenosdiasbcs.com\\\/#\\\/schema\\\/logo\\\/image\\\/\",\"url\":\"https:\\\/\\\/buenosdiasbcs.com\\\/wp-content\\\/uploads\\\/2026\\\/01\\\/logo-buenos-dias-40-01.png\",\"contentUrl\":\"https:\\\/\\\/buenosdiasbcs.com\\\/wp-content\\\/uploads\\\/2026\\\/01\\\/logo-buenos-dias-40-01.png\",\"width\":277,\"height\":40,\"caption\":\"Buenos D\u00edas BCS\"},\"image\":{\"@id\":\"https:\\\/\\\/buenosdiasbcs.com\\\/#\\\/schema\\\/logo\\\/image\\\/\"}},{\"@type\":\"Person\",\"@id\":\"https:\\\/\\\/buenosdiasbcs.com\\\/#\\\/schema\\\/person\\\/15aedc247eab7070ee5d76d6d069a821\",\"name\":\"Edici\u00f3n Buenos D\u00edas\",\"image\":{\"@type\":\"ImageObject\",\"inLanguage\":\"es\",\"@id\":\"https:\\\/\\\/buenosdiasbcs.com\\\/wp-content\\\/uploads\\\/2026\\\/01\\\/cropped-sol-96x96.png\",\"url\":\"https:\\\/\\\/buenosdiasbcs.com\\\/wp-content\\\/uploads\\\/2026\\\/01\\\/cropped-sol-96x96.png\",\"contentUrl\":\"https:\\\/\\\/buenosdiasbcs.com\\\/wp-content\\\/uploads\\\/2026\\\/01\\\/cropped-sol-96x96.png\",\"caption\":\"Edici\u00f3n Buenos D\u00edas\"},\"url\":\"https:\\\/\\\/buenosdiasbcs.com\\\/?author=2\"}]}<\/script>\n<!-- \/ Yoast SEO Premium plugin. -->","yoast_head_json":{"title":"\u201cLa Paz se construye desde el territorio\u201d: Encabeza Sa\u00fal Gonz\u00e1lez encuentro \u201cL\u00edderes de Fe: Valores y Participaci\u00f3n Comunitaria\u201d - Buenos D&iacute;as BCS","robots":{"index":"index","follow":"follow","max-snippet":"max-snippet:-1","max-image-preview":"max-image-preview:large","max-video-preview":"max-video-preview:-1"},"canonical":"https:\/\/buenosdiasbcs.com\/?p=8186","og_locale":"es_ES","og_type":"article","og_title":"\u201cLa Paz se construye desde el territorio\u201d: Encabeza Sa\u00fal Gonz\u00e1lez encuentro \u201cL\u00edderes de Fe: Valores y Participaci\u00f3n Comunitaria\u201d","og_description":"El Gobierno del Estado, a trav\u00e9s del Consejo Estatal de Paz y Justicia C\u00edvica, llev\u00f3 a cabo el encuentro \u201cL\u00edderes...","og_url":"https:\/\/buenosdiasbcs.com\/?p=8186","og_site_name":"Buenos D&iacute;as BCS","article_published_time":"2026-04-27T07:41:02+00:00","article_modified_time":"2026-04-27T07:41:06+00:00","og_image":[{"width":1280,"height":864,"url":"https:\/\/buenosdiasbcs.com\/wp-content\/uploads\/2026\/04\/7c91c092-f12c-47dc-85fa-f43d0d95c872.jpeg","type":"image\/jpeg"}],"author":"Edici\u00f3n Buenos D\u00edas","twitter_card":"summary_large_image","twitter_misc":{"Escrito por":"Edici\u00f3n Buenos D\u00edas","Tiempo de lectura":"2 minutos"},"schema":{"@context":"https:\/\/schema.org","@graph":[{"@type":"Article","@id":"https:\/\/buenosdiasbcs.com\/?p=8186#article","isPartOf":{"@id":"https:\/\/buenosdiasbcs.com\/?p=8186"},"author":{"name":"Edici\u00f3n Buenos D\u00edas","@id":"https:\/\/buenosdiasbcs.com\/#\/schema\/person\/15aedc247eab7070ee5d76d6d069a821"},"headline":"\u201cLa Paz se construye desde el territorio\u201d: Encabeza Sa\u00fal Gonz\u00e1lez encuentro \u201cL\u00edderes de Fe: Valores y Participaci\u00f3n Comunitaria\u201d","datePublished":"2026-04-27T07:41:02+00:00","dateModified":"2026-04-27T07:41:06+00:00","mainEntityOfPage":{"@id":"https:\/\/buenosdiasbcs.com\/?p=8186"},"wordCount":287,"commentCount":0,"publisher":{"@id":"https:\/\/buenosdiasbcs.com\/#organization"},"image":{"@id":"https:\/\/buenosdiasbcs.com\/?p=8186#primaryimage"},"thumbnailUrl":"https:\/\/buenosdiasbcs.com\/wp-content\/uploads\/2026\/04\/7c91c092-f12c-47dc-85fa-f43d0d95c872.jpeg","articleSection":["Gobierno"],"inLanguage":"es","potentialAction":[{"@type":"CommentAction","name":"Comment","target":["https:\/\/buenosdiasbcs.com\/?p=8186#respond"]}]},{"@type":"WebPage","@id":"https:\/\/buenosdiasbcs.com\/?p=8186","url":"https:\/\/buenosdiasbcs.com\/?p=8186","name":"\u201cLa Paz se construye desde el territorio\u201d: Encabeza Sa\u00fal Gonz\u00e1lez encuentro \u201cL\u00edderes de Fe: Valores y Participaci\u00f3n Comunitaria\u201d - Buenos D&iacute;as BCS","isPartOf":{"@id":"https:\/\/buenosdiasbcs.com\/#website"},"primaryImageOfPage":{"@id":"https:\/\/buenosdiasbcs.com\/?p=8186#primaryimage"},"image":{"@id":"https:\/\/buenosdiasbcs.com\/?p=8186#primaryimage"},"thumbnailUrl":"https:\/\/buenosdiasbcs.com\/wp-content\/uploads\/2026\/04\/7c91c092-f12c-47dc-85fa-f43d0d95c872.jpeg","datePublished":"2026-04-27T07:41:02+00:00","dateModified":"2026-04-27T07:41:06+00:00","breadcrumb":{"@id":"https:\/\/buenosdiasbcs.com\/?p=8186#breadcrumb"},"inLanguage":"es","potentialAction":[{"@type":"ReadAction","target":["https:\/\/buenosdiasbcs.com\/?p=8186"]}]},{"@type":"ImageObject","inLanguage":"es","@id":"https:\/\/buenosdiasbcs.com\/?p=8186#primaryimage","url":"https:\/\/buenosdiasbcs.com\/wp-content\/uploads\/2026\/04\/7c91c092-f12c-47dc-85fa-f43d0d95c872.jpeg","contentUrl":"https:\/\/buenosdiasbcs.com\/wp-content\/uploads\/2026\/04\/7c91c092-f12c-47dc-85fa-f43d0d95c872.jpeg","width":1280,"height":864},{"@type":"BreadcrumbList","@id":"https:\/\/buenosdiasbcs.com\/?p=8186#breadcrumb","itemListElement":[{"@type":"ListItem","position":1,"name":"Portada","item":"https:\/\/buenosdiasbcs.com\/"},{"@type":"ListItem","position":2,"name":"\u201cLa Paz se construye desde el territorio\u201d: Encabeza Sa\u00fal Gonz\u00e1lez encuentro \u201cL\u00edderes de Fe: Valores y Participaci\u00f3n Comunitaria\u201d"}]},{"@type":"WebSite","@id":"https:\/\/buenosdiasbcs.com\/#website","url":"https:\/\/buenosdiasbcs.com\/","name":"Buenos D\u00edas BCS","description":"","publisher":{"@id":"https:\/\/buenosdiasbcs.com\/#organization"},"potentialAction":[{"@type":"SearchAction","target":{"@type":"EntryPoint","urlTemplate":"https:\/\/buenosdiasbcs.com\/?s={search_term_string}"},"query-input":{"@type":"PropertyValueSpecification","valueRequired":true,"valueName":"search_term_string"}}],"inLanguage":"es"},{"@type":"Organization","@id":"https:\/\/buenosdiasbcs.com\/#organization","name":"Buenos D\u00edas BCS","url":"https:\/\/buenosdiasbcs.com\/","logo":{"@type":"ImageObject","inLanguage":"es","@id":"https:\/\/buenosdiasbcs.com\/#\/schema\/logo\/image\/","url":"https:\/\/buenosdiasbcs.com\/wp-content\/uploads\/2026\/01\/logo-buenos-dias-40-01.png","contentUrl":"https:\/\/buenosdiasbcs.com\/wp-content\/uploads\/2026\/01\/logo-buenos-dias-40-01.png","width":277,"height":40,"caption":"Buenos D\u00edas BCS"},"image":{"@id":"https:\/\/buenosdiasbcs.com\/#\/schema\/logo\/image\/"}},{"@type":"Person","@id":"https:\/\/buenosdiasbcs.com\/#\/schema\/person\/15aedc247eab7070ee5d76d6d069a821","name":"Edici\u00f3n Buenos D\u00edas","image":{"@type":"ImageObject","inLanguage":"es","@id":"https:\/\/buenosdiasbcs.com\/wp-content\/uploads\/2026\/01\/cropped-sol-96x96.png","url":"https:\/\/buenosdiasbcs.com\/wp-content\/uploads\/2026\/01\/cropped-sol-96x96.png","contentUrl":"https:\/\/buenosdiasbcs.com\/wp-content\/uploads\/2026\/01\/cropped-sol-96x96.png","caption":"Edici\u00f3n Buenos D\u00edas"},"url":"https:\/\/buenosdiasbcs.com\/?author=2"}]}},"amp_enabled":true,"_links":{"self":[{"href":"https:\/\/buenosdiasbcs.com\/index.php?rest_route=\/wp\/v2\/posts\/8186","targetHints":{"allow":["GET"]}}],"collection":[{"href":"https:\/\/buenosdiasbcs.com\/index.php?rest_route=\/wp\/v2\/posts"}],"about":[{"href":"https:\/\/buenosdiasbcs.com\/index.php?rest_route=\/wp\/v2\/types\/post"}],"author":[{"embeddable":true,"href":"https:\/\/buenosdiasbcs.com\/index.php?rest_route=\/wp\/v2\/users\/2"}],"replies":[{"embeddable":true,"href":"https:\/\/buenosdiasbcs.com\/index.php?rest_route=%2Fwp%2Fv2%2Fcomments&post=8186"}],"version-history":[{"count":1,"href":"https:\/\/buenosdiasbcs.com\/index.php?rest_route=\/wp\/v2\/posts\/8186\/revisions"}],"predecessor-version":[{"id":8188,"href":"https:\/\/buenosdiasbcs.com\/index.php?rest_route=\/wp\/v2\/posts\/8186\/revisions\/8188"}],"wp:featuredmedia":[{"embeddable":true,"href":"https:\/\/buenosdiasbcs.com\/index.php?rest_route=\/wp\/v2\/media\/8187"}],"wp:attachment":[{"href":"https:\/\/buenosdiasbcs.com\/index.php?rest_route=%2Fwp%2Fv2%2Fmedia&parent=8186"}],"wp:term":[{"taxonomy":"category","embeddable":true,"href":"https:\/\/buenosdiasbcs.com\/index.php?rest_route=%2Fwp%2Fv2%2Fcategories&post=8186"},{"taxonomy":"post_tag","embeddable":true,"href":"https:\/\/buenosdiasbcs.com\/index.php?rest_route=%2Fwp%2Fv2%2Ftags&post=8186"}],"curies":[{"name":"wp","href":"https:\/\/api.w.org\/{rel}","templated":true}]}}