{"id":8183,"date":"2026-04-27T00:39:25","date_gmt":"2026-04-27T07:39:25","guid":{"rendered":"https:\/\/buenosdiasbcs.com\/?p=8183"},"modified":"2026-04-27T00:39:27","modified_gmt":"2026-04-27T07:39:27","slug":"inicio-en-bcs-la-semana-nacional-de-vacunacion-con-meta-de-aplicar-mas-de-10-mil-dosis","status":"publish","type":"post","link":"https:\/\/buenosdiasbcs.com\/?p=8183","title":{"rendered":"Inici\u00f3 en BCS la Semana Nacional de Vacunaci\u00f3n con meta de aplicar m\u00e1s de 10 mil dosis"},"content":{"rendered":"\n<p>El Gobierno de Baja California Sur, en coordinaci\u00f3n con las instituciones del sector salud, llev\u00f3 a cabo el arranque de la Semana Nacional de Vacunaci\u00f3n 2026, con el objetivo de proteger a ni\u00f1as, ni\u00f1os, adolescentes, personas adultas y adultas mayores de enfermedades que pueden derivar en complicaciones graves.<\/p>\n\n\n\n<p>Durante esta jornada se prev\u00e9 la aplicaci\u00f3n de m\u00e1s de 10 mil biol\u00f3gicos gratuitos, seguros y eficaces, mediante 94 puestos de vacunaci\u00f3n habilitados en los cinco municipios, inform\u00f3 la secretaria de Salud, Ana Luisa Guluarte Castro.<\/p>\n\n\n\n<p>Precis\u00f3 que la campa\u00f1a permanecer\u00e1 activa hasta el dos de mayo en unidades m\u00e9dicas de todo el sector, donde se estar\u00e1n aplicando vacunas contra sarampi\u00f3n, rub\u00e9ola y parotiditis, as\u00ed como contra neumococo, t\u00e9tanos y difteria, entre otros padecimientos prevenibles.<\/p>\n\n\n\n<p>Para este 2026, el programa estatal incorpora la vacuna contra hepatitis A en ni\u00f1as y ni\u00f1os de 18 meses, adem\u00e1s de la inmunizaci\u00f3n contra el virus sincitial respiratorio dirigida a mujeres embarazadas entre las semanas 32 y 36 de gestaci\u00f3n, lo que permite proteger la salud desde etapas previas al nacimiento, agreg\u00f3.<\/p>\n\n\n\n<p>Estas acciones han favorecido que Baja California Sur se mantenga, durante las \u00faltimas cuatro semanas, sin casos activos de sarampi\u00f3n, enfermedad que suele afectar con mayor gravedad a la poblaci\u00f3n infantil.<\/p>\n\n\n\n<p>En este sentido, Guluarte Castro convoc\u00f3 a la ciudadan\u00eda a acudir a centros de salud, cl\u00ednicas y hospitales para iniciar o completar sus esquemas de vacunaci\u00f3n, al subrayar que esta medida es fundamental para la protecci\u00f3n individual y colectiva.<\/p>\n","protected":false},"excerpt":{"rendered":"<p>El Gobierno de Baja California Sur, en coordinaci\u00f3n con las instituciones del sector salud, llev\u00f3 a cabo el arranque de&#8230;<\/p>\n","protected":false},"author":2,"featured_media":8184,"comment_status":"open","ping_status":"open","sticky":false,"template":"","format":"standard","meta":{"footnotes":""},"categories":[24],"tags":[],"class_list":["post-8183","post","type-post","status-publish","format-standard","has-post-thumbnail","hentry","category-gobierno"],"yoast_head":"<!-- This site is optimized with the Yoast SEO Premium plugin v26.8 (Yoast SEO v27.4) - https:\/\/yoast.com\/product\/yoast-seo-premium-wordpress\/ -->\n<title>Inici\u00f3 en BCS la Semana Nacional de Vacunaci\u00f3n con meta de aplicar m\u00e1s de 10 mil dosis - Buenos D&iacute;as BCS<\/title>\n<meta name=\"robots\" content=\"index, follow, max-snippet:-1, max-image-preview:large, max-video-preview:-1\" \/>\n<link rel=\"canonical\" href=\"https:\/\/buenosdiasbcs.com\/?p=8183\" \/>\n<meta property=\"og:locale\" content=\"es_ES\" \/>\n<meta property=\"og:type\" content=\"article\" \/>\n<meta property=\"og:title\" content=\"Inici\u00f3 en BCS la Semana Nacional de Vacunaci\u00f3n con meta de aplicar m\u00e1s de 10 mil dosis\" \/>\n<meta property=\"og:description\" content=\"El Gobierno de Baja California Sur, en coordinaci\u00f3n con las instituciones del sector salud, llev\u00f3 a cabo el arranque de...\" \/>\n<meta property=\"og:url\" content=\"https:\/\/buenosdiasbcs.com\/?p=8183\" \/>\n<meta property=\"og:site_name\" content=\"Buenos D&iacute;as BCS\" \/>\n<meta property=\"article:published_time\" content=\"2026-04-27T07:39:25+00:00\" \/>\n<meta property=\"article:modified_time\" content=\"2026-04-27T07:39:27+00:00\" \/>\n<meta property=\"og:image\" content=\"https:\/\/buenosdiasbcs.com\/wp-content\/uploads\/2026\/04\/7a2d2619-7c4c-400d-a884-86e774a0c87d.jpeg\" \/>\n\t<meta property=\"og:image:width\" content=\"800\" \/>\n\t<meta property=\"og:image:height\" content=\"448\" \/>\n\t<meta property=\"og:image:type\" content=\"image\/jpeg\" \/>\n<meta name=\"author\" content=\"Edici\u00f3n Buenos D\u00edas\" \/>\n<meta name=\"twitter:card\" content=\"summary_large_image\" \/>\n<meta name=\"twitter:label1\" content=\"Escrito por\" \/>\n\t<meta name=\"twitter:data1\" content=\"Edici\u00f3n Buenos D\u00edas\" \/>\n\t<meta name=\"twitter:label2\" content=\"Tiempo de lectura\" \/>\n\t<meta name=\"twitter:data2\" content=\"2 minutos\" \/>\n<script type=\"application\/ld+json\" class=\"yoast-schema-graph\">{\"@context\":\"https:\\\/\\\/schema.org\",\"@graph\":[{\"@type\":\"Article\",\"@id\":\"https:\\\/\\\/buenosdiasbcs.com\\\/?p=8183#article\",\"isPartOf\":{\"@id\":\"https:\\\/\\\/buenosdiasbcs.com\\\/?p=8183\"},\"author\":{\"name\":\"Edici\u00f3n Buenos D\u00edas\",\"@id\":\"https:\\\/\\\/buenosdiasbcs.com\\\/#\\\/schema\\\/person\\\/15aedc247eab7070ee5d76d6d069a821\"},\"headline\":\"Inici\u00f3 en BCS la Semana Nacional de Vacunaci\u00f3n con meta de aplicar m\u00e1s de 10 mil dosis\",\"datePublished\":\"2026-04-27T07:39:25+00:00\",\"dateModified\":\"2026-04-27T07:39:27+00:00\",\"mainEntityOfPage\":{\"@id\":\"https:\\\/\\\/buenosdiasbcs.com\\\/?p=8183\"},\"wordCount\":281,\"commentCount\":0,\"publisher\":{\"@id\":\"https:\\\/\\\/buenosdiasbcs.com\\\/#organization\"},\"image\":{\"@id\":\"https:\\\/\\\/buenosdiasbcs.com\\\/?p=8183#primaryimage\"},\"thumbnailUrl\":\"https:\\\/\\\/buenosdiasbcs.com\\\/wp-content\\\/uploads\\\/2026\\\/04\\\/7a2d2619-7c4c-400d-a884-86e774a0c87d.jpeg\",\"articleSection\":[\"Gobierno\"],\"inLanguage\":\"es\",\"potentialAction\":[{\"@type\":\"CommentAction\",\"name\":\"Comment\",\"target\":[\"https:\\\/\\\/buenosdiasbcs.com\\\/?p=8183#respond\"]}]},{\"@type\":\"WebPage\",\"@id\":\"https:\\\/\\\/buenosdiasbcs.com\\\/?p=8183\",\"url\":\"https:\\\/\\\/buenosdiasbcs.com\\\/?p=8183\",\"name\":\"Inici\u00f3 en BCS la Semana Nacional de Vacunaci\u00f3n con meta de aplicar m\u00e1s de 10 mil dosis - Buenos D&iacute;as BCS\",\"isPartOf\":{\"@id\":\"https:\\\/\\\/buenosdiasbcs.com\\\/#website\"},\"primaryImageOfPage\":{\"@id\":\"https:\\\/\\\/buenosdiasbcs.com\\\/?p=8183#primaryimage\"},\"image\":{\"@id\":\"https:\\\/\\\/buenosdiasbcs.com\\\/?p=8183#primaryimage\"},\"thumbnailUrl\":\"https:\\\/\\\/buenosdiasbcs.com\\\/wp-content\\\/uploads\\\/2026\\\/04\\\/7a2d2619-7c4c-400d-a884-86e774a0c87d.jpeg\",\"datePublished\":\"2026-04-27T07:39:25+00:00\",\"dateModified\":\"2026-04-27T07:39:27+00:00\",\"breadcrumb\":{\"@id\":\"https:\\\/\\\/buenosdiasbcs.com\\\/?p=8183#breadcrumb\"},\"inLanguage\":\"es\",\"potentialAction\":[{\"@type\":\"ReadAction\",\"target\":[\"https:\\\/\\\/buenosdiasbcs.com\\\/?p=8183\"]}]},{\"@type\":\"ImageObject\",\"inLanguage\":\"es\",\"@id\":\"https:\\\/\\\/buenosdiasbcs.com\\\/?p=8183#primaryimage\",\"url\":\"https:\\\/\\\/buenosdiasbcs.com\\\/wp-content\\\/uploads\\\/2026\\\/04\\\/7a2d2619-7c4c-400d-a884-86e774a0c87d.jpeg\",\"contentUrl\":\"https:\\\/\\\/buenosdiasbcs.com\\\/wp-content\\\/uploads\\\/2026\\\/04\\\/7a2d2619-7c4c-400d-a884-86e774a0c87d.jpeg\",\"width\":800,\"height\":448},{\"@type\":\"BreadcrumbList\",\"@id\":\"https:\\\/\\\/buenosdiasbcs.com\\\/?p=8183#breadcrumb\",\"itemListElement\":[{\"@type\":\"ListItem\",\"position\":1,\"name\":\"Portada\",\"item\":\"https:\\\/\\\/buenosdiasbcs.com\\\/\"},{\"@type\":\"ListItem\",\"position\":2,\"name\":\"Inici\u00f3 en BCS la Semana Nacional de Vacunaci\u00f3n con meta de aplicar m\u00e1s de 10 mil dosis\"}]},{\"@type\":\"WebSite\",\"@id\":\"https:\\\/\\\/buenosdiasbcs.com\\\/#website\",\"url\":\"https:\\\/\\\/buenosdiasbcs.com\\\/\",\"name\":\"Buenos D\u00edas BCS\",\"description\":\"\",\"publisher\":{\"@id\":\"https:\\\/\\\/buenosdiasbcs.com\\\/#organization\"},\"potentialAction\":[{\"@type\":\"SearchAction\",\"target\":{\"@type\":\"EntryPoint\",\"urlTemplate\":\"https:\\\/\\\/buenosdiasbcs.com\\\/?s={search_term_string}\"},\"query-input\":{\"@type\":\"PropertyValueSpecification\",\"valueRequired\":true,\"valueName\":\"search_term_string\"}}],\"inLanguage\":\"es\"},{\"@type\":\"Organization\",\"@id\":\"https:\\\/\\\/buenosdiasbcs.com\\\/#organization\",\"name\":\"Buenos D\u00edas BCS\",\"url\":\"https:\\\/\\\/buenosdiasbcs.com\\\/\",\"logo\":{\"@type\":\"ImageObject\",\"inLanguage\":\"es\",\"@id\":\"https:\\\/\\\/buenosdiasbcs.com\\\/#\\\/schema\\\/logo\\\/image\\\/\",\"url\":\"https:\\\/\\\/buenosdiasbcs.com\\\/wp-content\\\/uploads\\\/2026\\\/01\\\/logo-buenos-dias-40-01.png\",\"contentUrl\":\"https:\\\/\\\/buenosdiasbcs.com\\\/wp-content\\\/uploads\\\/2026\\\/01\\\/logo-buenos-dias-40-01.png\",\"width\":277,\"height\":40,\"caption\":\"Buenos D\u00edas BCS\"},\"image\":{\"@id\":\"https:\\\/\\\/buenosdiasbcs.com\\\/#\\\/schema\\\/logo\\\/image\\\/\"}},{\"@type\":\"Person\",\"@id\":\"https:\\\/\\\/buenosdiasbcs.com\\\/#\\\/schema\\\/person\\\/15aedc247eab7070ee5d76d6d069a821\",\"name\":\"Edici\u00f3n Buenos D\u00edas\",\"image\":{\"@type\":\"ImageObject\",\"inLanguage\":\"es\",\"@id\":\"https:\\\/\\\/buenosdiasbcs.com\\\/wp-content\\\/uploads\\\/2026\\\/01\\\/cropped-sol-96x96.png\",\"url\":\"https:\\\/\\\/buenosdiasbcs.com\\\/wp-content\\\/uploads\\\/2026\\\/01\\\/cropped-sol-96x96.png\",\"contentUrl\":\"https:\\\/\\\/buenosdiasbcs.com\\\/wp-content\\\/uploads\\\/2026\\\/01\\\/cropped-sol-96x96.png\",\"caption\":\"Edici\u00f3n Buenos D\u00edas\"},\"url\":\"https:\\\/\\\/buenosdiasbcs.com\\\/?author=2\"}]}<\/script>\n<!-- \/ Yoast SEO Premium plugin. -->","yoast_head_json":{"title":"Inici\u00f3 en BCS la Semana Nacional de Vacunaci\u00f3n con meta de aplicar m\u00e1s de 10 mil dosis - Buenos D&iacute;as BCS","robots":{"index":"index","follow":"follow","max-snippet":"max-snippet:-1","max-image-preview":"max-image-preview:large","max-video-preview":"max-video-preview:-1"},"canonical":"https:\/\/buenosdiasbcs.com\/?p=8183","og_locale":"es_ES","og_type":"article","og_title":"Inici\u00f3 en BCS la Semana Nacional de Vacunaci\u00f3n con meta de aplicar m\u00e1s de 10 mil dosis","og_description":"El Gobierno de Baja California Sur, en coordinaci\u00f3n con las instituciones del sector salud, llev\u00f3 a cabo el arranque de...","og_url":"https:\/\/buenosdiasbcs.com\/?p=8183","og_site_name":"Buenos D&iacute;as BCS","article_published_time":"2026-04-27T07:39:25+00:00","article_modified_time":"2026-04-27T07:39:27+00:00","og_image":[{"width":800,"height":448,"url":"https:\/\/buenosdiasbcs.com\/wp-content\/uploads\/2026\/04\/7a2d2619-7c4c-400d-a884-86e774a0c87d.jpeg","type":"image\/jpeg"}],"author":"Edici\u00f3n Buenos D\u00edas","twitter_card":"summary_large_image","twitter_misc":{"Escrito por":"Edici\u00f3n Buenos D\u00edas","Tiempo de lectura":"2 minutos"},"schema":{"@context":"https:\/\/schema.org","@graph":[{"@type":"Article","@id":"https:\/\/buenosdiasbcs.com\/?p=8183#article","isPartOf":{"@id":"https:\/\/buenosdiasbcs.com\/?p=8183"},"author":{"name":"Edici\u00f3n Buenos D\u00edas","@id":"https:\/\/buenosdiasbcs.com\/#\/schema\/person\/15aedc247eab7070ee5d76d6d069a821"},"headline":"Inici\u00f3 en BCS la Semana Nacional de Vacunaci\u00f3n con meta de aplicar m\u00e1s de 10 mil dosis","datePublished":"2026-04-27T07:39:25+00:00","dateModified":"2026-04-27T07:39:27+00:00","mainEntityOfPage":{"@id":"https:\/\/buenosdiasbcs.com\/?p=8183"},"wordCount":281,"commentCount":0,"publisher":{"@id":"https:\/\/buenosdiasbcs.com\/#organization"},"image":{"@id":"https:\/\/buenosdiasbcs.com\/?p=8183#primaryimage"},"thumbnailUrl":"https:\/\/buenosdiasbcs.com\/wp-content\/uploads\/2026\/04\/7a2d2619-7c4c-400d-a884-86e774a0c87d.jpeg","articleSection":["Gobierno"],"inLanguage":"es","potentialAction":[{"@type":"CommentAction","name":"Comment","target":["https:\/\/buenosdiasbcs.com\/?p=8183#respond"]}]},{"@type":"WebPage","@id":"https:\/\/buenosdiasbcs.com\/?p=8183","url":"https:\/\/buenosdiasbcs.com\/?p=8183","name":"Inici\u00f3 en BCS la Semana Nacional de Vacunaci\u00f3n con meta de aplicar m\u00e1s de 10 mil dosis - Buenos D&iacute;as BCS","isPartOf":{"@id":"https:\/\/buenosdiasbcs.com\/#website"},"primaryImageOfPage":{"@id":"https:\/\/buenosdiasbcs.com\/?p=8183#primaryimage"},"image":{"@id":"https:\/\/buenosdiasbcs.com\/?p=8183#primaryimage"},"thumbnailUrl":"https:\/\/buenosdiasbcs.com\/wp-content\/uploads\/2026\/04\/7a2d2619-7c4c-400d-a884-86e774a0c87d.jpeg","datePublished":"2026-04-27T07:39:25+00:00","dateModified":"2026-04-27T07:39:27+00:00","breadcrumb":{"@id":"https:\/\/buenosdiasbcs.com\/?p=8183#breadcrumb"},"inLanguage":"es","potentialAction":[{"@type":"ReadAction","target":["https:\/\/buenosdiasbcs.com\/?p=8183"]}]},{"@type":"ImageObject","inLanguage":"es","@id":"https:\/\/buenosdiasbcs.com\/?p=8183#primaryimage","url":"https:\/\/buenosdiasbcs.com\/wp-content\/uploads\/2026\/04\/7a2d2619-7c4c-400d-a884-86e774a0c87d.jpeg","contentUrl":"https:\/\/buenosdiasbcs.com\/wp-content\/uploads\/2026\/04\/7a2d2619-7c4c-400d-a884-86e774a0c87d.jpeg","width":800,"height":448},{"@type":"BreadcrumbList","@id":"https:\/\/buenosdiasbcs.com\/?p=8183#breadcrumb","itemListElement":[{"@type":"ListItem","position":1,"name":"Portada","item":"https:\/\/buenosdiasbcs.com\/"},{"@type":"ListItem","position":2,"name":"Inici\u00f3 en BCS la Semana Nacional de Vacunaci\u00f3n con meta de aplicar m\u00e1s de 10 mil dosis"}]},{"@type":"WebSite","@id":"https:\/\/buenosdiasbcs.com\/#website","url":"https:\/\/buenosdiasbcs.com\/","name":"Buenos D\u00edas BCS","description":"","publisher":{"@id":"https:\/\/buenosdiasbcs.com\/#organization"},"potentialAction":[{"@type":"SearchAction","target":{"@type":"EntryPoint","urlTemplate":"https:\/\/buenosdiasbcs.com\/?s={search_term_string}"},"query-input":{"@type":"PropertyValueSpecification","valueRequired":true,"valueName":"search_term_string"}}],"inLanguage":"es"},{"@type":"Organization","@id":"https:\/\/buenosdiasbcs.com\/#organization","name":"Buenos D\u00edas BCS","url":"https:\/\/buenosdiasbcs.com\/","logo":{"@type":"ImageObject","inLanguage":"es","@id":"https:\/\/buenosdiasbcs.com\/#\/schema\/logo\/image\/","url":"https:\/\/buenosdiasbcs.com\/wp-content\/uploads\/2026\/01\/logo-buenos-dias-40-01.png","contentUrl":"https:\/\/buenosdiasbcs.com\/wp-content\/uploads\/2026\/01\/logo-buenos-dias-40-01.png","width":277,"height":40,"caption":"Buenos D\u00edas BCS"},"image":{"@id":"https:\/\/buenosdiasbcs.com\/#\/schema\/logo\/image\/"}},{"@type":"Person","@id":"https:\/\/buenosdiasbcs.com\/#\/schema\/person\/15aedc247eab7070ee5d76d6d069a821","name":"Edici\u00f3n Buenos D\u00edas","image":{"@type":"ImageObject","inLanguage":"es","@id":"https:\/\/buenosdiasbcs.com\/wp-content\/uploads\/2026\/01\/cropped-sol-96x96.png","url":"https:\/\/buenosdiasbcs.com\/wp-content\/uploads\/2026\/01\/cropped-sol-96x96.png","contentUrl":"https:\/\/buenosdiasbcs.com\/wp-content\/uploads\/2026\/01\/cropped-sol-96x96.png","caption":"Edici\u00f3n Buenos D\u00edas"},"url":"https:\/\/buenosdiasbcs.com\/?author=2"}]}},"amp_enabled":true,"_links":{"self":[{"href":"https:\/\/buenosdiasbcs.com\/index.php?rest_route=\/wp\/v2\/posts\/8183","targetHints":{"allow":["GET"]}}],"collection":[{"href":"https:\/\/buenosdiasbcs.com\/index.php?rest_route=\/wp\/v2\/posts"}],"about":[{"href":"https:\/\/buenosdiasbcs.com\/index.php?rest_route=\/wp\/v2\/types\/post"}],"author":[{"embeddable":true,"href":"https:\/\/buenosdiasbcs.com\/index.php?rest_route=\/wp\/v2\/users\/2"}],"replies":[{"embeddable":true,"href":"https:\/\/buenosdiasbcs.com\/index.php?rest_route=%2Fwp%2Fv2%2Fcomments&post=8183"}],"version-history":[{"count":1,"href":"https:\/\/buenosdiasbcs.com\/index.php?rest_route=\/wp\/v2\/posts\/8183\/revisions"}],"predecessor-version":[{"id":8185,"href":"https:\/\/buenosdiasbcs.com\/index.php?rest_route=\/wp\/v2\/posts\/8183\/revisions\/8185"}],"wp:featuredmedia":[{"embeddable":true,"href":"https:\/\/buenosdiasbcs.com\/index.php?rest_route=\/wp\/v2\/media\/8184"}],"wp:attachment":[{"href":"https:\/\/buenosdiasbcs.com\/index.php?rest_route=%2Fwp%2Fv2%2Fmedia&parent=8183"}],"wp:term":[{"taxonomy":"category","embeddable":true,"href":"https:\/\/buenosdiasbcs.com\/index.php?rest_route=%2Fwp%2Fv2%2Fcategories&post=8183"},{"taxonomy":"post_tag","embeddable":true,"href":"https:\/\/buenosdiasbcs.com\/index.php?rest_route=%2Fwp%2Fv2%2Ftags&post=8183"}],"curies":[{"name":"wp","href":"https:\/\/api.w.org\/{rel}","templated":true}]}}