{"id":8180,"date":"2026-04-27T00:34:26","date_gmt":"2026-04-27T07:34:26","guid":{"rendered":"https:\/\/buenosdiasbcs.com\/?p=8180"},"modified":"2026-04-27T00:34:29","modified_gmt":"2026-04-27T07:34:29","slug":"fomentan-desarrollo-infantil-y-conciencia-ecologica-con-programa-somos-tribu","status":"publish","type":"post","link":"https:\/\/buenosdiasbcs.com\/?p=8180","title":{"rendered":"Fomentan desarrollo infantil y conciencia ecol\u00f3gica con programa \u201cSomos Tribu\u201d"},"content":{"rendered":"\n<p><strong>Los Cabos, Baja California Sur<\/strong>.\u2013 En el marco de la celebraci\u00f3n del D\u00eda del Ni\u00f1o y el D\u00eda de la Tierra, se llev\u00f3 a cabo el evento \u201cPeque\u00f1a Tribu: Guardianes de la Tierra\u201d, una iniciativa del programa \u201cSomos Tribu\u201d que reuni\u00f3 a familias, con el objetivo de fortalecer el desarrollo integral de la ni\u00f1ez.<\/p>\n\n\n\n<p>Durante la jornada, ni\u00f1as y ni\u00f1os participaron junto a sus familias en talleres, din\u00e1micas sensoriales y actividades de educaci\u00f3n ambiental, promoviendo el respeto por la naturaleza y el cuidado de la Madre Tierra. Estas acciones permitieron reforzar la importancia de adoptar pr\u00e1cticas responsables desde la infancia, en un ambiente l\u00fadico y formativo.<\/p>\n\n\n\n<p>En su mensaje, la coordinadora de Fomento y Vinculaci\u00f3n Empresarial, Jazm\u00edn Miranda Uriostegui, destac\u00f3 la importancia de la colaboraci\u00f3n entre sociedad civil, sector empresarial y comunidad para generar espacios que contribuyan al bienestar. Asimismo, agradeci\u00f3 a la organizadora Rosa Mart\u00ednez por su compromiso y dedicaci\u00f3n, e invit\u00f3 a la ciudadan\u00eda a sumarse a esta iniciativa comunitaria a trav\u00e9s del n\u00famero telef\u00f3nico 624 126 32 94.<\/p>\n\n\n\n<p>El evento tambi\u00e9n impuls\u00f3 la econom\u00eda local con la participaci\u00f3n de artesanas, artesanos y emprendedores de Cabo San Lucas, integrantes de \u201cSomos Tribu\u201d, quienes ofrecieron productos elaborados en la comunidad, incentivando el consumo consciente y el apoyo al talento local.<\/p>\n","protected":false},"excerpt":{"rendered":"<p>Los Cabos, Baja California Sur.\u2013 En el marco de la celebraci\u00f3n del D\u00eda del Ni\u00f1o y el D\u00eda de la&#8230;<\/p>\n","protected":false},"author":2,"featured_media":8181,"comment_status":"open","ping_status":"open","sticky":false,"template":"","format":"standard","meta":{"footnotes":""},"categories":[31],"tags":[],"class_list":["post-8180","post","type-post","status-publish","format-standard","has-post-thumbnail","hentry","category-los-cabos"],"yoast_head":"<!-- This site is optimized with the Yoast SEO Premium plugin v26.8 (Yoast SEO v27.4) - https:\/\/yoast.com\/product\/yoast-seo-premium-wordpress\/ -->\n<title>Fomentan desarrollo infantil y conciencia ecol\u00f3gica con programa \u201cSomos Tribu\u201d - Buenos D&iacute;as BCS<\/title>\n<meta name=\"robots\" content=\"index, follow, max-snippet:-1, max-image-preview:large, max-video-preview:-1\" \/>\n<link rel=\"canonical\" href=\"https:\/\/buenosdiasbcs.com\/?p=8180\" \/>\n<meta property=\"og:locale\" content=\"es_ES\" \/>\n<meta property=\"og:type\" content=\"article\" \/>\n<meta property=\"og:title\" content=\"Fomentan desarrollo infantil y conciencia ecol\u00f3gica con programa \u201cSomos Tribu\u201d\" \/>\n<meta property=\"og:description\" content=\"Los Cabos, Baja California Sur.\u2013 En el marco de la celebraci\u00f3n del D\u00eda del Ni\u00f1o y el D\u00eda de la...\" \/>\n<meta property=\"og:url\" content=\"https:\/\/buenosdiasbcs.com\/?p=8180\" \/>\n<meta property=\"og:site_name\" content=\"Buenos D&iacute;as BCS\" \/>\n<meta property=\"article:published_time\" content=\"2026-04-27T07:34:26+00:00\" \/>\n<meta property=\"article:modified_time\" content=\"2026-04-27T07:34:29+00:00\" \/>\n<meta property=\"og:image\" content=\"https:\/\/buenosdiasbcs.com\/wp-content\/uploads\/2026\/04\/WhatsApp-Image-2026-04-26-at-16.45.15-scaled-1.jpeg\" \/>\n\t<meta property=\"og:image:width\" content=\"1024\" \/>\n\t<meta property=\"og:image:height\" content=\"598\" \/>\n\t<meta property=\"og:image:type\" content=\"image\/jpeg\" \/>\n<meta name=\"author\" content=\"Edici\u00f3n Buenos D\u00edas\" \/>\n<meta name=\"twitter:card\" content=\"summary_large_image\" \/>\n<meta name=\"twitter:label1\" content=\"Escrito por\" \/>\n\t<meta name=\"twitter:data1\" content=\"Edici\u00f3n Buenos D\u00edas\" \/>\n\t<meta name=\"twitter:label2\" content=\"Tiempo de lectura\" \/>\n\t<meta name=\"twitter:data2\" content=\"2 minutos\" \/>\n<script type=\"application\/ld+json\" class=\"yoast-schema-graph\">{\"@context\":\"https:\\\/\\\/schema.org\",\"@graph\":[{\"@type\":\"Article\",\"@id\":\"https:\\\/\\\/buenosdiasbcs.com\\\/?p=8180#article\",\"isPartOf\":{\"@id\":\"https:\\\/\\\/buenosdiasbcs.com\\\/?p=8180\"},\"author\":{\"name\":\"Edici\u00f3n Buenos D\u00edas\",\"@id\":\"https:\\\/\\\/buenosdiasbcs.com\\\/#\\\/schema\\\/person\\\/15aedc247eab7070ee5d76d6d069a821\"},\"headline\":\"Fomentan desarrollo infantil y conciencia ecol\u00f3gica con programa \u201cSomos Tribu\u201d\",\"datePublished\":\"2026-04-27T07:34:26+00:00\",\"dateModified\":\"2026-04-27T07:34:29+00:00\",\"mainEntityOfPage\":{\"@id\":\"https:\\\/\\\/buenosdiasbcs.com\\\/?p=8180\"},\"wordCount\":242,\"commentCount\":0,\"publisher\":{\"@id\":\"https:\\\/\\\/buenosdiasbcs.com\\\/#organization\"},\"image\":{\"@id\":\"https:\\\/\\\/buenosdiasbcs.com\\\/?p=8180#primaryimage\"},\"thumbnailUrl\":\"https:\\\/\\\/buenosdiasbcs.com\\\/wp-content\\\/uploads\\\/2026\\\/04\\\/WhatsApp-Image-2026-04-26-at-16.45.15-scaled-1.jpeg\",\"articleSection\":[\"Los Cabos\"],\"inLanguage\":\"es\",\"potentialAction\":[{\"@type\":\"CommentAction\",\"name\":\"Comment\",\"target\":[\"https:\\\/\\\/buenosdiasbcs.com\\\/?p=8180#respond\"]}]},{\"@type\":\"WebPage\",\"@id\":\"https:\\\/\\\/buenosdiasbcs.com\\\/?p=8180\",\"url\":\"https:\\\/\\\/buenosdiasbcs.com\\\/?p=8180\",\"name\":\"Fomentan desarrollo infantil y conciencia ecol\u00f3gica con programa \u201cSomos Tribu\u201d - Buenos D&iacute;as BCS\",\"isPartOf\":{\"@id\":\"https:\\\/\\\/buenosdiasbcs.com\\\/#website\"},\"primaryImageOfPage\":{\"@id\":\"https:\\\/\\\/buenosdiasbcs.com\\\/?p=8180#primaryimage\"},\"image\":{\"@id\":\"https:\\\/\\\/buenosdiasbcs.com\\\/?p=8180#primaryimage\"},\"thumbnailUrl\":\"https:\\\/\\\/buenosdiasbcs.com\\\/wp-content\\\/uploads\\\/2026\\\/04\\\/WhatsApp-Image-2026-04-26-at-16.45.15-scaled-1.jpeg\",\"datePublished\":\"2026-04-27T07:34:26+00:00\",\"dateModified\":\"2026-04-27T07:34:29+00:00\",\"breadcrumb\":{\"@id\":\"https:\\\/\\\/buenosdiasbcs.com\\\/?p=8180#breadcrumb\"},\"inLanguage\":\"es\",\"potentialAction\":[{\"@type\":\"ReadAction\",\"target\":[\"https:\\\/\\\/buenosdiasbcs.com\\\/?p=8180\"]}]},{\"@type\":\"ImageObject\",\"inLanguage\":\"es\",\"@id\":\"https:\\\/\\\/buenosdiasbcs.com\\\/?p=8180#primaryimage\",\"url\":\"https:\\\/\\\/buenosdiasbcs.com\\\/wp-content\\\/uploads\\\/2026\\\/04\\\/WhatsApp-Image-2026-04-26-at-16.45.15-scaled-1.jpeg\",\"contentUrl\":\"https:\\\/\\\/buenosdiasbcs.com\\\/wp-content\\\/uploads\\\/2026\\\/04\\\/WhatsApp-Image-2026-04-26-at-16.45.15-scaled-1.jpeg\",\"width\":1024,\"height\":598},{\"@type\":\"BreadcrumbList\",\"@id\":\"https:\\\/\\\/buenosdiasbcs.com\\\/?p=8180#breadcrumb\",\"itemListElement\":[{\"@type\":\"ListItem\",\"position\":1,\"name\":\"Portada\",\"item\":\"https:\\\/\\\/buenosdiasbcs.com\\\/\"},{\"@type\":\"ListItem\",\"position\":2,\"name\":\"Fomentan desarrollo infantil y conciencia ecol\u00f3gica con programa \u201cSomos Tribu\u201d\"}]},{\"@type\":\"WebSite\",\"@id\":\"https:\\\/\\\/buenosdiasbcs.com\\\/#website\",\"url\":\"https:\\\/\\\/buenosdiasbcs.com\\\/\",\"name\":\"Buenos D\u00edas BCS\",\"description\":\"\",\"publisher\":{\"@id\":\"https:\\\/\\\/buenosdiasbcs.com\\\/#organization\"},\"potentialAction\":[{\"@type\":\"SearchAction\",\"target\":{\"@type\":\"EntryPoint\",\"urlTemplate\":\"https:\\\/\\\/buenosdiasbcs.com\\\/?s={search_term_string}\"},\"query-input\":{\"@type\":\"PropertyValueSpecification\",\"valueRequired\":true,\"valueName\":\"search_term_string\"}}],\"inLanguage\":\"es\"},{\"@type\":\"Organization\",\"@id\":\"https:\\\/\\\/buenosdiasbcs.com\\\/#organization\",\"name\":\"Buenos D\u00edas BCS\",\"url\":\"https:\\\/\\\/buenosdiasbcs.com\\\/\",\"logo\":{\"@type\":\"ImageObject\",\"inLanguage\":\"es\",\"@id\":\"https:\\\/\\\/buenosdiasbcs.com\\\/#\\\/schema\\\/logo\\\/image\\\/\",\"url\":\"https:\\\/\\\/buenosdiasbcs.com\\\/wp-content\\\/uploads\\\/2026\\\/01\\\/logo-buenos-dias-40-01.png\",\"contentUrl\":\"https:\\\/\\\/buenosdiasbcs.com\\\/wp-content\\\/uploads\\\/2026\\\/01\\\/logo-buenos-dias-40-01.png\",\"width\":277,\"height\":40,\"caption\":\"Buenos D\u00edas BCS\"},\"image\":{\"@id\":\"https:\\\/\\\/buenosdiasbcs.com\\\/#\\\/schema\\\/logo\\\/image\\\/\"}},{\"@type\":\"Person\",\"@id\":\"https:\\\/\\\/buenosdiasbcs.com\\\/#\\\/schema\\\/person\\\/15aedc247eab7070ee5d76d6d069a821\",\"name\":\"Edici\u00f3n Buenos D\u00edas\",\"image\":{\"@type\":\"ImageObject\",\"inLanguage\":\"es\",\"@id\":\"https:\\\/\\\/buenosdiasbcs.com\\\/wp-content\\\/uploads\\\/2026\\\/01\\\/cropped-sol-96x96.png\",\"url\":\"https:\\\/\\\/buenosdiasbcs.com\\\/wp-content\\\/uploads\\\/2026\\\/01\\\/cropped-sol-96x96.png\",\"contentUrl\":\"https:\\\/\\\/buenosdiasbcs.com\\\/wp-content\\\/uploads\\\/2026\\\/01\\\/cropped-sol-96x96.png\",\"caption\":\"Edici\u00f3n Buenos D\u00edas\"},\"url\":\"https:\\\/\\\/buenosdiasbcs.com\\\/?author=2\"}]}<\/script>\n<!-- \/ Yoast SEO Premium plugin. -->","yoast_head_json":{"title":"Fomentan desarrollo infantil y conciencia ecol\u00f3gica con programa \u201cSomos Tribu\u201d - Buenos D&iacute;as BCS","robots":{"index":"index","follow":"follow","max-snippet":"max-snippet:-1","max-image-preview":"max-image-preview:large","max-video-preview":"max-video-preview:-1"},"canonical":"https:\/\/buenosdiasbcs.com\/?p=8180","og_locale":"es_ES","og_type":"article","og_title":"Fomentan desarrollo infantil y conciencia ecol\u00f3gica con programa \u201cSomos Tribu\u201d","og_description":"Los Cabos, Baja California Sur.\u2013 En el marco de la celebraci\u00f3n del D\u00eda del Ni\u00f1o y el D\u00eda de la...","og_url":"https:\/\/buenosdiasbcs.com\/?p=8180","og_site_name":"Buenos D&iacute;as BCS","article_published_time":"2026-04-27T07:34:26+00:00","article_modified_time":"2026-04-27T07:34:29+00:00","og_image":[{"width":1024,"height":598,"url":"https:\/\/buenosdiasbcs.com\/wp-content\/uploads\/2026\/04\/WhatsApp-Image-2026-04-26-at-16.45.15-scaled-1.jpeg","type":"image\/jpeg"}],"author":"Edici\u00f3n Buenos D\u00edas","twitter_card":"summary_large_image","twitter_misc":{"Escrito por":"Edici\u00f3n Buenos D\u00edas","Tiempo de lectura":"2 minutos"},"schema":{"@context":"https:\/\/schema.org","@graph":[{"@type":"Article","@id":"https:\/\/buenosdiasbcs.com\/?p=8180#article","isPartOf":{"@id":"https:\/\/buenosdiasbcs.com\/?p=8180"},"author":{"name":"Edici\u00f3n Buenos D\u00edas","@id":"https:\/\/buenosdiasbcs.com\/#\/schema\/person\/15aedc247eab7070ee5d76d6d069a821"},"headline":"Fomentan desarrollo infantil y conciencia ecol\u00f3gica con programa \u201cSomos Tribu\u201d","datePublished":"2026-04-27T07:34:26+00:00","dateModified":"2026-04-27T07:34:29+00:00","mainEntityOfPage":{"@id":"https:\/\/buenosdiasbcs.com\/?p=8180"},"wordCount":242,"commentCount":0,"publisher":{"@id":"https:\/\/buenosdiasbcs.com\/#organization"},"image":{"@id":"https:\/\/buenosdiasbcs.com\/?p=8180#primaryimage"},"thumbnailUrl":"https:\/\/buenosdiasbcs.com\/wp-content\/uploads\/2026\/04\/WhatsApp-Image-2026-04-26-at-16.45.15-scaled-1.jpeg","articleSection":["Los Cabos"],"inLanguage":"es","potentialAction":[{"@type":"CommentAction","name":"Comment","target":["https:\/\/buenosdiasbcs.com\/?p=8180#respond"]}]},{"@type":"WebPage","@id":"https:\/\/buenosdiasbcs.com\/?p=8180","url":"https:\/\/buenosdiasbcs.com\/?p=8180","name":"Fomentan desarrollo infantil y conciencia ecol\u00f3gica con programa \u201cSomos Tribu\u201d - Buenos D&iacute;as BCS","isPartOf":{"@id":"https:\/\/buenosdiasbcs.com\/#website"},"primaryImageOfPage":{"@id":"https:\/\/buenosdiasbcs.com\/?p=8180#primaryimage"},"image":{"@id":"https:\/\/buenosdiasbcs.com\/?p=8180#primaryimage"},"thumbnailUrl":"https:\/\/buenosdiasbcs.com\/wp-content\/uploads\/2026\/04\/WhatsApp-Image-2026-04-26-at-16.45.15-scaled-1.jpeg","datePublished":"2026-04-27T07:34:26+00:00","dateModified":"2026-04-27T07:34:29+00:00","breadcrumb":{"@id":"https:\/\/buenosdiasbcs.com\/?p=8180#breadcrumb"},"inLanguage":"es","potentialAction":[{"@type":"ReadAction","target":["https:\/\/buenosdiasbcs.com\/?p=8180"]}]},{"@type":"ImageObject","inLanguage":"es","@id":"https:\/\/buenosdiasbcs.com\/?p=8180#primaryimage","url":"https:\/\/buenosdiasbcs.com\/wp-content\/uploads\/2026\/04\/WhatsApp-Image-2026-04-26-at-16.45.15-scaled-1.jpeg","contentUrl":"https:\/\/buenosdiasbcs.com\/wp-content\/uploads\/2026\/04\/WhatsApp-Image-2026-04-26-at-16.45.15-scaled-1.jpeg","width":1024,"height":598},{"@type":"BreadcrumbList","@id":"https:\/\/buenosdiasbcs.com\/?p=8180#breadcrumb","itemListElement":[{"@type":"ListItem","position":1,"name":"Portada","item":"https:\/\/buenosdiasbcs.com\/"},{"@type":"ListItem","position":2,"name":"Fomentan desarrollo infantil y conciencia ecol\u00f3gica con programa \u201cSomos Tribu\u201d"}]},{"@type":"WebSite","@id":"https:\/\/buenosdiasbcs.com\/#website","url":"https:\/\/buenosdiasbcs.com\/","name":"Buenos D\u00edas BCS","description":"","publisher":{"@id":"https:\/\/buenosdiasbcs.com\/#organization"},"potentialAction":[{"@type":"SearchAction","target":{"@type":"EntryPoint","urlTemplate":"https:\/\/buenosdiasbcs.com\/?s={search_term_string}"},"query-input":{"@type":"PropertyValueSpecification","valueRequired":true,"valueName":"search_term_string"}}],"inLanguage":"es"},{"@type":"Organization","@id":"https:\/\/buenosdiasbcs.com\/#organization","name":"Buenos D\u00edas BCS","url":"https:\/\/buenosdiasbcs.com\/","logo":{"@type":"ImageObject","inLanguage":"es","@id":"https:\/\/buenosdiasbcs.com\/#\/schema\/logo\/image\/","url":"https:\/\/buenosdiasbcs.com\/wp-content\/uploads\/2026\/01\/logo-buenos-dias-40-01.png","contentUrl":"https:\/\/buenosdiasbcs.com\/wp-content\/uploads\/2026\/01\/logo-buenos-dias-40-01.png","width":277,"height":40,"caption":"Buenos D\u00edas BCS"},"image":{"@id":"https:\/\/buenosdiasbcs.com\/#\/schema\/logo\/image\/"}},{"@type":"Person","@id":"https:\/\/buenosdiasbcs.com\/#\/schema\/person\/15aedc247eab7070ee5d76d6d069a821","name":"Edici\u00f3n Buenos D\u00edas","image":{"@type":"ImageObject","inLanguage":"es","@id":"https:\/\/buenosdiasbcs.com\/wp-content\/uploads\/2026\/01\/cropped-sol-96x96.png","url":"https:\/\/buenosdiasbcs.com\/wp-content\/uploads\/2026\/01\/cropped-sol-96x96.png","contentUrl":"https:\/\/buenosdiasbcs.com\/wp-content\/uploads\/2026\/01\/cropped-sol-96x96.png","caption":"Edici\u00f3n Buenos D\u00edas"},"url":"https:\/\/buenosdiasbcs.com\/?author=2"}]}},"amp_enabled":true,"_links":{"self":[{"href":"https:\/\/buenosdiasbcs.com\/index.php?rest_route=\/wp\/v2\/posts\/8180","targetHints":{"allow":["GET"]}}],"collection":[{"href":"https:\/\/buenosdiasbcs.com\/index.php?rest_route=\/wp\/v2\/posts"}],"about":[{"href":"https:\/\/buenosdiasbcs.com\/index.php?rest_route=\/wp\/v2\/types\/post"}],"author":[{"embeddable":true,"href":"https:\/\/buenosdiasbcs.com\/index.php?rest_route=\/wp\/v2\/users\/2"}],"replies":[{"embeddable":true,"href":"https:\/\/buenosdiasbcs.com\/index.php?rest_route=%2Fwp%2Fv2%2Fcomments&post=8180"}],"version-history":[{"count":1,"href":"https:\/\/buenosdiasbcs.com\/index.php?rest_route=\/wp\/v2\/posts\/8180\/revisions"}],"predecessor-version":[{"id":8182,"href":"https:\/\/buenosdiasbcs.com\/index.php?rest_route=\/wp\/v2\/posts\/8180\/revisions\/8182"}],"wp:featuredmedia":[{"embeddable":true,"href":"https:\/\/buenosdiasbcs.com\/index.php?rest_route=\/wp\/v2\/media\/8181"}],"wp:attachment":[{"href":"https:\/\/buenosdiasbcs.com\/index.php?rest_route=%2Fwp%2Fv2%2Fmedia&parent=8180"}],"wp:term":[{"taxonomy":"category","embeddable":true,"href":"https:\/\/buenosdiasbcs.com\/index.php?rest_route=%2Fwp%2Fv2%2Fcategories&post=8180"},{"taxonomy":"post_tag","embeddable":true,"href":"https:\/\/buenosdiasbcs.com\/index.php?rest_route=%2Fwp%2Fv2%2Ftags&post=8180"}],"curies":[{"name":"wp","href":"https:\/\/api.w.org\/{rel}","templated":true}]}}