{"id":8171,"date":"2026-04-27T00:27:46","date_gmt":"2026-04-27T07:27:46","guid":{"rendered":"https:\/\/buenosdiasbcs.com\/?p=8171"},"modified":"2026-04-27T00:27:49","modified_gmt":"2026-04-27T07:27:49","slug":"cfe-anuncia-suspension-de-luz-en-los-cabos-fecha-horario-y-zonas-en-las-que-se-aplicara","status":"publish","type":"post","link":"https:\/\/buenosdiasbcs.com\/?p=8171","title":{"rendered":"CFE anuncia suspensi\u00f3n de luz en Los Cabos: fecha, horario y zonas en las que se aplicar\u00e1"},"content":{"rendered":"\n<h2 class=\"wp-block-heading\" id=\"h-la-suspension-del-servicio-de-luz-en-los-cabos-como-parte-de-trabajos-programados-en-la-red-electrica-afectara-a-miles-de-usuarios\">La suspensi\u00f3n del servicio de luz en Los Cabos, como parte de trabajos programados en la red el\u00e9ctrica, afectar\u00e1 a miles de usuarios.<\/h2>\n\n\n\n<p><a href=\"https:\/\/www.posta.com.mx\/bcs\/subsidio-de-luz-cfe-en-bcs-2025-cuando-termina-y-que-pasara-con-tu-recibo\/vl2111606\">Despu\u00e9s de que termin\u00f3 el subsidio de verano, la Comisi\u00f3n Federal de Electricidad (CFE)<\/a>&nbsp;inform\u00f3 que realizar\u00e1 una&nbsp;<strong>suspensi\u00f3n temporal<\/strong>&nbsp;del suministro de energ\u00eda el\u00e9ctrica en diversas comunidades del municipio de Los Cabos, Baja California Sur, como parte de&nbsp;<strong>trabajos programados<\/strong>&nbsp;de mantenimiento.<\/p>\n\n\n\n<p>Esta medida, explic\u00f3 la dependencia, tiene como objetivo mejorar la calidad y&nbsp;<strong>continuidad del servicio<\/strong>&nbsp;el\u00e9ctrico en la regi\u00f3n, beneficiando a largo plazo a los usuarios.<\/p>\n\n\n\n<h2 class=\"wp-block-heading\" id=\"h-que-zonas-de-los-cabos-se-quedaran-sin-luz-el-28-de-abril\">\u00bfQu\u00e9 zonas de Los Cabos se quedar\u00e1n sin luz el 28 de abril?<\/h2>\n\n\n\n<p>La&nbsp;<strong>CFE<\/strong>&nbsp;dio a conocer las zonas donde se suspender\u00e1 el servicio de luz por&nbsp;<strong>trabajos programados<\/strong>&nbsp;en la&nbsp;<strong>red el\u00e9ctrica<\/strong>&nbsp;dentro del municipio, y detall\u00f3 que las comunidades afectadas ser\u00e1n:<\/p>\n\n\n\n<ul class=\"wp-block-list\">\n<li><strong>El Cardonal<\/strong><\/li>\n\n\n\n<li><strong>Los Barriles<\/strong><\/li>\n<\/ul>\n\n\n\n<p>En total, la interrupci\u00f3n impactar\u00e1 a&nbsp;<strong>3,562 usuarios<\/strong>&nbsp;del municipio de Los Cabos.<\/p>\n\n\n\n<h2 class=\"wp-block-heading\" id=\"h-por-que-habra-corte-de-luz-en-los-cabos\">\u00bfPor qu\u00e9 habr\u00e1 corte de luz en Los Cabos?<\/h2>\n\n\n\n<p>De acuerdo con la&nbsp;<strong>CFE<\/strong>, estos trabajos forman parte de labores de mantenimiento preventivo en la&nbsp;<strong>red el\u00e9ctrica<\/strong>, por lo que para realizarlos, es necesario cortar la energ\u00eda de manera temporal.<\/p>\n\n\n\n<p>Esto debido a que las l\u00edneas deben permanecer sin corriente para cuidar tanto al personal como a la poblaci\u00f3n. Con esto, se busca&nbsp;<strong>evitar fallas<\/strong>&nbsp;mayores y mejorar el servicio en la zona.<\/p>\n\n\n\n<p>La suspensi\u00f3n del suministro est\u00e1 programada para el&nbsp;<strong>martes 28 de abril<\/strong>, de&nbsp;<strong>10:00 a 11:00<\/strong>&nbsp;de la ma\u00f1ana, y se prev\u00e9 que el&nbsp;<strong>servicio regrese<\/strong>&nbsp;en cuanto terminen los trabajos.&nbsp;<\/p>\n\n\n\n<p>Este tipo de acciones se da en un momento en el que&nbsp;<a href=\"https:\/\/www.posta.com.mx\/bcs\/calor-en-diciembre-dispara-el-recibo-de-luz-en-la-paz-asi-puedes-ahorrar-electricidad\/vl2149569\">el consumo de luz ha ido en aumento en el estado, debido a las altas temperaturas que se han registrado en ciudades como La Paz.<\/a><\/p>\n\n\n\n<h2 class=\"wp-block-heading\" id=\"h-que-recomienda-la-nbsp-cfe-nbsp-ante-la-suspension-del-servicio-en-los-cabos\">\u00bfQu\u00e9 recomienda la&nbsp;<strong>CFE<\/strong>&nbsp;ante la suspensi\u00f3n del servicio en Los Cabos?<\/h2>\n\n\n\n<p>Aunque el comunicado no detalla recomendaciones espec\u00edficas, este tipo de&nbsp;<strong>interrupciones programadas<\/strong>&nbsp;suelen implicar la necesidad de tomar&nbsp;<strong>precauciones b\u00e1sicas<\/strong>, como prever el uso de aparatos el\u00e9ctricos o&nbsp;<strong>resguardar alimentos<\/strong>&nbsp;perecederos.<\/p>\n\n\n\n<p>Para cualquier duda, reporte o aclaraci\u00f3n, la&nbsp;<strong>CFE<\/strong>&nbsp;record\u00f3 que los usuarios pueden comunicarse al&nbsp;<strong>n\u00famero 071<\/strong>, disponible como&nbsp;<strong>canal de atenci\u00f3n<\/strong>.<\/p>\n\n\n\n<p>Cabe destacar que desde&nbsp;<strong>abril de 2024<\/strong><a href=\"https:\/\/www.posta.com.mx\/mexico\/se-logro-bcs-forma-parte-del-subsidio-de-energia-electrica-permanentemente\/vl1560860\">&nbsp;se aprob\u00f3 que Baja California Sur fuera parte del subsidio en la tarifa el\u00e9ctrica<\/a>&nbsp;que otorga la&nbsp;<strong>CFE<\/strong>&nbsp;a la&nbsp;<strong>regi\u00f3n noroeste<\/strong>del pa\u00eds derivado de las&nbsp;<strong>altas temperaturas<\/strong>&nbsp;en verano.&nbsp;<\/p>\n","protected":false},"excerpt":{"rendered":"<p>La suspensi\u00f3n del servicio de luz en Los Cabos, como parte de trabajos programados en la red el\u00e9ctrica, afectar\u00e1 a&#8230;<\/p>\n","protected":false},"author":2,"featured_media":8172,"comment_status":"open","ping_status":"open","sticky":false,"template":"","format":"standard","meta":{"footnotes":""},"categories":[27],"tags":[],"class_list":["post-8171","post","type-post","status-publish","format-standard","has-post-thumbnail","hentry","category-finanzas"],"yoast_head":"<!-- This site is optimized with the Yoast SEO Premium plugin v26.8 (Yoast SEO v27.4) - https:\/\/yoast.com\/product\/yoast-seo-premium-wordpress\/ -->\n<title>CFE anuncia suspensi\u00f3n de luz en Los Cabos: fecha, horario y zonas en las que se aplicar\u00e1 - Buenos D&iacute;as BCS<\/title>\n<meta name=\"robots\" content=\"index, follow, max-snippet:-1, max-image-preview:large, max-video-preview:-1\" \/>\n<link rel=\"canonical\" href=\"https:\/\/buenosdiasbcs.com\/?p=8171\" \/>\n<meta property=\"og:locale\" content=\"es_ES\" \/>\n<meta property=\"og:type\" content=\"article\" \/>\n<meta property=\"og:title\" content=\"CFE anuncia suspensi\u00f3n de luz en Los Cabos: fecha, horario y zonas en las que se aplicar\u00e1\" \/>\n<meta property=\"og:description\" content=\"La suspensi\u00f3n del servicio de luz en Los Cabos, como parte de trabajos programados en la red el\u00e9ctrica, afectar\u00e1 a...\" \/>\n<meta property=\"og:url\" content=\"https:\/\/buenosdiasbcs.com\/?p=8171\" \/>\n<meta property=\"og:site_name\" content=\"Buenos D&iacute;as BCS\" \/>\n<meta property=\"article:published_time\" content=\"2026-04-27T07:27:46+00:00\" \/>\n<meta property=\"article:modified_time\" content=\"2026-04-27T07:27:49+00:00\" \/>\n<meta property=\"og:image\" content=\"https:\/\/buenosdiasbcs.com\/wp-content\/uploads\/2026\/04\/cfe-anuncia-suspension-de-luz-en-los-cabos-fecha-horario-y-zonas-en-las-que-se-aplicara-f3d54a87-focus-0-0-1479-828.webp\" \/>\n\t<meta property=\"og:image:width\" content=\"1280\" \/>\n\t<meta property=\"og:image:height\" content=\"720\" \/>\n\t<meta property=\"og:image:type\" content=\"image\/webp\" \/>\n<meta name=\"author\" content=\"Edici\u00f3n Buenos D\u00edas\" \/>\n<meta name=\"twitter:card\" content=\"summary_large_image\" \/>\n<meta name=\"twitter:label1\" content=\"Escrito por\" \/>\n\t<meta name=\"twitter:data1\" content=\"Edici\u00f3n Buenos D\u00edas\" \/>\n\t<meta name=\"twitter:label2\" content=\"Tiempo de lectura\" \/>\n\t<meta name=\"twitter:data2\" content=\"3 minutos\" \/>\n<script type=\"application\/ld+json\" class=\"yoast-schema-graph\">{\"@context\":\"https:\\\/\\\/schema.org\",\"@graph\":[{\"@type\":\"Article\",\"@id\":\"https:\\\/\\\/buenosdiasbcs.com\\\/?p=8171#article\",\"isPartOf\":{\"@id\":\"https:\\\/\\\/buenosdiasbcs.com\\\/?p=8171\"},\"author\":{\"name\":\"Edici\u00f3n Buenos D\u00edas\",\"@id\":\"https:\\\/\\\/buenosdiasbcs.com\\\/#\\\/schema\\\/person\\\/15aedc247eab7070ee5d76d6d069a821\"},\"headline\":\"CFE anuncia suspensi\u00f3n de luz en Los Cabos: fecha, horario y zonas en las que se aplicar\u00e1\",\"datePublished\":\"2026-04-27T07:27:46+00:00\",\"dateModified\":\"2026-04-27T07:27:49+00:00\",\"mainEntityOfPage\":{\"@id\":\"https:\\\/\\\/buenosdiasbcs.com\\\/?p=8171\"},\"wordCount\":482,\"commentCount\":0,\"publisher\":{\"@id\":\"https:\\\/\\\/buenosdiasbcs.com\\\/#organization\"},\"image\":{\"@id\":\"https:\\\/\\\/buenosdiasbcs.com\\\/?p=8171#primaryimage\"},\"thumbnailUrl\":\"https:\\\/\\\/buenosdiasbcs.com\\\/wp-content\\\/uploads\\\/2026\\\/04\\\/cfe-anuncia-suspension-de-luz-en-los-cabos-fecha-horario-y-zonas-en-las-que-se-aplicara-f3d54a87-focus-0-0-1479-828.webp\",\"articleSection\":[\"Finanzas\"],\"inLanguage\":\"es\",\"potentialAction\":[{\"@type\":\"CommentAction\",\"name\":\"Comment\",\"target\":[\"https:\\\/\\\/buenosdiasbcs.com\\\/?p=8171#respond\"]}]},{\"@type\":\"WebPage\",\"@id\":\"https:\\\/\\\/buenosdiasbcs.com\\\/?p=8171\",\"url\":\"https:\\\/\\\/buenosdiasbcs.com\\\/?p=8171\",\"name\":\"CFE anuncia suspensi\u00f3n de luz en Los Cabos: fecha, horario y zonas en las que se aplicar\u00e1 - Buenos D&iacute;as BCS\",\"isPartOf\":{\"@id\":\"https:\\\/\\\/buenosdiasbcs.com\\\/#website\"},\"primaryImageOfPage\":{\"@id\":\"https:\\\/\\\/buenosdiasbcs.com\\\/?p=8171#primaryimage\"},\"image\":{\"@id\":\"https:\\\/\\\/buenosdiasbcs.com\\\/?p=8171#primaryimage\"},\"thumbnailUrl\":\"https:\\\/\\\/buenosdiasbcs.com\\\/wp-content\\\/uploads\\\/2026\\\/04\\\/cfe-anuncia-suspension-de-luz-en-los-cabos-fecha-horario-y-zonas-en-las-que-se-aplicara-f3d54a87-focus-0-0-1479-828.webp\",\"datePublished\":\"2026-04-27T07:27:46+00:00\",\"dateModified\":\"2026-04-27T07:27:49+00:00\",\"breadcrumb\":{\"@id\":\"https:\\\/\\\/buenosdiasbcs.com\\\/?p=8171#breadcrumb\"},\"inLanguage\":\"es\",\"potentialAction\":[{\"@type\":\"ReadAction\",\"target\":[\"https:\\\/\\\/buenosdiasbcs.com\\\/?p=8171\"]}]},{\"@type\":\"ImageObject\",\"inLanguage\":\"es\",\"@id\":\"https:\\\/\\\/buenosdiasbcs.com\\\/?p=8171#primaryimage\",\"url\":\"https:\\\/\\\/buenosdiasbcs.com\\\/wp-content\\\/uploads\\\/2026\\\/04\\\/cfe-anuncia-suspension-de-luz-en-los-cabos-fecha-horario-y-zonas-en-las-que-se-aplicara-f3d54a87-focus-0-0-1479-828.webp\",\"contentUrl\":\"https:\\\/\\\/buenosdiasbcs.com\\\/wp-content\\\/uploads\\\/2026\\\/04\\\/cfe-anuncia-suspension-de-luz-en-los-cabos-fecha-horario-y-zonas-en-las-que-se-aplicara-f3d54a87-focus-0-0-1479-828.webp\",\"width\":1280,\"height\":720},{\"@type\":\"BreadcrumbList\",\"@id\":\"https:\\\/\\\/buenosdiasbcs.com\\\/?p=8171#breadcrumb\",\"itemListElement\":[{\"@type\":\"ListItem\",\"position\":1,\"name\":\"Portada\",\"item\":\"https:\\\/\\\/buenosdiasbcs.com\\\/\"},{\"@type\":\"ListItem\",\"position\":2,\"name\":\"CFE anuncia suspensi\u00f3n de luz en Los Cabos: fecha, horario y zonas en las que se aplicar\u00e1\"}]},{\"@type\":\"WebSite\",\"@id\":\"https:\\\/\\\/buenosdiasbcs.com\\\/#website\",\"url\":\"https:\\\/\\\/buenosdiasbcs.com\\\/\",\"name\":\"Buenos D\u00edas BCS\",\"description\":\"\",\"publisher\":{\"@id\":\"https:\\\/\\\/buenosdiasbcs.com\\\/#organization\"},\"potentialAction\":[{\"@type\":\"SearchAction\",\"target\":{\"@type\":\"EntryPoint\",\"urlTemplate\":\"https:\\\/\\\/buenosdiasbcs.com\\\/?s={search_term_string}\"},\"query-input\":{\"@type\":\"PropertyValueSpecification\",\"valueRequired\":true,\"valueName\":\"search_term_string\"}}],\"inLanguage\":\"es\"},{\"@type\":\"Organization\",\"@id\":\"https:\\\/\\\/buenosdiasbcs.com\\\/#organization\",\"name\":\"Buenos D\u00edas BCS\",\"url\":\"https:\\\/\\\/buenosdiasbcs.com\\\/\",\"logo\":{\"@type\":\"ImageObject\",\"inLanguage\":\"es\",\"@id\":\"https:\\\/\\\/buenosdiasbcs.com\\\/#\\\/schema\\\/logo\\\/image\\\/\",\"url\":\"https:\\\/\\\/buenosdiasbcs.com\\\/wp-content\\\/uploads\\\/2026\\\/01\\\/logo-buenos-dias-40-01.png\",\"contentUrl\":\"https:\\\/\\\/buenosdiasbcs.com\\\/wp-content\\\/uploads\\\/2026\\\/01\\\/logo-buenos-dias-40-01.png\",\"width\":277,\"height\":40,\"caption\":\"Buenos D\u00edas BCS\"},\"image\":{\"@id\":\"https:\\\/\\\/buenosdiasbcs.com\\\/#\\\/schema\\\/logo\\\/image\\\/\"}},{\"@type\":\"Person\",\"@id\":\"https:\\\/\\\/buenosdiasbcs.com\\\/#\\\/schema\\\/person\\\/15aedc247eab7070ee5d76d6d069a821\",\"name\":\"Edici\u00f3n Buenos D\u00edas\",\"image\":{\"@type\":\"ImageObject\",\"inLanguage\":\"es\",\"@id\":\"https:\\\/\\\/buenosdiasbcs.com\\\/wp-content\\\/uploads\\\/2026\\\/01\\\/cropped-sol-96x96.png\",\"url\":\"https:\\\/\\\/buenosdiasbcs.com\\\/wp-content\\\/uploads\\\/2026\\\/01\\\/cropped-sol-96x96.png\",\"contentUrl\":\"https:\\\/\\\/buenosdiasbcs.com\\\/wp-content\\\/uploads\\\/2026\\\/01\\\/cropped-sol-96x96.png\",\"caption\":\"Edici\u00f3n Buenos D\u00edas\"},\"url\":\"https:\\\/\\\/buenosdiasbcs.com\\\/?author=2\"}]}<\/script>\n<!-- \/ Yoast SEO Premium plugin. -->","yoast_head_json":{"title":"CFE anuncia suspensi\u00f3n de luz en Los Cabos: fecha, horario y zonas en las que se aplicar\u00e1 - Buenos D&iacute;as BCS","robots":{"index":"index","follow":"follow","max-snippet":"max-snippet:-1","max-image-preview":"max-image-preview:large","max-video-preview":"max-video-preview:-1"},"canonical":"https:\/\/buenosdiasbcs.com\/?p=8171","og_locale":"es_ES","og_type":"article","og_title":"CFE anuncia suspensi\u00f3n de luz en Los Cabos: fecha, horario y zonas en las que se aplicar\u00e1","og_description":"La suspensi\u00f3n del servicio de luz en Los Cabos, como parte de trabajos programados en la red el\u00e9ctrica, afectar\u00e1 a...","og_url":"https:\/\/buenosdiasbcs.com\/?p=8171","og_site_name":"Buenos D&iacute;as BCS","article_published_time":"2026-04-27T07:27:46+00:00","article_modified_time":"2026-04-27T07:27:49+00:00","og_image":[{"width":1280,"height":720,"url":"https:\/\/buenosdiasbcs.com\/wp-content\/uploads\/2026\/04\/cfe-anuncia-suspension-de-luz-en-los-cabos-fecha-horario-y-zonas-en-las-que-se-aplicara-f3d54a87-focus-0-0-1479-828.webp","type":"image\/webp"}],"author":"Edici\u00f3n Buenos D\u00edas","twitter_card":"summary_large_image","twitter_misc":{"Escrito por":"Edici\u00f3n Buenos D\u00edas","Tiempo de lectura":"3 minutos"},"schema":{"@context":"https:\/\/schema.org","@graph":[{"@type":"Article","@id":"https:\/\/buenosdiasbcs.com\/?p=8171#article","isPartOf":{"@id":"https:\/\/buenosdiasbcs.com\/?p=8171"},"author":{"name":"Edici\u00f3n Buenos D\u00edas","@id":"https:\/\/buenosdiasbcs.com\/#\/schema\/person\/15aedc247eab7070ee5d76d6d069a821"},"headline":"CFE anuncia suspensi\u00f3n de luz en Los Cabos: fecha, horario y zonas en las que se aplicar\u00e1","datePublished":"2026-04-27T07:27:46+00:00","dateModified":"2026-04-27T07:27:49+00:00","mainEntityOfPage":{"@id":"https:\/\/buenosdiasbcs.com\/?p=8171"},"wordCount":482,"commentCount":0,"publisher":{"@id":"https:\/\/buenosdiasbcs.com\/#organization"},"image":{"@id":"https:\/\/buenosdiasbcs.com\/?p=8171#primaryimage"},"thumbnailUrl":"https:\/\/buenosdiasbcs.com\/wp-content\/uploads\/2026\/04\/cfe-anuncia-suspension-de-luz-en-los-cabos-fecha-horario-y-zonas-en-las-que-se-aplicara-f3d54a87-focus-0-0-1479-828.webp","articleSection":["Finanzas"],"inLanguage":"es","potentialAction":[{"@type":"CommentAction","name":"Comment","target":["https:\/\/buenosdiasbcs.com\/?p=8171#respond"]}]},{"@type":"WebPage","@id":"https:\/\/buenosdiasbcs.com\/?p=8171","url":"https:\/\/buenosdiasbcs.com\/?p=8171","name":"CFE anuncia suspensi\u00f3n de luz en Los Cabos: fecha, horario y zonas en las que se aplicar\u00e1 - Buenos D&iacute;as BCS","isPartOf":{"@id":"https:\/\/buenosdiasbcs.com\/#website"},"primaryImageOfPage":{"@id":"https:\/\/buenosdiasbcs.com\/?p=8171#primaryimage"},"image":{"@id":"https:\/\/buenosdiasbcs.com\/?p=8171#primaryimage"},"thumbnailUrl":"https:\/\/buenosdiasbcs.com\/wp-content\/uploads\/2026\/04\/cfe-anuncia-suspension-de-luz-en-los-cabos-fecha-horario-y-zonas-en-las-que-se-aplicara-f3d54a87-focus-0-0-1479-828.webp","datePublished":"2026-04-27T07:27:46+00:00","dateModified":"2026-04-27T07:27:49+00:00","breadcrumb":{"@id":"https:\/\/buenosdiasbcs.com\/?p=8171#breadcrumb"},"inLanguage":"es","potentialAction":[{"@type":"ReadAction","target":["https:\/\/buenosdiasbcs.com\/?p=8171"]}]},{"@type":"ImageObject","inLanguage":"es","@id":"https:\/\/buenosdiasbcs.com\/?p=8171#primaryimage","url":"https:\/\/buenosdiasbcs.com\/wp-content\/uploads\/2026\/04\/cfe-anuncia-suspension-de-luz-en-los-cabos-fecha-horario-y-zonas-en-las-que-se-aplicara-f3d54a87-focus-0-0-1479-828.webp","contentUrl":"https:\/\/buenosdiasbcs.com\/wp-content\/uploads\/2026\/04\/cfe-anuncia-suspension-de-luz-en-los-cabos-fecha-horario-y-zonas-en-las-que-se-aplicara-f3d54a87-focus-0-0-1479-828.webp","width":1280,"height":720},{"@type":"BreadcrumbList","@id":"https:\/\/buenosdiasbcs.com\/?p=8171#breadcrumb","itemListElement":[{"@type":"ListItem","position":1,"name":"Portada","item":"https:\/\/buenosdiasbcs.com\/"},{"@type":"ListItem","position":2,"name":"CFE anuncia suspensi\u00f3n de luz en Los Cabos: fecha, horario y zonas en las que se aplicar\u00e1"}]},{"@type":"WebSite","@id":"https:\/\/buenosdiasbcs.com\/#website","url":"https:\/\/buenosdiasbcs.com\/","name":"Buenos D\u00edas BCS","description":"","publisher":{"@id":"https:\/\/buenosdiasbcs.com\/#organization"},"potentialAction":[{"@type":"SearchAction","target":{"@type":"EntryPoint","urlTemplate":"https:\/\/buenosdiasbcs.com\/?s={search_term_string}"},"query-input":{"@type":"PropertyValueSpecification","valueRequired":true,"valueName":"search_term_string"}}],"inLanguage":"es"},{"@type":"Organization","@id":"https:\/\/buenosdiasbcs.com\/#organization","name":"Buenos D\u00edas BCS","url":"https:\/\/buenosdiasbcs.com\/","logo":{"@type":"ImageObject","inLanguage":"es","@id":"https:\/\/buenosdiasbcs.com\/#\/schema\/logo\/image\/","url":"https:\/\/buenosdiasbcs.com\/wp-content\/uploads\/2026\/01\/logo-buenos-dias-40-01.png","contentUrl":"https:\/\/buenosdiasbcs.com\/wp-content\/uploads\/2026\/01\/logo-buenos-dias-40-01.png","width":277,"height":40,"caption":"Buenos D\u00edas BCS"},"image":{"@id":"https:\/\/buenosdiasbcs.com\/#\/schema\/logo\/image\/"}},{"@type":"Person","@id":"https:\/\/buenosdiasbcs.com\/#\/schema\/person\/15aedc247eab7070ee5d76d6d069a821","name":"Edici\u00f3n Buenos D\u00edas","image":{"@type":"ImageObject","inLanguage":"es","@id":"https:\/\/buenosdiasbcs.com\/wp-content\/uploads\/2026\/01\/cropped-sol-96x96.png","url":"https:\/\/buenosdiasbcs.com\/wp-content\/uploads\/2026\/01\/cropped-sol-96x96.png","contentUrl":"https:\/\/buenosdiasbcs.com\/wp-content\/uploads\/2026\/01\/cropped-sol-96x96.png","caption":"Edici\u00f3n Buenos D\u00edas"},"url":"https:\/\/buenosdiasbcs.com\/?author=2"}]}},"amp_enabled":true,"_links":{"self":[{"href":"https:\/\/buenosdiasbcs.com\/index.php?rest_route=\/wp\/v2\/posts\/8171","targetHints":{"allow":["GET"]}}],"collection":[{"href":"https:\/\/buenosdiasbcs.com\/index.php?rest_route=\/wp\/v2\/posts"}],"about":[{"href":"https:\/\/buenosdiasbcs.com\/index.php?rest_route=\/wp\/v2\/types\/post"}],"author":[{"embeddable":true,"href":"https:\/\/buenosdiasbcs.com\/index.php?rest_route=\/wp\/v2\/users\/2"}],"replies":[{"embeddable":true,"href":"https:\/\/buenosdiasbcs.com\/index.php?rest_route=%2Fwp%2Fv2%2Fcomments&post=8171"}],"version-history":[{"count":1,"href":"https:\/\/buenosdiasbcs.com\/index.php?rest_route=\/wp\/v2\/posts\/8171\/revisions"}],"predecessor-version":[{"id":8173,"href":"https:\/\/buenosdiasbcs.com\/index.php?rest_route=\/wp\/v2\/posts\/8171\/revisions\/8173"}],"wp:featuredmedia":[{"embeddable":true,"href":"https:\/\/buenosdiasbcs.com\/index.php?rest_route=\/wp\/v2\/media\/8172"}],"wp:attachment":[{"href":"https:\/\/buenosdiasbcs.com\/index.php?rest_route=%2Fwp%2Fv2%2Fmedia&parent=8171"}],"wp:term":[{"taxonomy":"category","embeddable":true,"href":"https:\/\/buenosdiasbcs.com\/index.php?rest_route=%2Fwp%2Fv2%2Fcategories&post=8171"},{"taxonomy":"post_tag","embeddable":true,"href":"https:\/\/buenosdiasbcs.com\/index.php?rest_route=%2Fwp%2Fv2%2Ftags&post=8171"}],"curies":[{"name":"wp","href":"https:\/\/api.w.org\/{rel}","templated":true}]}}