{"id":8165,"date":"2026-04-27T00:20:40","date_gmt":"2026-04-27T07:20:40","guid":{"rendered":"https:\/\/buenosdiasbcs.com\/?p=8165"},"modified":"2026-04-27T00:20:43","modified_gmt":"2026-04-27T07:20:43","slug":"repunta-percepcion-de-inseguridad-en-bcs","status":"publish","type":"post","link":"https:\/\/buenosdiasbcs.com\/?p=8165","title":{"rendered":"Repunta percepci\u00f3n de inseguridad en BCS"},"content":{"rendered":"\n<h2 class=\"wp-block-heading\" id=\"h-el-miedo-crece-la-paz-y-los-cabos-reportan-alza-en-niveles-de-inseguridad-de-acuerdo-con-la-ensu-2026\">El miedo crece: La Paz y Los Cabos reportan alza en niveles de inseguridad, de acuerdo con la ENSU 2026.<\/h2>\n\n\n\n<p><em><strong>La Paz<\/strong><\/em>,&nbsp;<em><strong>Baja California Sur<\/strong><\/em>.- Aunque se mantienen por debajo de la media nacional,&nbsp;<strong>los principales municipios de Baja California Sur empiezan a encender focos rojos<\/strong>:&nbsp;<strong>la percepci\u00f3n de inseguridad creci\u00f3 de forma marcada en el \u00faltimo a\u00f1o<\/strong>, revelando una ciudadan\u00eda cada vez m\u00e1s inquieta frente al entorno.<\/p>\n\n\n\n<p>Datos de la&nbsp;<strong>Encuesta Nacional de Seguridad P\u00fablica Urbana<\/strong>&nbsp;(<em>ENSU<\/em>) exhiben un salto contundente en&nbsp;<strong>La Paz<\/strong>, donde el porcentaje de personas que se sienten inseguras pr\u00e1cticamente se duplic\u00f3,&nbsp;<strong>al pasar de 27.8% en marzo de 2025 a<\/strong>&nbsp;<strong>46.6% en marzo de 2026<\/strong>.&nbsp;<\/p>\n\n\n\n<p>En<strong>&nbsp;Los Cabos<\/strong>, el incremento tambi\u00e9n es evidente:&nbsp;<strong>de 24.7% a 34.7% en el mismo periodo<\/strong>. El corte m\u00e1s reciente \u2013<em>publicado el 24 de abril<\/em>\u2013 muestra que, en comparaci\u00f3n con el trimestre anterior,&nbsp;<strong>La Paz se mantiene estancada en niveles altos<\/strong>&nbsp;(<em><strong>46.4% a 46.6%<\/strong><\/em>),&nbsp;<strong>mientras que Los Cabos registra un respiro temporal<\/strong>,&nbsp;<strong>bajando de 39.0% a 34.7%<\/strong>.<\/p>\n\n\n\n<p>Sin embargo, el dato anual es el que golpea:&nbsp;<strong>ambas regiones ven deteriorada la percepci\u00f3n ciudadana<\/strong>. En el ranking nacional,&nbsp;<strong>Los Cabos se coloca en el lugar 13 y La Paz en el 23<\/strong>,<strong>&nbsp;a\u00fan lejos del promedio nacional<\/strong>, pero ya sin el margen de tranquilidad que presum\u00edan un a\u00f1o atr\u00e1s.<\/p>\n\n\n\n<p>La encuesta tambi\u00e9n mide experiencias directas de conflicto. Aqu\u00ed,&nbsp;<strong>La Paz reporta una ligera disminuci\u00f3n<\/strong>(<em><strong>de 29.8% a 28.1%<\/strong><\/em>),&nbsp;<strong>pero Los Cabos prende las alarmas con un aumento significativo<\/strong>:&nbsp;<strong>de 30.4% a 39.7%<\/strong>, reflejando una mayor exposici\u00f3n a situaciones de confrontaci\u00f3n.<\/p>\n\n\n\n<p>A nivel nacional, el panorama sigue siendo adverso:&nbsp;<strong>el 61.5% de la poblaci\u00f3n considera inseguro vivir en su ciudad<\/strong>. Aunque representa una leve mejora&nbsp;<strong>frente al 63.8% de finales de 2025<\/strong>, la percepci\u00f3n se mantiene alta y sin cambios relevantes respecto al a\u00f1o pasado.<\/p>\n\n\n\n<p>La brecha de g\u00e9nero persiste:&nbsp;<strong>67.2% de las mujeres se sienten inseguras<\/strong>,&nbsp;<strong>frente al 54.6% de los hombres<\/strong>. El pulso ciudadano tambi\u00e9n se alimenta de lo digital. Durante el primer trimestre de 2026,&nbsp;<em><strong>Facebook<\/strong><\/em>&nbsp;(<em><strong>61.7%<\/strong><\/em>)&nbsp;<strong>lider\u00f3 como principal fuente de informaci\u00f3n sobre seguridad<\/strong>, seguido de&nbsp;<strong>noticieros de televisi\u00f3n<\/strong>&nbsp;(<em><strong>58.4%)<\/strong><\/em>,&nbsp;<strong>comunicaci\u00f3n personal<\/strong>&nbsp;(<em><strong>54.5%<\/strong><\/em>)&nbsp;<strong>e internet en general<\/strong>&nbsp;(<em><strong>27.9%<\/strong><\/em>).<\/p>\n\n\n\n<p>El incremento en la percepci\u00f3n de inseguridad no ocurre en el vac\u00edo.&nbsp;<strong>El crecimiento acelerado<\/strong>,&nbsp;<strong>la presi\u00f3n sobre los servicios p\u00fablicos y la incidencia de delitos de alto impacto<\/strong>&nbsp;\u2013<em>particularmente en la zona norte del estado<\/em>\u2013 comienzan a reflejarse en la percepci\u00f3n ciudadana.<\/p>\n\n\n\n<p>Aunque&nbsp;<strong>La Paz y Los Cabos siguen por debajo de la media nacional<\/strong>, la tendencia al alza plantea un reto directo:&nbsp;<strong>recuperar la confianza p\u00fablica<\/strong>&nbsp;antes de que el miedo rebase la realidad.<\/p>\n","protected":false},"excerpt":{"rendered":"<p>El miedo crece: La Paz y Los Cabos reportan alza en niveles de inseguridad, de acuerdo con la ENSU 2026&#8230;.<\/p>\n","protected":false},"author":2,"featured_media":8166,"comment_status":"open","ping_status":"open","sticky":false,"template":"","format":"standard","meta":{"footnotes":""},"categories":[25],"tags":[],"class_list":["post-8165","post","type-post","status-publish","format-standard","has-post-thumbnail","hentry","category-sociedad"],"yoast_head":"<!-- This site is optimized with the Yoast SEO Premium plugin v26.8 (Yoast SEO v27.4) - https:\/\/yoast.com\/product\/yoast-seo-premium-wordpress\/ -->\n<title>Repunta percepci\u00f3n de inseguridad en BCS - Buenos D&iacute;as BCS<\/title>\n<meta name=\"robots\" content=\"index, follow, max-snippet:-1, max-image-preview:large, max-video-preview:-1\" \/>\n<link rel=\"canonical\" href=\"https:\/\/buenosdiasbcs.com\/?p=8165\" \/>\n<meta property=\"og:locale\" content=\"es_ES\" \/>\n<meta property=\"og:type\" content=\"article\" \/>\n<meta property=\"og:title\" content=\"Repunta percepci\u00f3n de inseguridad en BCS\" \/>\n<meta property=\"og:description\" content=\"El miedo crece: La Paz y Los Cabos reportan alza en niveles de inseguridad, de acuerdo con la ENSU 2026....\" \/>\n<meta property=\"og:url\" content=\"https:\/\/buenosdiasbcs.com\/?p=8165\" \/>\n<meta property=\"og:site_name\" content=\"Buenos D&iacute;as BCS\" \/>\n<meta property=\"article:published_time\" content=\"2026-04-27T07:20:40+00:00\" \/>\n<meta property=\"article:modified_time\" content=\"2026-04-27T07:20:43+00:00\" \/>\n<meta property=\"og:image\" content=\"https:\/\/buenosdiasbcs.com\/wp-content\/uploads\/2026\/04\/7acf8c58-5213-40d5-862a-b89d8a72992d_16-9-discover-aspect-ratio_default_0.jpg\" \/>\n\t<meta property=\"og:image:width\" content=\"1200\" \/>\n\t<meta property=\"og:image:height\" content=\"675\" \/>\n\t<meta property=\"og:image:type\" content=\"image\/jpeg\" \/>\n<meta name=\"author\" content=\"Edici\u00f3n Buenos D\u00edas\" \/>\n<meta name=\"twitter:card\" content=\"summary_large_image\" \/>\n<meta name=\"twitter:label1\" content=\"Escrito por\" \/>\n\t<meta name=\"twitter:data1\" content=\"Edici\u00f3n Buenos D\u00edas\" \/>\n\t<meta name=\"twitter:label2\" content=\"Tiempo de lectura\" \/>\n\t<meta name=\"twitter:data2\" content=\"3 minutos\" \/>\n<script type=\"application\/ld+json\" class=\"yoast-schema-graph\">{\"@context\":\"https:\\\/\\\/schema.org\",\"@graph\":[{\"@type\":\"Article\",\"@id\":\"https:\\\/\\\/buenosdiasbcs.com\\\/?p=8165#article\",\"isPartOf\":{\"@id\":\"https:\\\/\\\/buenosdiasbcs.com\\\/?p=8165\"},\"author\":{\"name\":\"Edici\u00f3n Buenos D\u00edas\",\"@id\":\"https:\\\/\\\/buenosdiasbcs.com\\\/#\\\/schema\\\/person\\\/15aedc247eab7070ee5d76d6d069a821\"},\"headline\":\"Repunta percepci\u00f3n de inseguridad en BCS\",\"datePublished\":\"2026-04-27T07:20:40+00:00\",\"dateModified\":\"2026-04-27T07:20:43+00:00\",\"mainEntityOfPage\":{\"@id\":\"https:\\\/\\\/buenosdiasbcs.com\\\/?p=8165\"},\"wordCount\":489,\"commentCount\":0,\"publisher\":{\"@id\":\"https:\\\/\\\/buenosdiasbcs.com\\\/#organization\"},\"image\":{\"@id\":\"https:\\\/\\\/buenosdiasbcs.com\\\/?p=8165#primaryimage\"},\"thumbnailUrl\":\"https:\\\/\\\/buenosdiasbcs.com\\\/wp-content\\\/uploads\\\/2026\\\/04\\\/7acf8c58-5213-40d5-862a-b89d8a72992d_16-9-discover-aspect-ratio_default_0.jpg\",\"articleSection\":[\"Sociedad\"],\"inLanguage\":\"es\",\"potentialAction\":[{\"@type\":\"CommentAction\",\"name\":\"Comment\",\"target\":[\"https:\\\/\\\/buenosdiasbcs.com\\\/?p=8165#respond\"]}]},{\"@type\":\"WebPage\",\"@id\":\"https:\\\/\\\/buenosdiasbcs.com\\\/?p=8165\",\"url\":\"https:\\\/\\\/buenosdiasbcs.com\\\/?p=8165\",\"name\":\"Repunta percepci\u00f3n de inseguridad en BCS - Buenos D&iacute;as BCS\",\"isPartOf\":{\"@id\":\"https:\\\/\\\/buenosdiasbcs.com\\\/#website\"},\"primaryImageOfPage\":{\"@id\":\"https:\\\/\\\/buenosdiasbcs.com\\\/?p=8165#primaryimage\"},\"image\":{\"@id\":\"https:\\\/\\\/buenosdiasbcs.com\\\/?p=8165#primaryimage\"},\"thumbnailUrl\":\"https:\\\/\\\/buenosdiasbcs.com\\\/wp-content\\\/uploads\\\/2026\\\/04\\\/7acf8c58-5213-40d5-862a-b89d8a72992d_16-9-discover-aspect-ratio_default_0.jpg\",\"datePublished\":\"2026-04-27T07:20:40+00:00\",\"dateModified\":\"2026-04-27T07:20:43+00:00\",\"breadcrumb\":{\"@id\":\"https:\\\/\\\/buenosdiasbcs.com\\\/?p=8165#breadcrumb\"},\"inLanguage\":\"es\",\"potentialAction\":[{\"@type\":\"ReadAction\",\"target\":[\"https:\\\/\\\/buenosdiasbcs.com\\\/?p=8165\"]}]},{\"@type\":\"ImageObject\",\"inLanguage\":\"es\",\"@id\":\"https:\\\/\\\/buenosdiasbcs.com\\\/?p=8165#primaryimage\",\"url\":\"https:\\\/\\\/buenosdiasbcs.com\\\/wp-content\\\/uploads\\\/2026\\\/04\\\/7acf8c58-5213-40d5-862a-b89d8a72992d_16-9-discover-aspect-ratio_default_0.jpg\",\"contentUrl\":\"https:\\\/\\\/buenosdiasbcs.com\\\/wp-content\\\/uploads\\\/2026\\\/04\\\/7acf8c58-5213-40d5-862a-b89d8a72992d_16-9-discover-aspect-ratio_default_0.jpg\",\"width\":1200,\"height\":675},{\"@type\":\"BreadcrumbList\",\"@id\":\"https:\\\/\\\/buenosdiasbcs.com\\\/?p=8165#breadcrumb\",\"itemListElement\":[{\"@type\":\"ListItem\",\"position\":1,\"name\":\"Portada\",\"item\":\"https:\\\/\\\/buenosdiasbcs.com\\\/\"},{\"@type\":\"ListItem\",\"position\":2,\"name\":\"Repunta percepci\u00f3n de inseguridad en BCS\"}]},{\"@type\":\"WebSite\",\"@id\":\"https:\\\/\\\/buenosdiasbcs.com\\\/#website\",\"url\":\"https:\\\/\\\/buenosdiasbcs.com\\\/\",\"name\":\"Buenos D\u00edas BCS\",\"description\":\"\",\"publisher\":{\"@id\":\"https:\\\/\\\/buenosdiasbcs.com\\\/#organization\"},\"potentialAction\":[{\"@type\":\"SearchAction\",\"target\":{\"@type\":\"EntryPoint\",\"urlTemplate\":\"https:\\\/\\\/buenosdiasbcs.com\\\/?s={search_term_string}\"},\"query-input\":{\"@type\":\"PropertyValueSpecification\",\"valueRequired\":true,\"valueName\":\"search_term_string\"}}],\"inLanguage\":\"es\"},{\"@type\":\"Organization\",\"@id\":\"https:\\\/\\\/buenosdiasbcs.com\\\/#organization\",\"name\":\"Buenos D\u00edas BCS\",\"url\":\"https:\\\/\\\/buenosdiasbcs.com\\\/\",\"logo\":{\"@type\":\"ImageObject\",\"inLanguage\":\"es\",\"@id\":\"https:\\\/\\\/buenosdiasbcs.com\\\/#\\\/schema\\\/logo\\\/image\\\/\",\"url\":\"https:\\\/\\\/buenosdiasbcs.com\\\/wp-content\\\/uploads\\\/2026\\\/01\\\/logo-buenos-dias-40-01.png\",\"contentUrl\":\"https:\\\/\\\/buenosdiasbcs.com\\\/wp-content\\\/uploads\\\/2026\\\/01\\\/logo-buenos-dias-40-01.png\",\"width\":277,\"height\":40,\"caption\":\"Buenos D\u00edas BCS\"},\"image\":{\"@id\":\"https:\\\/\\\/buenosdiasbcs.com\\\/#\\\/schema\\\/logo\\\/image\\\/\"}},{\"@type\":\"Person\",\"@id\":\"https:\\\/\\\/buenosdiasbcs.com\\\/#\\\/schema\\\/person\\\/15aedc247eab7070ee5d76d6d069a821\",\"name\":\"Edici\u00f3n Buenos D\u00edas\",\"image\":{\"@type\":\"ImageObject\",\"inLanguage\":\"es\",\"@id\":\"https:\\\/\\\/buenosdiasbcs.com\\\/wp-content\\\/uploads\\\/2026\\\/01\\\/cropped-sol-96x96.png\",\"url\":\"https:\\\/\\\/buenosdiasbcs.com\\\/wp-content\\\/uploads\\\/2026\\\/01\\\/cropped-sol-96x96.png\",\"contentUrl\":\"https:\\\/\\\/buenosdiasbcs.com\\\/wp-content\\\/uploads\\\/2026\\\/01\\\/cropped-sol-96x96.png\",\"caption\":\"Edici\u00f3n Buenos D\u00edas\"},\"url\":\"https:\\\/\\\/buenosdiasbcs.com\\\/?author=2\"}]}<\/script>\n<!-- \/ Yoast SEO Premium plugin. -->","yoast_head_json":{"title":"Repunta percepci\u00f3n de inseguridad en BCS - Buenos D&iacute;as BCS","robots":{"index":"index","follow":"follow","max-snippet":"max-snippet:-1","max-image-preview":"max-image-preview:large","max-video-preview":"max-video-preview:-1"},"canonical":"https:\/\/buenosdiasbcs.com\/?p=8165","og_locale":"es_ES","og_type":"article","og_title":"Repunta percepci\u00f3n de inseguridad en BCS","og_description":"El miedo crece: La Paz y Los Cabos reportan alza en niveles de inseguridad, de acuerdo con la ENSU 2026....","og_url":"https:\/\/buenosdiasbcs.com\/?p=8165","og_site_name":"Buenos D&iacute;as BCS","article_published_time":"2026-04-27T07:20:40+00:00","article_modified_time":"2026-04-27T07:20:43+00:00","og_image":[{"width":1200,"height":675,"url":"https:\/\/buenosdiasbcs.com\/wp-content\/uploads\/2026\/04\/7acf8c58-5213-40d5-862a-b89d8a72992d_16-9-discover-aspect-ratio_default_0.jpg","type":"image\/jpeg"}],"author":"Edici\u00f3n Buenos D\u00edas","twitter_card":"summary_large_image","twitter_misc":{"Escrito por":"Edici\u00f3n Buenos D\u00edas","Tiempo de lectura":"3 minutos"},"schema":{"@context":"https:\/\/schema.org","@graph":[{"@type":"Article","@id":"https:\/\/buenosdiasbcs.com\/?p=8165#article","isPartOf":{"@id":"https:\/\/buenosdiasbcs.com\/?p=8165"},"author":{"name":"Edici\u00f3n Buenos D\u00edas","@id":"https:\/\/buenosdiasbcs.com\/#\/schema\/person\/15aedc247eab7070ee5d76d6d069a821"},"headline":"Repunta percepci\u00f3n de inseguridad en BCS","datePublished":"2026-04-27T07:20:40+00:00","dateModified":"2026-04-27T07:20:43+00:00","mainEntityOfPage":{"@id":"https:\/\/buenosdiasbcs.com\/?p=8165"},"wordCount":489,"commentCount":0,"publisher":{"@id":"https:\/\/buenosdiasbcs.com\/#organization"},"image":{"@id":"https:\/\/buenosdiasbcs.com\/?p=8165#primaryimage"},"thumbnailUrl":"https:\/\/buenosdiasbcs.com\/wp-content\/uploads\/2026\/04\/7acf8c58-5213-40d5-862a-b89d8a72992d_16-9-discover-aspect-ratio_default_0.jpg","articleSection":["Sociedad"],"inLanguage":"es","potentialAction":[{"@type":"CommentAction","name":"Comment","target":["https:\/\/buenosdiasbcs.com\/?p=8165#respond"]}]},{"@type":"WebPage","@id":"https:\/\/buenosdiasbcs.com\/?p=8165","url":"https:\/\/buenosdiasbcs.com\/?p=8165","name":"Repunta percepci\u00f3n de inseguridad en BCS - Buenos D&iacute;as BCS","isPartOf":{"@id":"https:\/\/buenosdiasbcs.com\/#website"},"primaryImageOfPage":{"@id":"https:\/\/buenosdiasbcs.com\/?p=8165#primaryimage"},"image":{"@id":"https:\/\/buenosdiasbcs.com\/?p=8165#primaryimage"},"thumbnailUrl":"https:\/\/buenosdiasbcs.com\/wp-content\/uploads\/2026\/04\/7acf8c58-5213-40d5-862a-b89d8a72992d_16-9-discover-aspect-ratio_default_0.jpg","datePublished":"2026-04-27T07:20:40+00:00","dateModified":"2026-04-27T07:20:43+00:00","breadcrumb":{"@id":"https:\/\/buenosdiasbcs.com\/?p=8165#breadcrumb"},"inLanguage":"es","potentialAction":[{"@type":"ReadAction","target":["https:\/\/buenosdiasbcs.com\/?p=8165"]}]},{"@type":"ImageObject","inLanguage":"es","@id":"https:\/\/buenosdiasbcs.com\/?p=8165#primaryimage","url":"https:\/\/buenosdiasbcs.com\/wp-content\/uploads\/2026\/04\/7acf8c58-5213-40d5-862a-b89d8a72992d_16-9-discover-aspect-ratio_default_0.jpg","contentUrl":"https:\/\/buenosdiasbcs.com\/wp-content\/uploads\/2026\/04\/7acf8c58-5213-40d5-862a-b89d8a72992d_16-9-discover-aspect-ratio_default_0.jpg","width":1200,"height":675},{"@type":"BreadcrumbList","@id":"https:\/\/buenosdiasbcs.com\/?p=8165#breadcrumb","itemListElement":[{"@type":"ListItem","position":1,"name":"Portada","item":"https:\/\/buenosdiasbcs.com\/"},{"@type":"ListItem","position":2,"name":"Repunta percepci\u00f3n de inseguridad en BCS"}]},{"@type":"WebSite","@id":"https:\/\/buenosdiasbcs.com\/#website","url":"https:\/\/buenosdiasbcs.com\/","name":"Buenos D\u00edas BCS","description":"","publisher":{"@id":"https:\/\/buenosdiasbcs.com\/#organization"},"potentialAction":[{"@type":"SearchAction","target":{"@type":"EntryPoint","urlTemplate":"https:\/\/buenosdiasbcs.com\/?s={search_term_string}"},"query-input":{"@type":"PropertyValueSpecification","valueRequired":true,"valueName":"search_term_string"}}],"inLanguage":"es"},{"@type":"Organization","@id":"https:\/\/buenosdiasbcs.com\/#organization","name":"Buenos D\u00edas BCS","url":"https:\/\/buenosdiasbcs.com\/","logo":{"@type":"ImageObject","inLanguage":"es","@id":"https:\/\/buenosdiasbcs.com\/#\/schema\/logo\/image\/","url":"https:\/\/buenosdiasbcs.com\/wp-content\/uploads\/2026\/01\/logo-buenos-dias-40-01.png","contentUrl":"https:\/\/buenosdiasbcs.com\/wp-content\/uploads\/2026\/01\/logo-buenos-dias-40-01.png","width":277,"height":40,"caption":"Buenos D\u00edas BCS"},"image":{"@id":"https:\/\/buenosdiasbcs.com\/#\/schema\/logo\/image\/"}},{"@type":"Person","@id":"https:\/\/buenosdiasbcs.com\/#\/schema\/person\/15aedc247eab7070ee5d76d6d069a821","name":"Edici\u00f3n Buenos D\u00edas","image":{"@type":"ImageObject","inLanguage":"es","@id":"https:\/\/buenosdiasbcs.com\/wp-content\/uploads\/2026\/01\/cropped-sol-96x96.png","url":"https:\/\/buenosdiasbcs.com\/wp-content\/uploads\/2026\/01\/cropped-sol-96x96.png","contentUrl":"https:\/\/buenosdiasbcs.com\/wp-content\/uploads\/2026\/01\/cropped-sol-96x96.png","caption":"Edici\u00f3n Buenos D\u00edas"},"url":"https:\/\/buenosdiasbcs.com\/?author=2"}]}},"amp_enabled":true,"_links":{"self":[{"href":"https:\/\/buenosdiasbcs.com\/index.php?rest_route=\/wp\/v2\/posts\/8165","targetHints":{"allow":["GET"]}}],"collection":[{"href":"https:\/\/buenosdiasbcs.com\/index.php?rest_route=\/wp\/v2\/posts"}],"about":[{"href":"https:\/\/buenosdiasbcs.com\/index.php?rest_route=\/wp\/v2\/types\/post"}],"author":[{"embeddable":true,"href":"https:\/\/buenosdiasbcs.com\/index.php?rest_route=\/wp\/v2\/users\/2"}],"replies":[{"embeddable":true,"href":"https:\/\/buenosdiasbcs.com\/index.php?rest_route=%2Fwp%2Fv2%2Fcomments&post=8165"}],"version-history":[{"count":1,"href":"https:\/\/buenosdiasbcs.com\/index.php?rest_route=\/wp\/v2\/posts\/8165\/revisions"}],"predecessor-version":[{"id":8167,"href":"https:\/\/buenosdiasbcs.com\/index.php?rest_route=\/wp\/v2\/posts\/8165\/revisions\/8167"}],"wp:featuredmedia":[{"embeddable":true,"href":"https:\/\/buenosdiasbcs.com\/index.php?rest_route=\/wp\/v2\/media\/8166"}],"wp:attachment":[{"href":"https:\/\/buenosdiasbcs.com\/index.php?rest_route=%2Fwp%2Fv2%2Fmedia&parent=8165"}],"wp:term":[{"taxonomy":"category","embeddable":true,"href":"https:\/\/buenosdiasbcs.com\/index.php?rest_route=%2Fwp%2Fv2%2Fcategories&post=8165"},{"taxonomy":"post_tag","embeddable":true,"href":"https:\/\/buenosdiasbcs.com\/index.php?rest_route=%2Fwp%2Fv2%2Ftags&post=8165"}],"curies":[{"name":"wp","href":"https:\/\/api.w.org\/{rel}","templated":true}]}}