{"id":8162,"date":"2026-04-27T00:16:57","date_gmt":"2026-04-27T07:16:57","guid":{"rendered":"https:\/\/buenosdiasbcs.com\/?p=8162"},"modified":"2026-04-27T00:17:02","modified_gmt":"2026-04-27T07:17:02","slug":"norona-marca-limites-a-sansores-no-puede-adelantar-candidaturas","status":"publish","type":"post","link":"https:\/\/buenosdiasbcs.com\/?p=8162","title":{"rendered":"Noro\u00f1a marca l\u00edmites a Sansores: &#8220;No puede adelantar candidaturas&#8221;"},"content":{"rendered":"\n<p>Sansores no ha respondido a las cr\u00edticas, pero el enfrentamiento evidencia las tensiones al interior de Morena rumbo a las elecciones estatales.<\/p>\n\n\n\n<p>El senador&nbsp;<strong>Gerardo Fern\u00e1ndez Noro\u00f1a<\/strong>&nbsp;critic\u00f3 el&nbsp;<strong>25 de abril de 2026<\/strong>&nbsp;a la gobernadora de Campeche,&nbsp;<strong>Layda Sansores<\/strong>, por promover anticipadamente a un aspirante rumbo a la elecci\u00f3n de 2027, al considerar que&nbsp;<strong>se adelant\u00f3 a los tiempos del partido y no respet\u00f3 el m\u00e9todo interno de selecci\u00f3n<\/strong>, lo que podr\u00eda generar divisiones dentro de Morena.&nbsp;<\/p>\n\n\n\n<p>Durante una transmisi\u00f3n en redes, el legislador cuestion\u00f3 que se haya dado por hecho un candidato cuando&nbsp;<strong>a\u00fan no se realizan las encuestas internas<\/strong>, mecanismo que define las candidaturas.<\/p>\n\n\n\n<p>Adem\u00e1s, advirti\u00f3 que varios perfiles quedaron fuera del proceso pese a tener derecho a competir.&nbsp;<\/p>\n\n\n\n<h2 class=\"wp-block-heading\" id=\"h-critica-por-excluir-aliados\">Cr\u00edtica por excluir aliados<\/h2>\n\n\n\n<p>Uno de los puntos m\u00e1s fuertes fue la exclusi\u00f3n de partidos aliados como el&nbsp;<strong>PT y el Partido Verde<\/strong>, a los que Noro\u00f1a consider\u00f3 fundamentales en triunfos anteriores.<\/p>\n\n\n\n<p>Se\u00f1al\u00f3 que marginarlos podr\u00eda afectar seriamente los resultados electorales en el estado.&nbsp;<\/p>\n\n\n\n<h2 class=\"wp-block-heading\" id=\"h-la-decision-que-detono-el-conflicto\">La decisi\u00f3n que deton\u00f3 el conflicto<\/h2>\n\n\n\n<p>La pol\u00e9mica surge tras el respaldo de Sansores a&nbsp;<strong>Pablo Guti\u00e9rrez Lazarus<\/strong>, actual alcalde de Ciudad del Carmen, como figura principal rumbo a la gubernatura.<\/p>\n\n\n\n<p>El nombramiento como coordinador estatal lo posiciona como el perfil m\u00e1s cercano a la candidatura.&nbsp;<\/p>\n\n\n\n<h2 class=\"wp-block-heading\" id=\"h-advertencia-sobre-consecuencias-electorales\">Advertencia sobre consecuencias electorales<\/h2>\n\n\n\n<p>Noro\u00f1a fue enf\u00e1tico al se\u00f1alar que este tipo de decisiones pueden tener efectos negativos en las urnas.<\/p>\n\n\n\n<p>Incluso advirti\u00f3 que, de mantenerse esa l\u00ednea,&nbsp;<strong>\u201cles puede ir muy mal\u201d en la elecci\u00f3n<\/strong>, al romper la unidad interna.&nbsp;<\/p>\n\n\n\n<h2 class=\"wp-block-heading\" id=\"h-reglas-internas-bajo-presion\">Reglas internas bajo presi\u00f3n<\/h2>\n\n\n\n<p>El senador insisti\u00f3 en que los procesos deben respetar los lineamientos de Morena, basados en encuestas y participaci\u00f3n abierta.<\/p>\n\n\n\n<p>Saltarse estos mecanismos, dijo, contradice la forma en que el partido ha definido hist\u00f3ricamente a sus candidatos.&nbsp;<\/p>\n\n\n\n<h2 class=\"wp-block-heading\" id=\"h-un-escenario-que-ya-muestra-fricciones\">Un escenario que ya muestra fricciones<\/h2>\n\n\n\n<p>El episodio ocurre mientras crecen las tensiones dentro del partido rumbo a los comicios de 2027.<\/p>\n\n\n\n<p>Las diferencias entre liderazgos locales y nacionales reflejan disputas por el control pol\u00edtico en la entidad.&nbsp;<\/p>\n\n\n\n<h2 class=\"wp-block-heading\" id=\"h-campeche-como-foco-de-disputa-interna\">Campeche como foco de disputa interna<\/h2>\n\n\n\n<p>En el estado, la sucesi\u00f3n ya genera movimientos anticipados y posicionamientos p\u00fablicos.<\/p>\n\n\n\n<p>Esto ha provocado incomodidad entre militantes y actores pol\u00edticos que buscan competir en igualdad de condiciones.&nbsp;<\/p>\n\n\n\n<h2 class=\"wp-block-heading\" id=\"h-el-mensaje-detras-del-llamado\">El mensaje detr\u00e1s del llamado<\/h2>\n\n\n\n<p>M\u00e1s all\u00e1 del se\u00f1alamiento, la postura de Noro\u00f1a busca frenar pr\u00e1cticas que puedan interpretarse como imposiciones.<\/p>\n\n\n\n<p>El objetivo es mantener cohesi\u00f3n en un momento clave para la estructura del partido.<\/p>\n\n\n\n<h2 class=\"wp-block-heading\" id=\"h-cuando-la-interna-se-vuelve-publica\">Cuando la interna se vuelve p\u00fablica<\/h2>\n\n\n\n<p>El intercambio deja ver que las diferencias dentro de Morena ya no se quedan en privado.<\/p>\n\n\n\n<p>Las declaraciones abren un nuevo cap\u00edtulo de tensiones rumbo a una elecci\u00f3n que a\u00fan est\u00e1 en construcci\u00f3n.<\/p>\n\n\n\n<p><em>Con informaci\u00f3n de El Financiero<\/em><\/p>\n","protected":false},"excerpt":{"rendered":"<p>Sansores no ha respondido a las cr\u00edticas, pero el enfrentamiento evidencia las tensiones al interior de Morena rumbo a las&#8230;<\/p>\n","protected":false},"author":2,"featured_media":8163,"comment_status":"open","ping_status":"open","sticky":false,"template":"","format":"standard","meta":{"footnotes":""},"categories":[32],"tags":[],"class_list":["post-8162","post","type-post","status-publish","format-standard","has-post-thumbnail","hentry","category-la-nacion"],"yoast_head":"<!-- This site is optimized with the Yoast SEO Premium plugin v26.8 (Yoast SEO v27.4) - https:\/\/yoast.com\/product\/yoast-seo-premium-wordpress\/ -->\n<title>Noro\u00f1a marca l\u00edmites a Sansores: &quot;No puede adelantar candidaturas&quot; - Buenos D&iacute;as BCS<\/title>\n<meta name=\"robots\" content=\"index, follow, max-snippet:-1, max-image-preview:large, max-video-preview:-1\" \/>\n<link rel=\"canonical\" href=\"https:\/\/buenosdiasbcs.com\/?p=8162\" \/>\n<meta property=\"og:locale\" content=\"es_ES\" \/>\n<meta property=\"og:type\" content=\"article\" \/>\n<meta property=\"og:title\" content=\"Noro\u00f1a marca l\u00edmites a Sansores: &quot;No puede adelantar candidaturas&quot;\" \/>\n<meta property=\"og:description\" content=\"Sansores no ha respondido a las cr\u00edticas, pero el enfrentamiento evidencia las tensiones al interior de Morena rumbo a las...\" \/>\n<meta property=\"og:url\" content=\"https:\/\/buenosdiasbcs.com\/?p=8162\" \/>\n<meta property=\"og:site_name\" content=\"Buenos D&iacute;as BCS\" \/>\n<meta property=\"article:published_time\" content=\"2026-04-27T07:16:57+00:00\" \/>\n<meta property=\"article:modified_time\" content=\"2026-04-27T07:17:02+00:00\" \/>\n<meta property=\"og:image\" content=\"https:\/\/buenosdiasbcs.com\/wp-content\/uploads\/2026\/04\/1777162525743.jpg\" \/>\n\t<meta property=\"og:image:width\" content=\"724\" \/>\n\t<meta property=\"og:image:height\" content=\"500\" \/>\n\t<meta property=\"og:image:type\" content=\"image\/jpeg\" \/>\n<meta name=\"author\" content=\"Edici\u00f3n Buenos D\u00edas\" \/>\n<meta name=\"twitter:card\" content=\"summary_large_image\" \/>\n<meta name=\"twitter:label1\" content=\"Escrito por\" \/>\n\t<meta name=\"twitter:data1\" content=\"Edici\u00f3n Buenos D\u00edas\" \/>\n\t<meta name=\"twitter:label2\" content=\"Tiempo de lectura\" \/>\n\t<meta name=\"twitter:data2\" content=\"3 minutos\" \/>\n<script type=\"application\/ld+json\" class=\"yoast-schema-graph\">{\"@context\":\"https:\\\/\\\/schema.org\",\"@graph\":[{\"@type\":\"Article\",\"@id\":\"https:\\\/\\\/buenosdiasbcs.com\\\/?p=8162#article\",\"isPartOf\":{\"@id\":\"https:\\\/\\\/buenosdiasbcs.com\\\/?p=8162\"},\"author\":{\"name\":\"Edici\u00f3n Buenos D\u00edas\",\"@id\":\"https:\\\/\\\/buenosdiasbcs.com\\\/#\\\/schema\\\/person\\\/15aedc247eab7070ee5d76d6d069a821\"},\"headline\":\"Noro\u00f1a marca l\u00edmites a Sansores: &#8220;No puede adelantar candidaturas&#8221;\",\"datePublished\":\"2026-04-27T07:16:57+00:00\",\"dateModified\":\"2026-04-27T07:17:02+00:00\",\"mainEntityOfPage\":{\"@id\":\"https:\\\/\\\/buenosdiasbcs.com\\\/?p=8162\"},\"wordCount\":514,\"commentCount\":0,\"publisher\":{\"@id\":\"https:\\\/\\\/buenosdiasbcs.com\\\/#organization\"},\"image\":{\"@id\":\"https:\\\/\\\/buenosdiasbcs.com\\\/?p=8162#primaryimage\"},\"thumbnailUrl\":\"https:\\\/\\\/buenosdiasbcs.com\\\/wp-content\\\/uploads\\\/2026\\\/04\\\/1777162525743.jpg\",\"articleSection\":[\"La Naci\u00f3n\"],\"inLanguage\":\"es\",\"potentialAction\":[{\"@type\":\"CommentAction\",\"name\":\"Comment\",\"target\":[\"https:\\\/\\\/buenosdiasbcs.com\\\/?p=8162#respond\"]}]},{\"@type\":\"WebPage\",\"@id\":\"https:\\\/\\\/buenosdiasbcs.com\\\/?p=8162\",\"url\":\"https:\\\/\\\/buenosdiasbcs.com\\\/?p=8162\",\"name\":\"Noro\u00f1a marca l\u00edmites a Sansores: \\\"No puede adelantar candidaturas\\\" - Buenos D&iacute;as BCS\",\"isPartOf\":{\"@id\":\"https:\\\/\\\/buenosdiasbcs.com\\\/#website\"},\"primaryImageOfPage\":{\"@id\":\"https:\\\/\\\/buenosdiasbcs.com\\\/?p=8162#primaryimage\"},\"image\":{\"@id\":\"https:\\\/\\\/buenosdiasbcs.com\\\/?p=8162#primaryimage\"},\"thumbnailUrl\":\"https:\\\/\\\/buenosdiasbcs.com\\\/wp-content\\\/uploads\\\/2026\\\/04\\\/1777162525743.jpg\",\"datePublished\":\"2026-04-27T07:16:57+00:00\",\"dateModified\":\"2026-04-27T07:17:02+00:00\",\"breadcrumb\":{\"@id\":\"https:\\\/\\\/buenosdiasbcs.com\\\/?p=8162#breadcrumb\"},\"inLanguage\":\"es\",\"potentialAction\":[{\"@type\":\"ReadAction\",\"target\":[\"https:\\\/\\\/buenosdiasbcs.com\\\/?p=8162\"]}]},{\"@type\":\"ImageObject\",\"inLanguage\":\"es\",\"@id\":\"https:\\\/\\\/buenosdiasbcs.com\\\/?p=8162#primaryimage\",\"url\":\"https:\\\/\\\/buenosdiasbcs.com\\\/wp-content\\\/uploads\\\/2026\\\/04\\\/1777162525743.jpg\",\"contentUrl\":\"https:\\\/\\\/buenosdiasbcs.com\\\/wp-content\\\/uploads\\\/2026\\\/04\\\/1777162525743.jpg\",\"width\":724,\"height\":500},{\"@type\":\"BreadcrumbList\",\"@id\":\"https:\\\/\\\/buenosdiasbcs.com\\\/?p=8162#breadcrumb\",\"itemListElement\":[{\"@type\":\"ListItem\",\"position\":1,\"name\":\"Portada\",\"item\":\"https:\\\/\\\/buenosdiasbcs.com\\\/\"},{\"@type\":\"ListItem\",\"position\":2,\"name\":\"Noro\u00f1a marca l\u00edmites a Sansores: &#8220;No puede adelantar candidaturas&#8221;\"}]},{\"@type\":\"WebSite\",\"@id\":\"https:\\\/\\\/buenosdiasbcs.com\\\/#website\",\"url\":\"https:\\\/\\\/buenosdiasbcs.com\\\/\",\"name\":\"Buenos D\u00edas BCS\",\"description\":\"\",\"publisher\":{\"@id\":\"https:\\\/\\\/buenosdiasbcs.com\\\/#organization\"},\"potentialAction\":[{\"@type\":\"SearchAction\",\"target\":{\"@type\":\"EntryPoint\",\"urlTemplate\":\"https:\\\/\\\/buenosdiasbcs.com\\\/?s={search_term_string}\"},\"query-input\":{\"@type\":\"PropertyValueSpecification\",\"valueRequired\":true,\"valueName\":\"search_term_string\"}}],\"inLanguage\":\"es\"},{\"@type\":\"Organization\",\"@id\":\"https:\\\/\\\/buenosdiasbcs.com\\\/#organization\",\"name\":\"Buenos D\u00edas BCS\",\"url\":\"https:\\\/\\\/buenosdiasbcs.com\\\/\",\"logo\":{\"@type\":\"ImageObject\",\"inLanguage\":\"es\",\"@id\":\"https:\\\/\\\/buenosdiasbcs.com\\\/#\\\/schema\\\/logo\\\/image\\\/\",\"url\":\"https:\\\/\\\/buenosdiasbcs.com\\\/wp-content\\\/uploads\\\/2026\\\/01\\\/logo-buenos-dias-40-01.png\",\"contentUrl\":\"https:\\\/\\\/buenosdiasbcs.com\\\/wp-content\\\/uploads\\\/2026\\\/01\\\/logo-buenos-dias-40-01.png\",\"width\":277,\"height\":40,\"caption\":\"Buenos D\u00edas BCS\"},\"image\":{\"@id\":\"https:\\\/\\\/buenosdiasbcs.com\\\/#\\\/schema\\\/logo\\\/image\\\/\"}},{\"@type\":\"Person\",\"@id\":\"https:\\\/\\\/buenosdiasbcs.com\\\/#\\\/schema\\\/person\\\/15aedc247eab7070ee5d76d6d069a821\",\"name\":\"Edici\u00f3n Buenos D\u00edas\",\"image\":{\"@type\":\"ImageObject\",\"inLanguage\":\"es\",\"@id\":\"https:\\\/\\\/buenosdiasbcs.com\\\/wp-content\\\/uploads\\\/2026\\\/01\\\/cropped-sol-96x96.png\",\"url\":\"https:\\\/\\\/buenosdiasbcs.com\\\/wp-content\\\/uploads\\\/2026\\\/01\\\/cropped-sol-96x96.png\",\"contentUrl\":\"https:\\\/\\\/buenosdiasbcs.com\\\/wp-content\\\/uploads\\\/2026\\\/01\\\/cropped-sol-96x96.png\",\"caption\":\"Edici\u00f3n Buenos D\u00edas\"},\"url\":\"https:\\\/\\\/buenosdiasbcs.com\\\/?author=2\"}]}<\/script>\n<!-- \/ Yoast SEO Premium plugin. -->","yoast_head_json":{"title":"Noro\u00f1a marca l\u00edmites a Sansores: \"No puede adelantar candidaturas\" - Buenos D&iacute;as BCS","robots":{"index":"index","follow":"follow","max-snippet":"max-snippet:-1","max-image-preview":"max-image-preview:large","max-video-preview":"max-video-preview:-1"},"canonical":"https:\/\/buenosdiasbcs.com\/?p=8162","og_locale":"es_ES","og_type":"article","og_title":"Noro\u00f1a marca l\u00edmites a Sansores: \"No puede adelantar candidaturas\"","og_description":"Sansores no ha respondido a las cr\u00edticas, pero el enfrentamiento evidencia las tensiones al interior de Morena rumbo a las...","og_url":"https:\/\/buenosdiasbcs.com\/?p=8162","og_site_name":"Buenos D&iacute;as BCS","article_published_time":"2026-04-27T07:16:57+00:00","article_modified_time":"2026-04-27T07:17:02+00:00","og_image":[{"width":724,"height":500,"url":"https:\/\/buenosdiasbcs.com\/wp-content\/uploads\/2026\/04\/1777162525743.jpg","type":"image\/jpeg"}],"author":"Edici\u00f3n Buenos D\u00edas","twitter_card":"summary_large_image","twitter_misc":{"Escrito por":"Edici\u00f3n Buenos D\u00edas","Tiempo de lectura":"3 minutos"},"schema":{"@context":"https:\/\/schema.org","@graph":[{"@type":"Article","@id":"https:\/\/buenosdiasbcs.com\/?p=8162#article","isPartOf":{"@id":"https:\/\/buenosdiasbcs.com\/?p=8162"},"author":{"name":"Edici\u00f3n Buenos D\u00edas","@id":"https:\/\/buenosdiasbcs.com\/#\/schema\/person\/15aedc247eab7070ee5d76d6d069a821"},"headline":"Noro\u00f1a marca l\u00edmites a Sansores: &#8220;No puede adelantar candidaturas&#8221;","datePublished":"2026-04-27T07:16:57+00:00","dateModified":"2026-04-27T07:17:02+00:00","mainEntityOfPage":{"@id":"https:\/\/buenosdiasbcs.com\/?p=8162"},"wordCount":514,"commentCount":0,"publisher":{"@id":"https:\/\/buenosdiasbcs.com\/#organization"},"image":{"@id":"https:\/\/buenosdiasbcs.com\/?p=8162#primaryimage"},"thumbnailUrl":"https:\/\/buenosdiasbcs.com\/wp-content\/uploads\/2026\/04\/1777162525743.jpg","articleSection":["La Naci\u00f3n"],"inLanguage":"es","potentialAction":[{"@type":"CommentAction","name":"Comment","target":["https:\/\/buenosdiasbcs.com\/?p=8162#respond"]}]},{"@type":"WebPage","@id":"https:\/\/buenosdiasbcs.com\/?p=8162","url":"https:\/\/buenosdiasbcs.com\/?p=8162","name":"Noro\u00f1a marca l\u00edmites a Sansores: \"No puede adelantar candidaturas\" - Buenos D&iacute;as BCS","isPartOf":{"@id":"https:\/\/buenosdiasbcs.com\/#website"},"primaryImageOfPage":{"@id":"https:\/\/buenosdiasbcs.com\/?p=8162#primaryimage"},"image":{"@id":"https:\/\/buenosdiasbcs.com\/?p=8162#primaryimage"},"thumbnailUrl":"https:\/\/buenosdiasbcs.com\/wp-content\/uploads\/2026\/04\/1777162525743.jpg","datePublished":"2026-04-27T07:16:57+00:00","dateModified":"2026-04-27T07:17:02+00:00","breadcrumb":{"@id":"https:\/\/buenosdiasbcs.com\/?p=8162#breadcrumb"},"inLanguage":"es","potentialAction":[{"@type":"ReadAction","target":["https:\/\/buenosdiasbcs.com\/?p=8162"]}]},{"@type":"ImageObject","inLanguage":"es","@id":"https:\/\/buenosdiasbcs.com\/?p=8162#primaryimage","url":"https:\/\/buenosdiasbcs.com\/wp-content\/uploads\/2026\/04\/1777162525743.jpg","contentUrl":"https:\/\/buenosdiasbcs.com\/wp-content\/uploads\/2026\/04\/1777162525743.jpg","width":724,"height":500},{"@type":"BreadcrumbList","@id":"https:\/\/buenosdiasbcs.com\/?p=8162#breadcrumb","itemListElement":[{"@type":"ListItem","position":1,"name":"Portada","item":"https:\/\/buenosdiasbcs.com\/"},{"@type":"ListItem","position":2,"name":"Noro\u00f1a marca l\u00edmites a Sansores: &#8220;No puede adelantar candidaturas&#8221;"}]},{"@type":"WebSite","@id":"https:\/\/buenosdiasbcs.com\/#website","url":"https:\/\/buenosdiasbcs.com\/","name":"Buenos D\u00edas BCS","description":"","publisher":{"@id":"https:\/\/buenosdiasbcs.com\/#organization"},"potentialAction":[{"@type":"SearchAction","target":{"@type":"EntryPoint","urlTemplate":"https:\/\/buenosdiasbcs.com\/?s={search_term_string}"},"query-input":{"@type":"PropertyValueSpecification","valueRequired":true,"valueName":"search_term_string"}}],"inLanguage":"es"},{"@type":"Organization","@id":"https:\/\/buenosdiasbcs.com\/#organization","name":"Buenos D\u00edas BCS","url":"https:\/\/buenosdiasbcs.com\/","logo":{"@type":"ImageObject","inLanguage":"es","@id":"https:\/\/buenosdiasbcs.com\/#\/schema\/logo\/image\/","url":"https:\/\/buenosdiasbcs.com\/wp-content\/uploads\/2026\/01\/logo-buenos-dias-40-01.png","contentUrl":"https:\/\/buenosdiasbcs.com\/wp-content\/uploads\/2026\/01\/logo-buenos-dias-40-01.png","width":277,"height":40,"caption":"Buenos D\u00edas BCS"},"image":{"@id":"https:\/\/buenosdiasbcs.com\/#\/schema\/logo\/image\/"}},{"@type":"Person","@id":"https:\/\/buenosdiasbcs.com\/#\/schema\/person\/15aedc247eab7070ee5d76d6d069a821","name":"Edici\u00f3n Buenos D\u00edas","image":{"@type":"ImageObject","inLanguage":"es","@id":"https:\/\/buenosdiasbcs.com\/wp-content\/uploads\/2026\/01\/cropped-sol-96x96.png","url":"https:\/\/buenosdiasbcs.com\/wp-content\/uploads\/2026\/01\/cropped-sol-96x96.png","contentUrl":"https:\/\/buenosdiasbcs.com\/wp-content\/uploads\/2026\/01\/cropped-sol-96x96.png","caption":"Edici\u00f3n Buenos D\u00edas"},"url":"https:\/\/buenosdiasbcs.com\/?author=2"}]}},"amp_enabled":true,"_links":{"self":[{"href":"https:\/\/buenosdiasbcs.com\/index.php?rest_route=\/wp\/v2\/posts\/8162","targetHints":{"allow":["GET"]}}],"collection":[{"href":"https:\/\/buenosdiasbcs.com\/index.php?rest_route=\/wp\/v2\/posts"}],"about":[{"href":"https:\/\/buenosdiasbcs.com\/index.php?rest_route=\/wp\/v2\/types\/post"}],"author":[{"embeddable":true,"href":"https:\/\/buenosdiasbcs.com\/index.php?rest_route=\/wp\/v2\/users\/2"}],"replies":[{"embeddable":true,"href":"https:\/\/buenosdiasbcs.com\/index.php?rest_route=%2Fwp%2Fv2%2Fcomments&post=8162"}],"version-history":[{"count":1,"href":"https:\/\/buenosdiasbcs.com\/index.php?rest_route=\/wp\/v2\/posts\/8162\/revisions"}],"predecessor-version":[{"id":8164,"href":"https:\/\/buenosdiasbcs.com\/index.php?rest_route=\/wp\/v2\/posts\/8162\/revisions\/8164"}],"wp:featuredmedia":[{"embeddable":true,"href":"https:\/\/buenosdiasbcs.com\/index.php?rest_route=\/wp\/v2\/media\/8163"}],"wp:attachment":[{"href":"https:\/\/buenosdiasbcs.com\/index.php?rest_route=%2Fwp%2Fv2%2Fmedia&parent=8162"}],"wp:term":[{"taxonomy":"category","embeddable":true,"href":"https:\/\/buenosdiasbcs.com\/index.php?rest_route=%2Fwp%2Fv2%2Fcategories&post=8162"},{"taxonomy":"post_tag","embeddable":true,"href":"https:\/\/buenosdiasbcs.com\/index.php?rest_route=%2Fwp%2Fv2%2Ftags&post=8162"}],"curies":[{"name":"wp","href":"https:\/\/api.w.org\/{rel}","templated":true}]}}