{"id":8156,"date":"2026-04-27T00:12:03","date_gmt":"2026-04-27T07:12:03","guid":{"rendered":"https:\/\/buenosdiasbcs.com\/?p=8156"},"modified":"2026-04-27T00:12:07","modified_gmt":"2026-04-27T07:12:07","slug":"sheinbaum-inaugura-tren-al-aifa-en-la-cdmx-conexion-directa-en-50-minutos","status":"publish","type":"post","link":"https:\/\/buenosdiasbcs.com\/?p=8156","title":{"rendered":"Sheinbaum inaugura tren al AIFA en la CDMX: conexi\u00f3n directa en 50 minutos"},"content":{"rendered":"\n<p>Con este proyecto, el gobierno federal busca consolidar al AIFA como una opci\u00f3n viable y eficiente para los viajeros.<\/p>\n\n\n\n<p>La presidenta de M\u00e9xico,&nbsp;<strong>Claudia Sheinbaum<\/strong>, encabez\u00f3 este d\u00eda la inauguraci\u00f3n del nuevo ramal del tren suburbano que conecta la Ciudad de M\u00e9xico con el Aeropuerto Internacional Felipe \u00c1ngeles (AIFA), una obra para mejorar la movilidad hacia la terminal a\u00e9rea.<\/p>\n\n\n\n<p>El primer recorrido parti\u00f3 a las 10:27 horas desde la estaci\u00f3n Buenavista, con la mandataria a bordo, acompa\u00f1ada por la jefa de Gobierno, Clara Brugada; la gobernadora del Estado de M\u00e9xico, Delfina G\u00f3mez; y el gobernador de Hidalgo, Julio Menchaca.<\/p>\n\n\n\n<h2 class=\"wp-block-heading\" id=\"h-conexion-directa-entre-cdmx-y-el-aifa\"><strong>Conexi\u00f3n directa entre CDMX y el AIFA<\/strong><\/h2>\n\n\n\n<p>El proyecto, esperado desde la inauguraci\u00f3n del AIFA en marzo de 2022, permitir\u00e1 a los usuarios trasladarse desde la estaci\u00f3n Buenavista hasta el aeropuerto en un tiempo estimado de 50 minutos. Este nuevo servicio forma parte del sistema del Tren Suburbano, ampliando su cobertura hacia una de las principales terminales a\u00e9reas del pa\u00eds.<\/p>\n\n\n\n<p>Adem\u00e1s, el tren llevar\u00e1 el&nbsp;<strong>nombre \u201cFelipe \u00c1ngeles\u201d<\/strong>, en honor al hist\u00f3rico militar mexicano, seg\u00fan adelant\u00f3 la presidenta d\u00edas antes de su puesta en marcha.<\/p>\n\n\n\n<p>Durante su etapa inicial, el servicio contar\u00e1 con una tarifa promocional de 45 pesos por viaje, lo que lo convierte en una alternativa econ\u00f3mica frente a otros medios de transporte hacia el&nbsp;<strong>AIFA<\/strong>.<\/p>\n\n\n\n<p>En cuanto a la operaci\u00f3n, los trenes tendr\u00e1n una frecuencia de salida cada 30 minutos, lo que permitir\u00e1 a los pasajeros planificar sus traslados con mayor facilidad y reducir tiempos de espera.<\/p>\n\n\n\n<p>La inauguraci\u00f3n del tren al AIFA representa un avance significativo en la conectividad de la Zona Metropolitana del Valle de M\u00e9xico, facilitando el acceso al aeropuerto y fortaleciendo la infraestructura de transporte p\u00fablico.<\/p>\n\n\n\n<p>(Con informaci\u00f3n de&nbsp;<strong><em>El Financiero<\/em><\/strong>)<\/p>\n","protected":false},"excerpt":{"rendered":"<p>Con este proyecto, el gobierno federal busca consolidar al AIFA como una opci\u00f3n viable y eficiente para los viajeros. La&#8230;<\/p>\n","protected":false},"author":2,"featured_media":8157,"comment_status":"open","ping_status":"open","sticky":false,"template":"","format":"standard","meta":{"footnotes":""},"categories":[32],"tags":[],"class_list":["post-8156","post","type-post","status-publish","format-standard","has-post-thumbnail","hentry","category-la-nacion"],"yoast_head":"<!-- This site is optimized with the Yoast SEO Premium plugin v26.8 (Yoast SEO v27.4) - https:\/\/yoast.com\/product\/yoast-seo-premium-wordpress\/ -->\n<title>Sheinbaum inaugura tren al AIFA en la CDMX: conexi\u00f3n directa en 50 minutos - Buenos D&iacute;as BCS<\/title>\n<meta name=\"robots\" content=\"index, follow, max-snippet:-1, max-image-preview:large, max-video-preview:-1\" \/>\n<link rel=\"canonical\" href=\"https:\/\/buenosdiasbcs.com\/?p=8156\" \/>\n<meta property=\"og:locale\" content=\"es_ES\" \/>\n<meta property=\"og:type\" content=\"article\" \/>\n<meta property=\"og:title\" content=\"Sheinbaum inaugura tren al AIFA en la CDMX: conexi\u00f3n directa en 50 minutos\" \/>\n<meta property=\"og:description\" content=\"Con este proyecto, el gobierno federal busca consolidar al AIFA como una opci\u00f3n viable y eficiente para los viajeros. La...\" \/>\n<meta property=\"og:url\" content=\"https:\/\/buenosdiasbcs.com\/?p=8156\" \/>\n<meta property=\"og:site_name\" content=\"Buenos D&iacute;as BCS\" \/>\n<meta property=\"article:published_time\" content=\"2026-04-27T07:12:03+00:00\" \/>\n<meta property=\"article:modified_time\" content=\"2026-04-27T07:12:07+00:00\" \/>\n<meta property=\"og:image\" content=\"https:\/\/buenosdiasbcs.com\/wp-content\/uploads\/2026\/04\/sheinbaum_-23-.jpg_296667473.jpg.webp\" \/>\n\t<meta property=\"og:image:width\" content=\"1920\" \/>\n\t<meta property=\"og:image:height\" content=\"1440\" \/>\n\t<meta property=\"og:image:type\" content=\"image\/webp\" \/>\n<meta name=\"author\" content=\"Edici\u00f3n Buenos D\u00edas\" \/>\n<meta name=\"twitter:card\" content=\"summary_large_image\" \/>\n<meta name=\"twitter:label1\" content=\"Escrito por\" \/>\n\t<meta name=\"twitter:data1\" content=\"Edici\u00f3n Buenos D\u00edas\" \/>\n\t<meta name=\"twitter:label2\" content=\"Tiempo de lectura\" \/>\n\t<meta name=\"twitter:data2\" content=\"2 minutos\" \/>\n<script type=\"application\/ld+json\" class=\"yoast-schema-graph\">{\"@context\":\"https:\\\/\\\/schema.org\",\"@graph\":[{\"@type\":\"Article\",\"@id\":\"https:\\\/\\\/buenosdiasbcs.com\\\/?p=8156#article\",\"isPartOf\":{\"@id\":\"https:\\\/\\\/buenosdiasbcs.com\\\/?p=8156\"},\"author\":{\"name\":\"Edici\u00f3n Buenos D\u00edas\",\"@id\":\"https:\\\/\\\/buenosdiasbcs.com\\\/#\\\/schema\\\/person\\\/15aedc247eab7070ee5d76d6d069a821\"},\"headline\":\"Sheinbaum inaugura tren al AIFA en la CDMX: conexi\u00f3n directa en 50 minutos\",\"datePublished\":\"2026-04-27T07:12:03+00:00\",\"dateModified\":\"2026-04-27T07:12:07+00:00\",\"mainEntityOfPage\":{\"@id\":\"https:\\\/\\\/buenosdiasbcs.com\\\/?p=8156\"},\"wordCount\":325,\"commentCount\":0,\"publisher\":{\"@id\":\"https:\\\/\\\/buenosdiasbcs.com\\\/#organization\"},\"image\":{\"@id\":\"https:\\\/\\\/buenosdiasbcs.com\\\/?p=8156#primaryimage\"},\"thumbnailUrl\":\"https:\\\/\\\/buenosdiasbcs.com\\\/wp-content\\\/uploads\\\/2026\\\/04\\\/sheinbaum_-23-.jpg_296667473.jpg.webp\",\"articleSection\":[\"La Naci\u00f3n\"],\"inLanguage\":\"es\",\"potentialAction\":[{\"@type\":\"CommentAction\",\"name\":\"Comment\",\"target\":[\"https:\\\/\\\/buenosdiasbcs.com\\\/?p=8156#respond\"]}]},{\"@type\":\"WebPage\",\"@id\":\"https:\\\/\\\/buenosdiasbcs.com\\\/?p=8156\",\"url\":\"https:\\\/\\\/buenosdiasbcs.com\\\/?p=8156\",\"name\":\"Sheinbaum inaugura tren al AIFA en la CDMX: conexi\u00f3n directa en 50 minutos - Buenos D&iacute;as BCS\",\"isPartOf\":{\"@id\":\"https:\\\/\\\/buenosdiasbcs.com\\\/#website\"},\"primaryImageOfPage\":{\"@id\":\"https:\\\/\\\/buenosdiasbcs.com\\\/?p=8156#primaryimage\"},\"image\":{\"@id\":\"https:\\\/\\\/buenosdiasbcs.com\\\/?p=8156#primaryimage\"},\"thumbnailUrl\":\"https:\\\/\\\/buenosdiasbcs.com\\\/wp-content\\\/uploads\\\/2026\\\/04\\\/sheinbaum_-23-.jpg_296667473.jpg.webp\",\"datePublished\":\"2026-04-27T07:12:03+00:00\",\"dateModified\":\"2026-04-27T07:12:07+00:00\",\"breadcrumb\":{\"@id\":\"https:\\\/\\\/buenosdiasbcs.com\\\/?p=8156#breadcrumb\"},\"inLanguage\":\"es\",\"potentialAction\":[{\"@type\":\"ReadAction\",\"target\":[\"https:\\\/\\\/buenosdiasbcs.com\\\/?p=8156\"]}]},{\"@type\":\"ImageObject\",\"inLanguage\":\"es\",\"@id\":\"https:\\\/\\\/buenosdiasbcs.com\\\/?p=8156#primaryimage\",\"url\":\"https:\\\/\\\/buenosdiasbcs.com\\\/wp-content\\\/uploads\\\/2026\\\/04\\\/sheinbaum_-23-.jpg_296667473.jpg.webp\",\"contentUrl\":\"https:\\\/\\\/buenosdiasbcs.com\\\/wp-content\\\/uploads\\\/2026\\\/04\\\/sheinbaum_-23-.jpg_296667473.jpg.webp\",\"width\":1920,\"height\":1440},{\"@type\":\"BreadcrumbList\",\"@id\":\"https:\\\/\\\/buenosdiasbcs.com\\\/?p=8156#breadcrumb\",\"itemListElement\":[{\"@type\":\"ListItem\",\"position\":1,\"name\":\"Portada\",\"item\":\"https:\\\/\\\/buenosdiasbcs.com\\\/\"},{\"@type\":\"ListItem\",\"position\":2,\"name\":\"Sheinbaum inaugura tren al AIFA en la CDMX: conexi\u00f3n directa en 50 minutos\"}]},{\"@type\":\"WebSite\",\"@id\":\"https:\\\/\\\/buenosdiasbcs.com\\\/#website\",\"url\":\"https:\\\/\\\/buenosdiasbcs.com\\\/\",\"name\":\"Buenos D\u00edas BCS\",\"description\":\"\",\"publisher\":{\"@id\":\"https:\\\/\\\/buenosdiasbcs.com\\\/#organization\"},\"potentialAction\":[{\"@type\":\"SearchAction\",\"target\":{\"@type\":\"EntryPoint\",\"urlTemplate\":\"https:\\\/\\\/buenosdiasbcs.com\\\/?s={search_term_string}\"},\"query-input\":{\"@type\":\"PropertyValueSpecification\",\"valueRequired\":true,\"valueName\":\"search_term_string\"}}],\"inLanguage\":\"es\"},{\"@type\":\"Organization\",\"@id\":\"https:\\\/\\\/buenosdiasbcs.com\\\/#organization\",\"name\":\"Buenos D\u00edas BCS\",\"url\":\"https:\\\/\\\/buenosdiasbcs.com\\\/\",\"logo\":{\"@type\":\"ImageObject\",\"inLanguage\":\"es\",\"@id\":\"https:\\\/\\\/buenosdiasbcs.com\\\/#\\\/schema\\\/logo\\\/image\\\/\",\"url\":\"https:\\\/\\\/buenosdiasbcs.com\\\/wp-content\\\/uploads\\\/2026\\\/01\\\/logo-buenos-dias-40-01.png\",\"contentUrl\":\"https:\\\/\\\/buenosdiasbcs.com\\\/wp-content\\\/uploads\\\/2026\\\/01\\\/logo-buenos-dias-40-01.png\",\"width\":277,\"height\":40,\"caption\":\"Buenos D\u00edas BCS\"},\"image\":{\"@id\":\"https:\\\/\\\/buenosdiasbcs.com\\\/#\\\/schema\\\/logo\\\/image\\\/\"}},{\"@type\":\"Person\",\"@id\":\"https:\\\/\\\/buenosdiasbcs.com\\\/#\\\/schema\\\/person\\\/15aedc247eab7070ee5d76d6d069a821\",\"name\":\"Edici\u00f3n Buenos D\u00edas\",\"image\":{\"@type\":\"ImageObject\",\"inLanguage\":\"es\",\"@id\":\"https:\\\/\\\/buenosdiasbcs.com\\\/wp-content\\\/uploads\\\/2026\\\/01\\\/cropped-sol-96x96.png\",\"url\":\"https:\\\/\\\/buenosdiasbcs.com\\\/wp-content\\\/uploads\\\/2026\\\/01\\\/cropped-sol-96x96.png\",\"contentUrl\":\"https:\\\/\\\/buenosdiasbcs.com\\\/wp-content\\\/uploads\\\/2026\\\/01\\\/cropped-sol-96x96.png\",\"caption\":\"Edici\u00f3n Buenos D\u00edas\"},\"url\":\"https:\\\/\\\/buenosdiasbcs.com\\\/?author=2\"}]}<\/script>\n<!-- \/ Yoast SEO Premium plugin. -->","yoast_head_json":{"title":"Sheinbaum inaugura tren al AIFA en la CDMX: conexi\u00f3n directa en 50 minutos - Buenos D&iacute;as BCS","robots":{"index":"index","follow":"follow","max-snippet":"max-snippet:-1","max-image-preview":"max-image-preview:large","max-video-preview":"max-video-preview:-1"},"canonical":"https:\/\/buenosdiasbcs.com\/?p=8156","og_locale":"es_ES","og_type":"article","og_title":"Sheinbaum inaugura tren al AIFA en la CDMX: conexi\u00f3n directa en 50 minutos","og_description":"Con este proyecto, el gobierno federal busca consolidar al AIFA como una opci\u00f3n viable y eficiente para los viajeros. La...","og_url":"https:\/\/buenosdiasbcs.com\/?p=8156","og_site_name":"Buenos D&iacute;as BCS","article_published_time":"2026-04-27T07:12:03+00:00","article_modified_time":"2026-04-27T07:12:07+00:00","og_image":[{"width":1920,"height":1440,"url":"https:\/\/buenosdiasbcs.com\/wp-content\/uploads\/2026\/04\/sheinbaum_-23-.jpg_296667473.jpg.webp","type":"image\/webp"}],"author":"Edici\u00f3n Buenos D\u00edas","twitter_card":"summary_large_image","twitter_misc":{"Escrito por":"Edici\u00f3n Buenos D\u00edas","Tiempo de lectura":"2 minutos"},"schema":{"@context":"https:\/\/schema.org","@graph":[{"@type":"Article","@id":"https:\/\/buenosdiasbcs.com\/?p=8156#article","isPartOf":{"@id":"https:\/\/buenosdiasbcs.com\/?p=8156"},"author":{"name":"Edici\u00f3n Buenos D\u00edas","@id":"https:\/\/buenosdiasbcs.com\/#\/schema\/person\/15aedc247eab7070ee5d76d6d069a821"},"headline":"Sheinbaum inaugura tren al AIFA en la CDMX: conexi\u00f3n directa en 50 minutos","datePublished":"2026-04-27T07:12:03+00:00","dateModified":"2026-04-27T07:12:07+00:00","mainEntityOfPage":{"@id":"https:\/\/buenosdiasbcs.com\/?p=8156"},"wordCount":325,"commentCount":0,"publisher":{"@id":"https:\/\/buenosdiasbcs.com\/#organization"},"image":{"@id":"https:\/\/buenosdiasbcs.com\/?p=8156#primaryimage"},"thumbnailUrl":"https:\/\/buenosdiasbcs.com\/wp-content\/uploads\/2026\/04\/sheinbaum_-23-.jpg_296667473.jpg.webp","articleSection":["La Naci\u00f3n"],"inLanguage":"es","potentialAction":[{"@type":"CommentAction","name":"Comment","target":["https:\/\/buenosdiasbcs.com\/?p=8156#respond"]}]},{"@type":"WebPage","@id":"https:\/\/buenosdiasbcs.com\/?p=8156","url":"https:\/\/buenosdiasbcs.com\/?p=8156","name":"Sheinbaum inaugura tren al AIFA en la CDMX: conexi\u00f3n directa en 50 minutos - Buenos D&iacute;as BCS","isPartOf":{"@id":"https:\/\/buenosdiasbcs.com\/#website"},"primaryImageOfPage":{"@id":"https:\/\/buenosdiasbcs.com\/?p=8156#primaryimage"},"image":{"@id":"https:\/\/buenosdiasbcs.com\/?p=8156#primaryimage"},"thumbnailUrl":"https:\/\/buenosdiasbcs.com\/wp-content\/uploads\/2026\/04\/sheinbaum_-23-.jpg_296667473.jpg.webp","datePublished":"2026-04-27T07:12:03+00:00","dateModified":"2026-04-27T07:12:07+00:00","breadcrumb":{"@id":"https:\/\/buenosdiasbcs.com\/?p=8156#breadcrumb"},"inLanguage":"es","potentialAction":[{"@type":"ReadAction","target":["https:\/\/buenosdiasbcs.com\/?p=8156"]}]},{"@type":"ImageObject","inLanguage":"es","@id":"https:\/\/buenosdiasbcs.com\/?p=8156#primaryimage","url":"https:\/\/buenosdiasbcs.com\/wp-content\/uploads\/2026\/04\/sheinbaum_-23-.jpg_296667473.jpg.webp","contentUrl":"https:\/\/buenosdiasbcs.com\/wp-content\/uploads\/2026\/04\/sheinbaum_-23-.jpg_296667473.jpg.webp","width":1920,"height":1440},{"@type":"BreadcrumbList","@id":"https:\/\/buenosdiasbcs.com\/?p=8156#breadcrumb","itemListElement":[{"@type":"ListItem","position":1,"name":"Portada","item":"https:\/\/buenosdiasbcs.com\/"},{"@type":"ListItem","position":2,"name":"Sheinbaum inaugura tren al AIFA en la CDMX: conexi\u00f3n directa en 50 minutos"}]},{"@type":"WebSite","@id":"https:\/\/buenosdiasbcs.com\/#website","url":"https:\/\/buenosdiasbcs.com\/","name":"Buenos D\u00edas BCS","description":"","publisher":{"@id":"https:\/\/buenosdiasbcs.com\/#organization"},"potentialAction":[{"@type":"SearchAction","target":{"@type":"EntryPoint","urlTemplate":"https:\/\/buenosdiasbcs.com\/?s={search_term_string}"},"query-input":{"@type":"PropertyValueSpecification","valueRequired":true,"valueName":"search_term_string"}}],"inLanguage":"es"},{"@type":"Organization","@id":"https:\/\/buenosdiasbcs.com\/#organization","name":"Buenos D\u00edas BCS","url":"https:\/\/buenosdiasbcs.com\/","logo":{"@type":"ImageObject","inLanguage":"es","@id":"https:\/\/buenosdiasbcs.com\/#\/schema\/logo\/image\/","url":"https:\/\/buenosdiasbcs.com\/wp-content\/uploads\/2026\/01\/logo-buenos-dias-40-01.png","contentUrl":"https:\/\/buenosdiasbcs.com\/wp-content\/uploads\/2026\/01\/logo-buenos-dias-40-01.png","width":277,"height":40,"caption":"Buenos D\u00edas BCS"},"image":{"@id":"https:\/\/buenosdiasbcs.com\/#\/schema\/logo\/image\/"}},{"@type":"Person","@id":"https:\/\/buenosdiasbcs.com\/#\/schema\/person\/15aedc247eab7070ee5d76d6d069a821","name":"Edici\u00f3n Buenos D\u00edas","image":{"@type":"ImageObject","inLanguage":"es","@id":"https:\/\/buenosdiasbcs.com\/wp-content\/uploads\/2026\/01\/cropped-sol-96x96.png","url":"https:\/\/buenosdiasbcs.com\/wp-content\/uploads\/2026\/01\/cropped-sol-96x96.png","contentUrl":"https:\/\/buenosdiasbcs.com\/wp-content\/uploads\/2026\/01\/cropped-sol-96x96.png","caption":"Edici\u00f3n Buenos D\u00edas"},"url":"https:\/\/buenosdiasbcs.com\/?author=2"}]}},"amp_enabled":true,"_links":{"self":[{"href":"https:\/\/buenosdiasbcs.com\/index.php?rest_route=\/wp\/v2\/posts\/8156","targetHints":{"allow":["GET"]}}],"collection":[{"href":"https:\/\/buenosdiasbcs.com\/index.php?rest_route=\/wp\/v2\/posts"}],"about":[{"href":"https:\/\/buenosdiasbcs.com\/index.php?rest_route=\/wp\/v2\/types\/post"}],"author":[{"embeddable":true,"href":"https:\/\/buenosdiasbcs.com\/index.php?rest_route=\/wp\/v2\/users\/2"}],"replies":[{"embeddable":true,"href":"https:\/\/buenosdiasbcs.com\/index.php?rest_route=%2Fwp%2Fv2%2Fcomments&post=8156"}],"version-history":[{"count":1,"href":"https:\/\/buenosdiasbcs.com\/index.php?rest_route=\/wp\/v2\/posts\/8156\/revisions"}],"predecessor-version":[{"id":8158,"href":"https:\/\/buenosdiasbcs.com\/index.php?rest_route=\/wp\/v2\/posts\/8156\/revisions\/8158"}],"wp:featuredmedia":[{"embeddable":true,"href":"https:\/\/buenosdiasbcs.com\/index.php?rest_route=\/wp\/v2\/media\/8157"}],"wp:attachment":[{"href":"https:\/\/buenosdiasbcs.com\/index.php?rest_route=%2Fwp%2Fv2%2Fmedia&parent=8156"}],"wp:term":[{"taxonomy":"category","embeddable":true,"href":"https:\/\/buenosdiasbcs.com\/index.php?rest_route=%2Fwp%2Fv2%2Fcategories&post=8156"},{"taxonomy":"post_tag","embeddable":true,"href":"https:\/\/buenosdiasbcs.com\/index.php?rest_route=%2Fwp%2Fv2%2Ftags&post=8156"}],"curies":[{"name":"wp","href":"https:\/\/api.w.org\/{rel}","templated":true}]}}