{"id":8123,"date":"2026-04-27T00:34:00","date_gmt":"2026-04-27T07:34:00","guid":{"rendered":"https:\/\/buenosdiasbcs.com\/?p=8123"},"modified":"2026-04-26T23:36:19","modified_gmt":"2026-04-27T06:36:19","slug":"ya-se-asoma-mayo-y-sus-significativas-fechas-abre-el-paso-la-ninez-en-su-dia-del-nino-el-30-de-abril-dialogo-amistoso","status":"publish","type":"post","link":"https:\/\/buenosdiasbcs.com\/?p=8123","title":{"rendered":"YA SE ASOMA MAYO Y SUS SIGNIFICATIVAS FECHAS *\/ABRE EL PASO LA NI\u00d1EZ EN SU \u201cD\u00cdA DEL NI\u00d1O\u201d EL 30 DE ABRIL. DI\u00c1LOGO AMISTOSO."},"content":{"rendered":"\n<p class=\"has-drop-cap\">En efecto, de los meses conmemorativos en el a\u00f1o el mes de mayo es el que tiene m\u00e1s festejos, conmemoraciones hist\u00f3ricas y sociales, iniciando con el 1 de mayo, luego el 3, el 5, el 10, el 15, el 23, y el 31 de mayo\u2026El 1\u00ba. de mayo, d\u00eda del trabajo; el 3, el de la Santa cruz conjuntado con la fundaci\u00f3n de la Paz B.C.S. y de los alba\u00f1iles; el del 5 de mayo por la batalla de Puebla, y le sigue el mero mero 10 de mayo \u00a1el d\u00eda de las madres!; luego sigue el 15, 23 y 31 de mayo; \u00f3rale!.<\/p>\n\n\n\n<p>Sin embargo ahora la fecha inmediata significativa es la del \u201cD\u00eda del ni\u00f1o\u201d que abre el paso a la ni\u00f1ez el 30 de abril hasta las 12 de la noche, para en el 1 de mayo iniciar esas significativas fechas ya dichas\u2026<\/p>\n\n\n\n<h2 class=\"wp-block-heading\" id=\"h-por-lo-tanto-van-fragmentos-historicos-sobre-la-ninez-en-su-dia-del-nino\">* POR LO TANTO VAN FRAGMENTOS HIST\u00d3RICOS SOBRE LA NI\u00d1EZ EN SU D\u00cdA DEL NI\u00d1O.<\/h2>\n\n\n\n<p>El D\u00eda del Ni\u00f1o (o de la Ni\u00f1ez) se celebra el 30 de abril en M\u00e9xico para conmemorar los derechos, bienestar y desarrollo de la infancia, formalizado en 1924 bajo el gobierno de \u00c1lvaro Obreg\u00f3n. Busca resaltar la importancia de proteger a los menores, garantizar su educaci\u00f3n, salud y una vida libre de violencia, consinti\u00e9ndolos con actividades y regalos.<\/p>\n\n\n\n<p>Pero\u2026\u00bfy por qu\u00e9 se festeja?. El origen se remonta a la necesidad de proteger a los ni\u00f1os tras la Primera Guerra Mundial. En M\u00e9xico, en 1924, el presidente \u00c1lvaro Obreg\u00f3n y el secretario de Educaci\u00f3n, Jos\u00e9 Vasconcelos, oficializaron el 30 de abril para impulsar la fraternidad y comprensi\u00f3n hacia la ni\u00f1ez. Esto es con el prop\u00f3sito de fomentar el respeto a los derechos humanos de la infancia, promover su bienestar y celebrar su etapa de vida. Y esto significa que m\u00e1s que solo recibir regalos, es una fecha para reafirmar el derecho a un desarrollo estable e integral. A menudo se usa el t\u00e9rmino &#8220;D\u00eda de la Ni\u00f1ez&#8221; para ser inclusivos.<\/p>\n\n\n\n<p>* Y las celebraciones comunes consisten en que se realizan fiestas en escuelas, juegos al aire libre, actividades culturales, convivencia familiar y en ocasiones se otorgan obsequios. As\u00ed entonces es el D\u00eda de la Ni\u00f1ez, D\u00eda Universal del Ni\u00f1o (aunque la ONU promueve otra fecha internacional), d\u00eda de la Infancia. En resumen, es un recordatorio continuo de la necesidad de trabajar por un mundo donde los ni\u00f1os puedan crecer con amor, seguridad y oportunidades positivas de acuerdo a la ONU.<\/p>\n\n\n\n<h2 class=\"wp-block-heading\" id=\"h-y-esta-valoracion-de-la-ninez-me-contrasta-con-la-adultez\">* Y ESTA VALORACI\u00d3N DE LA NI\u00d1EZ ME CONTRASTA CON LA ADULTEZ\u2026<\/h2>\n\n\n\n<p>Si, miren, sobre este subtitular recientemente yo escrib\u00ed temas como esto: de las falsedades pol\u00edticas ante una sociedad que ya quiere despertar \u00bflo lograr\u00e1? En una serie de fragmentos como \u00e9ste.<\/p>\n\n\n\n<p>\u201cEn estas \u00faltimas semanas, d\u00edas, me ha interesado en especial estar viendo, a trav\u00e9s de las informaciones nacionales y de mi estado, ya sea por televisi\u00f3n, radio, videos, sobre todo videos espec\u00edficos que me llegan, sobre la situaci\u00f3n tan importante que es la de las conducciones, sus pol\u00edticas personales con sus ambiciones personales, sus desv\u00edos y corrupciones vistas y comprobadas de los hombres y mujeres en torno al poder que corresponda sobre todo el del ejecutivo, con el legislativo y el Judicial por supuesto, en individualidades y\/o en colusi\u00f3n al poder ejecutivo presidencial y\/o de los estados y de los dem\u00e1s poderes, eso s\u00ed cuidando mucho la parte electoral partidista o puramente electoral hacia el 2027\u201d, y segu\u00ed\u2026Y sobre esto va mi \u201cAhorita\u201d.<\/p>\n\n\n\n<h2 class=\"wp-block-heading\" id=\"h-ahorita-de-un-dialogo-por-watssap-de-una-colaboradora-amiga\">*. AHORITA.- DE UN DI\u00c1LOGO POR WATSSAP DE UNA COLABORADORA AMIGA.<\/h2>\n\n\n\n<p>Ella inicia con este comentario sobre mi tema \u201cpesad\u00f3n\u201d. Si, en resumen, asciende al 71% el optimismo de los mexicanos respecto al sistema, esto significar\u00eda que la \u201cmucha desconfianza en instituciones y partidos\u201d se ubica en el 29% restante, es decir, la actual oposici\u00f3n. Resulta evidente, a partir de estos datos, que, si fueran ciertos, hay una gran distancia entre ambos lados de la balanza. Y que, sin dormirse en sus laureles, quienes son favorecidos con la confianza manifiesta en ese porcentaje superior, tienen como tarea la suma de acciones correspondientes a sus responsabilidades, con evidencias irrefutables. \u00bfSer\u00e1 esto posible? Mucho tienen que ver en esto las trapacer\u00edas en las que son h\u00e1biles quienes no desean que \u201cluzcan\u201d los aciertos del contrario. Y seguramente esto vale para los dos bandos: tanto el pinto como el colorado. Por lo pronto, las cifras hablan.<\/p>\n\n\n\n<h2 class=\"wp-block-heading\" id=\"h-y-en-mi-comentario-escribo-esto\">Y EN MI COMENTARIO, ESCRIBO ESTO\u2026<\/h2>\n\n\n\n<p>F\u00edjate que ya la le\u00ed en mi Cel. y s\u00ed, casi coincidimos, pero lo tuyo es tal como est\u00e1 escrito 71% de la presidenta y AMLO tambi\u00e9n, pues tienen todo el poder, y ahora en el tema no lo midas por porcentajes si no por el sentir de ese pueblo que mencionas, abatido, encabrinado incluso, con partidos de &#8220;oposici\u00f3n&#8221; pero los pol\u00edticos del abuso, de la demostrada corrupci\u00f3n, de su liga con el crimen, etc.<\/p>\n\n\n\n<p>Y yo no estoy diciendo que los porcentajes manipulados y las estad\u00edsticas convence, que ya hay una desconfianza real, verdadera, sin &#8220;porcentajes&#8221; manipulados en esta actualidad. Pero s\u00ed, en general est\u00e1 bien tu punto de vista, no niega las maldades de unos y otros, en fin&#8230;Hasta aqu\u00ed le paramos, prefiero tu amistad que &#8220;no o si&#8221; tenga yo la raz\u00f3n&#8230;primero eres t\u00fa. que la bola de politic@s sinverg\u00fcenzas de unos y otros partidos. Digo. Y f\u00edjate que me cae bien la pol\u00edtica de C. Sheimbaun, l\u00e1stima de los intereses de AMLO y &#8220;su gente&#8221; que tiene en su gobierno. Digo. Y hasta aqu\u00ed\u2026.AHORA!<\/p>\n\n\n\n<p><\/p>\n","protected":false},"excerpt":{"rendered":"<p>En efecto, de los meses conmemorativos en el a\u00f1o el mes de mayo es el que tiene m\u00e1s festejos, conmemoraciones&#8230;<\/p>\n","protected":false},"author":2,"featured_media":8124,"comment_status":"open","ping_status":"open","sticky":false,"template":"","format":"standard","meta":{"footnotes":""},"categories":[234],"tags":[],"class_list":["post-8123","post","type-post","status-publish","format-standard","has-post-thumbnail","hentry","category-opinion"],"yoast_head":"<!-- This site is optimized with the Yoast SEO Premium plugin v26.8 (Yoast SEO v27.4) - https:\/\/yoast.com\/product\/yoast-seo-premium-wordpress\/ -->\n<title>YA SE ASOMA MAYO Y SUS SIGNIFICATIVAS FECHAS *\/ABRE EL PASO LA NI\u00d1EZ EN SU \u201cD\u00cdA DEL NI\u00d1O\u201d EL 30 DE ABRIL. DI\u00c1LOGO AMISTOSO. - Buenos D&iacute;as BCS<\/title>\n<meta name=\"robots\" content=\"index, follow, max-snippet:-1, max-image-preview:large, max-video-preview:-1\" \/>\n<link rel=\"canonical\" href=\"https:\/\/buenosdiasbcs.com\/?p=8123\" \/>\n<meta property=\"og:locale\" content=\"es_ES\" \/>\n<meta property=\"og:type\" content=\"article\" \/>\n<meta property=\"og:title\" content=\"YA SE ASOMA MAYO Y SUS SIGNIFICATIVAS FECHAS *\/ABRE EL PASO LA NI\u00d1EZ EN SU \u201cD\u00cdA DEL NI\u00d1O\u201d EL 30 DE ABRIL. DI\u00c1LOGO AMISTOSO.\" \/>\n<meta property=\"og:description\" content=\"En efecto, de los meses conmemorativos en el a\u00f1o el mes de mayo es el que tiene m\u00e1s festejos, conmemoraciones...\" \/>\n<meta property=\"og:url\" content=\"https:\/\/buenosdiasbcs.com\/?p=8123\" \/>\n<meta property=\"og:site_name\" content=\"Buenos D&iacute;as BCS\" \/>\n<meta property=\"article:published_time\" content=\"2026-04-27T07:34:00+00:00\" \/>\n<meta property=\"og:image\" content=\"https:\/\/buenosdiasbcs.com\/wp-content\/uploads\/2026\/04\/admin-ajax.php_-2.png\" \/>\n\t<meta property=\"og:image:width\" content=\"600\" \/>\n\t<meta property=\"og:image:height\" content=\"404\" \/>\n\t<meta property=\"og:image:type\" content=\"image\/png\" \/>\n<meta name=\"author\" content=\"Edici\u00f3n Buenos D\u00edas\" \/>\n<meta name=\"twitter:card\" content=\"summary_large_image\" \/>\n<meta name=\"twitter:label1\" content=\"Escrito por\" \/>\n\t<meta name=\"twitter:data1\" content=\"Edici\u00f3n Buenos D\u00edas\" \/>\n\t<meta name=\"twitter:label2\" content=\"Tiempo de lectura\" \/>\n\t<meta name=\"twitter:data2\" content=\"5 minutos\" \/>\n<script type=\"application\/ld+json\" class=\"yoast-schema-graph\">{\"@context\":\"https:\\\/\\\/schema.org\",\"@graph\":[{\"@type\":\"Article\",\"@id\":\"https:\\\/\\\/buenosdiasbcs.com\\\/?p=8123#article\",\"isPartOf\":{\"@id\":\"https:\\\/\\\/buenosdiasbcs.com\\\/?p=8123\"},\"author\":{\"name\":\"Edici\u00f3n Buenos D\u00edas\",\"@id\":\"https:\\\/\\\/buenosdiasbcs.com\\\/#\\\/schema\\\/person\\\/15aedc247eab7070ee5d76d6d069a821\"},\"headline\":\"YA SE ASOMA MAYO Y SUS SIGNIFICATIVAS FECHAS *\\\/ABRE EL PASO LA NI\u00d1EZ EN SU \u201cD\u00cdA DEL NI\u00d1O\u201d EL 30 DE ABRIL. DI\u00c1LOGO AMISTOSO.\",\"datePublished\":\"2026-04-27T07:34:00+00:00\",\"mainEntityOfPage\":{\"@id\":\"https:\\\/\\\/buenosdiasbcs.com\\\/?p=8123\"},\"wordCount\":991,\"commentCount\":0,\"publisher\":{\"@id\":\"https:\\\/\\\/buenosdiasbcs.com\\\/#organization\"},\"image\":{\"@id\":\"https:\\\/\\\/buenosdiasbcs.com\\\/?p=8123#primaryimage\"},\"thumbnailUrl\":\"https:\\\/\\\/buenosdiasbcs.com\\\/wp-content\\\/uploads\\\/2026\\\/04\\\/admin-ajax.php_-2.png\",\"articleSection\":[\"Opini\u00f3n\"],\"inLanguage\":\"es\",\"potentialAction\":[{\"@type\":\"CommentAction\",\"name\":\"Comment\",\"target\":[\"https:\\\/\\\/buenosdiasbcs.com\\\/?p=8123#respond\"]}]},{\"@type\":\"WebPage\",\"@id\":\"https:\\\/\\\/buenosdiasbcs.com\\\/?p=8123\",\"url\":\"https:\\\/\\\/buenosdiasbcs.com\\\/?p=8123\",\"name\":\"YA SE ASOMA MAYO Y SUS SIGNIFICATIVAS FECHAS *\\\/ABRE EL PASO LA NI\u00d1EZ EN SU \u201cD\u00cdA DEL NI\u00d1O\u201d EL 30 DE ABRIL. DI\u00c1LOGO AMISTOSO. - Buenos D&iacute;as BCS\",\"isPartOf\":{\"@id\":\"https:\\\/\\\/buenosdiasbcs.com\\\/#website\"},\"primaryImageOfPage\":{\"@id\":\"https:\\\/\\\/buenosdiasbcs.com\\\/?p=8123#primaryimage\"},\"image\":{\"@id\":\"https:\\\/\\\/buenosdiasbcs.com\\\/?p=8123#primaryimage\"},\"thumbnailUrl\":\"https:\\\/\\\/buenosdiasbcs.com\\\/wp-content\\\/uploads\\\/2026\\\/04\\\/admin-ajax.php_-2.png\",\"datePublished\":\"2026-04-27T07:34:00+00:00\",\"breadcrumb\":{\"@id\":\"https:\\\/\\\/buenosdiasbcs.com\\\/?p=8123#breadcrumb\"},\"inLanguage\":\"es\",\"potentialAction\":[{\"@type\":\"ReadAction\",\"target\":[\"https:\\\/\\\/buenosdiasbcs.com\\\/?p=8123\"]}]},{\"@type\":\"ImageObject\",\"inLanguage\":\"es\",\"@id\":\"https:\\\/\\\/buenosdiasbcs.com\\\/?p=8123#primaryimage\",\"url\":\"https:\\\/\\\/buenosdiasbcs.com\\\/wp-content\\\/uploads\\\/2026\\\/04\\\/admin-ajax.php_-2.png\",\"contentUrl\":\"https:\\\/\\\/buenosdiasbcs.com\\\/wp-content\\\/uploads\\\/2026\\\/04\\\/admin-ajax.php_-2.png\",\"width\":600,\"height\":404},{\"@type\":\"BreadcrumbList\",\"@id\":\"https:\\\/\\\/buenosdiasbcs.com\\\/?p=8123#breadcrumb\",\"itemListElement\":[{\"@type\":\"ListItem\",\"position\":1,\"name\":\"Portada\",\"item\":\"https:\\\/\\\/buenosdiasbcs.com\\\/\"},{\"@type\":\"ListItem\",\"position\":2,\"name\":\"YA SE ASOMA MAYO Y SUS SIGNIFICATIVAS FECHAS *\\\/ABRE EL PASO LA NI\u00d1EZ EN SU \u201cD\u00cdA DEL NI\u00d1O\u201d EL 30 DE ABRIL. DI\u00c1LOGO AMISTOSO.\"}]},{\"@type\":\"WebSite\",\"@id\":\"https:\\\/\\\/buenosdiasbcs.com\\\/#website\",\"url\":\"https:\\\/\\\/buenosdiasbcs.com\\\/\",\"name\":\"Buenos D\u00edas BCS\",\"description\":\"\",\"publisher\":{\"@id\":\"https:\\\/\\\/buenosdiasbcs.com\\\/#organization\"},\"potentialAction\":[{\"@type\":\"SearchAction\",\"target\":{\"@type\":\"EntryPoint\",\"urlTemplate\":\"https:\\\/\\\/buenosdiasbcs.com\\\/?s={search_term_string}\"},\"query-input\":{\"@type\":\"PropertyValueSpecification\",\"valueRequired\":true,\"valueName\":\"search_term_string\"}}],\"inLanguage\":\"es\"},{\"@type\":\"Organization\",\"@id\":\"https:\\\/\\\/buenosdiasbcs.com\\\/#organization\",\"name\":\"Buenos D\u00edas BCS\",\"url\":\"https:\\\/\\\/buenosdiasbcs.com\\\/\",\"logo\":{\"@type\":\"ImageObject\",\"inLanguage\":\"es\",\"@id\":\"https:\\\/\\\/buenosdiasbcs.com\\\/#\\\/schema\\\/logo\\\/image\\\/\",\"url\":\"https:\\\/\\\/buenosdiasbcs.com\\\/wp-content\\\/uploads\\\/2026\\\/01\\\/logo-buenos-dias-40-01.png\",\"contentUrl\":\"https:\\\/\\\/buenosdiasbcs.com\\\/wp-content\\\/uploads\\\/2026\\\/01\\\/logo-buenos-dias-40-01.png\",\"width\":277,\"height\":40,\"caption\":\"Buenos D\u00edas BCS\"},\"image\":{\"@id\":\"https:\\\/\\\/buenosdiasbcs.com\\\/#\\\/schema\\\/logo\\\/image\\\/\"}},{\"@type\":\"Person\",\"@id\":\"https:\\\/\\\/buenosdiasbcs.com\\\/#\\\/schema\\\/person\\\/15aedc247eab7070ee5d76d6d069a821\",\"name\":\"Edici\u00f3n Buenos D\u00edas\",\"image\":{\"@type\":\"ImageObject\",\"inLanguage\":\"es\",\"@id\":\"https:\\\/\\\/buenosdiasbcs.com\\\/wp-content\\\/uploads\\\/2026\\\/01\\\/cropped-sol-96x96.png\",\"url\":\"https:\\\/\\\/buenosdiasbcs.com\\\/wp-content\\\/uploads\\\/2026\\\/01\\\/cropped-sol-96x96.png\",\"contentUrl\":\"https:\\\/\\\/buenosdiasbcs.com\\\/wp-content\\\/uploads\\\/2026\\\/01\\\/cropped-sol-96x96.png\",\"caption\":\"Edici\u00f3n Buenos D\u00edas\"},\"url\":\"https:\\\/\\\/buenosdiasbcs.com\\\/?author=2\"}]}<\/script>\n<!-- \/ Yoast SEO Premium plugin. -->","yoast_head_json":{"title":"YA SE ASOMA MAYO Y SUS SIGNIFICATIVAS FECHAS *\/ABRE EL PASO LA NI\u00d1EZ EN SU \u201cD\u00cdA DEL NI\u00d1O\u201d EL 30 DE ABRIL. DI\u00c1LOGO AMISTOSO. - Buenos D&iacute;as BCS","robots":{"index":"index","follow":"follow","max-snippet":"max-snippet:-1","max-image-preview":"max-image-preview:large","max-video-preview":"max-video-preview:-1"},"canonical":"https:\/\/buenosdiasbcs.com\/?p=8123","og_locale":"es_ES","og_type":"article","og_title":"YA SE ASOMA MAYO Y SUS SIGNIFICATIVAS FECHAS *\/ABRE EL PASO LA NI\u00d1EZ EN SU \u201cD\u00cdA DEL NI\u00d1O\u201d EL 30 DE ABRIL. DI\u00c1LOGO AMISTOSO.","og_description":"En efecto, de los meses conmemorativos en el a\u00f1o el mes de mayo es el que tiene m\u00e1s festejos, conmemoraciones...","og_url":"https:\/\/buenosdiasbcs.com\/?p=8123","og_site_name":"Buenos D&iacute;as BCS","article_published_time":"2026-04-27T07:34:00+00:00","og_image":[{"width":600,"height":404,"url":"https:\/\/buenosdiasbcs.com\/wp-content\/uploads\/2026\/04\/admin-ajax.php_-2.png","type":"image\/png"}],"author":"Edici\u00f3n Buenos D\u00edas","twitter_card":"summary_large_image","twitter_misc":{"Escrito por":"Edici\u00f3n Buenos D\u00edas","Tiempo de lectura":"5 minutos"},"schema":{"@context":"https:\/\/schema.org","@graph":[{"@type":"Article","@id":"https:\/\/buenosdiasbcs.com\/?p=8123#article","isPartOf":{"@id":"https:\/\/buenosdiasbcs.com\/?p=8123"},"author":{"name":"Edici\u00f3n Buenos D\u00edas","@id":"https:\/\/buenosdiasbcs.com\/#\/schema\/person\/15aedc247eab7070ee5d76d6d069a821"},"headline":"YA SE ASOMA MAYO Y SUS SIGNIFICATIVAS FECHAS *\/ABRE EL PASO LA NI\u00d1EZ EN SU \u201cD\u00cdA DEL NI\u00d1O\u201d EL 30 DE ABRIL. DI\u00c1LOGO AMISTOSO.","datePublished":"2026-04-27T07:34:00+00:00","mainEntityOfPage":{"@id":"https:\/\/buenosdiasbcs.com\/?p=8123"},"wordCount":991,"commentCount":0,"publisher":{"@id":"https:\/\/buenosdiasbcs.com\/#organization"},"image":{"@id":"https:\/\/buenosdiasbcs.com\/?p=8123#primaryimage"},"thumbnailUrl":"https:\/\/buenosdiasbcs.com\/wp-content\/uploads\/2026\/04\/admin-ajax.php_-2.png","articleSection":["Opini\u00f3n"],"inLanguage":"es","potentialAction":[{"@type":"CommentAction","name":"Comment","target":["https:\/\/buenosdiasbcs.com\/?p=8123#respond"]}]},{"@type":"WebPage","@id":"https:\/\/buenosdiasbcs.com\/?p=8123","url":"https:\/\/buenosdiasbcs.com\/?p=8123","name":"YA SE ASOMA MAYO Y SUS SIGNIFICATIVAS FECHAS *\/ABRE EL PASO LA NI\u00d1EZ EN SU \u201cD\u00cdA DEL NI\u00d1O\u201d EL 30 DE ABRIL. DI\u00c1LOGO AMISTOSO. - Buenos D&iacute;as BCS","isPartOf":{"@id":"https:\/\/buenosdiasbcs.com\/#website"},"primaryImageOfPage":{"@id":"https:\/\/buenosdiasbcs.com\/?p=8123#primaryimage"},"image":{"@id":"https:\/\/buenosdiasbcs.com\/?p=8123#primaryimage"},"thumbnailUrl":"https:\/\/buenosdiasbcs.com\/wp-content\/uploads\/2026\/04\/admin-ajax.php_-2.png","datePublished":"2026-04-27T07:34:00+00:00","breadcrumb":{"@id":"https:\/\/buenosdiasbcs.com\/?p=8123#breadcrumb"},"inLanguage":"es","potentialAction":[{"@type":"ReadAction","target":["https:\/\/buenosdiasbcs.com\/?p=8123"]}]},{"@type":"ImageObject","inLanguage":"es","@id":"https:\/\/buenosdiasbcs.com\/?p=8123#primaryimage","url":"https:\/\/buenosdiasbcs.com\/wp-content\/uploads\/2026\/04\/admin-ajax.php_-2.png","contentUrl":"https:\/\/buenosdiasbcs.com\/wp-content\/uploads\/2026\/04\/admin-ajax.php_-2.png","width":600,"height":404},{"@type":"BreadcrumbList","@id":"https:\/\/buenosdiasbcs.com\/?p=8123#breadcrumb","itemListElement":[{"@type":"ListItem","position":1,"name":"Portada","item":"https:\/\/buenosdiasbcs.com\/"},{"@type":"ListItem","position":2,"name":"YA SE ASOMA MAYO Y SUS SIGNIFICATIVAS FECHAS *\/ABRE EL PASO LA NI\u00d1EZ EN SU \u201cD\u00cdA DEL NI\u00d1O\u201d EL 30 DE ABRIL. DI\u00c1LOGO AMISTOSO."}]},{"@type":"WebSite","@id":"https:\/\/buenosdiasbcs.com\/#website","url":"https:\/\/buenosdiasbcs.com\/","name":"Buenos D\u00edas BCS","description":"","publisher":{"@id":"https:\/\/buenosdiasbcs.com\/#organization"},"potentialAction":[{"@type":"SearchAction","target":{"@type":"EntryPoint","urlTemplate":"https:\/\/buenosdiasbcs.com\/?s={search_term_string}"},"query-input":{"@type":"PropertyValueSpecification","valueRequired":true,"valueName":"search_term_string"}}],"inLanguage":"es"},{"@type":"Organization","@id":"https:\/\/buenosdiasbcs.com\/#organization","name":"Buenos D\u00edas BCS","url":"https:\/\/buenosdiasbcs.com\/","logo":{"@type":"ImageObject","inLanguage":"es","@id":"https:\/\/buenosdiasbcs.com\/#\/schema\/logo\/image\/","url":"https:\/\/buenosdiasbcs.com\/wp-content\/uploads\/2026\/01\/logo-buenos-dias-40-01.png","contentUrl":"https:\/\/buenosdiasbcs.com\/wp-content\/uploads\/2026\/01\/logo-buenos-dias-40-01.png","width":277,"height":40,"caption":"Buenos D\u00edas BCS"},"image":{"@id":"https:\/\/buenosdiasbcs.com\/#\/schema\/logo\/image\/"}},{"@type":"Person","@id":"https:\/\/buenosdiasbcs.com\/#\/schema\/person\/15aedc247eab7070ee5d76d6d069a821","name":"Edici\u00f3n Buenos D\u00edas","image":{"@type":"ImageObject","inLanguage":"es","@id":"https:\/\/buenosdiasbcs.com\/wp-content\/uploads\/2026\/01\/cropped-sol-96x96.png","url":"https:\/\/buenosdiasbcs.com\/wp-content\/uploads\/2026\/01\/cropped-sol-96x96.png","contentUrl":"https:\/\/buenosdiasbcs.com\/wp-content\/uploads\/2026\/01\/cropped-sol-96x96.png","caption":"Edici\u00f3n Buenos D\u00edas"},"url":"https:\/\/buenosdiasbcs.com\/?author=2"}]}},"amp_enabled":true,"_links":{"self":[{"href":"https:\/\/buenosdiasbcs.com\/index.php?rest_route=\/wp\/v2\/posts\/8123","targetHints":{"allow":["GET"]}}],"collection":[{"href":"https:\/\/buenosdiasbcs.com\/index.php?rest_route=\/wp\/v2\/posts"}],"about":[{"href":"https:\/\/buenosdiasbcs.com\/index.php?rest_route=\/wp\/v2\/types\/post"}],"author":[{"embeddable":true,"href":"https:\/\/buenosdiasbcs.com\/index.php?rest_route=\/wp\/v2\/users\/2"}],"replies":[{"embeddable":true,"href":"https:\/\/buenosdiasbcs.com\/index.php?rest_route=%2Fwp%2Fv2%2Fcomments&post=8123"}],"version-history":[{"count":1,"href":"https:\/\/buenosdiasbcs.com\/index.php?rest_route=\/wp\/v2\/posts\/8123\/revisions"}],"predecessor-version":[{"id":8125,"href":"https:\/\/buenosdiasbcs.com\/index.php?rest_route=\/wp\/v2\/posts\/8123\/revisions\/8125"}],"wp:featuredmedia":[{"embeddable":true,"href":"https:\/\/buenosdiasbcs.com\/index.php?rest_route=\/wp\/v2\/media\/8124"}],"wp:attachment":[{"href":"https:\/\/buenosdiasbcs.com\/index.php?rest_route=%2Fwp%2Fv2%2Fmedia&parent=8123"}],"wp:term":[{"taxonomy":"category","embeddable":true,"href":"https:\/\/buenosdiasbcs.com\/index.php?rest_route=%2Fwp%2Fv2%2Fcategories&post=8123"},{"taxonomy":"post_tag","embeddable":true,"href":"https:\/\/buenosdiasbcs.com\/index.php?rest_route=%2Fwp%2Fv2%2Ftags&post=8123"}],"curies":[{"name":"wp","href":"https:\/\/api.w.org\/{rel}","templated":true}]}}