{"id":5540,"date":"2026-03-19T00:20:00","date_gmt":"2026-03-19T07:20:00","guid":{"rendered":"https:\/\/buenosdiasbcs.com\/?p=5540"},"modified":"2026-03-18T23:22:10","modified_gmt":"2026-03-19T06:22:10","slug":"advierten-nueva-amenaza-de-la-mineria-toxica-para-la-paz","status":"publish","type":"post","link":"https:\/\/buenosdiasbcs.com\/?p=5540","title":{"rendered":"Advierten nueva amenaza de la miner\u00eda t\u00f3xica para La Paz"},"content":{"rendered":"\n<h2 class=\"wp-block-heading\" id=\"h-convocan-a-manifestacion-en-cabildo-de-la-paz-ante-una-posible-inclusion-de-esta-industria-extractiva-en-el-programa-de-ordenamiento-ecologico-local-poel\">Convocan a manifestaci\u00f3n en Cabildo de La Paz ante una posible inclusi\u00f3n de esta industria extractiva en el Programa de Ordenamiento Ecol\u00f3gico Local (POEL).<\/h2>\n\n\n\n<p>El&nbsp;<strong>Frente Ciudadano en Defensa del Agua y la Vida (FRECIUDAV)<\/strong>&nbsp;convoc\u00f3 a la ciudadan\u00eda a manifestarse este mi\u00e9rcoles en la&nbsp;<strong>Sala de Cabildo del Ayuntamiento de La Paz<\/strong>&nbsp;para rechazar una presunta \u201cinclusi\u00f3n de la miner\u00eda denominada&nbsp;<em>sustentable<\/em>\u201d dentro del&nbsp;<strong>Programa de Ordenamiento Ecol\u00f3gico Local (POEL).<\/strong><\/p>\n\n\n\n<p>En la reuni\u00f3n en la sede del cuerpo edilicio programada para las 12 del mediod\u00eda el Frente rechazar\u00e1 la presunta intenci\u00f3n del Ayuntamiento de La Paz de dejar formalizado en el POEL el concepto de<strong>\u00a0Aprovechamiento Sustentable Subterr\u00e1neo con Protecci\u00f3n de Humedales y Areas de Importancia de Recarga de Acu\u00edferos (AIRA),<\/strong>\u00a0\u201clo que abre la posibilidad de una amenaza real al medio ambiente y todo el territorio\u201d, advirtieron los ambientalistas.<a href=\"https:\/\/peninsulardigital.com\/anunciate-peninsular-digital\/\" target=\"_blank\" rel=\"noreferrer noopener\"><\/a><\/p>\n\n\n\n<p>\u201cUtilizar palabras que pretenden disfrazar de sustentable proyectos mineros es la forma con la que se quiere enga\u00f1ar a la poblaci\u00f3n\u201d pues ninguna miner\u00eda es sustentable, insisti\u00f3 el Frente.<\/p>\n\n\n\n<p>El&nbsp;<strong>FRECIUDAV<\/strong>&nbsp;record\u00f3 que ya son \u201c18 a\u00f1os de presi\u00f3n y lucha ciudadana para detener a la mega miner\u00eda t\u00f3xica\u201d, que se maneja como \u201csustentable\u201d, pero \u201cignorando este antecedente, las actuales autoridades han tenido la brillante idea de incluir la&nbsp;<em>miner\u00eda sustentable<\/em>&nbsp;en el Programa de Ordenamiento Ecol\u00f3gico Local del municipio de La Paz (POEL), instrumento clave para proteger a nuestro territorio de todas las actividades extractivistas que amenacen nuestros recursos h\u00eddricos y ecosistemas terrestres y marinos, disfraz\u00e1ndola con el nombre de&nbsp; Aprovechamiento Sustentable Subterr\u00e1neo con Protecci\u00f3n de Humedales y Areas de Importancia de Recarga de Acu\u00edferos\u201d.<\/p>\n\n\n\n<p>Ello, dejando de lado, \u201cpor pura casualidad\u201d, el hecho de que los cientos de millones de toneladas de desechos minerales que dejar\u00eda esa mega explotaci\u00f3n minera, como ars\u00e9nico, metales pesados y elementos radiactivos, lo que ser\u00eda una total cat\u00e1strofe para nuestros acu\u00edferos y el futuro de las nuevas generaciones, advirti\u00f3 el Frente.<\/p>\n\n\n\n<p>Finalmente el&nbsp;<strong>FRECIUDAV<\/strong>&nbsp;insisti\u00f3 en que no aceptar\u00e1 ning\u00fan proyecto \u201csustentable\u201d en la Sierra de la Laguna, como tampoco aceptar\u00e1 la \u201ct\u00f3xica miner\u00eda dizque sustentable\u201d que las autoridades municipales \u201cde manera sospechosa\u201d quieren incluir en el&nbsp;<strong>POEL<\/strong>, sin importarles \u201clos graves impactos ambientales que causar\u00edan estos proyectos\u201d.<br>La cita es este mi\u00e9rcoles en punto de las 12 del d\u00eda en el Palacio Municipal de La Paz.<\/p>\n\n\n\n<p>\u201cS\u00f3lo se necesita una hora de tu tiempo para defender la Sierra de la Laguna contra la miner\u00eda\u201d, concluyeron los ambientalistas.<\/p>\n","protected":false},"excerpt":{"rendered":"<p>Convocan a manifestaci\u00f3n en Cabildo de La Paz ante una posible inclusi\u00f3n de esta industria extractiva en el Programa de&#8230;<\/p>\n","protected":false},"author":2,"featured_media":5541,"comment_status":"open","ping_status":"open","sticky":false,"template":"","format":"standard","meta":{"footnotes":""},"categories":[25],"tags":[],"class_list":["post-5540","post","type-post","status-publish","format-standard","has-post-thumbnail","hentry","category-sociedad"],"yoast_head":"<!-- This site is optimized with the Yoast SEO Premium plugin v26.8 (Yoast SEO v27.5) - https:\/\/yoast.com\/product\/yoast-seo-premium-wordpress\/ -->\n<title>Advierten nueva amenaza de la miner\u00eda t\u00f3xica para La Paz - Buenos D&iacute;as BCS<\/title>\n<meta name=\"robots\" content=\"index, follow, max-snippet:-1, max-image-preview:large, max-video-preview:-1\" \/>\n<link rel=\"canonical\" href=\"https:\/\/buenosdiasbcs.com\/?p=5540\" \/>\n<meta property=\"og:locale\" content=\"es_ES\" \/>\n<meta property=\"og:type\" content=\"article\" \/>\n<meta property=\"og:title\" content=\"Advierten nueva amenaza de la miner\u00eda t\u00f3xica para La Paz\" \/>\n<meta property=\"og:description\" content=\"Convocan a manifestaci\u00f3n en Cabildo de La Paz ante una posible inclusi\u00f3n de esta industria extractiva en el Programa de...\" \/>\n<meta property=\"og:url\" content=\"https:\/\/buenosdiasbcs.com\/?p=5540\" \/>\n<meta property=\"og:site_name\" content=\"Buenos D&iacute;as BCS\" \/>\n<meta property=\"article:published_time\" content=\"2026-03-19T07:20:00+00:00\" \/>\n<meta property=\"og:image\" content=\"https:\/\/buenosdiasbcs.com\/wp-content\/uploads\/2026\/03\/170326_freciudav-750x375-1.webp\" \/>\n\t<meta property=\"og:image:width\" content=\"750\" \/>\n\t<meta property=\"og:image:height\" content=\"375\" \/>\n\t<meta property=\"og:image:type\" content=\"image\/webp\" \/>\n<meta name=\"author\" content=\"Edici\u00f3n Buenos D\u00edas\" \/>\n<meta name=\"twitter:card\" content=\"summary_large_image\" \/>\n<meta name=\"twitter:label1\" content=\"Escrito por\" \/>\n\t<meta name=\"twitter:data1\" content=\"Edici\u00f3n Buenos D\u00edas\" \/>\n\t<meta name=\"twitter:label2\" content=\"Tiempo de lectura\" \/>\n\t<meta name=\"twitter:data2\" content=\"3 minutos\" \/>\n<script type=\"application\/ld+json\" class=\"yoast-schema-graph\">{\"@context\":\"https:\\\/\\\/schema.org\",\"@graph\":[{\"@type\":\"Article\",\"@id\":\"https:\\\/\\\/buenosdiasbcs.com\\\/?p=5540#article\",\"isPartOf\":{\"@id\":\"https:\\\/\\\/buenosdiasbcs.com\\\/?p=5540\"},\"author\":{\"name\":\"Edici\u00f3n Buenos D\u00edas\",\"@id\":\"https:\\\/\\\/buenosdiasbcs.com\\\/#\\\/schema\\\/person\\\/15aedc247eab7070ee5d76d6d069a821\"},\"headline\":\"Advierten nueva amenaza de la miner\u00eda t\u00f3xica para La Paz\",\"datePublished\":\"2026-03-19T07:20:00+00:00\",\"mainEntityOfPage\":{\"@id\":\"https:\\\/\\\/buenosdiasbcs.com\\\/?p=5540\"},\"wordCount\":471,\"commentCount\":0,\"publisher\":{\"@id\":\"https:\\\/\\\/buenosdiasbcs.com\\\/#organization\"},\"image\":{\"@id\":\"https:\\\/\\\/buenosdiasbcs.com\\\/?p=5540#primaryimage\"},\"thumbnailUrl\":\"https:\\\/\\\/buenosdiasbcs.com\\\/wp-content\\\/uploads\\\/2026\\\/03\\\/170326_freciudav-750x375-1.webp\",\"articleSection\":[\"Sociedad\"],\"inLanguage\":\"es\",\"potentialAction\":[{\"@type\":\"CommentAction\",\"name\":\"Comment\",\"target\":[\"https:\\\/\\\/buenosdiasbcs.com\\\/?p=5540#respond\"]}]},{\"@type\":\"WebPage\",\"@id\":\"https:\\\/\\\/buenosdiasbcs.com\\\/?p=5540\",\"url\":\"https:\\\/\\\/buenosdiasbcs.com\\\/?p=5540\",\"name\":\"Advierten nueva amenaza de la miner\u00eda t\u00f3xica para La Paz - Buenos D&iacute;as BCS\",\"isPartOf\":{\"@id\":\"https:\\\/\\\/buenosdiasbcs.com\\\/#website\"},\"primaryImageOfPage\":{\"@id\":\"https:\\\/\\\/buenosdiasbcs.com\\\/?p=5540#primaryimage\"},\"image\":{\"@id\":\"https:\\\/\\\/buenosdiasbcs.com\\\/?p=5540#primaryimage\"},\"thumbnailUrl\":\"https:\\\/\\\/buenosdiasbcs.com\\\/wp-content\\\/uploads\\\/2026\\\/03\\\/170326_freciudav-750x375-1.webp\",\"datePublished\":\"2026-03-19T07:20:00+00:00\",\"breadcrumb\":{\"@id\":\"https:\\\/\\\/buenosdiasbcs.com\\\/?p=5540#breadcrumb\"},\"inLanguage\":\"es\",\"potentialAction\":[{\"@type\":\"ReadAction\",\"target\":[\"https:\\\/\\\/buenosdiasbcs.com\\\/?p=5540\"]}]},{\"@type\":\"ImageObject\",\"inLanguage\":\"es\",\"@id\":\"https:\\\/\\\/buenosdiasbcs.com\\\/?p=5540#primaryimage\",\"url\":\"https:\\\/\\\/buenosdiasbcs.com\\\/wp-content\\\/uploads\\\/2026\\\/03\\\/170326_freciudav-750x375-1.webp\",\"contentUrl\":\"https:\\\/\\\/buenosdiasbcs.com\\\/wp-content\\\/uploads\\\/2026\\\/03\\\/170326_freciudav-750x375-1.webp\",\"width\":750,\"height\":375},{\"@type\":\"BreadcrumbList\",\"@id\":\"https:\\\/\\\/buenosdiasbcs.com\\\/?p=5540#breadcrumb\",\"itemListElement\":[{\"@type\":\"ListItem\",\"position\":1,\"name\":\"Portada\",\"item\":\"https:\\\/\\\/buenosdiasbcs.com\\\/\"},{\"@type\":\"ListItem\",\"position\":2,\"name\":\"Advierten nueva amenaza de la miner\u00eda t\u00f3xica para La Paz\"}]},{\"@type\":\"WebSite\",\"@id\":\"https:\\\/\\\/buenosdiasbcs.com\\\/#website\",\"url\":\"https:\\\/\\\/buenosdiasbcs.com\\\/\",\"name\":\"Buenos D\u00edas BCS\",\"description\":\"\",\"publisher\":{\"@id\":\"https:\\\/\\\/buenosdiasbcs.com\\\/#organization\"},\"potentialAction\":[{\"@type\":\"SearchAction\",\"target\":{\"@type\":\"EntryPoint\",\"urlTemplate\":\"https:\\\/\\\/buenosdiasbcs.com\\\/?s={search_term_string}\"},\"query-input\":{\"@type\":\"PropertyValueSpecification\",\"valueRequired\":true,\"valueName\":\"search_term_string\"}}],\"inLanguage\":\"es\"},{\"@type\":\"Organization\",\"@id\":\"https:\\\/\\\/buenosdiasbcs.com\\\/#organization\",\"name\":\"Buenos D\u00edas BCS\",\"url\":\"https:\\\/\\\/buenosdiasbcs.com\\\/\",\"logo\":{\"@type\":\"ImageObject\",\"inLanguage\":\"es\",\"@id\":\"https:\\\/\\\/buenosdiasbcs.com\\\/#\\\/schema\\\/logo\\\/image\\\/\",\"url\":\"https:\\\/\\\/buenosdiasbcs.com\\\/wp-content\\\/uploads\\\/2026\\\/01\\\/logo-buenos-dias-40-01.png\",\"contentUrl\":\"https:\\\/\\\/buenosdiasbcs.com\\\/wp-content\\\/uploads\\\/2026\\\/01\\\/logo-buenos-dias-40-01.png\",\"width\":277,\"height\":40,\"caption\":\"Buenos D\u00edas BCS\"},\"image\":{\"@id\":\"https:\\\/\\\/buenosdiasbcs.com\\\/#\\\/schema\\\/logo\\\/image\\\/\"}},{\"@type\":\"Person\",\"@id\":\"https:\\\/\\\/buenosdiasbcs.com\\\/#\\\/schema\\\/person\\\/15aedc247eab7070ee5d76d6d069a821\",\"name\":\"Edici\u00f3n Buenos D\u00edas\",\"image\":{\"@type\":\"ImageObject\",\"inLanguage\":\"es\",\"@id\":\"https:\\\/\\\/buenosdiasbcs.com\\\/wp-content\\\/uploads\\\/2026\\\/01\\\/cropped-sol-96x96.png\",\"url\":\"https:\\\/\\\/buenosdiasbcs.com\\\/wp-content\\\/uploads\\\/2026\\\/01\\\/cropped-sol-96x96.png\",\"contentUrl\":\"https:\\\/\\\/buenosdiasbcs.com\\\/wp-content\\\/uploads\\\/2026\\\/01\\\/cropped-sol-96x96.png\",\"caption\":\"Edici\u00f3n Buenos D\u00edas\"},\"url\":\"https:\\\/\\\/buenosdiasbcs.com\\\/?author=2\"}]}<\/script>\n<!-- \/ Yoast SEO Premium plugin. -->","yoast_head_json":{"title":"Advierten nueva amenaza de la miner\u00eda t\u00f3xica para La Paz - Buenos D&iacute;as BCS","robots":{"index":"index","follow":"follow","max-snippet":"max-snippet:-1","max-image-preview":"max-image-preview:large","max-video-preview":"max-video-preview:-1"},"canonical":"https:\/\/buenosdiasbcs.com\/?p=5540","og_locale":"es_ES","og_type":"article","og_title":"Advierten nueva amenaza de la miner\u00eda t\u00f3xica para La Paz","og_description":"Convocan a manifestaci\u00f3n en Cabildo de La Paz ante una posible inclusi\u00f3n de esta industria extractiva en el Programa de...","og_url":"https:\/\/buenosdiasbcs.com\/?p=5540","og_site_name":"Buenos D&iacute;as BCS","article_published_time":"2026-03-19T07:20:00+00:00","og_image":[{"width":750,"height":375,"url":"https:\/\/buenosdiasbcs.com\/wp-content\/uploads\/2026\/03\/170326_freciudav-750x375-1.webp","type":"image\/webp"}],"author":"Edici\u00f3n Buenos D\u00edas","twitter_card":"summary_large_image","twitter_misc":{"Escrito por":"Edici\u00f3n Buenos D\u00edas","Tiempo de lectura":"3 minutos"},"schema":{"@context":"https:\/\/schema.org","@graph":[{"@type":"Article","@id":"https:\/\/buenosdiasbcs.com\/?p=5540#article","isPartOf":{"@id":"https:\/\/buenosdiasbcs.com\/?p=5540"},"author":{"name":"Edici\u00f3n Buenos D\u00edas","@id":"https:\/\/buenosdiasbcs.com\/#\/schema\/person\/15aedc247eab7070ee5d76d6d069a821"},"headline":"Advierten nueva amenaza de la miner\u00eda t\u00f3xica para La Paz","datePublished":"2026-03-19T07:20:00+00:00","mainEntityOfPage":{"@id":"https:\/\/buenosdiasbcs.com\/?p=5540"},"wordCount":471,"commentCount":0,"publisher":{"@id":"https:\/\/buenosdiasbcs.com\/#organization"},"image":{"@id":"https:\/\/buenosdiasbcs.com\/?p=5540#primaryimage"},"thumbnailUrl":"https:\/\/buenosdiasbcs.com\/wp-content\/uploads\/2026\/03\/170326_freciudav-750x375-1.webp","articleSection":["Sociedad"],"inLanguage":"es","potentialAction":[{"@type":"CommentAction","name":"Comment","target":["https:\/\/buenosdiasbcs.com\/?p=5540#respond"]}]},{"@type":"WebPage","@id":"https:\/\/buenosdiasbcs.com\/?p=5540","url":"https:\/\/buenosdiasbcs.com\/?p=5540","name":"Advierten nueva amenaza de la miner\u00eda t\u00f3xica para La Paz - Buenos D&iacute;as BCS","isPartOf":{"@id":"https:\/\/buenosdiasbcs.com\/#website"},"primaryImageOfPage":{"@id":"https:\/\/buenosdiasbcs.com\/?p=5540#primaryimage"},"image":{"@id":"https:\/\/buenosdiasbcs.com\/?p=5540#primaryimage"},"thumbnailUrl":"https:\/\/buenosdiasbcs.com\/wp-content\/uploads\/2026\/03\/170326_freciudav-750x375-1.webp","datePublished":"2026-03-19T07:20:00+00:00","breadcrumb":{"@id":"https:\/\/buenosdiasbcs.com\/?p=5540#breadcrumb"},"inLanguage":"es","potentialAction":[{"@type":"ReadAction","target":["https:\/\/buenosdiasbcs.com\/?p=5540"]}]},{"@type":"ImageObject","inLanguage":"es","@id":"https:\/\/buenosdiasbcs.com\/?p=5540#primaryimage","url":"https:\/\/buenosdiasbcs.com\/wp-content\/uploads\/2026\/03\/170326_freciudav-750x375-1.webp","contentUrl":"https:\/\/buenosdiasbcs.com\/wp-content\/uploads\/2026\/03\/170326_freciudav-750x375-1.webp","width":750,"height":375},{"@type":"BreadcrumbList","@id":"https:\/\/buenosdiasbcs.com\/?p=5540#breadcrumb","itemListElement":[{"@type":"ListItem","position":1,"name":"Portada","item":"https:\/\/buenosdiasbcs.com\/"},{"@type":"ListItem","position":2,"name":"Advierten nueva amenaza de la miner\u00eda t\u00f3xica para La Paz"}]},{"@type":"WebSite","@id":"https:\/\/buenosdiasbcs.com\/#website","url":"https:\/\/buenosdiasbcs.com\/","name":"Buenos D\u00edas BCS","description":"","publisher":{"@id":"https:\/\/buenosdiasbcs.com\/#organization"},"potentialAction":[{"@type":"SearchAction","target":{"@type":"EntryPoint","urlTemplate":"https:\/\/buenosdiasbcs.com\/?s={search_term_string}"},"query-input":{"@type":"PropertyValueSpecification","valueRequired":true,"valueName":"search_term_string"}}],"inLanguage":"es"},{"@type":"Organization","@id":"https:\/\/buenosdiasbcs.com\/#organization","name":"Buenos D\u00edas BCS","url":"https:\/\/buenosdiasbcs.com\/","logo":{"@type":"ImageObject","inLanguage":"es","@id":"https:\/\/buenosdiasbcs.com\/#\/schema\/logo\/image\/","url":"https:\/\/buenosdiasbcs.com\/wp-content\/uploads\/2026\/01\/logo-buenos-dias-40-01.png","contentUrl":"https:\/\/buenosdiasbcs.com\/wp-content\/uploads\/2026\/01\/logo-buenos-dias-40-01.png","width":277,"height":40,"caption":"Buenos D\u00edas BCS"},"image":{"@id":"https:\/\/buenosdiasbcs.com\/#\/schema\/logo\/image\/"}},{"@type":"Person","@id":"https:\/\/buenosdiasbcs.com\/#\/schema\/person\/15aedc247eab7070ee5d76d6d069a821","name":"Edici\u00f3n Buenos D\u00edas","image":{"@type":"ImageObject","inLanguage":"es","@id":"https:\/\/buenosdiasbcs.com\/wp-content\/uploads\/2026\/01\/cropped-sol-96x96.png","url":"https:\/\/buenosdiasbcs.com\/wp-content\/uploads\/2026\/01\/cropped-sol-96x96.png","contentUrl":"https:\/\/buenosdiasbcs.com\/wp-content\/uploads\/2026\/01\/cropped-sol-96x96.png","caption":"Edici\u00f3n Buenos D\u00edas"},"url":"https:\/\/buenosdiasbcs.com\/?author=2"}]}},"amp_enabled":true,"_links":{"self":[{"href":"https:\/\/buenosdiasbcs.com\/index.php?rest_route=\/wp\/v2\/posts\/5540","targetHints":{"allow":["GET"]}}],"collection":[{"href":"https:\/\/buenosdiasbcs.com\/index.php?rest_route=\/wp\/v2\/posts"}],"about":[{"href":"https:\/\/buenosdiasbcs.com\/index.php?rest_route=\/wp\/v2\/types\/post"}],"author":[{"embeddable":true,"href":"https:\/\/buenosdiasbcs.com\/index.php?rest_route=\/wp\/v2\/users\/2"}],"replies":[{"embeddable":true,"href":"https:\/\/buenosdiasbcs.com\/index.php?rest_route=%2Fwp%2Fv2%2Fcomments&post=5540"}],"version-history":[{"count":1,"href":"https:\/\/buenosdiasbcs.com\/index.php?rest_route=\/wp\/v2\/posts\/5540\/revisions"}],"predecessor-version":[{"id":5542,"href":"https:\/\/buenosdiasbcs.com\/index.php?rest_route=\/wp\/v2\/posts\/5540\/revisions\/5542"}],"wp:featuredmedia":[{"embeddable":true,"href":"https:\/\/buenosdiasbcs.com\/index.php?rest_route=\/wp\/v2\/media\/5541"}],"wp:attachment":[{"href":"https:\/\/buenosdiasbcs.com\/index.php?rest_route=%2Fwp%2Fv2%2Fmedia&parent=5540"}],"wp:term":[{"taxonomy":"category","embeddable":true,"href":"https:\/\/buenosdiasbcs.com\/index.php?rest_route=%2Fwp%2Fv2%2Fcategories&post=5540"},{"taxonomy":"post_tag","embeddable":true,"href":"https:\/\/buenosdiasbcs.com\/index.php?rest_route=%2Fwp%2Fv2%2Ftags&post=5540"}],"curies":[{"name":"wp","href":"https:\/\/api.w.org\/{rel}","templated":true}]}}