{"id":5412,"date":"2026-03-17T01:29:30","date_gmt":"2026-03-17T08:29:30","guid":{"rendered":"https:\/\/buenosdiasbcs.com\/?p=5412"},"modified":"2026-03-17T01:29:32","modified_gmt":"2026-03-17T08:29:32","slug":"inicia-sspe-jornadas-el-balon-de-la-paz-en-cecyte-05-de-cabo-san-lucas","status":"publish","type":"post","link":"https:\/\/buenosdiasbcs.com\/?p=5412","title":{"rendered":"Inicia SSPE jornadas \u201cEl Bal\u00f3n de la Paz\u201d en CECyTE 05 de Cabo San Lucas"},"content":{"rendered":"\n<h2 class=\"wp-block-heading\" id=\"h-durante-el-arranque-de-estas-actividades-el-titular-de-la-sspe-luis-alfredo-cancino-vicente-destaco-la-importancia-de-impulsar-acciones-que-permitan-a-las-nuevas-generaciones-desarrollarse-en-entornos-de-respeto-solidaridad-y-disciplina\">Durante el arranque de estas actividades, el titular de la SSPE, Luis Alfredo Cancino Vicente, destac\u00f3 la importancia de impulsar acciones que permitan a las nuevas generaciones desarrollarse en entornos de respeto, solidaridad y disciplina.<\/h2>\n\n\n\n<p>Con el prop\u00f3sito de fortalecer los valores y la cultura de paz entre la juventud sudcaliforniana, la Secretar\u00eda de Seguridad P\u00fablica del Estado (SSPE) inici\u00f3 en el plantel CECyTE 05 de Cabo San Lucas las jornadas de prevenci\u00f3n \u201cEl Bal\u00f3n de la Paz\u201d, programa que acerca servicios institucionales a estudiantes para fomentar la convivencia sana y el respeto dentro de la comunidad escolar.<\/p>\n\n\n\n<p>Durante el arranque de estas actividades, el titular de la SSPE, Luis Alfredo Cancino Vicente, destac\u00f3 la importancia de impulsar acciones que permitan a las nuevas generaciones desarrollarse en entornos de respeto, solidaridad y disciplina.<\/p>\n\n\n\n<p>Como parte de esta estrategia, realizada en coordinaci\u00f3n con instancias estatales, municipales y asociaciones civiles como Alcoh\u00f3licos An\u00f3nimos, se impartieron pl\u00e1ticas informativas dirigidas al alumnado sobre prevenci\u00f3n de conductas de riesgo, adicciones, enfermedades de transmisi\u00f3n sexual, violencia de g\u00e9nero, uso responsable de redes sociales y ciberdelitos, entre otros temas.<\/p>\n\n\n\n<p>Asimismo, estudiantes del plantel participaron en la pinta del mural \u201cEl Bal\u00f3n de la Paz\u201d, s\u00edmbolo que representa el compromiso de la comunidad escolar con la convivencia pac\u00edfica, el respeto y la unidad.<\/p>\n\n\n\n<p>Finalmente, el secretario de Seguridad P\u00fablica reiter\u00f3 que la prevenci\u00f3n inicia en el hogar y se fortalece en las aulas, por lo que la dependencia continuar\u00e1 impulsando programas orientados a fomentar valores y la participaci\u00f3n de la juventud en la construcci\u00f3n de comunidades m\u00e1s seguras y solidarias.<\/p>\n","protected":false},"excerpt":{"rendered":"<p>Durante el arranque de estas actividades, el titular de la SSPE, Luis Alfredo Cancino Vicente, destac\u00f3 la importancia de impulsar&#8230;<\/p>\n","protected":false},"author":2,"featured_media":5413,"comment_status":"open","ping_status":"open","sticky":false,"template":"","format":"standard","meta":{"footnotes":""},"categories":[24],"tags":[],"class_list":["post-5412","post","type-post","status-publish","format-standard","has-post-thumbnail","hentry","category-gobierno"],"yoast_head":"<!-- This site is optimized with the Yoast SEO Premium plugin v26.8 (Yoast SEO v27.5) - https:\/\/yoast.com\/product\/yoast-seo-premium-wordpress\/ -->\n<title>Inicia SSPE jornadas \u201cEl Bal\u00f3n de la Paz\u201d en CECyTE 05 de Cabo San Lucas - Buenos D&iacute;as BCS<\/title>\n<meta name=\"robots\" content=\"index, follow, max-snippet:-1, max-image-preview:large, max-video-preview:-1\" \/>\n<link rel=\"canonical\" href=\"https:\/\/buenosdiasbcs.com\/?p=5412\" \/>\n<meta property=\"og:locale\" content=\"es_ES\" \/>\n<meta property=\"og:type\" content=\"article\" \/>\n<meta property=\"og:title\" content=\"Inicia SSPE jornadas \u201cEl Bal\u00f3n de la Paz\u201d en CECyTE 05 de Cabo San Lucas\" \/>\n<meta property=\"og:description\" content=\"Durante el arranque de estas actividades, el titular de la SSPE, Luis Alfredo Cancino Vicente, destac\u00f3 la importancia de impulsar...\" \/>\n<meta property=\"og:url\" content=\"https:\/\/buenosdiasbcs.com\/?p=5412\" \/>\n<meta property=\"og:site_name\" content=\"Buenos D&iacute;as BCS\" \/>\n<meta property=\"article:published_time\" content=\"2026-03-17T08:29:30+00:00\" \/>\n<meta property=\"article:modified_time\" content=\"2026-03-17T08:29:32+00:00\" \/>\n<meta property=\"og:image\" content=\"https:\/\/buenosdiasbcs.com\/wp-content\/uploads\/2026\/03\/IMG_7678-1024x681.png\" \/>\n\t<meta property=\"og:image:width\" content=\"1024\" \/>\n\t<meta property=\"og:image:height\" content=\"681\" \/>\n\t<meta property=\"og:image:type\" content=\"image\/png\" \/>\n<meta name=\"author\" content=\"Edici\u00f3n Buenos D\u00edas\" \/>\n<meta name=\"twitter:card\" content=\"summary_large_image\" \/>\n<meta name=\"twitter:label1\" content=\"Escrito por\" \/>\n\t<meta name=\"twitter:data1\" content=\"Edici\u00f3n Buenos D\u00edas\" \/>\n\t<meta name=\"twitter:label2\" content=\"Tiempo de lectura\" \/>\n\t<meta name=\"twitter:data2\" content=\"2 minutos\" \/>\n<script type=\"application\/ld+json\" class=\"yoast-schema-graph\">{\"@context\":\"https:\\\/\\\/schema.org\",\"@graph\":[{\"@type\":\"Article\",\"@id\":\"https:\\\/\\\/buenosdiasbcs.com\\\/?p=5412#article\",\"isPartOf\":{\"@id\":\"https:\\\/\\\/buenosdiasbcs.com\\\/?p=5412\"},\"author\":{\"name\":\"Edici\u00f3n Buenos D\u00edas\",\"@id\":\"https:\\\/\\\/buenosdiasbcs.com\\\/#\\\/schema\\\/person\\\/15aedc247eab7070ee5d76d6d069a821\"},\"headline\":\"Inicia SSPE jornadas \u201cEl Bal\u00f3n de la Paz\u201d en CECyTE 05 de Cabo San Lucas\",\"datePublished\":\"2026-03-17T08:29:30+00:00\",\"dateModified\":\"2026-03-17T08:29:32+00:00\",\"mainEntityOfPage\":{\"@id\":\"https:\\\/\\\/buenosdiasbcs.com\\\/?p=5412\"},\"wordCount\":296,\"commentCount\":0,\"publisher\":{\"@id\":\"https:\\\/\\\/buenosdiasbcs.com\\\/#organization\"},\"image\":{\"@id\":\"https:\\\/\\\/buenosdiasbcs.com\\\/?p=5412#primaryimage\"},\"thumbnailUrl\":\"https:\\\/\\\/buenosdiasbcs.com\\\/wp-content\\\/uploads\\\/2026\\\/03\\\/IMG_7678.png\",\"articleSection\":[\"Gobierno\"],\"inLanguage\":\"es\",\"potentialAction\":[{\"@type\":\"CommentAction\",\"name\":\"Comment\",\"target\":[\"https:\\\/\\\/buenosdiasbcs.com\\\/?p=5412#respond\"]}]},{\"@type\":\"WebPage\",\"@id\":\"https:\\\/\\\/buenosdiasbcs.com\\\/?p=5412\",\"url\":\"https:\\\/\\\/buenosdiasbcs.com\\\/?p=5412\",\"name\":\"Inicia SSPE jornadas \u201cEl Bal\u00f3n de la Paz\u201d en CECyTE 05 de Cabo San Lucas - Buenos D&iacute;as BCS\",\"isPartOf\":{\"@id\":\"https:\\\/\\\/buenosdiasbcs.com\\\/#website\"},\"primaryImageOfPage\":{\"@id\":\"https:\\\/\\\/buenosdiasbcs.com\\\/?p=5412#primaryimage\"},\"image\":{\"@id\":\"https:\\\/\\\/buenosdiasbcs.com\\\/?p=5412#primaryimage\"},\"thumbnailUrl\":\"https:\\\/\\\/buenosdiasbcs.com\\\/wp-content\\\/uploads\\\/2026\\\/03\\\/IMG_7678.png\",\"datePublished\":\"2026-03-17T08:29:30+00:00\",\"dateModified\":\"2026-03-17T08:29:32+00:00\",\"breadcrumb\":{\"@id\":\"https:\\\/\\\/buenosdiasbcs.com\\\/?p=5412#breadcrumb\"},\"inLanguage\":\"es\",\"potentialAction\":[{\"@type\":\"ReadAction\",\"target\":[\"https:\\\/\\\/buenosdiasbcs.com\\\/?p=5412\"]}]},{\"@type\":\"ImageObject\",\"inLanguage\":\"es\",\"@id\":\"https:\\\/\\\/buenosdiasbcs.com\\\/?p=5412#primaryimage\",\"url\":\"https:\\\/\\\/buenosdiasbcs.com\\\/wp-content\\\/uploads\\\/2026\\\/03\\\/IMG_7678.png\",\"contentUrl\":\"https:\\\/\\\/buenosdiasbcs.com\\\/wp-content\\\/uploads\\\/2026\\\/03\\\/IMG_7678.png\",\"width\":2048,\"height\":1362},{\"@type\":\"BreadcrumbList\",\"@id\":\"https:\\\/\\\/buenosdiasbcs.com\\\/?p=5412#breadcrumb\",\"itemListElement\":[{\"@type\":\"ListItem\",\"position\":1,\"name\":\"Portada\",\"item\":\"https:\\\/\\\/buenosdiasbcs.com\\\/\"},{\"@type\":\"ListItem\",\"position\":2,\"name\":\"Inicia SSPE jornadas \u201cEl Bal\u00f3n de la Paz\u201d en CECyTE 05 de Cabo San Lucas\"}]},{\"@type\":\"WebSite\",\"@id\":\"https:\\\/\\\/buenosdiasbcs.com\\\/#website\",\"url\":\"https:\\\/\\\/buenosdiasbcs.com\\\/\",\"name\":\"Buenos D\u00edas BCS\",\"description\":\"\",\"publisher\":{\"@id\":\"https:\\\/\\\/buenosdiasbcs.com\\\/#organization\"},\"potentialAction\":[{\"@type\":\"SearchAction\",\"target\":{\"@type\":\"EntryPoint\",\"urlTemplate\":\"https:\\\/\\\/buenosdiasbcs.com\\\/?s={search_term_string}\"},\"query-input\":{\"@type\":\"PropertyValueSpecification\",\"valueRequired\":true,\"valueName\":\"search_term_string\"}}],\"inLanguage\":\"es\"},{\"@type\":\"Organization\",\"@id\":\"https:\\\/\\\/buenosdiasbcs.com\\\/#organization\",\"name\":\"Buenos D\u00edas BCS\",\"url\":\"https:\\\/\\\/buenosdiasbcs.com\\\/\",\"logo\":{\"@type\":\"ImageObject\",\"inLanguage\":\"es\",\"@id\":\"https:\\\/\\\/buenosdiasbcs.com\\\/#\\\/schema\\\/logo\\\/image\\\/\",\"url\":\"https:\\\/\\\/buenosdiasbcs.com\\\/wp-content\\\/uploads\\\/2026\\\/01\\\/logo-buenos-dias-40-01.png\",\"contentUrl\":\"https:\\\/\\\/buenosdiasbcs.com\\\/wp-content\\\/uploads\\\/2026\\\/01\\\/logo-buenos-dias-40-01.png\",\"width\":277,\"height\":40,\"caption\":\"Buenos D\u00edas BCS\"},\"image\":{\"@id\":\"https:\\\/\\\/buenosdiasbcs.com\\\/#\\\/schema\\\/logo\\\/image\\\/\"}},{\"@type\":\"Person\",\"@id\":\"https:\\\/\\\/buenosdiasbcs.com\\\/#\\\/schema\\\/person\\\/15aedc247eab7070ee5d76d6d069a821\",\"name\":\"Edici\u00f3n Buenos D\u00edas\",\"image\":{\"@type\":\"ImageObject\",\"inLanguage\":\"es\",\"@id\":\"https:\\\/\\\/buenosdiasbcs.com\\\/wp-content\\\/uploads\\\/2026\\\/01\\\/cropped-sol-96x96.png\",\"url\":\"https:\\\/\\\/buenosdiasbcs.com\\\/wp-content\\\/uploads\\\/2026\\\/01\\\/cropped-sol-96x96.png\",\"contentUrl\":\"https:\\\/\\\/buenosdiasbcs.com\\\/wp-content\\\/uploads\\\/2026\\\/01\\\/cropped-sol-96x96.png\",\"caption\":\"Edici\u00f3n Buenos D\u00edas\"},\"url\":\"https:\\\/\\\/buenosdiasbcs.com\\\/?author=2\"}]}<\/script>\n<!-- \/ Yoast SEO Premium plugin. -->","yoast_head_json":{"title":"Inicia SSPE jornadas \u201cEl Bal\u00f3n de la Paz\u201d en CECyTE 05 de Cabo San Lucas - Buenos D&iacute;as BCS","robots":{"index":"index","follow":"follow","max-snippet":"max-snippet:-1","max-image-preview":"max-image-preview:large","max-video-preview":"max-video-preview:-1"},"canonical":"https:\/\/buenosdiasbcs.com\/?p=5412","og_locale":"es_ES","og_type":"article","og_title":"Inicia SSPE jornadas \u201cEl Bal\u00f3n de la Paz\u201d en CECyTE 05 de Cabo San Lucas","og_description":"Durante el arranque de estas actividades, el titular de la SSPE, Luis Alfredo Cancino Vicente, destac\u00f3 la importancia de impulsar...","og_url":"https:\/\/buenosdiasbcs.com\/?p=5412","og_site_name":"Buenos D&iacute;as BCS","article_published_time":"2026-03-17T08:29:30+00:00","article_modified_time":"2026-03-17T08:29:32+00:00","og_image":[{"width":1024,"height":681,"url":"https:\/\/buenosdiasbcs.com\/wp-content\/uploads\/2026\/03\/IMG_7678-1024x681.png","type":"image\/png"}],"author":"Edici\u00f3n Buenos D\u00edas","twitter_card":"summary_large_image","twitter_misc":{"Escrito por":"Edici\u00f3n Buenos D\u00edas","Tiempo de lectura":"2 minutos"},"schema":{"@context":"https:\/\/schema.org","@graph":[{"@type":"Article","@id":"https:\/\/buenosdiasbcs.com\/?p=5412#article","isPartOf":{"@id":"https:\/\/buenosdiasbcs.com\/?p=5412"},"author":{"name":"Edici\u00f3n Buenos D\u00edas","@id":"https:\/\/buenosdiasbcs.com\/#\/schema\/person\/15aedc247eab7070ee5d76d6d069a821"},"headline":"Inicia SSPE jornadas \u201cEl Bal\u00f3n de la Paz\u201d en CECyTE 05 de Cabo San Lucas","datePublished":"2026-03-17T08:29:30+00:00","dateModified":"2026-03-17T08:29:32+00:00","mainEntityOfPage":{"@id":"https:\/\/buenosdiasbcs.com\/?p=5412"},"wordCount":296,"commentCount":0,"publisher":{"@id":"https:\/\/buenosdiasbcs.com\/#organization"},"image":{"@id":"https:\/\/buenosdiasbcs.com\/?p=5412#primaryimage"},"thumbnailUrl":"https:\/\/buenosdiasbcs.com\/wp-content\/uploads\/2026\/03\/IMG_7678.png","articleSection":["Gobierno"],"inLanguage":"es","potentialAction":[{"@type":"CommentAction","name":"Comment","target":["https:\/\/buenosdiasbcs.com\/?p=5412#respond"]}]},{"@type":"WebPage","@id":"https:\/\/buenosdiasbcs.com\/?p=5412","url":"https:\/\/buenosdiasbcs.com\/?p=5412","name":"Inicia SSPE jornadas \u201cEl Bal\u00f3n de la Paz\u201d en CECyTE 05 de Cabo San Lucas - Buenos D&iacute;as BCS","isPartOf":{"@id":"https:\/\/buenosdiasbcs.com\/#website"},"primaryImageOfPage":{"@id":"https:\/\/buenosdiasbcs.com\/?p=5412#primaryimage"},"image":{"@id":"https:\/\/buenosdiasbcs.com\/?p=5412#primaryimage"},"thumbnailUrl":"https:\/\/buenosdiasbcs.com\/wp-content\/uploads\/2026\/03\/IMG_7678.png","datePublished":"2026-03-17T08:29:30+00:00","dateModified":"2026-03-17T08:29:32+00:00","breadcrumb":{"@id":"https:\/\/buenosdiasbcs.com\/?p=5412#breadcrumb"},"inLanguage":"es","potentialAction":[{"@type":"ReadAction","target":["https:\/\/buenosdiasbcs.com\/?p=5412"]}]},{"@type":"ImageObject","inLanguage":"es","@id":"https:\/\/buenosdiasbcs.com\/?p=5412#primaryimage","url":"https:\/\/buenosdiasbcs.com\/wp-content\/uploads\/2026\/03\/IMG_7678.png","contentUrl":"https:\/\/buenosdiasbcs.com\/wp-content\/uploads\/2026\/03\/IMG_7678.png","width":2048,"height":1362},{"@type":"BreadcrumbList","@id":"https:\/\/buenosdiasbcs.com\/?p=5412#breadcrumb","itemListElement":[{"@type":"ListItem","position":1,"name":"Portada","item":"https:\/\/buenosdiasbcs.com\/"},{"@type":"ListItem","position":2,"name":"Inicia SSPE jornadas \u201cEl Bal\u00f3n de la Paz\u201d en CECyTE 05 de Cabo San Lucas"}]},{"@type":"WebSite","@id":"https:\/\/buenosdiasbcs.com\/#website","url":"https:\/\/buenosdiasbcs.com\/","name":"Buenos D\u00edas BCS","description":"","publisher":{"@id":"https:\/\/buenosdiasbcs.com\/#organization"},"potentialAction":[{"@type":"SearchAction","target":{"@type":"EntryPoint","urlTemplate":"https:\/\/buenosdiasbcs.com\/?s={search_term_string}"},"query-input":{"@type":"PropertyValueSpecification","valueRequired":true,"valueName":"search_term_string"}}],"inLanguage":"es"},{"@type":"Organization","@id":"https:\/\/buenosdiasbcs.com\/#organization","name":"Buenos D\u00edas BCS","url":"https:\/\/buenosdiasbcs.com\/","logo":{"@type":"ImageObject","inLanguage":"es","@id":"https:\/\/buenosdiasbcs.com\/#\/schema\/logo\/image\/","url":"https:\/\/buenosdiasbcs.com\/wp-content\/uploads\/2026\/01\/logo-buenos-dias-40-01.png","contentUrl":"https:\/\/buenosdiasbcs.com\/wp-content\/uploads\/2026\/01\/logo-buenos-dias-40-01.png","width":277,"height":40,"caption":"Buenos D\u00edas BCS"},"image":{"@id":"https:\/\/buenosdiasbcs.com\/#\/schema\/logo\/image\/"}},{"@type":"Person","@id":"https:\/\/buenosdiasbcs.com\/#\/schema\/person\/15aedc247eab7070ee5d76d6d069a821","name":"Edici\u00f3n Buenos D\u00edas","image":{"@type":"ImageObject","inLanguage":"es","@id":"https:\/\/buenosdiasbcs.com\/wp-content\/uploads\/2026\/01\/cropped-sol-96x96.png","url":"https:\/\/buenosdiasbcs.com\/wp-content\/uploads\/2026\/01\/cropped-sol-96x96.png","contentUrl":"https:\/\/buenosdiasbcs.com\/wp-content\/uploads\/2026\/01\/cropped-sol-96x96.png","caption":"Edici\u00f3n Buenos D\u00edas"},"url":"https:\/\/buenosdiasbcs.com\/?author=2"}]}},"amp_enabled":true,"_links":{"self":[{"href":"https:\/\/buenosdiasbcs.com\/index.php?rest_route=\/wp\/v2\/posts\/5412","targetHints":{"allow":["GET"]}}],"collection":[{"href":"https:\/\/buenosdiasbcs.com\/index.php?rest_route=\/wp\/v2\/posts"}],"about":[{"href":"https:\/\/buenosdiasbcs.com\/index.php?rest_route=\/wp\/v2\/types\/post"}],"author":[{"embeddable":true,"href":"https:\/\/buenosdiasbcs.com\/index.php?rest_route=\/wp\/v2\/users\/2"}],"replies":[{"embeddable":true,"href":"https:\/\/buenosdiasbcs.com\/index.php?rest_route=%2Fwp%2Fv2%2Fcomments&post=5412"}],"version-history":[{"count":1,"href":"https:\/\/buenosdiasbcs.com\/index.php?rest_route=\/wp\/v2\/posts\/5412\/revisions"}],"predecessor-version":[{"id":5414,"href":"https:\/\/buenosdiasbcs.com\/index.php?rest_route=\/wp\/v2\/posts\/5412\/revisions\/5414"}],"wp:featuredmedia":[{"embeddable":true,"href":"https:\/\/buenosdiasbcs.com\/index.php?rest_route=\/wp\/v2\/media\/5413"}],"wp:attachment":[{"href":"https:\/\/buenosdiasbcs.com\/index.php?rest_route=%2Fwp%2Fv2%2Fmedia&parent=5412"}],"wp:term":[{"taxonomy":"category","embeddable":true,"href":"https:\/\/buenosdiasbcs.com\/index.php?rest_route=%2Fwp%2Fv2%2Fcategories&post=5412"},{"taxonomy":"post_tag","embeddable":true,"href":"https:\/\/buenosdiasbcs.com\/index.php?rest_route=%2Fwp%2Fv2%2Ftags&post=5412"}],"curies":[{"name":"wp","href":"https:\/\/api.w.org\/{rel}","templated":true}]}}