{"id":5409,"date":"2026-03-17T01:26:33","date_gmt":"2026-03-17T08:26:33","guid":{"rendered":"https:\/\/buenosdiasbcs.com\/?p=5409"},"modified":"2026-03-17T01:26:36","modified_gmt":"2026-03-17T08:26:36","slug":"convoca-sne-a-personal-tecnico-en-enfermeria-para-trabajar-en-alemania","status":"publish","type":"post","link":"https:\/\/buenosdiasbcs.com\/?p=5409","title":{"rendered":"Convoca SNE a personal t\u00e9cnico en enfermer\u00eda para trabajar en Alemania"},"content":{"rendered":"\n<h2 class=\"wp-block-heading\" id=\"h-esta-iniciativa-busca-vincular-talento-mexicano-con-el-sector-salud-aleman-ofreciendo-oportunidades-de-empleo-formal-que-contribuyen-al-desarrollo-profesional-de-especialistas-en-enfermeria\">Esta iniciativa busca vincular talento mexicano con el sector salud alem\u00e1n, ofreciendo oportunidades de empleo formal que contribuyen al desarrollo profesional de especialistas en enfermer\u00eda.<\/h2>\n\n\n\n<p>El Servicio Nacional de Empleo de Baja California Sur (SNE-BCS) invita a profesionales de enfermer\u00eda a participar en vacantes disponibles en Alemania, como parte del Mecanismo de Movilidad Laboral que impulsa el Gobierno de M\u00e9xico en coordinaci\u00f3n con instituciones europeas.<\/p>\n\n\n\n<p>Esta iniciativa busca vincular talento mexicano con el sector salud alem\u00e1n, ofreciendo oportunidades de empleo formal que contribuyen al desarrollo profesional de especialistas en enfermer\u00eda.<\/p>\n\n\n\n<p>Las personas interesadas deben contar con formaci\u00f3n t\u00e9cnica en enfermer\u00eda, t\u00edtulo y c\u00e9dula profesional, as\u00ed como experiencia laboral m\u00ednima de seis meses. Tambi\u00e9n se requiere disponibilidad para viajar y residir en Alemania.<\/p>\n\n\n\n<p>El salario inicial es de 52 mil pesos mensuales, con posibilidad de incremento una vez que se complete el proceso de reconocimiento y homologaci\u00f3n de estudios en el pa\u00eds europeo.<\/p>\n\n\n\n<p>Durante el proceso de contrataci\u00f3n, los seleccionados recibir\u00e1n acompa\u00f1amiento en tr\u00e1mites migratorios y asesor\u00eda para el reconocimiento de su perfil profesional.<\/p>\n\n\n\n<p>Para esta convocatoria no es requisito contar previamente con conocimientos del idioma alem\u00e1n, ya que se proporcionar\u00e1 capacitaci\u00f3n intensiva en la Ciudad de M\u00e9xico antes de integrarse al sistema de salud del pa\u00eds receptor.<\/p>\n\n\n\n<p>Para m\u00e1s informaci\u00f3n, las personas interesadas pueden consultar el siguiente enlace:&nbsp;<a href=\"https:\/\/www.empleo.gob.mx\/puesto-de-trabajo\/vacante\/21073887-PERSONAL-TECNICO-EN-ENFERMERIA\">https:\/\/www.empleo.gob.mx\/puesto-de-trabajo\/vacante\/21073887-PERSONAL-TECNICO-EN-ENFERMERIA<\/a>.<\/p>\n\n\n\n<p>Posteriormente, pueden acudir a las oficinas del SNE en Ignacio Allende, entre Melit\u00f3n Alb\u00e1\u00f1ez y Ensenada, en la ciudad de La Paz, donde recibir\u00e1n orientaci\u00f3n y asesor\u00eda para participar en el proceso de selecci\u00f3n.<\/p>\n","protected":false},"excerpt":{"rendered":"<p>Esta iniciativa busca vincular talento mexicano con el sector salud alem\u00e1n, ofreciendo oportunidades de empleo formal que contribuyen al desarrollo&#8230;<\/p>\n","protected":false},"author":2,"featured_media":5410,"comment_status":"open","ping_status":"open","sticky":false,"template":"","format":"standard","meta":{"footnotes":""},"categories":[24],"tags":[],"class_list":["post-5409","post","type-post","status-publish","format-standard","has-post-thumbnail","hentry","category-gobierno"],"yoast_head":"<!-- This site is optimized with the Yoast SEO Premium plugin v26.8 (Yoast SEO v27.5) - https:\/\/yoast.com\/product\/yoast-seo-premium-wordpress\/ -->\n<title>Convoca SNE a personal t\u00e9cnico en enfermer\u00eda para trabajar en Alemania - Buenos D&iacute;as BCS<\/title>\n<meta name=\"robots\" content=\"index, follow, max-snippet:-1, max-image-preview:large, max-video-preview:-1\" \/>\n<link rel=\"canonical\" href=\"https:\/\/buenosdiasbcs.com\/?p=5409\" \/>\n<meta property=\"og:locale\" content=\"es_ES\" \/>\n<meta property=\"og:type\" content=\"article\" \/>\n<meta property=\"og:title\" content=\"Convoca SNE a personal t\u00e9cnico en enfermer\u00eda para trabajar en Alemania\" \/>\n<meta property=\"og:description\" content=\"Esta iniciativa busca vincular talento mexicano con el sector salud alem\u00e1n, ofreciendo oportunidades de empleo formal que contribuyen al desarrollo...\" \/>\n<meta property=\"og:url\" content=\"https:\/\/buenosdiasbcs.com\/?p=5409\" \/>\n<meta property=\"og:site_name\" content=\"Buenos D&iacute;as BCS\" \/>\n<meta property=\"article:published_time\" content=\"2026-03-17T08:26:33+00:00\" \/>\n<meta property=\"article:modified_time\" content=\"2026-03-17T08:26:36+00:00\" \/>\n<meta property=\"og:image\" content=\"https:\/\/buenosdiasbcs.com\/wp-content\/uploads\/2026\/03\/IMG_7680.jpeg\" \/>\n\t<meta property=\"og:image:width\" content=\"1284\" \/>\n\t<meta property=\"og:image:height\" content=\"718\" \/>\n\t<meta property=\"og:image:type\" content=\"image\/jpeg\" \/>\n<meta name=\"author\" content=\"Edici\u00f3n Buenos D\u00edas\" \/>\n<meta name=\"twitter:card\" content=\"summary_large_image\" \/>\n<meta name=\"twitter:label1\" content=\"Escrito por\" \/>\n\t<meta name=\"twitter:data1\" content=\"Edici\u00f3n Buenos D\u00edas\" \/>\n\t<meta name=\"twitter:label2\" content=\"Tiempo de lectura\" \/>\n\t<meta name=\"twitter:data2\" content=\"2 minutos\" \/>\n<script type=\"application\/ld+json\" class=\"yoast-schema-graph\">{\"@context\":\"https:\\\/\\\/schema.org\",\"@graph\":[{\"@type\":\"Article\",\"@id\":\"https:\\\/\\\/buenosdiasbcs.com\\\/?p=5409#article\",\"isPartOf\":{\"@id\":\"https:\\\/\\\/buenosdiasbcs.com\\\/?p=5409\"},\"author\":{\"name\":\"Edici\u00f3n Buenos D\u00edas\",\"@id\":\"https:\\\/\\\/buenosdiasbcs.com\\\/#\\\/schema\\\/person\\\/15aedc247eab7070ee5d76d6d069a821\"},\"headline\":\"Convoca SNE a personal t\u00e9cnico en enfermer\u00eda para trabajar en Alemania\",\"datePublished\":\"2026-03-17T08:26:33+00:00\",\"dateModified\":\"2026-03-17T08:26:36+00:00\",\"mainEntityOfPage\":{\"@id\":\"https:\\\/\\\/buenosdiasbcs.com\\\/?p=5409\"},\"wordCount\":306,\"commentCount\":0,\"publisher\":{\"@id\":\"https:\\\/\\\/buenosdiasbcs.com\\\/#organization\"},\"image\":{\"@id\":\"https:\\\/\\\/buenosdiasbcs.com\\\/?p=5409#primaryimage\"},\"thumbnailUrl\":\"https:\\\/\\\/buenosdiasbcs.com\\\/wp-content\\\/uploads\\\/2026\\\/03\\\/IMG_7680.jpeg\",\"articleSection\":[\"Gobierno\"],\"inLanguage\":\"es\",\"potentialAction\":[{\"@type\":\"CommentAction\",\"name\":\"Comment\",\"target\":[\"https:\\\/\\\/buenosdiasbcs.com\\\/?p=5409#respond\"]}]},{\"@type\":\"WebPage\",\"@id\":\"https:\\\/\\\/buenosdiasbcs.com\\\/?p=5409\",\"url\":\"https:\\\/\\\/buenosdiasbcs.com\\\/?p=5409\",\"name\":\"Convoca SNE a personal t\u00e9cnico en enfermer\u00eda para trabajar en Alemania - Buenos D&iacute;as BCS\",\"isPartOf\":{\"@id\":\"https:\\\/\\\/buenosdiasbcs.com\\\/#website\"},\"primaryImageOfPage\":{\"@id\":\"https:\\\/\\\/buenosdiasbcs.com\\\/?p=5409#primaryimage\"},\"image\":{\"@id\":\"https:\\\/\\\/buenosdiasbcs.com\\\/?p=5409#primaryimage\"},\"thumbnailUrl\":\"https:\\\/\\\/buenosdiasbcs.com\\\/wp-content\\\/uploads\\\/2026\\\/03\\\/IMG_7680.jpeg\",\"datePublished\":\"2026-03-17T08:26:33+00:00\",\"dateModified\":\"2026-03-17T08:26:36+00:00\",\"breadcrumb\":{\"@id\":\"https:\\\/\\\/buenosdiasbcs.com\\\/?p=5409#breadcrumb\"},\"inLanguage\":\"es\",\"potentialAction\":[{\"@type\":\"ReadAction\",\"target\":[\"https:\\\/\\\/buenosdiasbcs.com\\\/?p=5409\"]}]},{\"@type\":\"ImageObject\",\"inLanguage\":\"es\",\"@id\":\"https:\\\/\\\/buenosdiasbcs.com\\\/?p=5409#primaryimage\",\"url\":\"https:\\\/\\\/buenosdiasbcs.com\\\/wp-content\\\/uploads\\\/2026\\\/03\\\/IMG_7680.jpeg\",\"contentUrl\":\"https:\\\/\\\/buenosdiasbcs.com\\\/wp-content\\\/uploads\\\/2026\\\/03\\\/IMG_7680.jpeg\",\"width\":1284,\"height\":718},{\"@type\":\"BreadcrumbList\",\"@id\":\"https:\\\/\\\/buenosdiasbcs.com\\\/?p=5409#breadcrumb\",\"itemListElement\":[{\"@type\":\"ListItem\",\"position\":1,\"name\":\"Portada\",\"item\":\"https:\\\/\\\/buenosdiasbcs.com\\\/\"},{\"@type\":\"ListItem\",\"position\":2,\"name\":\"Convoca SNE a personal t\u00e9cnico en enfermer\u00eda para trabajar en Alemania\"}]},{\"@type\":\"WebSite\",\"@id\":\"https:\\\/\\\/buenosdiasbcs.com\\\/#website\",\"url\":\"https:\\\/\\\/buenosdiasbcs.com\\\/\",\"name\":\"Buenos D\u00edas BCS\",\"description\":\"\",\"publisher\":{\"@id\":\"https:\\\/\\\/buenosdiasbcs.com\\\/#organization\"},\"potentialAction\":[{\"@type\":\"SearchAction\",\"target\":{\"@type\":\"EntryPoint\",\"urlTemplate\":\"https:\\\/\\\/buenosdiasbcs.com\\\/?s={search_term_string}\"},\"query-input\":{\"@type\":\"PropertyValueSpecification\",\"valueRequired\":true,\"valueName\":\"search_term_string\"}}],\"inLanguage\":\"es\"},{\"@type\":\"Organization\",\"@id\":\"https:\\\/\\\/buenosdiasbcs.com\\\/#organization\",\"name\":\"Buenos D\u00edas BCS\",\"url\":\"https:\\\/\\\/buenosdiasbcs.com\\\/\",\"logo\":{\"@type\":\"ImageObject\",\"inLanguage\":\"es\",\"@id\":\"https:\\\/\\\/buenosdiasbcs.com\\\/#\\\/schema\\\/logo\\\/image\\\/\",\"url\":\"https:\\\/\\\/buenosdiasbcs.com\\\/wp-content\\\/uploads\\\/2026\\\/01\\\/logo-buenos-dias-40-01.png\",\"contentUrl\":\"https:\\\/\\\/buenosdiasbcs.com\\\/wp-content\\\/uploads\\\/2026\\\/01\\\/logo-buenos-dias-40-01.png\",\"width\":277,\"height\":40,\"caption\":\"Buenos D\u00edas BCS\"},\"image\":{\"@id\":\"https:\\\/\\\/buenosdiasbcs.com\\\/#\\\/schema\\\/logo\\\/image\\\/\"}},{\"@type\":\"Person\",\"@id\":\"https:\\\/\\\/buenosdiasbcs.com\\\/#\\\/schema\\\/person\\\/15aedc247eab7070ee5d76d6d069a821\",\"name\":\"Edici\u00f3n Buenos D\u00edas\",\"image\":{\"@type\":\"ImageObject\",\"inLanguage\":\"es\",\"@id\":\"https:\\\/\\\/buenosdiasbcs.com\\\/wp-content\\\/uploads\\\/2026\\\/01\\\/cropped-sol-96x96.png\",\"url\":\"https:\\\/\\\/buenosdiasbcs.com\\\/wp-content\\\/uploads\\\/2026\\\/01\\\/cropped-sol-96x96.png\",\"contentUrl\":\"https:\\\/\\\/buenosdiasbcs.com\\\/wp-content\\\/uploads\\\/2026\\\/01\\\/cropped-sol-96x96.png\",\"caption\":\"Edici\u00f3n Buenos D\u00edas\"},\"url\":\"https:\\\/\\\/buenosdiasbcs.com\\\/?author=2\"}]}<\/script>\n<!-- \/ Yoast SEO Premium plugin. -->","yoast_head_json":{"title":"Convoca SNE a personal t\u00e9cnico en enfermer\u00eda para trabajar en Alemania - Buenos D&iacute;as BCS","robots":{"index":"index","follow":"follow","max-snippet":"max-snippet:-1","max-image-preview":"max-image-preview:large","max-video-preview":"max-video-preview:-1"},"canonical":"https:\/\/buenosdiasbcs.com\/?p=5409","og_locale":"es_ES","og_type":"article","og_title":"Convoca SNE a personal t\u00e9cnico en enfermer\u00eda para trabajar en Alemania","og_description":"Esta iniciativa busca vincular talento mexicano con el sector salud alem\u00e1n, ofreciendo oportunidades de empleo formal que contribuyen al desarrollo...","og_url":"https:\/\/buenosdiasbcs.com\/?p=5409","og_site_name":"Buenos D&iacute;as BCS","article_published_time":"2026-03-17T08:26:33+00:00","article_modified_time":"2026-03-17T08:26:36+00:00","og_image":[{"width":1284,"height":718,"url":"https:\/\/buenosdiasbcs.com\/wp-content\/uploads\/2026\/03\/IMG_7680.jpeg","type":"image\/jpeg"}],"author":"Edici\u00f3n Buenos D\u00edas","twitter_card":"summary_large_image","twitter_misc":{"Escrito por":"Edici\u00f3n Buenos D\u00edas","Tiempo de lectura":"2 minutos"},"schema":{"@context":"https:\/\/schema.org","@graph":[{"@type":"Article","@id":"https:\/\/buenosdiasbcs.com\/?p=5409#article","isPartOf":{"@id":"https:\/\/buenosdiasbcs.com\/?p=5409"},"author":{"name":"Edici\u00f3n Buenos D\u00edas","@id":"https:\/\/buenosdiasbcs.com\/#\/schema\/person\/15aedc247eab7070ee5d76d6d069a821"},"headline":"Convoca SNE a personal t\u00e9cnico en enfermer\u00eda para trabajar en Alemania","datePublished":"2026-03-17T08:26:33+00:00","dateModified":"2026-03-17T08:26:36+00:00","mainEntityOfPage":{"@id":"https:\/\/buenosdiasbcs.com\/?p=5409"},"wordCount":306,"commentCount":0,"publisher":{"@id":"https:\/\/buenosdiasbcs.com\/#organization"},"image":{"@id":"https:\/\/buenosdiasbcs.com\/?p=5409#primaryimage"},"thumbnailUrl":"https:\/\/buenosdiasbcs.com\/wp-content\/uploads\/2026\/03\/IMG_7680.jpeg","articleSection":["Gobierno"],"inLanguage":"es","potentialAction":[{"@type":"CommentAction","name":"Comment","target":["https:\/\/buenosdiasbcs.com\/?p=5409#respond"]}]},{"@type":"WebPage","@id":"https:\/\/buenosdiasbcs.com\/?p=5409","url":"https:\/\/buenosdiasbcs.com\/?p=5409","name":"Convoca SNE a personal t\u00e9cnico en enfermer\u00eda para trabajar en Alemania - Buenos D&iacute;as BCS","isPartOf":{"@id":"https:\/\/buenosdiasbcs.com\/#website"},"primaryImageOfPage":{"@id":"https:\/\/buenosdiasbcs.com\/?p=5409#primaryimage"},"image":{"@id":"https:\/\/buenosdiasbcs.com\/?p=5409#primaryimage"},"thumbnailUrl":"https:\/\/buenosdiasbcs.com\/wp-content\/uploads\/2026\/03\/IMG_7680.jpeg","datePublished":"2026-03-17T08:26:33+00:00","dateModified":"2026-03-17T08:26:36+00:00","breadcrumb":{"@id":"https:\/\/buenosdiasbcs.com\/?p=5409#breadcrumb"},"inLanguage":"es","potentialAction":[{"@type":"ReadAction","target":["https:\/\/buenosdiasbcs.com\/?p=5409"]}]},{"@type":"ImageObject","inLanguage":"es","@id":"https:\/\/buenosdiasbcs.com\/?p=5409#primaryimage","url":"https:\/\/buenosdiasbcs.com\/wp-content\/uploads\/2026\/03\/IMG_7680.jpeg","contentUrl":"https:\/\/buenosdiasbcs.com\/wp-content\/uploads\/2026\/03\/IMG_7680.jpeg","width":1284,"height":718},{"@type":"BreadcrumbList","@id":"https:\/\/buenosdiasbcs.com\/?p=5409#breadcrumb","itemListElement":[{"@type":"ListItem","position":1,"name":"Portada","item":"https:\/\/buenosdiasbcs.com\/"},{"@type":"ListItem","position":2,"name":"Convoca SNE a personal t\u00e9cnico en enfermer\u00eda para trabajar en Alemania"}]},{"@type":"WebSite","@id":"https:\/\/buenosdiasbcs.com\/#website","url":"https:\/\/buenosdiasbcs.com\/","name":"Buenos D\u00edas BCS","description":"","publisher":{"@id":"https:\/\/buenosdiasbcs.com\/#organization"},"potentialAction":[{"@type":"SearchAction","target":{"@type":"EntryPoint","urlTemplate":"https:\/\/buenosdiasbcs.com\/?s={search_term_string}"},"query-input":{"@type":"PropertyValueSpecification","valueRequired":true,"valueName":"search_term_string"}}],"inLanguage":"es"},{"@type":"Organization","@id":"https:\/\/buenosdiasbcs.com\/#organization","name":"Buenos D\u00edas BCS","url":"https:\/\/buenosdiasbcs.com\/","logo":{"@type":"ImageObject","inLanguage":"es","@id":"https:\/\/buenosdiasbcs.com\/#\/schema\/logo\/image\/","url":"https:\/\/buenosdiasbcs.com\/wp-content\/uploads\/2026\/01\/logo-buenos-dias-40-01.png","contentUrl":"https:\/\/buenosdiasbcs.com\/wp-content\/uploads\/2026\/01\/logo-buenos-dias-40-01.png","width":277,"height":40,"caption":"Buenos D\u00edas BCS"},"image":{"@id":"https:\/\/buenosdiasbcs.com\/#\/schema\/logo\/image\/"}},{"@type":"Person","@id":"https:\/\/buenosdiasbcs.com\/#\/schema\/person\/15aedc247eab7070ee5d76d6d069a821","name":"Edici\u00f3n Buenos D\u00edas","image":{"@type":"ImageObject","inLanguage":"es","@id":"https:\/\/buenosdiasbcs.com\/wp-content\/uploads\/2026\/01\/cropped-sol-96x96.png","url":"https:\/\/buenosdiasbcs.com\/wp-content\/uploads\/2026\/01\/cropped-sol-96x96.png","contentUrl":"https:\/\/buenosdiasbcs.com\/wp-content\/uploads\/2026\/01\/cropped-sol-96x96.png","caption":"Edici\u00f3n Buenos D\u00edas"},"url":"https:\/\/buenosdiasbcs.com\/?author=2"}]}},"amp_enabled":true,"_links":{"self":[{"href":"https:\/\/buenosdiasbcs.com\/index.php?rest_route=\/wp\/v2\/posts\/5409","targetHints":{"allow":["GET"]}}],"collection":[{"href":"https:\/\/buenosdiasbcs.com\/index.php?rest_route=\/wp\/v2\/posts"}],"about":[{"href":"https:\/\/buenosdiasbcs.com\/index.php?rest_route=\/wp\/v2\/types\/post"}],"author":[{"embeddable":true,"href":"https:\/\/buenosdiasbcs.com\/index.php?rest_route=\/wp\/v2\/users\/2"}],"replies":[{"embeddable":true,"href":"https:\/\/buenosdiasbcs.com\/index.php?rest_route=%2Fwp%2Fv2%2Fcomments&post=5409"}],"version-history":[{"count":1,"href":"https:\/\/buenosdiasbcs.com\/index.php?rest_route=\/wp\/v2\/posts\/5409\/revisions"}],"predecessor-version":[{"id":5411,"href":"https:\/\/buenosdiasbcs.com\/index.php?rest_route=\/wp\/v2\/posts\/5409\/revisions\/5411"}],"wp:featuredmedia":[{"embeddable":true,"href":"https:\/\/buenosdiasbcs.com\/index.php?rest_route=\/wp\/v2\/media\/5410"}],"wp:attachment":[{"href":"https:\/\/buenosdiasbcs.com\/index.php?rest_route=%2Fwp%2Fv2%2Fmedia&parent=5409"}],"wp:term":[{"taxonomy":"category","embeddable":true,"href":"https:\/\/buenosdiasbcs.com\/index.php?rest_route=%2Fwp%2Fv2%2Fcategories&post=5409"},{"taxonomy":"post_tag","embeddable":true,"href":"https:\/\/buenosdiasbcs.com\/index.php?rest_route=%2Fwp%2Fv2%2Ftags&post=5409"}],"curies":[{"name":"wp","href":"https:\/\/api.w.org\/{rel}","templated":true}]}}