{"id":5406,"date":"2026-03-17T01:23:00","date_gmt":"2026-03-17T08:23:00","guid":{"rendered":"https:\/\/buenosdiasbcs.com\/?p=5406"},"modified":"2026-03-17T01:23:03","modified_gmt":"2026-03-17T08:23:03","slug":"jaretsy-guadalupe-hermina-espinoza-es-electa-reina-de-las-fiestas-tradicionales-san-jose-del-cabo-2026","status":"publish","type":"post","link":"https:\/\/buenosdiasbcs.com\/?p=5406","title":{"rendered":"Jaretsy Guadalupe Hermina Espinoza es electa reina de las fiestas tradicionales San Jos\u00e9 del Cabo 2026"},"content":{"rendered":"\n<h2 class=\"wp-block-heading\" id=\"h-la-nueva-soberana-destaco-en-las-distintas-etapas-del-certamen-que-incluyeron-coreografia-pasarela-casual-traje-de-noche-y-oratoria-demostrando-desenvolvimiento-presencia-escenica-y-conocimiento-sobre-la-historia-y-tradiciones-de-san-jose-del-cabo\">La nueva soberana destac\u00f3 en las distintas etapas del certamen, que incluyeron coreograf\u00eda, pasarela casual, traje de noche y oratoria, demostrando desenvolvimiento, presencia esc\u00e9nica y conocimiento sobre la historia y tradiciones de San Jos\u00e9 del Cabo.<\/h2>\n\n\n\n<p><strong>Los Cabos, Baja California Sur<\/strong>.\u2013 En una noche que reuni\u00f3 a familias, porras y participantes en torno a una de las celebraciones m\u00e1s representativas del municipio Jaretsy Guadalupe Hermina Espinoza fue electa Reina de las Fiestas Tradicionales San Jos\u00e9 del Cabo 2026.<\/p>\n\n\n\n<p>La nueva soberana destac\u00f3 en las distintas etapas del certamen, que incluyeron coreograf\u00eda, pasarela casual, traje de noche y oratoria, demostrando desenvolvimiento, presencia esc\u00e9nica y conocimiento sobre la historia y tradiciones de San Jos\u00e9 del Cabo.<\/p>\n\n\n\n<p>Durante la premiaci\u00f3n, en representaci\u00f3n del presidente municipal Christian Ag\u00fandez G\u00f3mez, la directora de Organizaci\u00f3n y Participaci\u00f3n Ciudadana, Judith P\u00e9rez Herrera, reconoci\u00f3 el esfuerzo de las 14 aspirantes y destac\u00f3 la importancia de este tipo de espacios para promover la participaci\u00f3n de las juventudes y fortalecer el sentido de identidad en la comunidad.<\/p>\n\n\n\n<p>El jurado estuvo integrado por perfiles con experiencia en cert\u00e1menes, formaci\u00f3n art\u00edstica, historia y participaci\u00f3n social, quienes tuvieron a su cargo la evaluaci\u00f3n de cada una de las participantes en las distintas fases del concurso.<\/p>\n\n\n\n<p>La Corte Real qued\u00f3 conformada por Fernanda Vanessa S\u00e1nchez P\u00e9rez como Princesa; Emily Gisel Lucero Quintano como Dama de Honor; Am\u00e9rica Sherlyn Garay Manjarrez como Se\u00f1orita Elegancia; Caroline Eugenia Hern\u00e1ndez P\u00e9rez como Se\u00f1orita Fotog\u00e9nica; y Jimena Cese\u00f1a Pino, quien recibi\u00f3 las distinciones de Simpat\u00eda y Reina Juegos Florales \u201cMargarito S\u00e1ndez Villarino\u201d.<\/p>\n\n\n\n<p>La coronaci\u00f3n oficial de Jaretsy I y su Corte Real se realizar\u00e1 el pr\u00f3ximo 18 de marzo a las 18:00 horas, en el marco de la inauguraci\u00f3n de las Fiestas Tradicionales San Jos\u00e9 del Cabo 2026, dando inicio a una agenda de actividades culturales, art\u00edsticas y recreativas para las familias josefinas y visitantes.<\/p>\n\n\n\n<p>Cabe destacar que durante el desarrollo del certamen se conto con la participaci\u00f3n del contralor municipal Mario Alejandro Fern\u00e1ndez Brise\u00f1o; la directora general del Instituto de las Mujeres Araceli Garc\u00eda Rico; el encargado del despacho de la Cr\u00f3nica Municipal Anibal Amador Castro; y el coordinador de subdelegados Facundo Castro Beltr\u00e1n.<\/p>\n","protected":false},"excerpt":{"rendered":"<p>La nueva soberana destac\u00f3 en las distintas etapas del certamen, que incluyeron coreograf\u00eda, pasarela casual, traje de noche y oratoria,&#8230;<\/p>\n","protected":false},"author":2,"featured_media":5407,"comment_status":"open","ping_status":"open","sticky":false,"template":"","format":"standard","meta":{"footnotes":""},"categories":[31],"tags":[],"class_list":["post-5406","post","type-post","status-publish","format-standard","has-post-thumbnail","hentry","category-los-cabos"],"yoast_head":"<!-- This site is optimized with the Yoast SEO Premium plugin v26.8 (Yoast SEO v27.5) - https:\/\/yoast.com\/product\/yoast-seo-premium-wordpress\/ -->\n<title>Jaretsy Guadalupe Hermina Espinoza es electa reina de las fiestas tradicionales San Jos\u00e9 del Cabo 2026 - Buenos D&iacute;as BCS<\/title>\n<meta name=\"robots\" content=\"index, follow, max-snippet:-1, max-image-preview:large, max-video-preview:-1\" \/>\n<link rel=\"canonical\" href=\"https:\/\/buenosdiasbcs.com\/?p=5406\" \/>\n<meta property=\"og:locale\" content=\"es_ES\" \/>\n<meta property=\"og:type\" content=\"article\" \/>\n<meta property=\"og:title\" content=\"Jaretsy Guadalupe Hermina Espinoza es electa reina de las fiestas tradicionales San Jos\u00e9 del Cabo 2026\" \/>\n<meta property=\"og:description\" content=\"La nueva soberana destac\u00f3 en las distintas etapas del certamen, que incluyeron coreograf\u00eda, pasarela casual, traje de noche y oratoria,...\" \/>\n<meta property=\"og:url\" content=\"https:\/\/buenosdiasbcs.com\/?p=5406\" \/>\n<meta property=\"og:site_name\" content=\"Buenos D&iacute;as BCS\" \/>\n<meta property=\"article:published_time\" content=\"2026-03-17T08:23:00+00:00\" \/>\n<meta property=\"article:modified_time\" content=\"2026-03-17T08:23:03+00:00\" \/>\n<meta property=\"og:image\" content=\"https:\/\/buenosdiasbcs.com\/wp-content\/uploads\/2026\/03\/WhatsApp-Image-2026-03-16-at-10.25.22-scaled-1.jpeg\" \/>\n\t<meta property=\"og:image:width\" content=\"1024\" \/>\n\t<meta property=\"og:image:height\" content=\"683\" \/>\n\t<meta property=\"og:image:type\" content=\"image\/jpeg\" \/>\n<meta name=\"author\" content=\"Edici\u00f3n Buenos D\u00edas\" \/>\n<meta name=\"twitter:card\" content=\"summary_large_image\" \/>\n<meta name=\"twitter:label1\" content=\"Escrito por\" \/>\n\t<meta name=\"twitter:data1\" content=\"Edici\u00f3n Buenos D\u00edas\" \/>\n\t<meta name=\"twitter:label2\" content=\"Tiempo de lectura\" \/>\n\t<meta name=\"twitter:data2\" content=\"2 minutos\" \/>\n<script type=\"application\/ld+json\" class=\"yoast-schema-graph\">{\"@context\":\"https:\\\/\\\/schema.org\",\"@graph\":[{\"@type\":\"Article\",\"@id\":\"https:\\\/\\\/buenosdiasbcs.com\\\/?p=5406#article\",\"isPartOf\":{\"@id\":\"https:\\\/\\\/buenosdiasbcs.com\\\/?p=5406\"},\"author\":{\"name\":\"Edici\u00f3n Buenos D\u00edas\",\"@id\":\"https:\\\/\\\/buenosdiasbcs.com\\\/#\\\/schema\\\/person\\\/15aedc247eab7070ee5d76d6d069a821\"},\"headline\":\"Jaretsy Guadalupe Hermina Espinoza es electa reina de las fiestas tradicionales San Jos\u00e9 del Cabo 2026\",\"datePublished\":\"2026-03-17T08:23:00+00:00\",\"dateModified\":\"2026-03-17T08:23:03+00:00\",\"mainEntityOfPage\":{\"@id\":\"https:\\\/\\\/buenosdiasbcs.com\\\/?p=5406\"},\"wordCount\":405,\"commentCount\":0,\"publisher\":{\"@id\":\"https:\\\/\\\/buenosdiasbcs.com\\\/#organization\"},\"image\":{\"@id\":\"https:\\\/\\\/buenosdiasbcs.com\\\/?p=5406#primaryimage\"},\"thumbnailUrl\":\"https:\\\/\\\/buenosdiasbcs.com\\\/wp-content\\\/uploads\\\/2026\\\/03\\\/WhatsApp-Image-2026-03-16-at-10.25.22-scaled-1.jpeg\",\"articleSection\":[\"Los Cabos\"],\"inLanguage\":\"es\",\"potentialAction\":[{\"@type\":\"CommentAction\",\"name\":\"Comment\",\"target\":[\"https:\\\/\\\/buenosdiasbcs.com\\\/?p=5406#respond\"]}]},{\"@type\":\"WebPage\",\"@id\":\"https:\\\/\\\/buenosdiasbcs.com\\\/?p=5406\",\"url\":\"https:\\\/\\\/buenosdiasbcs.com\\\/?p=5406\",\"name\":\"Jaretsy Guadalupe Hermina Espinoza es electa reina de las fiestas tradicionales San Jos\u00e9 del Cabo 2026 - Buenos D&iacute;as BCS\",\"isPartOf\":{\"@id\":\"https:\\\/\\\/buenosdiasbcs.com\\\/#website\"},\"primaryImageOfPage\":{\"@id\":\"https:\\\/\\\/buenosdiasbcs.com\\\/?p=5406#primaryimage\"},\"image\":{\"@id\":\"https:\\\/\\\/buenosdiasbcs.com\\\/?p=5406#primaryimage\"},\"thumbnailUrl\":\"https:\\\/\\\/buenosdiasbcs.com\\\/wp-content\\\/uploads\\\/2026\\\/03\\\/WhatsApp-Image-2026-03-16-at-10.25.22-scaled-1.jpeg\",\"datePublished\":\"2026-03-17T08:23:00+00:00\",\"dateModified\":\"2026-03-17T08:23:03+00:00\",\"breadcrumb\":{\"@id\":\"https:\\\/\\\/buenosdiasbcs.com\\\/?p=5406#breadcrumb\"},\"inLanguage\":\"es\",\"potentialAction\":[{\"@type\":\"ReadAction\",\"target\":[\"https:\\\/\\\/buenosdiasbcs.com\\\/?p=5406\"]}]},{\"@type\":\"ImageObject\",\"inLanguage\":\"es\",\"@id\":\"https:\\\/\\\/buenosdiasbcs.com\\\/?p=5406#primaryimage\",\"url\":\"https:\\\/\\\/buenosdiasbcs.com\\\/wp-content\\\/uploads\\\/2026\\\/03\\\/WhatsApp-Image-2026-03-16-at-10.25.22-scaled-1.jpeg\",\"contentUrl\":\"https:\\\/\\\/buenosdiasbcs.com\\\/wp-content\\\/uploads\\\/2026\\\/03\\\/WhatsApp-Image-2026-03-16-at-10.25.22-scaled-1.jpeg\",\"width\":1024,\"height\":683},{\"@type\":\"BreadcrumbList\",\"@id\":\"https:\\\/\\\/buenosdiasbcs.com\\\/?p=5406#breadcrumb\",\"itemListElement\":[{\"@type\":\"ListItem\",\"position\":1,\"name\":\"Portada\",\"item\":\"https:\\\/\\\/buenosdiasbcs.com\\\/\"},{\"@type\":\"ListItem\",\"position\":2,\"name\":\"Jaretsy Guadalupe Hermina Espinoza es electa reina de las fiestas tradicionales San Jos\u00e9 del Cabo 2026\"}]},{\"@type\":\"WebSite\",\"@id\":\"https:\\\/\\\/buenosdiasbcs.com\\\/#website\",\"url\":\"https:\\\/\\\/buenosdiasbcs.com\\\/\",\"name\":\"Buenos D\u00edas BCS\",\"description\":\"\",\"publisher\":{\"@id\":\"https:\\\/\\\/buenosdiasbcs.com\\\/#organization\"},\"potentialAction\":[{\"@type\":\"SearchAction\",\"target\":{\"@type\":\"EntryPoint\",\"urlTemplate\":\"https:\\\/\\\/buenosdiasbcs.com\\\/?s={search_term_string}\"},\"query-input\":{\"@type\":\"PropertyValueSpecification\",\"valueRequired\":true,\"valueName\":\"search_term_string\"}}],\"inLanguage\":\"es\"},{\"@type\":\"Organization\",\"@id\":\"https:\\\/\\\/buenosdiasbcs.com\\\/#organization\",\"name\":\"Buenos D\u00edas BCS\",\"url\":\"https:\\\/\\\/buenosdiasbcs.com\\\/\",\"logo\":{\"@type\":\"ImageObject\",\"inLanguage\":\"es\",\"@id\":\"https:\\\/\\\/buenosdiasbcs.com\\\/#\\\/schema\\\/logo\\\/image\\\/\",\"url\":\"https:\\\/\\\/buenosdiasbcs.com\\\/wp-content\\\/uploads\\\/2026\\\/01\\\/logo-buenos-dias-40-01.png\",\"contentUrl\":\"https:\\\/\\\/buenosdiasbcs.com\\\/wp-content\\\/uploads\\\/2026\\\/01\\\/logo-buenos-dias-40-01.png\",\"width\":277,\"height\":40,\"caption\":\"Buenos D\u00edas BCS\"},\"image\":{\"@id\":\"https:\\\/\\\/buenosdiasbcs.com\\\/#\\\/schema\\\/logo\\\/image\\\/\"}},{\"@type\":\"Person\",\"@id\":\"https:\\\/\\\/buenosdiasbcs.com\\\/#\\\/schema\\\/person\\\/15aedc247eab7070ee5d76d6d069a821\",\"name\":\"Edici\u00f3n Buenos D\u00edas\",\"image\":{\"@type\":\"ImageObject\",\"inLanguage\":\"es\",\"@id\":\"https:\\\/\\\/buenosdiasbcs.com\\\/wp-content\\\/uploads\\\/2026\\\/01\\\/cropped-sol-96x96.png\",\"url\":\"https:\\\/\\\/buenosdiasbcs.com\\\/wp-content\\\/uploads\\\/2026\\\/01\\\/cropped-sol-96x96.png\",\"contentUrl\":\"https:\\\/\\\/buenosdiasbcs.com\\\/wp-content\\\/uploads\\\/2026\\\/01\\\/cropped-sol-96x96.png\",\"caption\":\"Edici\u00f3n Buenos D\u00edas\"},\"url\":\"https:\\\/\\\/buenosdiasbcs.com\\\/?author=2\"}]}<\/script>\n<!-- \/ Yoast SEO Premium plugin. -->","yoast_head_json":{"title":"Jaretsy Guadalupe Hermina Espinoza es electa reina de las fiestas tradicionales San Jos\u00e9 del Cabo 2026 - Buenos D&iacute;as BCS","robots":{"index":"index","follow":"follow","max-snippet":"max-snippet:-1","max-image-preview":"max-image-preview:large","max-video-preview":"max-video-preview:-1"},"canonical":"https:\/\/buenosdiasbcs.com\/?p=5406","og_locale":"es_ES","og_type":"article","og_title":"Jaretsy Guadalupe Hermina Espinoza es electa reina de las fiestas tradicionales San Jos\u00e9 del Cabo 2026","og_description":"La nueva soberana destac\u00f3 en las distintas etapas del certamen, que incluyeron coreograf\u00eda, pasarela casual, traje de noche y oratoria,...","og_url":"https:\/\/buenosdiasbcs.com\/?p=5406","og_site_name":"Buenos D&iacute;as BCS","article_published_time":"2026-03-17T08:23:00+00:00","article_modified_time":"2026-03-17T08:23:03+00:00","og_image":[{"width":1024,"height":683,"url":"https:\/\/buenosdiasbcs.com\/wp-content\/uploads\/2026\/03\/WhatsApp-Image-2026-03-16-at-10.25.22-scaled-1.jpeg","type":"image\/jpeg"}],"author":"Edici\u00f3n Buenos D\u00edas","twitter_card":"summary_large_image","twitter_misc":{"Escrito por":"Edici\u00f3n Buenos D\u00edas","Tiempo de lectura":"2 minutos"},"schema":{"@context":"https:\/\/schema.org","@graph":[{"@type":"Article","@id":"https:\/\/buenosdiasbcs.com\/?p=5406#article","isPartOf":{"@id":"https:\/\/buenosdiasbcs.com\/?p=5406"},"author":{"name":"Edici\u00f3n Buenos D\u00edas","@id":"https:\/\/buenosdiasbcs.com\/#\/schema\/person\/15aedc247eab7070ee5d76d6d069a821"},"headline":"Jaretsy Guadalupe Hermina Espinoza es electa reina de las fiestas tradicionales San Jos\u00e9 del Cabo 2026","datePublished":"2026-03-17T08:23:00+00:00","dateModified":"2026-03-17T08:23:03+00:00","mainEntityOfPage":{"@id":"https:\/\/buenosdiasbcs.com\/?p=5406"},"wordCount":405,"commentCount":0,"publisher":{"@id":"https:\/\/buenosdiasbcs.com\/#organization"},"image":{"@id":"https:\/\/buenosdiasbcs.com\/?p=5406#primaryimage"},"thumbnailUrl":"https:\/\/buenosdiasbcs.com\/wp-content\/uploads\/2026\/03\/WhatsApp-Image-2026-03-16-at-10.25.22-scaled-1.jpeg","articleSection":["Los Cabos"],"inLanguage":"es","potentialAction":[{"@type":"CommentAction","name":"Comment","target":["https:\/\/buenosdiasbcs.com\/?p=5406#respond"]}]},{"@type":"WebPage","@id":"https:\/\/buenosdiasbcs.com\/?p=5406","url":"https:\/\/buenosdiasbcs.com\/?p=5406","name":"Jaretsy Guadalupe Hermina Espinoza es electa reina de las fiestas tradicionales San Jos\u00e9 del Cabo 2026 - Buenos D&iacute;as BCS","isPartOf":{"@id":"https:\/\/buenosdiasbcs.com\/#website"},"primaryImageOfPage":{"@id":"https:\/\/buenosdiasbcs.com\/?p=5406#primaryimage"},"image":{"@id":"https:\/\/buenosdiasbcs.com\/?p=5406#primaryimage"},"thumbnailUrl":"https:\/\/buenosdiasbcs.com\/wp-content\/uploads\/2026\/03\/WhatsApp-Image-2026-03-16-at-10.25.22-scaled-1.jpeg","datePublished":"2026-03-17T08:23:00+00:00","dateModified":"2026-03-17T08:23:03+00:00","breadcrumb":{"@id":"https:\/\/buenosdiasbcs.com\/?p=5406#breadcrumb"},"inLanguage":"es","potentialAction":[{"@type":"ReadAction","target":["https:\/\/buenosdiasbcs.com\/?p=5406"]}]},{"@type":"ImageObject","inLanguage":"es","@id":"https:\/\/buenosdiasbcs.com\/?p=5406#primaryimage","url":"https:\/\/buenosdiasbcs.com\/wp-content\/uploads\/2026\/03\/WhatsApp-Image-2026-03-16-at-10.25.22-scaled-1.jpeg","contentUrl":"https:\/\/buenosdiasbcs.com\/wp-content\/uploads\/2026\/03\/WhatsApp-Image-2026-03-16-at-10.25.22-scaled-1.jpeg","width":1024,"height":683},{"@type":"BreadcrumbList","@id":"https:\/\/buenosdiasbcs.com\/?p=5406#breadcrumb","itemListElement":[{"@type":"ListItem","position":1,"name":"Portada","item":"https:\/\/buenosdiasbcs.com\/"},{"@type":"ListItem","position":2,"name":"Jaretsy Guadalupe Hermina Espinoza es electa reina de las fiestas tradicionales San Jos\u00e9 del Cabo 2026"}]},{"@type":"WebSite","@id":"https:\/\/buenosdiasbcs.com\/#website","url":"https:\/\/buenosdiasbcs.com\/","name":"Buenos D\u00edas BCS","description":"","publisher":{"@id":"https:\/\/buenosdiasbcs.com\/#organization"},"potentialAction":[{"@type":"SearchAction","target":{"@type":"EntryPoint","urlTemplate":"https:\/\/buenosdiasbcs.com\/?s={search_term_string}"},"query-input":{"@type":"PropertyValueSpecification","valueRequired":true,"valueName":"search_term_string"}}],"inLanguage":"es"},{"@type":"Organization","@id":"https:\/\/buenosdiasbcs.com\/#organization","name":"Buenos D\u00edas BCS","url":"https:\/\/buenosdiasbcs.com\/","logo":{"@type":"ImageObject","inLanguage":"es","@id":"https:\/\/buenosdiasbcs.com\/#\/schema\/logo\/image\/","url":"https:\/\/buenosdiasbcs.com\/wp-content\/uploads\/2026\/01\/logo-buenos-dias-40-01.png","contentUrl":"https:\/\/buenosdiasbcs.com\/wp-content\/uploads\/2026\/01\/logo-buenos-dias-40-01.png","width":277,"height":40,"caption":"Buenos D\u00edas BCS"},"image":{"@id":"https:\/\/buenosdiasbcs.com\/#\/schema\/logo\/image\/"}},{"@type":"Person","@id":"https:\/\/buenosdiasbcs.com\/#\/schema\/person\/15aedc247eab7070ee5d76d6d069a821","name":"Edici\u00f3n Buenos D\u00edas","image":{"@type":"ImageObject","inLanguage":"es","@id":"https:\/\/buenosdiasbcs.com\/wp-content\/uploads\/2026\/01\/cropped-sol-96x96.png","url":"https:\/\/buenosdiasbcs.com\/wp-content\/uploads\/2026\/01\/cropped-sol-96x96.png","contentUrl":"https:\/\/buenosdiasbcs.com\/wp-content\/uploads\/2026\/01\/cropped-sol-96x96.png","caption":"Edici\u00f3n Buenos D\u00edas"},"url":"https:\/\/buenosdiasbcs.com\/?author=2"}]}},"amp_enabled":true,"_links":{"self":[{"href":"https:\/\/buenosdiasbcs.com\/index.php?rest_route=\/wp\/v2\/posts\/5406","targetHints":{"allow":["GET"]}}],"collection":[{"href":"https:\/\/buenosdiasbcs.com\/index.php?rest_route=\/wp\/v2\/posts"}],"about":[{"href":"https:\/\/buenosdiasbcs.com\/index.php?rest_route=\/wp\/v2\/types\/post"}],"author":[{"embeddable":true,"href":"https:\/\/buenosdiasbcs.com\/index.php?rest_route=\/wp\/v2\/users\/2"}],"replies":[{"embeddable":true,"href":"https:\/\/buenosdiasbcs.com\/index.php?rest_route=%2Fwp%2Fv2%2Fcomments&post=5406"}],"version-history":[{"count":1,"href":"https:\/\/buenosdiasbcs.com\/index.php?rest_route=\/wp\/v2\/posts\/5406\/revisions"}],"predecessor-version":[{"id":5408,"href":"https:\/\/buenosdiasbcs.com\/index.php?rest_route=\/wp\/v2\/posts\/5406\/revisions\/5408"}],"wp:featuredmedia":[{"embeddable":true,"href":"https:\/\/buenosdiasbcs.com\/index.php?rest_route=\/wp\/v2\/media\/5407"}],"wp:attachment":[{"href":"https:\/\/buenosdiasbcs.com\/index.php?rest_route=%2Fwp%2Fv2%2Fmedia&parent=5406"}],"wp:term":[{"taxonomy":"category","embeddable":true,"href":"https:\/\/buenosdiasbcs.com\/index.php?rest_route=%2Fwp%2Fv2%2Fcategories&post=5406"},{"taxonomy":"post_tag","embeddable":true,"href":"https:\/\/buenosdiasbcs.com\/index.php?rest_route=%2Fwp%2Fv2%2Ftags&post=5406"}],"curies":[{"name":"wp","href":"https:\/\/api.w.org\/{rel}","templated":true}]}}