{"id":5403,"date":"2026-03-17T01:18:50","date_gmt":"2026-03-17T08:18:50","guid":{"rendered":"https:\/\/buenosdiasbcs.com\/?p=5403"},"modified":"2026-03-17T01:18:52","modified_gmt":"2026-03-17T08:18:52","slug":"invita-christian-agundez-a-disfrutar-las-fiestas-tradicionales-san-jose-del-cabo-2026","status":"publish","type":"post","link":"https:\/\/buenosdiasbcs.com\/?p=5403","title":{"rendered":"Invita Christian Ag\u00fandez a disfrutar las fiestas tradicionales San Jos\u00e9 del Cabo 2026"},"content":{"rendered":"\n<h2 class=\"wp-block-heading\" id=\"h-todo-listo-para-la-festividad-mas-grande-de-bcs-podran-disfrutar-de-presentaciones-artisticas-de-nivel-internacional-completamente-gratis\"><strong>Todo listo para la festividad m\u00e1s grande de BCS<\/strong>; <strong>Podr\u00e1n disfrutar de presentaciones art\u00edsticas de nivel internacional completamente gratis<\/strong><\/h2>\n\n\n\n<p><strong>Los Cabos, B.C.S.-<\/strong>&nbsp;&nbsp;El presidente municipal del XV Ayuntamiento de Los Cabos, Christian Ag\u00fandez G\u00f3mez, acompa\u00f1ado de titulares de distintas dependencias, realiz\u00f3 este lunes 16 de marzo un \u00faltimo recorrido de supervisi\u00f3n por la nueva sede&nbsp;&nbsp;donde se realizar\u00e1n las Fiestas Tradicionales de&nbsp;&nbsp;San Jos\u00e9 Del Cabo 2026, garantizando que todo se encuentra listo para que las familias disfruten de esta gran celebraci\u00f3n con orden y seguridad.<\/p>\n\n\n\n<p>Record\u00f3, que el nuevo recinto se ubica a un costado del \u00e1rea donde se llevaron a cabo la Fiestas Tradicionales en el 2025, teniendo como acceso la v\u00eda reci\u00e9n pavimentada que se conoce como Los Carrizales,&nbsp;&nbsp;o bien, por el camino que se localiza&nbsp;&nbsp;a un costado de la tienda Soriana, en la colonia Guaymitas. Enseguida, acentu\u00f3 que este cambio de sede habr\u00e1 de garantizar una mejor experiencia para los miles de visitantes que se esperan, facilitando accesos, estacionamientos y seguridad, adem\u00e1s de albergar espacios como el escenario principal y la Exposici\u00f3n Ganadera, entre otros.<\/p>\n\n\n\n<p>A la par, el alcalde Christian Ag\u00fandez subray\u00f3 que en punto de las 11:00 de la noche de este mi\u00e9rcoles 18 de marzo, se tendr\u00e1 la presentaci\u00f3n de Enanitos Verdes, el jueves 19 Ed\u00e9n Mu\u00f1oz har\u00e1 vibrar con la interpretacion de sus \u00e9xitos, el viernes 20 toca el turno a Gabito Ballesteros y Alem\u00e1n, s\u00e1bado 21 la presentaci\u00f3n estelar de Enrique Iglesias, y el domingo 22 Juli\u00f3n \u00c1lvarez.<\/p>\n\n\n\n<p>Asimismo, remarc\u00f3 que entre las actividades que se estar\u00e1n realizando en la plaza p\u00fablica Tte. Jos\u00e9 Antonio Mijares, el jueves 19 de marzo se contar\u00e1 con la presentaci\u00f3n del comediante Marco Polo, el s\u00e1bado 21 Pandora deleitar\u00e1 con sus grandes \u00e9xitos, mientras que el domingo 22 se tendr\u00e1 la participaci\u00f3n de Tatiana.<\/p>\n\n\n\n<p>El presidente municipal, hizo una invitaci\u00f3n a la ciudadana a disfrutar con responsabilidad de las Fiestas Tradicionales San Jos\u00e9 Del Cabo 2026, celebraci\u00f3n que representa la identidad y uni\u00f3n, trat\u00e1ndose de una de las&nbsp;&nbsp;fiestas m\u00e1s esperadas en el municipio y representativas en el estado.<\/p>\n","protected":false},"excerpt":{"rendered":"<p>Todo listo para la festividad m\u00e1s grande de BCS; Podr\u00e1n disfrutar de presentaciones art\u00edsticas de nivel internacional completamente gratis Los&#8230;<\/p>\n","protected":false},"author":2,"featured_media":5404,"comment_status":"open","ping_status":"open","sticky":false,"template":"","format":"standard","meta":{"footnotes":""},"categories":[31],"tags":[],"class_list":["post-5403","post","type-post","status-publish","format-standard","has-post-thumbnail","hentry","category-los-cabos"],"yoast_head":"<!-- This site is optimized with the Yoast SEO Premium plugin v26.8 (Yoast SEO v27.5) - https:\/\/yoast.com\/product\/yoast-seo-premium-wordpress\/ -->\n<title>Invita Christian Ag\u00fandez a disfrutar las fiestas tradicionales San Jos\u00e9 del Cabo 2026 - Buenos D&iacute;as BCS<\/title>\n<meta name=\"robots\" content=\"index, follow, max-snippet:-1, max-image-preview:large, max-video-preview:-1\" \/>\n<link rel=\"canonical\" href=\"https:\/\/buenosdiasbcs.com\/?p=5403\" \/>\n<meta property=\"og:locale\" content=\"es_ES\" \/>\n<meta property=\"og:type\" content=\"article\" \/>\n<meta property=\"og:title\" content=\"Invita Christian Ag\u00fandez a disfrutar las fiestas tradicionales San Jos\u00e9 del Cabo 2026\" \/>\n<meta property=\"og:description\" content=\"Todo listo para la festividad m\u00e1s grande de BCS; Podr\u00e1n disfrutar de presentaciones art\u00edsticas de nivel internacional completamente gratis Los...\" \/>\n<meta property=\"og:url\" content=\"https:\/\/buenosdiasbcs.com\/?p=5403\" \/>\n<meta property=\"og:site_name\" content=\"Buenos D&iacute;as BCS\" \/>\n<meta property=\"article:published_time\" content=\"2026-03-17T08:18:50+00:00\" \/>\n<meta property=\"article:modified_time\" content=\"2026-03-17T08:18:52+00:00\" \/>\n<meta property=\"og:image\" content=\"https:\/\/buenosdiasbcs.com\/wp-content\/uploads\/2026\/03\/WhatsApp-Image-2026-03-16-at-19.18.32-scaled-1.jpeg\" \/>\n\t<meta property=\"og:image:width\" content=\"1024\" \/>\n\t<meta property=\"og:image:height\" content=\"1024\" \/>\n\t<meta property=\"og:image:type\" content=\"image\/jpeg\" \/>\n<meta name=\"author\" content=\"Edici\u00f3n Buenos D\u00edas\" \/>\n<meta name=\"twitter:card\" content=\"summary_large_image\" \/>\n<meta name=\"twitter:label1\" content=\"Escrito por\" \/>\n\t<meta name=\"twitter:data1\" content=\"Edici\u00f3n Buenos D\u00edas\" \/>\n\t<meta name=\"twitter:label2\" content=\"Tiempo de lectura\" \/>\n\t<meta name=\"twitter:data2\" content=\"2 minutos\" \/>\n<script type=\"application\/ld+json\" class=\"yoast-schema-graph\">{\"@context\":\"https:\\\/\\\/schema.org\",\"@graph\":[{\"@type\":\"Article\",\"@id\":\"https:\\\/\\\/buenosdiasbcs.com\\\/?p=5403#article\",\"isPartOf\":{\"@id\":\"https:\\\/\\\/buenosdiasbcs.com\\\/?p=5403\"},\"author\":{\"name\":\"Edici\u00f3n Buenos D\u00edas\",\"@id\":\"https:\\\/\\\/buenosdiasbcs.com\\\/#\\\/schema\\\/person\\\/15aedc247eab7070ee5d76d6d069a821\"},\"headline\":\"Invita Christian Ag\u00fandez a disfrutar las fiestas tradicionales San Jos\u00e9 del Cabo 2026\",\"datePublished\":\"2026-03-17T08:18:50+00:00\",\"dateModified\":\"2026-03-17T08:18:52+00:00\",\"mainEntityOfPage\":{\"@id\":\"https:\\\/\\\/buenosdiasbcs.com\\\/?p=5403\"},\"wordCount\":393,\"commentCount\":0,\"publisher\":{\"@id\":\"https:\\\/\\\/buenosdiasbcs.com\\\/#organization\"},\"image\":{\"@id\":\"https:\\\/\\\/buenosdiasbcs.com\\\/?p=5403#primaryimage\"},\"thumbnailUrl\":\"https:\\\/\\\/buenosdiasbcs.com\\\/wp-content\\\/uploads\\\/2026\\\/03\\\/WhatsApp-Image-2026-03-16-at-19.18.32-scaled-1.jpeg\",\"articleSection\":[\"Los Cabos\"],\"inLanguage\":\"es\",\"potentialAction\":[{\"@type\":\"CommentAction\",\"name\":\"Comment\",\"target\":[\"https:\\\/\\\/buenosdiasbcs.com\\\/?p=5403#respond\"]}]},{\"@type\":\"WebPage\",\"@id\":\"https:\\\/\\\/buenosdiasbcs.com\\\/?p=5403\",\"url\":\"https:\\\/\\\/buenosdiasbcs.com\\\/?p=5403\",\"name\":\"Invita Christian Ag\u00fandez a disfrutar las fiestas tradicionales San Jos\u00e9 del Cabo 2026 - Buenos D&iacute;as BCS\",\"isPartOf\":{\"@id\":\"https:\\\/\\\/buenosdiasbcs.com\\\/#website\"},\"primaryImageOfPage\":{\"@id\":\"https:\\\/\\\/buenosdiasbcs.com\\\/?p=5403#primaryimage\"},\"image\":{\"@id\":\"https:\\\/\\\/buenosdiasbcs.com\\\/?p=5403#primaryimage\"},\"thumbnailUrl\":\"https:\\\/\\\/buenosdiasbcs.com\\\/wp-content\\\/uploads\\\/2026\\\/03\\\/WhatsApp-Image-2026-03-16-at-19.18.32-scaled-1.jpeg\",\"datePublished\":\"2026-03-17T08:18:50+00:00\",\"dateModified\":\"2026-03-17T08:18:52+00:00\",\"breadcrumb\":{\"@id\":\"https:\\\/\\\/buenosdiasbcs.com\\\/?p=5403#breadcrumb\"},\"inLanguage\":\"es\",\"potentialAction\":[{\"@type\":\"ReadAction\",\"target\":[\"https:\\\/\\\/buenosdiasbcs.com\\\/?p=5403\"]}]},{\"@type\":\"ImageObject\",\"inLanguage\":\"es\",\"@id\":\"https:\\\/\\\/buenosdiasbcs.com\\\/?p=5403#primaryimage\",\"url\":\"https:\\\/\\\/buenosdiasbcs.com\\\/wp-content\\\/uploads\\\/2026\\\/03\\\/WhatsApp-Image-2026-03-16-at-19.18.32-scaled-1.jpeg\",\"contentUrl\":\"https:\\\/\\\/buenosdiasbcs.com\\\/wp-content\\\/uploads\\\/2026\\\/03\\\/WhatsApp-Image-2026-03-16-at-19.18.32-scaled-1.jpeg\",\"width\":1024,\"height\":1024},{\"@type\":\"BreadcrumbList\",\"@id\":\"https:\\\/\\\/buenosdiasbcs.com\\\/?p=5403#breadcrumb\",\"itemListElement\":[{\"@type\":\"ListItem\",\"position\":1,\"name\":\"Portada\",\"item\":\"https:\\\/\\\/buenosdiasbcs.com\\\/\"},{\"@type\":\"ListItem\",\"position\":2,\"name\":\"Invita Christian Ag\u00fandez a disfrutar las fiestas tradicionales San Jos\u00e9 del Cabo 2026\"}]},{\"@type\":\"WebSite\",\"@id\":\"https:\\\/\\\/buenosdiasbcs.com\\\/#website\",\"url\":\"https:\\\/\\\/buenosdiasbcs.com\\\/\",\"name\":\"Buenos D\u00edas BCS\",\"description\":\"\",\"publisher\":{\"@id\":\"https:\\\/\\\/buenosdiasbcs.com\\\/#organization\"},\"potentialAction\":[{\"@type\":\"SearchAction\",\"target\":{\"@type\":\"EntryPoint\",\"urlTemplate\":\"https:\\\/\\\/buenosdiasbcs.com\\\/?s={search_term_string}\"},\"query-input\":{\"@type\":\"PropertyValueSpecification\",\"valueRequired\":true,\"valueName\":\"search_term_string\"}}],\"inLanguage\":\"es\"},{\"@type\":\"Organization\",\"@id\":\"https:\\\/\\\/buenosdiasbcs.com\\\/#organization\",\"name\":\"Buenos D\u00edas BCS\",\"url\":\"https:\\\/\\\/buenosdiasbcs.com\\\/\",\"logo\":{\"@type\":\"ImageObject\",\"inLanguage\":\"es\",\"@id\":\"https:\\\/\\\/buenosdiasbcs.com\\\/#\\\/schema\\\/logo\\\/image\\\/\",\"url\":\"https:\\\/\\\/buenosdiasbcs.com\\\/wp-content\\\/uploads\\\/2026\\\/01\\\/logo-buenos-dias-40-01.png\",\"contentUrl\":\"https:\\\/\\\/buenosdiasbcs.com\\\/wp-content\\\/uploads\\\/2026\\\/01\\\/logo-buenos-dias-40-01.png\",\"width\":277,\"height\":40,\"caption\":\"Buenos D\u00edas BCS\"},\"image\":{\"@id\":\"https:\\\/\\\/buenosdiasbcs.com\\\/#\\\/schema\\\/logo\\\/image\\\/\"}},{\"@type\":\"Person\",\"@id\":\"https:\\\/\\\/buenosdiasbcs.com\\\/#\\\/schema\\\/person\\\/15aedc247eab7070ee5d76d6d069a821\",\"name\":\"Edici\u00f3n Buenos D\u00edas\",\"image\":{\"@type\":\"ImageObject\",\"inLanguage\":\"es\",\"@id\":\"https:\\\/\\\/buenosdiasbcs.com\\\/wp-content\\\/uploads\\\/2026\\\/01\\\/cropped-sol-96x96.png\",\"url\":\"https:\\\/\\\/buenosdiasbcs.com\\\/wp-content\\\/uploads\\\/2026\\\/01\\\/cropped-sol-96x96.png\",\"contentUrl\":\"https:\\\/\\\/buenosdiasbcs.com\\\/wp-content\\\/uploads\\\/2026\\\/01\\\/cropped-sol-96x96.png\",\"caption\":\"Edici\u00f3n Buenos D\u00edas\"},\"url\":\"https:\\\/\\\/buenosdiasbcs.com\\\/?author=2\"}]}<\/script>\n<!-- \/ Yoast SEO Premium plugin. -->","yoast_head_json":{"title":"Invita Christian Ag\u00fandez a disfrutar las fiestas tradicionales San Jos\u00e9 del Cabo 2026 - Buenos D&iacute;as BCS","robots":{"index":"index","follow":"follow","max-snippet":"max-snippet:-1","max-image-preview":"max-image-preview:large","max-video-preview":"max-video-preview:-1"},"canonical":"https:\/\/buenosdiasbcs.com\/?p=5403","og_locale":"es_ES","og_type":"article","og_title":"Invita Christian Ag\u00fandez a disfrutar las fiestas tradicionales San Jos\u00e9 del Cabo 2026","og_description":"Todo listo para la festividad m\u00e1s grande de BCS; Podr\u00e1n disfrutar de presentaciones art\u00edsticas de nivel internacional completamente gratis Los...","og_url":"https:\/\/buenosdiasbcs.com\/?p=5403","og_site_name":"Buenos D&iacute;as BCS","article_published_time":"2026-03-17T08:18:50+00:00","article_modified_time":"2026-03-17T08:18:52+00:00","og_image":[{"width":1024,"height":1024,"url":"https:\/\/buenosdiasbcs.com\/wp-content\/uploads\/2026\/03\/WhatsApp-Image-2026-03-16-at-19.18.32-scaled-1.jpeg","type":"image\/jpeg"}],"author":"Edici\u00f3n Buenos D\u00edas","twitter_card":"summary_large_image","twitter_misc":{"Escrito por":"Edici\u00f3n Buenos D\u00edas","Tiempo de lectura":"2 minutos"},"schema":{"@context":"https:\/\/schema.org","@graph":[{"@type":"Article","@id":"https:\/\/buenosdiasbcs.com\/?p=5403#article","isPartOf":{"@id":"https:\/\/buenosdiasbcs.com\/?p=5403"},"author":{"name":"Edici\u00f3n Buenos D\u00edas","@id":"https:\/\/buenosdiasbcs.com\/#\/schema\/person\/15aedc247eab7070ee5d76d6d069a821"},"headline":"Invita Christian Ag\u00fandez a disfrutar las fiestas tradicionales San Jos\u00e9 del Cabo 2026","datePublished":"2026-03-17T08:18:50+00:00","dateModified":"2026-03-17T08:18:52+00:00","mainEntityOfPage":{"@id":"https:\/\/buenosdiasbcs.com\/?p=5403"},"wordCount":393,"commentCount":0,"publisher":{"@id":"https:\/\/buenosdiasbcs.com\/#organization"},"image":{"@id":"https:\/\/buenosdiasbcs.com\/?p=5403#primaryimage"},"thumbnailUrl":"https:\/\/buenosdiasbcs.com\/wp-content\/uploads\/2026\/03\/WhatsApp-Image-2026-03-16-at-19.18.32-scaled-1.jpeg","articleSection":["Los Cabos"],"inLanguage":"es","potentialAction":[{"@type":"CommentAction","name":"Comment","target":["https:\/\/buenosdiasbcs.com\/?p=5403#respond"]}]},{"@type":"WebPage","@id":"https:\/\/buenosdiasbcs.com\/?p=5403","url":"https:\/\/buenosdiasbcs.com\/?p=5403","name":"Invita Christian Ag\u00fandez a disfrutar las fiestas tradicionales San Jos\u00e9 del Cabo 2026 - Buenos D&iacute;as BCS","isPartOf":{"@id":"https:\/\/buenosdiasbcs.com\/#website"},"primaryImageOfPage":{"@id":"https:\/\/buenosdiasbcs.com\/?p=5403#primaryimage"},"image":{"@id":"https:\/\/buenosdiasbcs.com\/?p=5403#primaryimage"},"thumbnailUrl":"https:\/\/buenosdiasbcs.com\/wp-content\/uploads\/2026\/03\/WhatsApp-Image-2026-03-16-at-19.18.32-scaled-1.jpeg","datePublished":"2026-03-17T08:18:50+00:00","dateModified":"2026-03-17T08:18:52+00:00","breadcrumb":{"@id":"https:\/\/buenosdiasbcs.com\/?p=5403#breadcrumb"},"inLanguage":"es","potentialAction":[{"@type":"ReadAction","target":["https:\/\/buenosdiasbcs.com\/?p=5403"]}]},{"@type":"ImageObject","inLanguage":"es","@id":"https:\/\/buenosdiasbcs.com\/?p=5403#primaryimage","url":"https:\/\/buenosdiasbcs.com\/wp-content\/uploads\/2026\/03\/WhatsApp-Image-2026-03-16-at-19.18.32-scaled-1.jpeg","contentUrl":"https:\/\/buenosdiasbcs.com\/wp-content\/uploads\/2026\/03\/WhatsApp-Image-2026-03-16-at-19.18.32-scaled-1.jpeg","width":1024,"height":1024},{"@type":"BreadcrumbList","@id":"https:\/\/buenosdiasbcs.com\/?p=5403#breadcrumb","itemListElement":[{"@type":"ListItem","position":1,"name":"Portada","item":"https:\/\/buenosdiasbcs.com\/"},{"@type":"ListItem","position":2,"name":"Invita Christian Ag\u00fandez a disfrutar las fiestas tradicionales San Jos\u00e9 del Cabo 2026"}]},{"@type":"WebSite","@id":"https:\/\/buenosdiasbcs.com\/#website","url":"https:\/\/buenosdiasbcs.com\/","name":"Buenos D\u00edas BCS","description":"","publisher":{"@id":"https:\/\/buenosdiasbcs.com\/#organization"},"potentialAction":[{"@type":"SearchAction","target":{"@type":"EntryPoint","urlTemplate":"https:\/\/buenosdiasbcs.com\/?s={search_term_string}"},"query-input":{"@type":"PropertyValueSpecification","valueRequired":true,"valueName":"search_term_string"}}],"inLanguage":"es"},{"@type":"Organization","@id":"https:\/\/buenosdiasbcs.com\/#organization","name":"Buenos D\u00edas BCS","url":"https:\/\/buenosdiasbcs.com\/","logo":{"@type":"ImageObject","inLanguage":"es","@id":"https:\/\/buenosdiasbcs.com\/#\/schema\/logo\/image\/","url":"https:\/\/buenosdiasbcs.com\/wp-content\/uploads\/2026\/01\/logo-buenos-dias-40-01.png","contentUrl":"https:\/\/buenosdiasbcs.com\/wp-content\/uploads\/2026\/01\/logo-buenos-dias-40-01.png","width":277,"height":40,"caption":"Buenos D\u00edas BCS"},"image":{"@id":"https:\/\/buenosdiasbcs.com\/#\/schema\/logo\/image\/"}},{"@type":"Person","@id":"https:\/\/buenosdiasbcs.com\/#\/schema\/person\/15aedc247eab7070ee5d76d6d069a821","name":"Edici\u00f3n Buenos D\u00edas","image":{"@type":"ImageObject","inLanguage":"es","@id":"https:\/\/buenosdiasbcs.com\/wp-content\/uploads\/2026\/01\/cropped-sol-96x96.png","url":"https:\/\/buenosdiasbcs.com\/wp-content\/uploads\/2026\/01\/cropped-sol-96x96.png","contentUrl":"https:\/\/buenosdiasbcs.com\/wp-content\/uploads\/2026\/01\/cropped-sol-96x96.png","caption":"Edici\u00f3n Buenos D\u00edas"},"url":"https:\/\/buenosdiasbcs.com\/?author=2"}]}},"amp_enabled":true,"_links":{"self":[{"href":"https:\/\/buenosdiasbcs.com\/index.php?rest_route=\/wp\/v2\/posts\/5403","targetHints":{"allow":["GET"]}}],"collection":[{"href":"https:\/\/buenosdiasbcs.com\/index.php?rest_route=\/wp\/v2\/posts"}],"about":[{"href":"https:\/\/buenosdiasbcs.com\/index.php?rest_route=\/wp\/v2\/types\/post"}],"author":[{"embeddable":true,"href":"https:\/\/buenosdiasbcs.com\/index.php?rest_route=\/wp\/v2\/users\/2"}],"replies":[{"embeddable":true,"href":"https:\/\/buenosdiasbcs.com\/index.php?rest_route=%2Fwp%2Fv2%2Fcomments&post=5403"}],"version-history":[{"count":1,"href":"https:\/\/buenosdiasbcs.com\/index.php?rest_route=\/wp\/v2\/posts\/5403\/revisions"}],"predecessor-version":[{"id":5405,"href":"https:\/\/buenosdiasbcs.com\/index.php?rest_route=\/wp\/v2\/posts\/5403\/revisions\/5405"}],"wp:featuredmedia":[{"embeddable":true,"href":"https:\/\/buenosdiasbcs.com\/index.php?rest_route=\/wp\/v2\/media\/5404"}],"wp:attachment":[{"href":"https:\/\/buenosdiasbcs.com\/index.php?rest_route=%2Fwp%2Fv2%2Fmedia&parent=5403"}],"wp:term":[{"taxonomy":"category","embeddable":true,"href":"https:\/\/buenosdiasbcs.com\/index.php?rest_route=%2Fwp%2Fv2%2Fcategories&post=5403"},{"taxonomy":"post_tag","embeddable":true,"href":"https:\/\/buenosdiasbcs.com\/index.php?rest_route=%2Fwp%2Fv2%2Ftags&post=5403"}],"curies":[{"name":"wp","href":"https:\/\/api.w.org\/{rel}","templated":true}]}}