{"id":5388,"date":"2026-03-17T00:58:00","date_gmt":"2026-03-17T07:58:00","guid":{"rendered":"https:\/\/buenosdiasbcs.com\/?p=5388"},"modified":"2026-03-17T00:02:28","modified_gmt":"2026-03-17T07:02:28","slug":"colecta-para-cuba-de-amlo-es-un-llamado-solidario-sheinbaum","status":"publish","type":"post","link":"https:\/\/buenosdiasbcs.com\/?p=5388","title":{"rendered":"Colecta para Cuba de AMLO es un \u2018llamado solidario\u2019: Sheinbaum"},"content":{"rendered":"\n<h2 class=\"wp-block-heading\" id=\"h-de-acuerdo-con-el-sat-la-asociacion-humanidad-con-america-latina-tiene-permiso-vigente-para-recibir-aportaciones-deducibles-hasta-el-ano-2030\">De acuerdo con el SAT, la asociaci\u00f3n \u2018Humanidad con Am\u00e9rica Latina\u2019 tiene permiso vigente para recibir aportaciones deducibles hasta el a\u00f1o 2030.<a href=\"https:\/\/images.sipse.com\/QUMETm1Yo_gZO_ptgt0wZZ0xOtQ=\/1640x1016\/smart\/filters:format(webp)\/2026\/03\/16\/1773680333209.png\"><\/a><\/h2>\n\n\n\n<p>La presidenta Claudia Sheinbaum asegur\u00f3 que la convocatoria para&nbsp;<strong><a href=\"https:\/\/sipse.com\/mexico\/amlo-pide-cooperacha-para-cuba-mientras-en-mexico-faltan-medicinas-505725.html\" target=\"_blank\" rel=\"noreferrer noopener\">recaudar apoyo econ\u00f3mico<\/a><\/strong>&nbsp;en favor del pueblo cubano \u2014difundida por el expresidente Andr\u00e9s Manuel L\u00f3pez Obrador\u2014 se encuentra sujeta a las normas financieras vigentes y ser\u00e1 fiscalizada como cualquier otra cuenta bancaria.<\/p>\n\n\n\n<h2 class=\"wp-block-heading\" id=\"h-amlo-impulsa-colecta-para-cuba\">AMLO impulsa colecta para Cuba<\/h2>\n\n\n\n<p>El s\u00e1bado 14 de marzo, L\u00f3pez Obrador public\u00f3 un mensaje en redes sociales en el que llam\u00f3 a la ciudadan\u00eda mexicana a brindar apoyo solidario a Cuba, a trav\u00e9s de donaciones econ\u00f3micas para la compra de alimentos, medicinas y otros productos esenciales.<\/p>\n\n\n\n<p>Como parte de la iniciativa, nombrada&nbsp;<strong><a href=\"https:\/\/sipse.com\/mexico\/humanidad-con-america-latina-la-asociacion-civil-que-promueve-amlo-505761.html\" target=\"_blank\" rel=\"noreferrer noopener\">\u2018Humanidad con Am\u00e9rica Latina\u2019<\/a><\/strong>, el exmandatario difundi\u00f3 una cuenta bancaria destinada a reunir los recursos. De acuerdo con el SAT, la asociaci\u00f3n tiene permiso vigente para recibir aportaciones deducibles hasta el a\u00f1o 2030.<\/p>\n\n\n\n<p>Sin embargo, el anuncio gener\u00f3 cr\u00edticas y cuestionamientos sobre el origen y la legalidad del mecanismo de recaudaci\u00f3n.<\/p>\n\n\n\n<h3 class=\"wp-block-heading\" id=\"h-datos-de-la-convocatoria-de-donacion\">Datos de la convocatoria de donaci\u00f3n<\/h3>\n\n\n\n<ul class=\"wp-block-list\">\n<li>Instituci\u00f3n bancaria: Banorte.<\/li>\n\n\n\n<li>N\u00famero de cuenta: 1358451779.<\/li>\n\n\n\n<li>Objetivo de los fondos: Compra de alimentos, medicinas, petr\u00f3leo y gasolina.<\/li>\n\n\n\n<li>Participantes: Ciudadanos, periodistas y escritores integran la organizaci\u00f3n.<\/li>\n<\/ul>\n\n\n\n<h2 class=\"wp-block-heading\" id=\"h-sheinbaum-responde-al-apoyo-impulsado-por-amlo\">Sheinbaum responde al apoyo impulsado por AMLO<\/h2>\n\n\n\n<p>Durante su conferencia matutina de este lunes 16 de marzo, Sheinbaum explic\u00f3 a la prensa que la convocatoria no surgi\u00f3 directamente del expresidente, sino de una iniciativa ciudadana.<\/p>\n\n\n\n<blockquote class=\"wp-block-quote is-layout-flow wp-block-quote-is-layout-flow\">\n<p><em>\u201cHace algunos d\u00edas sali\u00f3 un desplegado en el peri\u00f3dico La Jornada en el que firman muchas personalidades y personas. Llaman a depositar a una cuenta del banco Banorte, que ellos abrieron, y que solicitaron a la Secretar\u00eda de Hacienda que esta asociaci\u00f3n civil pudiera ser donataria para que se deposite ah\u00ed apoyo a Cuba\u201d, declar\u00f3. \u201cEso fue iniciativa de ciudadanos que hicieron esta solicitud\u201d.<\/em><\/p>\n<\/blockquote>\n\n\n\n<p>La presidenta se\u00f1al\u00f3 que la cuenta bancaria deber\u00e1 cumplir con los mismos controles y regulaciones que cualquier otra en el sistema financiero mexicano, por lo que los recursos estar\u00e1n sujetos a supervisi\u00f3n.<\/p>\n\n\n\n<blockquote class=\"wp-block-quote is-layout-flow wp-block-quote-is-layout-flow\">\n<p><em>\u201cTodas las cuentas de banco tienen que tener una reglamentaci\u00f3n igual\u201d, afirm\u00f3 desde Palacio Nacional.<\/em><\/p>\n<\/blockquote>\n\n\n\n<p>Con informaci\u00f3n de Infobae&nbsp;<\/p>\n","protected":false},"excerpt":{"rendered":"<p>De acuerdo con el SAT, la asociaci\u00f3n \u2018Humanidad con Am\u00e9rica Latina\u2019 tiene permiso vigente para recibir aportaciones deducibles hasta el&#8230;<\/p>\n","protected":false},"author":2,"featured_media":5389,"comment_status":"open","ping_status":"open","sticky":false,"template":"","format":"standard","meta":{"footnotes":""},"categories":[32],"tags":[],"class_list":["post-5388","post","type-post","status-publish","format-standard","has-post-thumbnail","hentry","category-la-nacion"],"yoast_head":"<!-- This site is optimized with the Yoast SEO Premium plugin v26.8 (Yoast SEO v27.5) - https:\/\/yoast.com\/product\/yoast-seo-premium-wordpress\/ -->\n<title>Colecta para Cuba de AMLO es un \u2018llamado solidario\u2019: Sheinbaum - Buenos D&iacute;as BCS<\/title>\n<meta name=\"robots\" content=\"index, follow, max-snippet:-1, max-image-preview:large, max-video-preview:-1\" \/>\n<link rel=\"canonical\" href=\"https:\/\/buenosdiasbcs.com\/?p=5388\" \/>\n<meta property=\"og:locale\" content=\"es_ES\" \/>\n<meta property=\"og:type\" content=\"article\" \/>\n<meta property=\"og:title\" content=\"Colecta para Cuba de AMLO es un \u2018llamado solidario\u2019: Sheinbaum\" \/>\n<meta property=\"og:description\" content=\"De acuerdo con el SAT, la asociaci\u00f3n \u2018Humanidad con Am\u00e9rica Latina\u2019 tiene permiso vigente para recibir aportaciones deducibles hasta el...\" \/>\n<meta property=\"og:url\" content=\"https:\/\/buenosdiasbcs.com\/?p=5388\" \/>\n<meta property=\"og:site_name\" content=\"Buenos D&iacute;as BCS\" \/>\n<meta property=\"article:published_time\" content=\"2026-03-17T07:58:00+00:00\" \/>\n<meta property=\"og:image\" content=\"https:\/\/buenosdiasbcs.com\/wp-content\/uploads\/2026\/03\/1773680333209.png.webp\" \/>\n\t<meta property=\"og:image:width\" content=\"820\" \/>\n\t<meta property=\"og:image:height\" content=\"508\" \/>\n\t<meta property=\"og:image:type\" content=\"image\/webp\" \/>\n<meta name=\"author\" content=\"Edici\u00f3n Buenos D\u00edas\" \/>\n<meta name=\"twitter:card\" content=\"summary_large_image\" \/>\n<meta name=\"twitter:label1\" content=\"Escrito por\" \/>\n\t<meta name=\"twitter:data1\" content=\"Edici\u00f3n Buenos D\u00edas\" \/>\n\t<meta name=\"twitter:label2\" content=\"Tiempo de lectura\" \/>\n\t<meta name=\"twitter:data2\" content=\"2 minutos\" \/>\n<script type=\"application\/ld+json\" class=\"yoast-schema-graph\">{\"@context\":\"https:\\\/\\\/schema.org\",\"@graph\":[{\"@type\":\"Article\",\"@id\":\"https:\\\/\\\/buenosdiasbcs.com\\\/?p=5388#article\",\"isPartOf\":{\"@id\":\"https:\\\/\\\/buenosdiasbcs.com\\\/?p=5388\"},\"author\":{\"name\":\"Edici\u00f3n Buenos D\u00edas\",\"@id\":\"https:\\\/\\\/buenosdiasbcs.com\\\/#\\\/schema\\\/person\\\/15aedc247eab7070ee5d76d6d069a821\"},\"headline\":\"Colecta para Cuba de AMLO es un \u2018llamado solidario\u2019: Sheinbaum\",\"datePublished\":\"2026-03-17T07:58:00+00:00\",\"mainEntityOfPage\":{\"@id\":\"https:\\\/\\\/buenosdiasbcs.com\\\/?p=5388\"},\"wordCount\":388,\"commentCount\":0,\"publisher\":{\"@id\":\"https:\\\/\\\/buenosdiasbcs.com\\\/#organization\"},\"image\":{\"@id\":\"https:\\\/\\\/buenosdiasbcs.com\\\/?p=5388#primaryimage\"},\"thumbnailUrl\":\"https:\\\/\\\/buenosdiasbcs.com\\\/wp-content\\\/uploads\\\/2026\\\/03\\\/1773680333209.png.webp\",\"articleSection\":[\"La Naci\u00f3n\"],\"inLanguage\":\"es\",\"potentialAction\":[{\"@type\":\"CommentAction\",\"name\":\"Comment\",\"target\":[\"https:\\\/\\\/buenosdiasbcs.com\\\/?p=5388#respond\"]}]},{\"@type\":\"WebPage\",\"@id\":\"https:\\\/\\\/buenosdiasbcs.com\\\/?p=5388\",\"url\":\"https:\\\/\\\/buenosdiasbcs.com\\\/?p=5388\",\"name\":\"Colecta para Cuba de AMLO es un \u2018llamado solidario\u2019: Sheinbaum - Buenos D&iacute;as BCS\",\"isPartOf\":{\"@id\":\"https:\\\/\\\/buenosdiasbcs.com\\\/#website\"},\"primaryImageOfPage\":{\"@id\":\"https:\\\/\\\/buenosdiasbcs.com\\\/?p=5388#primaryimage\"},\"image\":{\"@id\":\"https:\\\/\\\/buenosdiasbcs.com\\\/?p=5388#primaryimage\"},\"thumbnailUrl\":\"https:\\\/\\\/buenosdiasbcs.com\\\/wp-content\\\/uploads\\\/2026\\\/03\\\/1773680333209.png.webp\",\"datePublished\":\"2026-03-17T07:58:00+00:00\",\"breadcrumb\":{\"@id\":\"https:\\\/\\\/buenosdiasbcs.com\\\/?p=5388#breadcrumb\"},\"inLanguage\":\"es\",\"potentialAction\":[{\"@type\":\"ReadAction\",\"target\":[\"https:\\\/\\\/buenosdiasbcs.com\\\/?p=5388\"]}]},{\"@type\":\"ImageObject\",\"inLanguage\":\"es\",\"@id\":\"https:\\\/\\\/buenosdiasbcs.com\\\/?p=5388#primaryimage\",\"url\":\"https:\\\/\\\/buenosdiasbcs.com\\\/wp-content\\\/uploads\\\/2026\\\/03\\\/1773680333209.png.webp\",\"contentUrl\":\"https:\\\/\\\/buenosdiasbcs.com\\\/wp-content\\\/uploads\\\/2026\\\/03\\\/1773680333209.png.webp\",\"width\":820,\"height\":508},{\"@type\":\"BreadcrumbList\",\"@id\":\"https:\\\/\\\/buenosdiasbcs.com\\\/?p=5388#breadcrumb\",\"itemListElement\":[{\"@type\":\"ListItem\",\"position\":1,\"name\":\"Portada\",\"item\":\"https:\\\/\\\/buenosdiasbcs.com\\\/\"},{\"@type\":\"ListItem\",\"position\":2,\"name\":\"Colecta para Cuba de AMLO es un \u2018llamado solidario\u2019: Sheinbaum\"}]},{\"@type\":\"WebSite\",\"@id\":\"https:\\\/\\\/buenosdiasbcs.com\\\/#website\",\"url\":\"https:\\\/\\\/buenosdiasbcs.com\\\/\",\"name\":\"Buenos D\u00edas BCS\",\"description\":\"\",\"publisher\":{\"@id\":\"https:\\\/\\\/buenosdiasbcs.com\\\/#organization\"},\"potentialAction\":[{\"@type\":\"SearchAction\",\"target\":{\"@type\":\"EntryPoint\",\"urlTemplate\":\"https:\\\/\\\/buenosdiasbcs.com\\\/?s={search_term_string}\"},\"query-input\":{\"@type\":\"PropertyValueSpecification\",\"valueRequired\":true,\"valueName\":\"search_term_string\"}}],\"inLanguage\":\"es\"},{\"@type\":\"Organization\",\"@id\":\"https:\\\/\\\/buenosdiasbcs.com\\\/#organization\",\"name\":\"Buenos D\u00edas BCS\",\"url\":\"https:\\\/\\\/buenosdiasbcs.com\\\/\",\"logo\":{\"@type\":\"ImageObject\",\"inLanguage\":\"es\",\"@id\":\"https:\\\/\\\/buenosdiasbcs.com\\\/#\\\/schema\\\/logo\\\/image\\\/\",\"url\":\"https:\\\/\\\/buenosdiasbcs.com\\\/wp-content\\\/uploads\\\/2026\\\/01\\\/logo-buenos-dias-40-01.png\",\"contentUrl\":\"https:\\\/\\\/buenosdiasbcs.com\\\/wp-content\\\/uploads\\\/2026\\\/01\\\/logo-buenos-dias-40-01.png\",\"width\":277,\"height\":40,\"caption\":\"Buenos D\u00edas BCS\"},\"image\":{\"@id\":\"https:\\\/\\\/buenosdiasbcs.com\\\/#\\\/schema\\\/logo\\\/image\\\/\"}},{\"@type\":\"Person\",\"@id\":\"https:\\\/\\\/buenosdiasbcs.com\\\/#\\\/schema\\\/person\\\/15aedc247eab7070ee5d76d6d069a821\",\"name\":\"Edici\u00f3n Buenos D\u00edas\",\"image\":{\"@type\":\"ImageObject\",\"inLanguage\":\"es\",\"@id\":\"https:\\\/\\\/buenosdiasbcs.com\\\/wp-content\\\/uploads\\\/2026\\\/01\\\/cropped-sol-96x96.png\",\"url\":\"https:\\\/\\\/buenosdiasbcs.com\\\/wp-content\\\/uploads\\\/2026\\\/01\\\/cropped-sol-96x96.png\",\"contentUrl\":\"https:\\\/\\\/buenosdiasbcs.com\\\/wp-content\\\/uploads\\\/2026\\\/01\\\/cropped-sol-96x96.png\",\"caption\":\"Edici\u00f3n Buenos D\u00edas\"},\"url\":\"https:\\\/\\\/buenosdiasbcs.com\\\/?author=2\"}]}<\/script>\n<!-- \/ Yoast SEO Premium plugin. -->","yoast_head_json":{"title":"Colecta para Cuba de AMLO es un \u2018llamado solidario\u2019: Sheinbaum - Buenos D&iacute;as BCS","robots":{"index":"index","follow":"follow","max-snippet":"max-snippet:-1","max-image-preview":"max-image-preview:large","max-video-preview":"max-video-preview:-1"},"canonical":"https:\/\/buenosdiasbcs.com\/?p=5388","og_locale":"es_ES","og_type":"article","og_title":"Colecta para Cuba de AMLO es un \u2018llamado solidario\u2019: Sheinbaum","og_description":"De acuerdo con el SAT, la asociaci\u00f3n \u2018Humanidad con Am\u00e9rica Latina\u2019 tiene permiso vigente para recibir aportaciones deducibles hasta el...","og_url":"https:\/\/buenosdiasbcs.com\/?p=5388","og_site_name":"Buenos D&iacute;as BCS","article_published_time":"2026-03-17T07:58:00+00:00","og_image":[{"width":820,"height":508,"url":"https:\/\/buenosdiasbcs.com\/wp-content\/uploads\/2026\/03\/1773680333209.png.webp","type":"image\/webp"}],"author":"Edici\u00f3n Buenos D\u00edas","twitter_card":"summary_large_image","twitter_misc":{"Escrito por":"Edici\u00f3n Buenos D\u00edas","Tiempo de lectura":"2 minutos"},"schema":{"@context":"https:\/\/schema.org","@graph":[{"@type":"Article","@id":"https:\/\/buenosdiasbcs.com\/?p=5388#article","isPartOf":{"@id":"https:\/\/buenosdiasbcs.com\/?p=5388"},"author":{"name":"Edici\u00f3n Buenos D\u00edas","@id":"https:\/\/buenosdiasbcs.com\/#\/schema\/person\/15aedc247eab7070ee5d76d6d069a821"},"headline":"Colecta para Cuba de AMLO es un \u2018llamado solidario\u2019: Sheinbaum","datePublished":"2026-03-17T07:58:00+00:00","mainEntityOfPage":{"@id":"https:\/\/buenosdiasbcs.com\/?p=5388"},"wordCount":388,"commentCount":0,"publisher":{"@id":"https:\/\/buenosdiasbcs.com\/#organization"},"image":{"@id":"https:\/\/buenosdiasbcs.com\/?p=5388#primaryimage"},"thumbnailUrl":"https:\/\/buenosdiasbcs.com\/wp-content\/uploads\/2026\/03\/1773680333209.png.webp","articleSection":["La Naci\u00f3n"],"inLanguage":"es","potentialAction":[{"@type":"CommentAction","name":"Comment","target":["https:\/\/buenosdiasbcs.com\/?p=5388#respond"]}]},{"@type":"WebPage","@id":"https:\/\/buenosdiasbcs.com\/?p=5388","url":"https:\/\/buenosdiasbcs.com\/?p=5388","name":"Colecta para Cuba de AMLO es un \u2018llamado solidario\u2019: Sheinbaum - Buenos D&iacute;as BCS","isPartOf":{"@id":"https:\/\/buenosdiasbcs.com\/#website"},"primaryImageOfPage":{"@id":"https:\/\/buenosdiasbcs.com\/?p=5388#primaryimage"},"image":{"@id":"https:\/\/buenosdiasbcs.com\/?p=5388#primaryimage"},"thumbnailUrl":"https:\/\/buenosdiasbcs.com\/wp-content\/uploads\/2026\/03\/1773680333209.png.webp","datePublished":"2026-03-17T07:58:00+00:00","breadcrumb":{"@id":"https:\/\/buenosdiasbcs.com\/?p=5388#breadcrumb"},"inLanguage":"es","potentialAction":[{"@type":"ReadAction","target":["https:\/\/buenosdiasbcs.com\/?p=5388"]}]},{"@type":"ImageObject","inLanguage":"es","@id":"https:\/\/buenosdiasbcs.com\/?p=5388#primaryimage","url":"https:\/\/buenosdiasbcs.com\/wp-content\/uploads\/2026\/03\/1773680333209.png.webp","contentUrl":"https:\/\/buenosdiasbcs.com\/wp-content\/uploads\/2026\/03\/1773680333209.png.webp","width":820,"height":508},{"@type":"BreadcrumbList","@id":"https:\/\/buenosdiasbcs.com\/?p=5388#breadcrumb","itemListElement":[{"@type":"ListItem","position":1,"name":"Portada","item":"https:\/\/buenosdiasbcs.com\/"},{"@type":"ListItem","position":2,"name":"Colecta para Cuba de AMLO es un \u2018llamado solidario\u2019: Sheinbaum"}]},{"@type":"WebSite","@id":"https:\/\/buenosdiasbcs.com\/#website","url":"https:\/\/buenosdiasbcs.com\/","name":"Buenos D\u00edas BCS","description":"","publisher":{"@id":"https:\/\/buenosdiasbcs.com\/#organization"},"potentialAction":[{"@type":"SearchAction","target":{"@type":"EntryPoint","urlTemplate":"https:\/\/buenosdiasbcs.com\/?s={search_term_string}"},"query-input":{"@type":"PropertyValueSpecification","valueRequired":true,"valueName":"search_term_string"}}],"inLanguage":"es"},{"@type":"Organization","@id":"https:\/\/buenosdiasbcs.com\/#organization","name":"Buenos D\u00edas BCS","url":"https:\/\/buenosdiasbcs.com\/","logo":{"@type":"ImageObject","inLanguage":"es","@id":"https:\/\/buenosdiasbcs.com\/#\/schema\/logo\/image\/","url":"https:\/\/buenosdiasbcs.com\/wp-content\/uploads\/2026\/01\/logo-buenos-dias-40-01.png","contentUrl":"https:\/\/buenosdiasbcs.com\/wp-content\/uploads\/2026\/01\/logo-buenos-dias-40-01.png","width":277,"height":40,"caption":"Buenos D\u00edas BCS"},"image":{"@id":"https:\/\/buenosdiasbcs.com\/#\/schema\/logo\/image\/"}},{"@type":"Person","@id":"https:\/\/buenosdiasbcs.com\/#\/schema\/person\/15aedc247eab7070ee5d76d6d069a821","name":"Edici\u00f3n Buenos D\u00edas","image":{"@type":"ImageObject","inLanguage":"es","@id":"https:\/\/buenosdiasbcs.com\/wp-content\/uploads\/2026\/01\/cropped-sol-96x96.png","url":"https:\/\/buenosdiasbcs.com\/wp-content\/uploads\/2026\/01\/cropped-sol-96x96.png","contentUrl":"https:\/\/buenosdiasbcs.com\/wp-content\/uploads\/2026\/01\/cropped-sol-96x96.png","caption":"Edici\u00f3n Buenos D\u00edas"},"url":"https:\/\/buenosdiasbcs.com\/?author=2"}]}},"amp_enabled":true,"_links":{"self":[{"href":"https:\/\/buenosdiasbcs.com\/index.php?rest_route=\/wp\/v2\/posts\/5388","targetHints":{"allow":["GET"]}}],"collection":[{"href":"https:\/\/buenosdiasbcs.com\/index.php?rest_route=\/wp\/v2\/posts"}],"about":[{"href":"https:\/\/buenosdiasbcs.com\/index.php?rest_route=\/wp\/v2\/types\/post"}],"author":[{"embeddable":true,"href":"https:\/\/buenosdiasbcs.com\/index.php?rest_route=\/wp\/v2\/users\/2"}],"replies":[{"embeddable":true,"href":"https:\/\/buenosdiasbcs.com\/index.php?rest_route=%2Fwp%2Fv2%2Fcomments&post=5388"}],"version-history":[{"count":1,"href":"https:\/\/buenosdiasbcs.com\/index.php?rest_route=\/wp\/v2\/posts\/5388\/revisions"}],"predecessor-version":[{"id":5390,"href":"https:\/\/buenosdiasbcs.com\/index.php?rest_route=\/wp\/v2\/posts\/5388\/revisions\/5390"}],"wp:featuredmedia":[{"embeddable":true,"href":"https:\/\/buenosdiasbcs.com\/index.php?rest_route=\/wp\/v2\/media\/5389"}],"wp:attachment":[{"href":"https:\/\/buenosdiasbcs.com\/index.php?rest_route=%2Fwp%2Fv2%2Fmedia&parent=5388"}],"wp:term":[{"taxonomy":"category","embeddable":true,"href":"https:\/\/buenosdiasbcs.com\/index.php?rest_route=%2Fwp%2Fv2%2Fcategories&post=5388"},{"taxonomy":"post_tag","embeddable":true,"href":"https:\/\/buenosdiasbcs.com\/index.php?rest_route=%2Fwp%2Fv2%2Ftags&post=5388"}],"curies":[{"name":"wp","href":"https:\/\/api.w.org\/{rel}","templated":true}]}}