{"id":5385,"date":"2026-03-17T00:58:00","date_gmt":"2026-03-17T07:58:00","guid":{"rendered":"https:\/\/buenosdiasbcs.com\/?p=5385"},"modified":"2026-03-17T00:00:17","modified_gmt":"2026-03-17T07:00:17","slug":"mexico-defendera-permanencia-del-t-mec-en-negociaciones-con-eu","status":"publish","type":"post","link":"https:\/\/buenosdiasbcs.com\/?p=5385","title":{"rendered":"M\u00e9xico defender\u00e1 permanencia del T-MEC en negociaciones con EU"},"content":{"rendered":"\n<h2 class=\"wp-block-heading\" id=\"h-en-la-primera-ronda-de-dialogo-comercial-con-estados-unidos-mexico-planteara-la-permanencia-del-t-mec-y-la-eliminacion-de-barreras-arancelarias-informo-ebrard\">En la primera ronda de di\u00e1logo comercial con Estados Unidos, M\u00e9xico plantear\u00e1 la permanencia del T-MEC y la eliminaci\u00f3n de barreras arancelarias, inform\u00f3 Ebrard.<\/h2>\n\n\n\n<p>El gobierno de M\u00e9xico propondr\u00e1&nbsp;<strong>mantener vigente el Tratado entre M\u00e9xico, Estados Unidos y Canad\u00e1 (T-MEC)<\/strong>&nbsp;y&nbsp;<strong>eliminar aranceles<\/strong>&nbsp;durante la primera ronda de conversaciones con Estados Unidos. La propuesta ser\u00e1 presentada en el inicio del proceso de revisi\u00f3n del acuerdo comercial entre ambos pa\u00edses.<\/p>\n\n\n\n<p>El&nbsp;<strong>secretario de Econom\u00eda, Marcelo Ebrard<\/strong>, inform\u00f3 que el plan de negociaci\u00f3n fue aprobado por la&nbsp;<strong>presidenta Claudia Sheinbaum<\/strong>, y contempla una reuni\u00f3n preparatoria virtual antes del comienzo formal del di\u00e1logo con funcionarios estadounidenses.&nbsp;<\/p>\n\n\n\n<h2 class=\"wp-block-heading\" id=\"h-sectores-economicos-piden-evitar-medidas-unilaterales\">Sectores econ\u00f3micos piden evitar medidas unilaterales<\/h2>\n\n\n\n<p>De acuerdo con Ebrard,&nbsp;<strong>30 sectores de la econom\u00eda mexicana participaron en mesas t\u00e9cnicas<\/strong>&nbsp;relacionadas con la revisi\u00f3n del tratado y coincidieron en la necesidad de&nbsp;<strong>evitar medidas unilaterales y aranceles fuera de lo previsto en el propio acuerdo<\/strong>.<\/p>\n\n\n\n<p>El funcionario explic\u00f3 que la intenci\u00f3n del gobierno es&nbsp;<strong>avanzar hacia una visi\u00f3n com\u00fan de Am\u00e9rica del Norte<\/strong>&nbsp;que permita competir frente a econom\u00edas de Asia, al tiempo que se preserva la estabilidad del comercio regional.&nbsp;<\/p>\n\n\n\n<h2 class=\"wp-block-heading\" id=\"h-estrategia-con-cabeza-fria-y-firmeza\">Estrategia con \u201ccabeza fr\u00eda y firmeza\u201d<\/h2>\n\n\n\n<p>En redes sociales, el secretario de Econom\u00eda se\u00f1al\u00f3 que M\u00e9xico acudir\u00e1 a las negociaciones con una estrategia basada en&nbsp;<strong>\u201ccabeza fr\u00eda y firmeza\u201d<\/strong>, con el objetivo de proteger los intereses comerciales del pa\u00eds y asegurar la continuidad del tratado.<\/p>\n\n\n\n<p>Las conversaciones con Estados Unidos se realizar\u00e1n esta semana y marcar\u00e1n&nbsp;<strong>la primera fase de di\u00e1logo previo a la revisi\u00f3n del T-MEC<\/strong>, acuerdo comercial que regula el intercambio entre M\u00e9xico, Estados Unidos y Canad\u00e1 desde 2020.&nbsp;<\/p>\n\n\n\n<h2 class=\"wp-block-heading\" id=\"h-el-t-mec-para-america-del-norte\">El T-MEC para Am\u00e9rica del Norte<\/h2>\n\n\n\n<p>El T-MEC es el tratado que sustituy\u00f3 al antiguo TLCAN y constituye&nbsp;<strong>uno de los principales mecanismos de integraci\u00f3n econ\u00f3mica en Am\u00e9rica del Norte<\/strong>, al facilitar el comercio y las cadenas de suministro entre los tres pa\u00edses.&nbsp;<\/p>\n\n\n\n<p>En este contexto, el gobierno mexicano busca&nbsp;<strong>preservar el car\u00e1cter trilateral del acuerdo y evitar nuevas barreras comerciales<\/strong>, en medio de tensiones econ\u00f3micas y disputas por aranceles en la regi\u00f3n.<\/p>\n\n\n\n<p><em>Con informaci\u00f3n de&nbsp;<strong>La Jornada.<\/strong><\/em><\/p>\n","protected":false},"excerpt":{"rendered":"<p>En la primera ronda de di\u00e1logo comercial con Estados Unidos, M\u00e9xico plantear\u00e1 la permanencia del T-MEC y la eliminaci\u00f3n de&#8230;<\/p>\n","protected":false},"author":2,"featured_media":5386,"comment_status":"open","ping_status":"open","sticky":false,"template":"","format":"standard","meta":{"footnotes":""},"categories":[32],"tags":[],"class_list":["post-5385","post","type-post","status-publish","format-standard","has-post-thumbnail","hentry","category-la-nacion"],"yoast_head":"<!-- This site is optimized with the Yoast SEO Premium plugin v26.8 (Yoast SEO v27.5) - https:\/\/yoast.com\/product\/yoast-seo-premium-wordpress\/ -->\n<title>M\u00e9xico defender\u00e1 permanencia del T-MEC en negociaciones con EU - Buenos D&iacute;as BCS<\/title>\n<meta name=\"robots\" content=\"index, follow, max-snippet:-1, max-image-preview:large, max-video-preview:-1\" \/>\n<link rel=\"canonical\" href=\"https:\/\/buenosdiasbcs.com\/?p=5385\" \/>\n<meta property=\"og:locale\" content=\"es_ES\" \/>\n<meta property=\"og:type\" content=\"article\" \/>\n<meta property=\"og:title\" content=\"M\u00e9xico defender\u00e1 permanencia del T-MEC en negociaciones con EU\" \/>\n<meta property=\"og:description\" content=\"En la primera ronda de di\u00e1logo comercial con Estados Unidos, M\u00e9xico plantear\u00e1 la permanencia del T-MEC y la eliminaci\u00f3n de...\" \/>\n<meta property=\"og:url\" content=\"https:\/\/buenosdiasbcs.com\/?p=5385\" \/>\n<meta property=\"og:site_name\" content=\"Buenos D&iacute;as BCS\" \/>\n<meta property=\"article:published_time\" content=\"2026-03-17T07:58:00+00:00\" \/>\n<meta property=\"og:image\" content=\"https:\/\/buenosdiasbcs.com\/wp-content\/uploads\/2026\/03\/IK2MY57D7ZBT5FOCDBQZH4Q33E.png.jpeg\" \/>\n\t<meta property=\"og:image:width\" content=\"1776\" \/>\n\t<meta property=\"og:image:height\" content=\"1000\" \/>\n\t<meta property=\"og:image:type\" content=\"image\/jpeg\" \/>\n<meta name=\"author\" content=\"Edici\u00f3n Buenos D\u00edas\" \/>\n<meta name=\"twitter:card\" content=\"summary_large_image\" \/>\n<meta name=\"twitter:label1\" content=\"Escrito por\" \/>\n\t<meta name=\"twitter:data1\" content=\"Edici\u00f3n Buenos D\u00edas\" \/>\n\t<meta name=\"twitter:label2\" content=\"Tiempo de lectura\" \/>\n\t<meta name=\"twitter:data2\" content=\"2 minutos\" \/>\n<script type=\"application\/ld+json\" class=\"yoast-schema-graph\">{\"@context\":\"https:\\\/\\\/schema.org\",\"@graph\":[{\"@type\":\"Article\",\"@id\":\"https:\\\/\\\/buenosdiasbcs.com\\\/?p=5385#article\",\"isPartOf\":{\"@id\":\"https:\\\/\\\/buenosdiasbcs.com\\\/?p=5385\"},\"author\":{\"name\":\"Edici\u00f3n Buenos D\u00edas\",\"@id\":\"https:\\\/\\\/buenosdiasbcs.com\\\/#\\\/schema\\\/person\\\/15aedc247eab7070ee5d76d6d069a821\"},\"headline\":\"M\u00e9xico defender\u00e1 permanencia del T-MEC en negociaciones con EU\",\"datePublished\":\"2026-03-17T07:58:00+00:00\",\"mainEntityOfPage\":{\"@id\":\"https:\\\/\\\/buenosdiasbcs.com\\\/?p=5385\"},\"wordCount\":411,\"commentCount\":0,\"publisher\":{\"@id\":\"https:\\\/\\\/buenosdiasbcs.com\\\/#organization\"},\"image\":{\"@id\":\"https:\\\/\\\/buenosdiasbcs.com\\\/?p=5385#primaryimage\"},\"thumbnailUrl\":\"https:\\\/\\\/buenosdiasbcs.com\\\/wp-content\\\/uploads\\\/2026\\\/03\\\/IK2MY57D7ZBT5FOCDBQZH4Q33E.png.jpeg\",\"articleSection\":[\"La Naci\u00f3n\"],\"inLanguage\":\"es\",\"potentialAction\":[{\"@type\":\"CommentAction\",\"name\":\"Comment\",\"target\":[\"https:\\\/\\\/buenosdiasbcs.com\\\/?p=5385#respond\"]}]},{\"@type\":\"WebPage\",\"@id\":\"https:\\\/\\\/buenosdiasbcs.com\\\/?p=5385\",\"url\":\"https:\\\/\\\/buenosdiasbcs.com\\\/?p=5385\",\"name\":\"M\u00e9xico defender\u00e1 permanencia del T-MEC en negociaciones con EU - Buenos D&iacute;as BCS\",\"isPartOf\":{\"@id\":\"https:\\\/\\\/buenosdiasbcs.com\\\/#website\"},\"primaryImageOfPage\":{\"@id\":\"https:\\\/\\\/buenosdiasbcs.com\\\/?p=5385#primaryimage\"},\"image\":{\"@id\":\"https:\\\/\\\/buenosdiasbcs.com\\\/?p=5385#primaryimage\"},\"thumbnailUrl\":\"https:\\\/\\\/buenosdiasbcs.com\\\/wp-content\\\/uploads\\\/2026\\\/03\\\/IK2MY57D7ZBT5FOCDBQZH4Q33E.png.jpeg\",\"datePublished\":\"2026-03-17T07:58:00+00:00\",\"breadcrumb\":{\"@id\":\"https:\\\/\\\/buenosdiasbcs.com\\\/?p=5385#breadcrumb\"},\"inLanguage\":\"es\",\"potentialAction\":[{\"@type\":\"ReadAction\",\"target\":[\"https:\\\/\\\/buenosdiasbcs.com\\\/?p=5385\"]}]},{\"@type\":\"ImageObject\",\"inLanguage\":\"es\",\"@id\":\"https:\\\/\\\/buenosdiasbcs.com\\\/?p=5385#primaryimage\",\"url\":\"https:\\\/\\\/buenosdiasbcs.com\\\/wp-content\\\/uploads\\\/2026\\\/03\\\/IK2MY57D7ZBT5FOCDBQZH4Q33E.png.jpeg\",\"contentUrl\":\"https:\\\/\\\/buenosdiasbcs.com\\\/wp-content\\\/uploads\\\/2026\\\/03\\\/IK2MY57D7ZBT5FOCDBQZH4Q33E.png.jpeg\",\"width\":1776,\"height\":1000},{\"@type\":\"BreadcrumbList\",\"@id\":\"https:\\\/\\\/buenosdiasbcs.com\\\/?p=5385#breadcrumb\",\"itemListElement\":[{\"@type\":\"ListItem\",\"position\":1,\"name\":\"Portada\",\"item\":\"https:\\\/\\\/buenosdiasbcs.com\\\/\"},{\"@type\":\"ListItem\",\"position\":2,\"name\":\"M\u00e9xico defender\u00e1 permanencia del T-MEC en negociaciones con EU\"}]},{\"@type\":\"WebSite\",\"@id\":\"https:\\\/\\\/buenosdiasbcs.com\\\/#website\",\"url\":\"https:\\\/\\\/buenosdiasbcs.com\\\/\",\"name\":\"Buenos D\u00edas BCS\",\"description\":\"\",\"publisher\":{\"@id\":\"https:\\\/\\\/buenosdiasbcs.com\\\/#organization\"},\"potentialAction\":[{\"@type\":\"SearchAction\",\"target\":{\"@type\":\"EntryPoint\",\"urlTemplate\":\"https:\\\/\\\/buenosdiasbcs.com\\\/?s={search_term_string}\"},\"query-input\":{\"@type\":\"PropertyValueSpecification\",\"valueRequired\":true,\"valueName\":\"search_term_string\"}}],\"inLanguage\":\"es\"},{\"@type\":\"Organization\",\"@id\":\"https:\\\/\\\/buenosdiasbcs.com\\\/#organization\",\"name\":\"Buenos D\u00edas BCS\",\"url\":\"https:\\\/\\\/buenosdiasbcs.com\\\/\",\"logo\":{\"@type\":\"ImageObject\",\"inLanguage\":\"es\",\"@id\":\"https:\\\/\\\/buenosdiasbcs.com\\\/#\\\/schema\\\/logo\\\/image\\\/\",\"url\":\"https:\\\/\\\/buenosdiasbcs.com\\\/wp-content\\\/uploads\\\/2026\\\/01\\\/logo-buenos-dias-40-01.png\",\"contentUrl\":\"https:\\\/\\\/buenosdiasbcs.com\\\/wp-content\\\/uploads\\\/2026\\\/01\\\/logo-buenos-dias-40-01.png\",\"width\":277,\"height\":40,\"caption\":\"Buenos D\u00edas BCS\"},\"image\":{\"@id\":\"https:\\\/\\\/buenosdiasbcs.com\\\/#\\\/schema\\\/logo\\\/image\\\/\"}},{\"@type\":\"Person\",\"@id\":\"https:\\\/\\\/buenosdiasbcs.com\\\/#\\\/schema\\\/person\\\/15aedc247eab7070ee5d76d6d069a821\",\"name\":\"Edici\u00f3n Buenos D\u00edas\",\"image\":{\"@type\":\"ImageObject\",\"inLanguage\":\"es\",\"@id\":\"https:\\\/\\\/buenosdiasbcs.com\\\/wp-content\\\/uploads\\\/2026\\\/01\\\/cropped-sol-96x96.png\",\"url\":\"https:\\\/\\\/buenosdiasbcs.com\\\/wp-content\\\/uploads\\\/2026\\\/01\\\/cropped-sol-96x96.png\",\"contentUrl\":\"https:\\\/\\\/buenosdiasbcs.com\\\/wp-content\\\/uploads\\\/2026\\\/01\\\/cropped-sol-96x96.png\",\"caption\":\"Edici\u00f3n Buenos D\u00edas\"},\"url\":\"https:\\\/\\\/buenosdiasbcs.com\\\/?author=2\"}]}<\/script>\n<!-- \/ Yoast SEO Premium plugin. -->","yoast_head_json":{"title":"M\u00e9xico defender\u00e1 permanencia del T-MEC en negociaciones con EU - Buenos D&iacute;as BCS","robots":{"index":"index","follow":"follow","max-snippet":"max-snippet:-1","max-image-preview":"max-image-preview:large","max-video-preview":"max-video-preview:-1"},"canonical":"https:\/\/buenosdiasbcs.com\/?p=5385","og_locale":"es_ES","og_type":"article","og_title":"M\u00e9xico defender\u00e1 permanencia del T-MEC en negociaciones con EU","og_description":"En la primera ronda de di\u00e1logo comercial con Estados Unidos, M\u00e9xico plantear\u00e1 la permanencia del T-MEC y la eliminaci\u00f3n de...","og_url":"https:\/\/buenosdiasbcs.com\/?p=5385","og_site_name":"Buenos D&iacute;as BCS","article_published_time":"2026-03-17T07:58:00+00:00","og_image":[{"width":1776,"height":1000,"url":"https:\/\/buenosdiasbcs.com\/wp-content\/uploads\/2026\/03\/IK2MY57D7ZBT5FOCDBQZH4Q33E.png.jpeg","type":"image\/jpeg"}],"author":"Edici\u00f3n Buenos D\u00edas","twitter_card":"summary_large_image","twitter_misc":{"Escrito por":"Edici\u00f3n Buenos D\u00edas","Tiempo de lectura":"2 minutos"},"schema":{"@context":"https:\/\/schema.org","@graph":[{"@type":"Article","@id":"https:\/\/buenosdiasbcs.com\/?p=5385#article","isPartOf":{"@id":"https:\/\/buenosdiasbcs.com\/?p=5385"},"author":{"name":"Edici\u00f3n Buenos D\u00edas","@id":"https:\/\/buenosdiasbcs.com\/#\/schema\/person\/15aedc247eab7070ee5d76d6d069a821"},"headline":"M\u00e9xico defender\u00e1 permanencia del T-MEC en negociaciones con EU","datePublished":"2026-03-17T07:58:00+00:00","mainEntityOfPage":{"@id":"https:\/\/buenosdiasbcs.com\/?p=5385"},"wordCount":411,"commentCount":0,"publisher":{"@id":"https:\/\/buenosdiasbcs.com\/#organization"},"image":{"@id":"https:\/\/buenosdiasbcs.com\/?p=5385#primaryimage"},"thumbnailUrl":"https:\/\/buenosdiasbcs.com\/wp-content\/uploads\/2026\/03\/IK2MY57D7ZBT5FOCDBQZH4Q33E.png.jpeg","articleSection":["La Naci\u00f3n"],"inLanguage":"es","potentialAction":[{"@type":"CommentAction","name":"Comment","target":["https:\/\/buenosdiasbcs.com\/?p=5385#respond"]}]},{"@type":"WebPage","@id":"https:\/\/buenosdiasbcs.com\/?p=5385","url":"https:\/\/buenosdiasbcs.com\/?p=5385","name":"M\u00e9xico defender\u00e1 permanencia del T-MEC en negociaciones con EU - Buenos D&iacute;as BCS","isPartOf":{"@id":"https:\/\/buenosdiasbcs.com\/#website"},"primaryImageOfPage":{"@id":"https:\/\/buenosdiasbcs.com\/?p=5385#primaryimage"},"image":{"@id":"https:\/\/buenosdiasbcs.com\/?p=5385#primaryimage"},"thumbnailUrl":"https:\/\/buenosdiasbcs.com\/wp-content\/uploads\/2026\/03\/IK2MY57D7ZBT5FOCDBQZH4Q33E.png.jpeg","datePublished":"2026-03-17T07:58:00+00:00","breadcrumb":{"@id":"https:\/\/buenosdiasbcs.com\/?p=5385#breadcrumb"},"inLanguage":"es","potentialAction":[{"@type":"ReadAction","target":["https:\/\/buenosdiasbcs.com\/?p=5385"]}]},{"@type":"ImageObject","inLanguage":"es","@id":"https:\/\/buenosdiasbcs.com\/?p=5385#primaryimage","url":"https:\/\/buenosdiasbcs.com\/wp-content\/uploads\/2026\/03\/IK2MY57D7ZBT5FOCDBQZH4Q33E.png.jpeg","contentUrl":"https:\/\/buenosdiasbcs.com\/wp-content\/uploads\/2026\/03\/IK2MY57D7ZBT5FOCDBQZH4Q33E.png.jpeg","width":1776,"height":1000},{"@type":"BreadcrumbList","@id":"https:\/\/buenosdiasbcs.com\/?p=5385#breadcrumb","itemListElement":[{"@type":"ListItem","position":1,"name":"Portada","item":"https:\/\/buenosdiasbcs.com\/"},{"@type":"ListItem","position":2,"name":"M\u00e9xico defender\u00e1 permanencia del T-MEC en negociaciones con EU"}]},{"@type":"WebSite","@id":"https:\/\/buenosdiasbcs.com\/#website","url":"https:\/\/buenosdiasbcs.com\/","name":"Buenos D\u00edas BCS","description":"","publisher":{"@id":"https:\/\/buenosdiasbcs.com\/#organization"},"potentialAction":[{"@type":"SearchAction","target":{"@type":"EntryPoint","urlTemplate":"https:\/\/buenosdiasbcs.com\/?s={search_term_string}"},"query-input":{"@type":"PropertyValueSpecification","valueRequired":true,"valueName":"search_term_string"}}],"inLanguage":"es"},{"@type":"Organization","@id":"https:\/\/buenosdiasbcs.com\/#organization","name":"Buenos D\u00edas BCS","url":"https:\/\/buenosdiasbcs.com\/","logo":{"@type":"ImageObject","inLanguage":"es","@id":"https:\/\/buenosdiasbcs.com\/#\/schema\/logo\/image\/","url":"https:\/\/buenosdiasbcs.com\/wp-content\/uploads\/2026\/01\/logo-buenos-dias-40-01.png","contentUrl":"https:\/\/buenosdiasbcs.com\/wp-content\/uploads\/2026\/01\/logo-buenos-dias-40-01.png","width":277,"height":40,"caption":"Buenos D\u00edas BCS"},"image":{"@id":"https:\/\/buenosdiasbcs.com\/#\/schema\/logo\/image\/"}},{"@type":"Person","@id":"https:\/\/buenosdiasbcs.com\/#\/schema\/person\/15aedc247eab7070ee5d76d6d069a821","name":"Edici\u00f3n Buenos D\u00edas","image":{"@type":"ImageObject","inLanguage":"es","@id":"https:\/\/buenosdiasbcs.com\/wp-content\/uploads\/2026\/01\/cropped-sol-96x96.png","url":"https:\/\/buenosdiasbcs.com\/wp-content\/uploads\/2026\/01\/cropped-sol-96x96.png","contentUrl":"https:\/\/buenosdiasbcs.com\/wp-content\/uploads\/2026\/01\/cropped-sol-96x96.png","caption":"Edici\u00f3n Buenos D\u00edas"},"url":"https:\/\/buenosdiasbcs.com\/?author=2"}]}},"amp_enabled":true,"_links":{"self":[{"href":"https:\/\/buenosdiasbcs.com\/index.php?rest_route=\/wp\/v2\/posts\/5385","targetHints":{"allow":["GET"]}}],"collection":[{"href":"https:\/\/buenosdiasbcs.com\/index.php?rest_route=\/wp\/v2\/posts"}],"about":[{"href":"https:\/\/buenosdiasbcs.com\/index.php?rest_route=\/wp\/v2\/types\/post"}],"author":[{"embeddable":true,"href":"https:\/\/buenosdiasbcs.com\/index.php?rest_route=\/wp\/v2\/users\/2"}],"replies":[{"embeddable":true,"href":"https:\/\/buenosdiasbcs.com\/index.php?rest_route=%2Fwp%2Fv2%2Fcomments&post=5385"}],"version-history":[{"count":1,"href":"https:\/\/buenosdiasbcs.com\/index.php?rest_route=\/wp\/v2\/posts\/5385\/revisions"}],"predecessor-version":[{"id":5387,"href":"https:\/\/buenosdiasbcs.com\/index.php?rest_route=\/wp\/v2\/posts\/5385\/revisions\/5387"}],"wp:featuredmedia":[{"embeddable":true,"href":"https:\/\/buenosdiasbcs.com\/index.php?rest_route=\/wp\/v2\/media\/5386"}],"wp:attachment":[{"href":"https:\/\/buenosdiasbcs.com\/index.php?rest_route=%2Fwp%2Fv2%2Fmedia&parent=5385"}],"wp:term":[{"taxonomy":"category","embeddable":true,"href":"https:\/\/buenosdiasbcs.com\/index.php?rest_route=%2Fwp%2Fv2%2Fcategories&post=5385"},{"taxonomy":"post_tag","embeddable":true,"href":"https:\/\/buenosdiasbcs.com\/index.php?rest_route=%2Fwp%2Fv2%2Ftags&post=5385"}],"curies":[{"name":"wp","href":"https:\/\/api.w.org\/{rel}","templated":true}]}}