{"id":5373,"date":"2026-03-17T00:45:00","date_gmt":"2026-03-17T07:45:00","guid":{"rendered":"https:\/\/buenosdiasbcs.com\/?p=5373"},"modified":"2026-03-16T23:47:11","modified_gmt":"2026-03-17T06:47:11","slug":"presidente-cubano-reconoce-respaldo-de-amlo-en-medio-de-crisis","status":"publish","type":"post","link":"https:\/\/buenosdiasbcs.com\/?p=5373","title":{"rendered":"Presidente cubano reconoce respaldo de AMLO en medio de crisis"},"content":{"rendered":"\n<h2 class=\"wp-block-heading\" id=\"h-el-mandatario-cubano-reconocio-el-respaldo-de-lopez-obrador-y-destaco-la-importancia-de-la-ayuda-humanitaria-enviada-desde-mexico-para-enfrentar-la-crisis\">El mandatario cubano reconoci\u00f3 el respaldo de L\u00f3pez Obrador y destac\u00f3 la importancia de la ayuda humanitaria enviada desde M\u00e9xico para enfrentar la crisis.<\/h2>\n\n\n\n<p>El presidente de Cuba,&nbsp;<strong>Miguel D\u00edaz-Canel<\/strong>, agradeci\u00f3 p\u00fablicamente al expresidente de M\u00e9xico,&nbsp;<strong>Andr\u00e9s Manuel L\u00f3pez Obrador<\/strong>, por su respaldo al pueblo cubano y por promover ayuda humanitaria para la isla.<\/p>\n\n\n\n<p>A trav\u00e9s de redes sociales, el mandatario cubano escribi\u00f3 un mensaje dirigido al exmandatario mexicano:&nbsp;<strong>\u201cGracias, querido hermano L\u00f3pez Obrador\u201d<\/strong>, al tiempo que destac\u00f3 la&nbsp;<strong>\u201cgenerosa solidaridad y el acompa\u00f1amiento de M\u00e9xico\u201d<\/strong>&nbsp;hacia la poblaci\u00f3n cubana.&nbsp;<\/p>\n\n\n\n<p>En el mismo mensaje, D\u00edaz-Canel subray\u00f3 que&nbsp;<strong>\u201cjam\u00e1s olvidaremos tu permanente y decisivo apoyo al fortalecimiento de esa entra\u00f1able amistad\u201d<\/strong>, en referencia a la relaci\u00f3n hist\u00f3rica entre ambos pa\u00edses.<\/p>\n\n\n\n<h2 class=\"wp-block-heading\" id=\"h-amlo-reaparece-y-pide-ayuda-para-cuba\">AMLO reaparece y pide ayuda para Cuba<\/h2>\n\n\n\n<p>El mensaje del presidente cubano surgi\u00f3 despu\u00e9s de que&nbsp;<strong>L\u00f3pez Obrador reapareciera en redes sociales<\/strong>&nbsp;para expresar su preocupaci\u00f3n por la situaci\u00f3n del pueblo cubano y llamar a la solidaridad.<\/p>\n\n\n\n<p>El exmandatario mexicano invit\u00f3 a realizar&nbsp;<strong>donaciones econ\u00f3micas a trav\u00e9s de una cuenta bancaria de una asociaci\u00f3n civil<\/strong>, con el objetivo de&nbsp;<strong>comprar alimentos, medicinas, petr\u00f3leo y gasolina<\/strong>&nbsp;para apoyar a la poblaci\u00f3n de la isla.&nbsp;<\/p>\n\n\n\n<p>En su publicaci\u00f3n, L\u00f3pez Obrador afirm\u00f3 que, aunque se encuentra retirado de la pol\u00edtica, le preocupa que se busque&nbsp;<strong>\u201cexterminar al hermano pueblo de Cuba por sus ideales de libertad y defensa de la soberan\u00eda\u201d<\/strong>.&nbsp;<\/p>\n\n\n\n<h2 class=\"wp-block-heading\" id=\"h-descontento-nbsp-y-protestas-en-la-isla\">Descontento &nbsp;y protestas en la isla<\/h2>\n\n\n\n<p>El llamado a apoyar a Cuba ocurre en un contexto de&nbsp;<strong>crisis energ\u00e9tica y econ\u00f3mica en la isla<\/strong>, marcada por&nbsp;<strong>apagones prolongados y escasez de alimentos<\/strong>, lo que ha provocado protestas en algunas zonas del pa\u00eds.&nbsp;<\/p>\n\n\n\n<p>En este escenario, el gobierno cubano ha reconocido el&nbsp;<strong>descontento de la poblaci\u00f3n por los cortes de electricidad<\/strong>, mientras atribuye parte de la situaci\u00f3n a las presiones econ\u00f3micas externas y al endurecimiento de sanciones.&nbsp;<\/p>\n\n\n\n<h2 class=\"wp-block-heading\" id=\"h-relacion-entre-mexico-y-cuba\">Relaci\u00f3n entre M\u00e9xico y Cuba<\/h2>\n\n\n\n<p>La relaci\u00f3n diplom\u00e1tica entre M\u00e9xico y Cuba ha estado marcada por&nbsp;<strong>cooperaci\u00f3n pol\u00edtica y apoyo humanitario<\/strong>, particularmente durante el gobierno de L\u00f3pez Obrador, cuando M\u00e9xico envi\u00f3&nbsp;<strong>combustible, alimentos y otros insumos<\/strong>&nbsp;a la isla.&nbsp;<\/p>\n\n\n\n<p>En meses recientes, el gobierno mexicano tambi\u00e9n ha enviado&nbsp;<strong>cargamentos de ayuda humanitaria<\/strong>&nbsp;que incluyen productos b\u00e1sicos y art\u00edculos de primera necesidad para la poblaci\u00f3n cubana.&nbsp;<\/p>\n\n\n\n<p><em>Con informaci\u00f3n de&nbsp;<strong>El Financiero.<\/strong><\/em><\/p>\n","protected":false},"excerpt":{"rendered":"<p>El mandatario cubano reconoci\u00f3 el respaldo de L\u00f3pez Obrador y destac\u00f3 la importancia de la ayuda humanitaria enviada desde M\u00e9xico&#8230;<\/p>\n","protected":false},"author":2,"featured_media":5374,"comment_status":"open","ping_status":"open","sticky":false,"template":"","format":"standard","meta":{"footnotes":""},"categories":[29],"tags":[],"class_list":["post-5373","post","type-post","status-publish","format-standard","has-post-thumbnail","hentry","category-internacional"],"yoast_head":"<!-- This site is optimized with the Yoast SEO Premium plugin v26.8 (Yoast SEO v27.5) - https:\/\/yoast.com\/product\/yoast-seo-premium-wordpress\/ -->\n<title>Presidente cubano reconoce respaldo de AMLO en medio de crisis - Buenos D&iacute;as BCS<\/title>\n<meta name=\"robots\" content=\"index, follow, max-snippet:-1, max-image-preview:large, max-video-preview:-1\" \/>\n<link rel=\"canonical\" href=\"https:\/\/buenosdiasbcs.com\/?p=5373\" \/>\n<meta property=\"og:locale\" content=\"es_ES\" \/>\n<meta property=\"og:type\" content=\"article\" \/>\n<meta property=\"og:title\" content=\"Presidente cubano reconoce respaldo de AMLO en medio de crisis\" \/>\n<meta property=\"og:description\" content=\"El mandatario cubano reconoci\u00f3 el respaldo de L\u00f3pez Obrador y destac\u00f3 la importancia de la ayuda humanitaria enviada desde M\u00e9xico...\" \/>\n<meta property=\"og:url\" content=\"https:\/\/buenosdiasbcs.com\/?p=5373\" \/>\n<meta property=\"og:site_name\" content=\"Buenos D&iacute;as BCS\" \/>\n<meta property=\"article:published_time\" content=\"2026-03-17T07:45:00+00:00\" \/>\n<meta property=\"og:image\" content=\"https:\/\/buenosdiasbcs.com\/wp-content\/uploads\/2026\/03\/images-2-2.jpeg\" \/>\n\t<meta property=\"og:image:width\" content=\"275\" \/>\n\t<meta property=\"og:image:height\" content=\"183\" \/>\n\t<meta property=\"og:image:type\" content=\"image\/jpeg\" \/>\n<meta name=\"author\" content=\"Edici\u00f3n Buenos D\u00edas\" \/>\n<meta name=\"twitter:card\" content=\"summary_large_image\" \/>\n<meta name=\"twitter:label1\" content=\"Escrito por\" \/>\n\t<meta name=\"twitter:data1\" content=\"Edici\u00f3n Buenos D\u00edas\" \/>\n\t<meta name=\"twitter:label2\" content=\"Tiempo de lectura\" \/>\n\t<meta name=\"twitter:data2\" content=\"2 minutos\" \/>\n<script type=\"application\/ld+json\" class=\"yoast-schema-graph\">{\"@context\":\"https:\\\/\\\/schema.org\",\"@graph\":[{\"@type\":\"Article\",\"@id\":\"https:\\\/\\\/buenosdiasbcs.com\\\/?p=5373#article\",\"isPartOf\":{\"@id\":\"https:\\\/\\\/buenosdiasbcs.com\\\/?p=5373\"},\"author\":{\"name\":\"Edici\u00f3n Buenos D\u00edas\",\"@id\":\"https:\\\/\\\/buenosdiasbcs.com\\\/#\\\/schema\\\/person\\\/15aedc247eab7070ee5d76d6d069a821\"},\"headline\":\"Presidente cubano reconoce respaldo de AMLO en medio de crisis\",\"datePublished\":\"2026-03-17T07:45:00+00:00\",\"mainEntityOfPage\":{\"@id\":\"https:\\\/\\\/buenosdiasbcs.com\\\/?p=5373\"},\"wordCount\":463,\"commentCount\":0,\"publisher\":{\"@id\":\"https:\\\/\\\/buenosdiasbcs.com\\\/#organization\"},\"image\":{\"@id\":\"https:\\\/\\\/buenosdiasbcs.com\\\/?p=5373#primaryimage\"},\"thumbnailUrl\":\"https:\\\/\\\/buenosdiasbcs.com\\\/wp-content\\\/uploads\\\/2026\\\/03\\\/images-2-2.jpeg\",\"articleSection\":[\"Internacional\"],\"inLanguage\":\"es\",\"potentialAction\":[{\"@type\":\"CommentAction\",\"name\":\"Comment\",\"target\":[\"https:\\\/\\\/buenosdiasbcs.com\\\/?p=5373#respond\"]}]},{\"@type\":\"WebPage\",\"@id\":\"https:\\\/\\\/buenosdiasbcs.com\\\/?p=5373\",\"url\":\"https:\\\/\\\/buenosdiasbcs.com\\\/?p=5373\",\"name\":\"Presidente cubano reconoce respaldo de AMLO en medio de crisis - Buenos D&iacute;as BCS\",\"isPartOf\":{\"@id\":\"https:\\\/\\\/buenosdiasbcs.com\\\/#website\"},\"primaryImageOfPage\":{\"@id\":\"https:\\\/\\\/buenosdiasbcs.com\\\/?p=5373#primaryimage\"},\"image\":{\"@id\":\"https:\\\/\\\/buenosdiasbcs.com\\\/?p=5373#primaryimage\"},\"thumbnailUrl\":\"https:\\\/\\\/buenosdiasbcs.com\\\/wp-content\\\/uploads\\\/2026\\\/03\\\/images-2-2.jpeg\",\"datePublished\":\"2026-03-17T07:45:00+00:00\",\"breadcrumb\":{\"@id\":\"https:\\\/\\\/buenosdiasbcs.com\\\/?p=5373#breadcrumb\"},\"inLanguage\":\"es\",\"potentialAction\":[{\"@type\":\"ReadAction\",\"target\":[\"https:\\\/\\\/buenosdiasbcs.com\\\/?p=5373\"]}]},{\"@type\":\"ImageObject\",\"inLanguage\":\"es\",\"@id\":\"https:\\\/\\\/buenosdiasbcs.com\\\/?p=5373#primaryimage\",\"url\":\"https:\\\/\\\/buenosdiasbcs.com\\\/wp-content\\\/uploads\\\/2026\\\/03\\\/images-2-2.jpeg\",\"contentUrl\":\"https:\\\/\\\/buenosdiasbcs.com\\\/wp-content\\\/uploads\\\/2026\\\/03\\\/images-2-2.jpeg\",\"width\":275,\"height\":183},{\"@type\":\"BreadcrumbList\",\"@id\":\"https:\\\/\\\/buenosdiasbcs.com\\\/?p=5373#breadcrumb\",\"itemListElement\":[{\"@type\":\"ListItem\",\"position\":1,\"name\":\"Portada\",\"item\":\"https:\\\/\\\/buenosdiasbcs.com\\\/\"},{\"@type\":\"ListItem\",\"position\":2,\"name\":\"Presidente cubano reconoce respaldo de AMLO en medio de crisis\"}]},{\"@type\":\"WebSite\",\"@id\":\"https:\\\/\\\/buenosdiasbcs.com\\\/#website\",\"url\":\"https:\\\/\\\/buenosdiasbcs.com\\\/\",\"name\":\"Buenos D\u00edas BCS\",\"description\":\"\",\"publisher\":{\"@id\":\"https:\\\/\\\/buenosdiasbcs.com\\\/#organization\"},\"potentialAction\":[{\"@type\":\"SearchAction\",\"target\":{\"@type\":\"EntryPoint\",\"urlTemplate\":\"https:\\\/\\\/buenosdiasbcs.com\\\/?s={search_term_string}\"},\"query-input\":{\"@type\":\"PropertyValueSpecification\",\"valueRequired\":true,\"valueName\":\"search_term_string\"}}],\"inLanguage\":\"es\"},{\"@type\":\"Organization\",\"@id\":\"https:\\\/\\\/buenosdiasbcs.com\\\/#organization\",\"name\":\"Buenos D\u00edas BCS\",\"url\":\"https:\\\/\\\/buenosdiasbcs.com\\\/\",\"logo\":{\"@type\":\"ImageObject\",\"inLanguage\":\"es\",\"@id\":\"https:\\\/\\\/buenosdiasbcs.com\\\/#\\\/schema\\\/logo\\\/image\\\/\",\"url\":\"https:\\\/\\\/buenosdiasbcs.com\\\/wp-content\\\/uploads\\\/2026\\\/01\\\/logo-buenos-dias-40-01.png\",\"contentUrl\":\"https:\\\/\\\/buenosdiasbcs.com\\\/wp-content\\\/uploads\\\/2026\\\/01\\\/logo-buenos-dias-40-01.png\",\"width\":277,\"height\":40,\"caption\":\"Buenos D\u00edas BCS\"},\"image\":{\"@id\":\"https:\\\/\\\/buenosdiasbcs.com\\\/#\\\/schema\\\/logo\\\/image\\\/\"}},{\"@type\":\"Person\",\"@id\":\"https:\\\/\\\/buenosdiasbcs.com\\\/#\\\/schema\\\/person\\\/15aedc247eab7070ee5d76d6d069a821\",\"name\":\"Edici\u00f3n Buenos D\u00edas\",\"image\":{\"@type\":\"ImageObject\",\"inLanguage\":\"es\",\"@id\":\"https:\\\/\\\/buenosdiasbcs.com\\\/wp-content\\\/uploads\\\/2026\\\/01\\\/cropped-sol-96x96.png\",\"url\":\"https:\\\/\\\/buenosdiasbcs.com\\\/wp-content\\\/uploads\\\/2026\\\/01\\\/cropped-sol-96x96.png\",\"contentUrl\":\"https:\\\/\\\/buenosdiasbcs.com\\\/wp-content\\\/uploads\\\/2026\\\/01\\\/cropped-sol-96x96.png\",\"caption\":\"Edici\u00f3n Buenos D\u00edas\"},\"url\":\"https:\\\/\\\/buenosdiasbcs.com\\\/?author=2\"}]}<\/script>\n<!-- \/ Yoast SEO Premium plugin. -->","yoast_head_json":{"title":"Presidente cubano reconoce respaldo de AMLO en medio de crisis - Buenos D&iacute;as BCS","robots":{"index":"index","follow":"follow","max-snippet":"max-snippet:-1","max-image-preview":"max-image-preview:large","max-video-preview":"max-video-preview:-1"},"canonical":"https:\/\/buenosdiasbcs.com\/?p=5373","og_locale":"es_ES","og_type":"article","og_title":"Presidente cubano reconoce respaldo de AMLO en medio de crisis","og_description":"El mandatario cubano reconoci\u00f3 el respaldo de L\u00f3pez Obrador y destac\u00f3 la importancia de la ayuda humanitaria enviada desde M\u00e9xico...","og_url":"https:\/\/buenosdiasbcs.com\/?p=5373","og_site_name":"Buenos D&iacute;as BCS","article_published_time":"2026-03-17T07:45:00+00:00","og_image":[{"width":275,"height":183,"url":"https:\/\/buenosdiasbcs.com\/wp-content\/uploads\/2026\/03\/images-2-2.jpeg","type":"image\/jpeg"}],"author":"Edici\u00f3n Buenos D\u00edas","twitter_card":"summary_large_image","twitter_misc":{"Escrito por":"Edici\u00f3n Buenos D\u00edas","Tiempo de lectura":"2 minutos"},"schema":{"@context":"https:\/\/schema.org","@graph":[{"@type":"Article","@id":"https:\/\/buenosdiasbcs.com\/?p=5373#article","isPartOf":{"@id":"https:\/\/buenosdiasbcs.com\/?p=5373"},"author":{"name":"Edici\u00f3n Buenos D\u00edas","@id":"https:\/\/buenosdiasbcs.com\/#\/schema\/person\/15aedc247eab7070ee5d76d6d069a821"},"headline":"Presidente cubano reconoce respaldo de AMLO en medio de crisis","datePublished":"2026-03-17T07:45:00+00:00","mainEntityOfPage":{"@id":"https:\/\/buenosdiasbcs.com\/?p=5373"},"wordCount":463,"commentCount":0,"publisher":{"@id":"https:\/\/buenosdiasbcs.com\/#organization"},"image":{"@id":"https:\/\/buenosdiasbcs.com\/?p=5373#primaryimage"},"thumbnailUrl":"https:\/\/buenosdiasbcs.com\/wp-content\/uploads\/2026\/03\/images-2-2.jpeg","articleSection":["Internacional"],"inLanguage":"es","potentialAction":[{"@type":"CommentAction","name":"Comment","target":["https:\/\/buenosdiasbcs.com\/?p=5373#respond"]}]},{"@type":"WebPage","@id":"https:\/\/buenosdiasbcs.com\/?p=5373","url":"https:\/\/buenosdiasbcs.com\/?p=5373","name":"Presidente cubano reconoce respaldo de AMLO en medio de crisis - Buenos D&iacute;as BCS","isPartOf":{"@id":"https:\/\/buenosdiasbcs.com\/#website"},"primaryImageOfPage":{"@id":"https:\/\/buenosdiasbcs.com\/?p=5373#primaryimage"},"image":{"@id":"https:\/\/buenosdiasbcs.com\/?p=5373#primaryimage"},"thumbnailUrl":"https:\/\/buenosdiasbcs.com\/wp-content\/uploads\/2026\/03\/images-2-2.jpeg","datePublished":"2026-03-17T07:45:00+00:00","breadcrumb":{"@id":"https:\/\/buenosdiasbcs.com\/?p=5373#breadcrumb"},"inLanguage":"es","potentialAction":[{"@type":"ReadAction","target":["https:\/\/buenosdiasbcs.com\/?p=5373"]}]},{"@type":"ImageObject","inLanguage":"es","@id":"https:\/\/buenosdiasbcs.com\/?p=5373#primaryimage","url":"https:\/\/buenosdiasbcs.com\/wp-content\/uploads\/2026\/03\/images-2-2.jpeg","contentUrl":"https:\/\/buenosdiasbcs.com\/wp-content\/uploads\/2026\/03\/images-2-2.jpeg","width":275,"height":183},{"@type":"BreadcrumbList","@id":"https:\/\/buenosdiasbcs.com\/?p=5373#breadcrumb","itemListElement":[{"@type":"ListItem","position":1,"name":"Portada","item":"https:\/\/buenosdiasbcs.com\/"},{"@type":"ListItem","position":2,"name":"Presidente cubano reconoce respaldo de AMLO en medio de crisis"}]},{"@type":"WebSite","@id":"https:\/\/buenosdiasbcs.com\/#website","url":"https:\/\/buenosdiasbcs.com\/","name":"Buenos D\u00edas BCS","description":"","publisher":{"@id":"https:\/\/buenosdiasbcs.com\/#organization"},"potentialAction":[{"@type":"SearchAction","target":{"@type":"EntryPoint","urlTemplate":"https:\/\/buenosdiasbcs.com\/?s={search_term_string}"},"query-input":{"@type":"PropertyValueSpecification","valueRequired":true,"valueName":"search_term_string"}}],"inLanguage":"es"},{"@type":"Organization","@id":"https:\/\/buenosdiasbcs.com\/#organization","name":"Buenos D\u00edas BCS","url":"https:\/\/buenosdiasbcs.com\/","logo":{"@type":"ImageObject","inLanguage":"es","@id":"https:\/\/buenosdiasbcs.com\/#\/schema\/logo\/image\/","url":"https:\/\/buenosdiasbcs.com\/wp-content\/uploads\/2026\/01\/logo-buenos-dias-40-01.png","contentUrl":"https:\/\/buenosdiasbcs.com\/wp-content\/uploads\/2026\/01\/logo-buenos-dias-40-01.png","width":277,"height":40,"caption":"Buenos D\u00edas BCS"},"image":{"@id":"https:\/\/buenosdiasbcs.com\/#\/schema\/logo\/image\/"}},{"@type":"Person","@id":"https:\/\/buenosdiasbcs.com\/#\/schema\/person\/15aedc247eab7070ee5d76d6d069a821","name":"Edici\u00f3n Buenos D\u00edas","image":{"@type":"ImageObject","inLanguage":"es","@id":"https:\/\/buenosdiasbcs.com\/wp-content\/uploads\/2026\/01\/cropped-sol-96x96.png","url":"https:\/\/buenosdiasbcs.com\/wp-content\/uploads\/2026\/01\/cropped-sol-96x96.png","contentUrl":"https:\/\/buenosdiasbcs.com\/wp-content\/uploads\/2026\/01\/cropped-sol-96x96.png","caption":"Edici\u00f3n Buenos D\u00edas"},"url":"https:\/\/buenosdiasbcs.com\/?author=2"}]}},"amp_enabled":true,"_links":{"self":[{"href":"https:\/\/buenosdiasbcs.com\/index.php?rest_route=\/wp\/v2\/posts\/5373","targetHints":{"allow":["GET"]}}],"collection":[{"href":"https:\/\/buenosdiasbcs.com\/index.php?rest_route=\/wp\/v2\/posts"}],"about":[{"href":"https:\/\/buenosdiasbcs.com\/index.php?rest_route=\/wp\/v2\/types\/post"}],"author":[{"embeddable":true,"href":"https:\/\/buenosdiasbcs.com\/index.php?rest_route=\/wp\/v2\/users\/2"}],"replies":[{"embeddable":true,"href":"https:\/\/buenosdiasbcs.com\/index.php?rest_route=%2Fwp%2Fv2%2Fcomments&post=5373"}],"version-history":[{"count":1,"href":"https:\/\/buenosdiasbcs.com\/index.php?rest_route=\/wp\/v2\/posts\/5373\/revisions"}],"predecessor-version":[{"id":5375,"href":"https:\/\/buenosdiasbcs.com\/index.php?rest_route=\/wp\/v2\/posts\/5373\/revisions\/5375"}],"wp:featuredmedia":[{"embeddable":true,"href":"https:\/\/buenosdiasbcs.com\/index.php?rest_route=\/wp\/v2\/media\/5374"}],"wp:attachment":[{"href":"https:\/\/buenosdiasbcs.com\/index.php?rest_route=%2Fwp%2Fv2%2Fmedia&parent=5373"}],"wp:term":[{"taxonomy":"category","embeddable":true,"href":"https:\/\/buenosdiasbcs.com\/index.php?rest_route=%2Fwp%2Fv2%2Fcategories&post=5373"},{"taxonomy":"post_tag","embeddable":true,"href":"https:\/\/buenosdiasbcs.com\/index.php?rest_route=%2Fwp%2Fv2%2Ftags&post=5373"}],"curies":[{"name":"wp","href":"https:\/\/api.w.org\/{rel}","templated":true}]}}