{"id":5370,"date":"2026-03-17T00:42:00","date_gmt":"2026-03-17T07:42:00","guid":{"rendered":"https:\/\/buenosdiasbcs.com\/?p=5370"},"modified":"2026-03-16T23:44:09","modified_gmt":"2026-03-17T06:44:09","slug":"iran-lider-supremo-herido-seria-enviado-a-moscu-mientras-kremlin-calla","status":"publish","type":"post","link":"https:\/\/buenosdiasbcs.com\/?p=5370","title":{"rendered":"Ir\u00e1n: l\u00edder supremo herido ser\u00eda enviado a Mosc\u00fa, mientras Kremlin calla"},"content":{"rendered":"\n<h2 class=\"wp-block-heading\" id=\"h-fuentes-no-oficiales-indican-que-el-sucesor-del-ayatola-fue-evacuado-a-rusia-mientras-el-kremlin-mantiene-silencio-sobre-el-supuesto-traslado-medico\">Fuentes no oficiales indican que el sucesor del ayatol\u00e1 fue evacuado a Rusia, mientras el Kremlin mantiene silencio sobre el supuesto traslado m\u00e9dico.<\/h2>\n\n\n\n<p>El&nbsp;<strong>l\u00edder supremo de Ir\u00e1n, Mojtaba Jamenei<\/strong>, habr\u00eda sido trasladado a&nbsp;<strong>Mosc\u00fa, Rusia<\/strong>, para recibir atenci\u00f3n m\u00e9dica luego de resultar herido durante los primeros bombardeos del conflicto entre Ir\u00e1n, Estados Unidos e Israel. Seg\u00fan reportes citados por medios internacionales, el traslado se habr\u00eda realizado en un&nbsp;<strong>avi\u00f3n militar ruso<\/strong>&nbsp;hacia una instalaci\u00f3n m\u00e9dica en territorio ruso.&nbsp;<\/p>\n\n\n\n<p>De acuerdo con informaci\u00f3n publicada por el diario kuwait\u00ed&nbsp;<strong>Al-Jarida<\/strong>, el l\u00edder iran\u00ed sufri\u00f3&nbsp;<strong>lesiones en la pierna durante los ataques del 28 de febrero<\/strong>, cuando comenzaron las operaciones militares contra Ir\u00e1n. Posteriormente habr\u00eda sido sometido a&nbsp;<strong>una cirug\u00eda que se report\u00f3 como exitosa<\/strong>.&nbsp;<\/p>\n\n\n\n<h2 class=\"wp-block-heading\" id=\"h-iran-confirma-que-resulto-herido\">Ir\u00e1n confirma que result\u00f3 herido<\/h2>\n\n\n\n<p>Las autoridades iran\u00edes han reconocido que&nbsp;<strong>Jamenei result\u00f3 herido durante los ataques<\/strong>, aunque han evitado revelar su ubicaci\u00f3n actual o detalles sobre su estado de salud. El gobierno se\u00f1al\u00f3 \u00fanicamente que el dirigente&nbsp;<strong>se encuentra \u201cbien\u201d<\/strong>, sin ofrecer m\u00e1s informaci\u00f3n.&nbsp;<\/p>\n\n\n\n<p>El nuevo l\u00edder no ha aparecido p\u00fablicamente desde el inicio de la guerra, lo que ha alimentado&nbsp;<strong>especulaciones sobre su condici\u00f3n y paradero<\/strong>. Algunos reportes indican que su traslado a Rusia habr\u00eda ocurrido d\u00edas despu\u00e9s de los ataques iniciales.&nbsp;<\/p>\n\n\n\n<h2 class=\"wp-block-heading\" id=\"h-el-kremlin-evita-confirmar-el-viaje\">El Kremlin evita confirmar el viaje<\/h2>\n\n\n\n<p>Ante las versiones sobre la presencia del l\u00edder iran\u00ed en Mosc\u00fa, el&nbsp;<strong>Kremlin se neg\u00f3 a confirmar o desmentir la informaci\u00f3n<\/strong>. El portavoz presidencial ruso,&nbsp;<strong>Dmitri Peskov<\/strong>, afirm\u00f3 que el gobierno ruso&nbsp;<strong>\u201cno comenta ese tipo de informes\u201d<\/strong>&nbsp;cuando fue consultado por periodistas.&nbsp;<\/p>\n\n\n\n<p>El supuesto viaje ocurre en medio de la&nbsp;<strong>guerra iniciada el 28 de febrero de 2026<\/strong>, cuando Estados Unidos e Israel lanzaron una operaci\u00f3n militar contra Ir\u00e1n, provocando una escalada regional de ataques con misiles y drones.&nbsp;<\/p>\n\n\n\n<h2 class=\"wp-block-heading\" id=\"h-medio-oriente-en-el-conflicto\">Medio Oriente en el conflicto<\/h2>\n\n\n\n<p>El actual l\u00edder iran\u00ed asumi\u00f3 el poder tras la&nbsp;<strong>muerte de su padre, el ayatol\u00e1 Al\u00ed Jamenei<\/strong>, quien falleci\u00f3 durante los bombardeos iniciales del conflicto. El ataque fue atribuido a fuerzas estadounidenses e israel\u00edes y marc\u00f3 una fuerte escalada en la tensi\u00f3n regional.&nbsp;<\/p>\n\n\n\n<p>Desde entonces, la situaci\u00f3n en Medio Oriente ha generado una cadena de&nbsp;<strong>ataques, represalias y alertas internacionales<\/strong>, mientras varios pa\u00edses observan con preocupaci\u00f3n la evoluci\u00f3n del conflicto.&nbsp;<\/p>\n\n\n\n<p><em>Con informaci\u00f3n de&nbsp;<strong>Yahoo Noticias<\/strong>.<\/em><\/p>\n","protected":false},"excerpt":{"rendered":"<p>Fuentes no oficiales indican que el sucesor del ayatol\u00e1 fue evacuado a Rusia, mientras el Kremlin mantiene silencio sobre el&#8230;<\/p>\n","protected":false},"author":2,"featured_media":5371,"comment_status":"open","ping_status":"open","sticky":false,"template":"","format":"standard","meta":{"footnotes":""},"categories":[29],"tags":[],"class_list":["post-5370","post","type-post","status-publish","format-standard","has-post-thumbnail","hentry","category-internacional"],"yoast_head":"<!-- This site is optimized with the Yoast SEO Premium plugin v26.8 (Yoast SEO v27.5) - https:\/\/yoast.com\/product\/yoast-seo-premium-wordpress\/ -->\n<title>Ir\u00e1n: l\u00edder supremo herido ser\u00eda enviado a Mosc\u00fa, mientras Kremlin calla - Buenos D&iacute;as BCS<\/title>\n<meta name=\"robots\" content=\"index, follow, max-snippet:-1, max-image-preview:large, max-video-preview:-1\" \/>\n<link rel=\"canonical\" href=\"https:\/\/buenosdiasbcs.com\/?p=5370\" \/>\n<meta property=\"og:locale\" content=\"es_ES\" \/>\n<meta property=\"og:type\" content=\"article\" \/>\n<meta property=\"og:title\" content=\"Ir\u00e1n: l\u00edder supremo herido ser\u00eda enviado a Mosc\u00fa, mientras Kremlin calla\" \/>\n<meta property=\"og:description\" content=\"Fuentes no oficiales indican que el sucesor del ayatol\u00e1 fue evacuado a Rusia, mientras el Kremlin mantiene silencio sobre el...\" \/>\n<meta property=\"og:url\" content=\"https:\/\/buenosdiasbcs.com\/?p=5370\" \/>\n<meta property=\"og:site_name\" content=\"Buenos D&iacute;as BCS\" \/>\n<meta property=\"article:published_time\" content=\"2026-03-17T07:42:00+00:00\" \/>\n<meta property=\"og:image\" content=\"https:\/\/buenosdiasbcs.com\/wp-content\/uploads\/2026\/03\/img_5296.jpg\" \/>\n\t<meta property=\"og:image:width\" content=\"1014\" \/>\n\t<meta property=\"og:image:height\" content=\"570\" \/>\n\t<meta property=\"og:image:type\" content=\"image\/jpeg\" \/>\n<meta name=\"author\" content=\"Edici\u00f3n Buenos D\u00edas\" \/>\n<meta name=\"twitter:card\" content=\"summary_large_image\" \/>\n<meta name=\"twitter:label1\" content=\"Escrito por\" \/>\n\t<meta name=\"twitter:data1\" content=\"Edici\u00f3n Buenos D\u00edas\" \/>\n\t<meta name=\"twitter:label2\" content=\"Tiempo de lectura\" \/>\n\t<meta name=\"twitter:data2\" content=\"2 minutos\" \/>\n<script type=\"application\/ld+json\" class=\"yoast-schema-graph\">{\"@context\":\"https:\\\/\\\/schema.org\",\"@graph\":[{\"@type\":\"Article\",\"@id\":\"https:\\\/\\\/buenosdiasbcs.com\\\/?p=5370#article\",\"isPartOf\":{\"@id\":\"https:\\\/\\\/buenosdiasbcs.com\\\/?p=5370\"},\"author\":{\"name\":\"Edici\u00f3n Buenos D\u00edas\",\"@id\":\"https:\\\/\\\/buenosdiasbcs.com\\\/#\\\/schema\\\/person\\\/15aedc247eab7070ee5d76d6d069a821\"},\"headline\":\"Ir\u00e1n: l\u00edder supremo herido ser\u00eda enviado a Mosc\u00fa, mientras Kremlin calla\",\"datePublished\":\"2026-03-17T07:42:00+00:00\",\"mainEntityOfPage\":{\"@id\":\"https:\\\/\\\/buenosdiasbcs.com\\\/?p=5370\"},\"wordCount\":451,\"commentCount\":0,\"publisher\":{\"@id\":\"https:\\\/\\\/buenosdiasbcs.com\\\/#organization\"},\"image\":{\"@id\":\"https:\\\/\\\/buenosdiasbcs.com\\\/?p=5370#primaryimage\"},\"thumbnailUrl\":\"https:\\\/\\\/buenosdiasbcs.com\\\/wp-content\\\/uploads\\\/2026\\\/03\\\/img_5296.jpg\",\"articleSection\":[\"Internacional\"],\"inLanguage\":\"es\",\"potentialAction\":[{\"@type\":\"CommentAction\",\"name\":\"Comment\",\"target\":[\"https:\\\/\\\/buenosdiasbcs.com\\\/?p=5370#respond\"]}]},{\"@type\":\"WebPage\",\"@id\":\"https:\\\/\\\/buenosdiasbcs.com\\\/?p=5370\",\"url\":\"https:\\\/\\\/buenosdiasbcs.com\\\/?p=5370\",\"name\":\"Ir\u00e1n: l\u00edder supremo herido ser\u00eda enviado a Mosc\u00fa, mientras Kremlin calla - Buenos D&iacute;as BCS\",\"isPartOf\":{\"@id\":\"https:\\\/\\\/buenosdiasbcs.com\\\/#website\"},\"primaryImageOfPage\":{\"@id\":\"https:\\\/\\\/buenosdiasbcs.com\\\/?p=5370#primaryimage\"},\"image\":{\"@id\":\"https:\\\/\\\/buenosdiasbcs.com\\\/?p=5370#primaryimage\"},\"thumbnailUrl\":\"https:\\\/\\\/buenosdiasbcs.com\\\/wp-content\\\/uploads\\\/2026\\\/03\\\/img_5296.jpg\",\"datePublished\":\"2026-03-17T07:42:00+00:00\",\"breadcrumb\":{\"@id\":\"https:\\\/\\\/buenosdiasbcs.com\\\/?p=5370#breadcrumb\"},\"inLanguage\":\"es\",\"potentialAction\":[{\"@type\":\"ReadAction\",\"target\":[\"https:\\\/\\\/buenosdiasbcs.com\\\/?p=5370\"]}]},{\"@type\":\"ImageObject\",\"inLanguage\":\"es\",\"@id\":\"https:\\\/\\\/buenosdiasbcs.com\\\/?p=5370#primaryimage\",\"url\":\"https:\\\/\\\/buenosdiasbcs.com\\\/wp-content\\\/uploads\\\/2026\\\/03\\\/img_5296.jpg\",\"contentUrl\":\"https:\\\/\\\/buenosdiasbcs.com\\\/wp-content\\\/uploads\\\/2026\\\/03\\\/img_5296.jpg\",\"width\":1014,\"height\":570,\"caption\":\"Screenshot\"},{\"@type\":\"BreadcrumbList\",\"@id\":\"https:\\\/\\\/buenosdiasbcs.com\\\/?p=5370#breadcrumb\",\"itemListElement\":[{\"@type\":\"ListItem\",\"position\":1,\"name\":\"Portada\",\"item\":\"https:\\\/\\\/buenosdiasbcs.com\\\/\"},{\"@type\":\"ListItem\",\"position\":2,\"name\":\"Ir\u00e1n: l\u00edder supremo herido ser\u00eda enviado a Mosc\u00fa, mientras Kremlin calla\"}]},{\"@type\":\"WebSite\",\"@id\":\"https:\\\/\\\/buenosdiasbcs.com\\\/#website\",\"url\":\"https:\\\/\\\/buenosdiasbcs.com\\\/\",\"name\":\"Buenos D\u00edas BCS\",\"description\":\"\",\"publisher\":{\"@id\":\"https:\\\/\\\/buenosdiasbcs.com\\\/#organization\"},\"potentialAction\":[{\"@type\":\"SearchAction\",\"target\":{\"@type\":\"EntryPoint\",\"urlTemplate\":\"https:\\\/\\\/buenosdiasbcs.com\\\/?s={search_term_string}\"},\"query-input\":{\"@type\":\"PropertyValueSpecification\",\"valueRequired\":true,\"valueName\":\"search_term_string\"}}],\"inLanguage\":\"es\"},{\"@type\":\"Organization\",\"@id\":\"https:\\\/\\\/buenosdiasbcs.com\\\/#organization\",\"name\":\"Buenos D\u00edas BCS\",\"url\":\"https:\\\/\\\/buenosdiasbcs.com\\\/\",\"logo\":{\"@type\":\"ImageObject\",\"inLanguage\":\"es\",\"@id\":\"https:\\\/\\\/buenosdiasbcs.com\\\/#\\\/schema\\\/logo\\\/image\\\/\",\"url\":\"https:\\\/\\\/buenosdiasbcs.com\\\/wp-content\\\/uploads\\\/2026\\\/01\\\/logo-buenos-dias-40-01.png\",\"contentUrl\":\"https:\\\/\\\/buenosdiasbcs.com\\\/wp-content\\\/uploads\\\/2026\\\/01\\\/logo-buenos-dias-40-01.png\",\"width\":277,\"height\":40,\"caption\":\"Buenos D\u00edas BCS\"},\"image\":{\"@id\":\"https:\\\/\\\/buenosdiasbcs.com\\\/#\\\/schema\\\/logo\\\/image\\\/\"}},{\"@type\":\"Person\",\"@id\":\"https:\\\/\\\/buenosdiasbcs.com\\\/#\\\/schema\\\/person\\\/15aedc247eab7070ee5d76d6d069a821\",\"name\":\"Edici\u00f3n Buenos D\u00edas\",\"image\":{\"@type\":\"ImageObject\",\"inLanguage\":\"es\",\"@id\":\"https:\\\/\\\/buenosdiasbcs.com\\\/wp-content\\\/uploads\\\/2026\\\/01\\\/cropped-sol-96x96.png\",\"url\":\"https:\\\/\\\/buenosdiasbcs.com\\\/wp-content\\\/uploads\\\/2026\\\/01\\\/cropped-sol-96x96.png\",\"contentUrl\":\"https:\\\/\\\/buenosdiasbcs.com\\\/wp-content\\\/uploads\\\/2026\\\/01\\\/cropped-sol-96x96.png\",\"caption\":\"Edici\u00f3n Buenos D\u00edas\"},\"url\":\"https:\\\/\\\/buenosdiasbcs.com\\\/?author=2\"}]}<\/script>\n<!-- \/ Yoast SEO Premium plugin. -->","yoast_head_json":{"title":"Ir\u00e1n: l\u00edder supremo herido ser\u00eda enviado a Mosc\u00fa, mientras Kremlin calla - Buenos D&iacute;as BCS","robots":{"index":"index","follow":"follow","max-snippet":"max-snippet:-1","max-image-preview":"max-image-preview:large","max-video-preview":"max-video-preview:-1"},"canonical":"https:\/\/buenosdiasbcs.com\/?p=5370","og_locale":"es_ES","og_type":"article","og_title":"Ir\u00e1n: l\u00edder supremo herido ser\u00eda enviado a Mosc\u00fa, mientras Kremlin calla","og_description":"Fuentes no oficiales indican que el sucesor del ayatol\u00e1 fue evacuado a Rusia, mientras el Kremlin mantiene silencio sobre el...","og_url":"https:\/\/buenosdiasbcs.com\/?p=5370","og_site_name":"Buenos D&iacute;as BCS","article_published_time":"2026-03-17T07:42:00+00:00","og_image":[{"width":1014,"height":570,"url":"https:\/\/buenosdiasbcs.com\/wp-content\/uploads\/2026\/03\/img_5296.jpg","type":"image\/jpeg"}],"author":"Edici\u00f3n Buenos D\u00edas","twitter_card":"summary_large_image","twitter_misc":{"Escrito por":"Edici\u00f3n Buenos D\u00edas","Tiempo de lectura":"2 minutos"},"schema":{"@context":"https:\/\/schema.org","@graph":[{"@type":"Article","@id":"https:\/\/buenosdiasbcs.com\/?p=5370#article","isPartOf":{"@id":"https:\/\/buenosdiasbcs.com\/?p=5370"},"author":{"name":"Edici\u00f3n Buenos D\u00edas","@id":"https:\/\/buenosdiasbcs.com\/#\/schema\/person\/15aedc247eab7070ee5d76d6d069a821"},"headline":"Ir\u00e1n: l\u00edder supremo herido ser\u00eda enviado a Mosc\u00fa, mientras Kremlin calla","datePublished":"2026-03-17T07:42:00+00:00","mainEntityOfPage":{"@id":"https:\/\/buenosdiasbcs.com\/?p=5370"},"wordCount":451,"commentCount":0,"publisher":{"@id":"https:\/\/buenosdiasbcs.com\/#organization"},"image":{"@id":"https:\/\/buenosdiasbcs.com\/?p=5370#primaryimage"},"thumbnailUrl":"https:\/\/buenosdiasbcs.com\/wp-content\/uploads\/2026\/03\/img_5296.jpg","articleSection":["Internacional"],"inLanguage":"es","potentialAction":[{"@type":"CommentAction","name":"Comment","target":["https:\/\/buenosdiasbcs.com\/?p=5370#respond"]}]},{"@type":"WebPage","@id":"https:\/\/buenosdiasbcs.com\/?p=5370","url":"https:\/\/buenosdiasbcs.com\/?p=5370","name":"Ir\u00e1n: l\u00edder supremo herido ser\u00eda enviado a Mosc\u00fa, mientras Kremlin calla - Buenos D&iacute;as BCS","isPartOf":{"@id":"https:\/\/buenosdiasbcs.com\/#website"},"primaryImageOfPage":{"@id":"https:\/\/buenosdiasbcs.com\/?p=5370#primaryimage"},"image":{"@id":"https:\/\/buenosdiasbcs.com\/?p=5370#primaryimage"},"thumbnailUrl":"https:\/\/buenosdiasbcs.com\/wp-content\/uploads\/2026\/03\/img_5296.jpg","datePublished":"2026-03-17T07:42:00+00:00","breadcrumb":{"@id":"https:\/\/buenosdiasbcs.com\/?p=5370#breadcrumb"},"inLanguage":"es","potentialAction":[{"@type":"ReadAction","target":["https:\/\/buenosdiasbcs.com\/?p=5370"]}]},{"@type":"ImageObject","inLanguage":"es","@id":"https:\/\/buenosdiasbcs.com\/?p=5370#primaryimage","url":"https:\/\/buenosdiasbcs.com\/wp-content\/uploads\/2026\/03\/img_5296.jpg","contentUrl":"https:\/\/buenosdiasbcs.com\/wp-content\/uploads\/2026\/03\/img_5296.jpg","width":1014,"height":570,"caption":"Screenshot"},{"@type":"BreadcrumbList","@id":"https:\/\/buenosdiasbcs.com\/?p=5370#breadcrumb","itemListElement":[{"@type":"ListItem","position":1,"name":"Portada","item":"https:\/\/buenosdiasbcs.com\/"},{"@type":"ListItem","position":2,"name":"Ir\u00e1n: l\u00edder supremo herido ser\u00eda enviado a Mosc\u00fa, mientras Kremlin calla"}]},{"@type":"WebSite","@id":"https:\/\/buenosdiasbcs.com\/#website","url":"https:\/\/buenosdiasbcs.com\/","name":"Buenos D\u00edas BCS","description":"","publisher":{"@id":"https:\/\/buenosdiasbcs.com\/#organization"},"potentialAction":[{"@type":"SearchAction","target":{"@type":"EntryPoint","urlTemplate":"https:\/\/buenosdiasbcs.com\/?s={search_term_string}"},"query-input":{"@type":"PropertyValueSpecification","valueRequired":true,"valueName":"search_term_string"}}],"inLanguage":"es"},{"@type":"Organization","@id":"https:\/\/buenosdiasbcs.com\/#organization","name":"Buenos D\u00edas BCS","url":"https:\/\/buenosdiasbcs.com\/","logo":{"@type":"ImageObject","inLanguage":"es","@id":"https:\/\/buenosdiasbcs.com\/#\/schema\/logo\/image\/","url":"https:\/\/buenosdiasbcs.com\/wp-content\/uploads\/2026\/01\/logo-buenos-dias-40-01.png","contentUrl":"https:\/\/buenosdiasbcs.com\/wp-content\/uploads\/2026\/01\/logo-buenos-dias-40-01.png","width":277,"height":40,"caption":"Buenos D\u00edas BCS"},"image":{"@id":"https:\/\/buenosdiasbcs.com\/#\/schema\/logo\/image\/"}},{"@type":"Person","@id":"https:\/\/buenosdiasbcs.com\/#\/schema\/person\/15aedc247eab7070ee5d76d6d069a821","name":"Edici\u00f3n Buenos D\u00edas","image":{"@type":"ImageObject","inLanguage":"es","@id":"https:\/\/buenosdiasbcs.com\/wp-content\/uploads\/2026\/01\/cropped-sol-96x96.png","url":"https:\/\/buenosdiasbcs.com\/wp-content\/uploads\/2026\/01\/cropped-sol-96x96.png","contentUrl":"https:\/\/buenosdiasbcs.com\/wp-content\/uploads\/2026\/01\/cropped-sol-96x96.png","caption":"Edici\u00f3n Buenos D\u00edas"},"url":"https:\/\/buenosdiasbcs.com\/?author=2"}]}},"amp_enabled":true,"_links":{"self":[{"href":"https:\/\/buenosdiasbcs.com\/index.php?rest_route=\/wp\/v2\/posts\/5370","targetHints":{"allow":["GET"]}}],"collection":[{"href":"https:\/\/buenosdiasbcs.com\/index.php?rest_route=\/wp\/v2\/posts"}],"about":[{"href":"https:\/\/buenosdiasbcs.com\/index.php?rest_route=\/wp\/v2\/types\/post"}],"author":[{"embeddable":true,"href":"https:\/\/buenosdiasbcs.com\/index.php?rest_route=\/wp\/v2\/users\/2"}],"replies":[{"embeddable":true,"href":"https:\/\/buenosdiasbcs.com\/index.php?rest_route=%2Fwp%2Fv2%2Fcomments&post=5370"}],"version-history":[{"count":1,"href":"https:\/\/buenosdiasbcs.com\/index.php?rest_route=\/wp\/v2\/posts\/5370\/revisions"}],"predecessor-version":[{"id":5372,"href":"https:\/\/buenosdiasbcs.com\/index.php?rest_route=\/wp\/v2\/posts\/5370\/revisions\/5372"}],"wp:featuredmedia":[{"embeddable":true,"href":"https:\/\/buenosdiasbcs.com\/index.php?rest_route=\/wp\/v2\/media\/5371"}],"wp:attachment":[{"href":"https:\/\/buenosdiasbcs.com\/index.php?rest_route=%2Fwp%2Fv2%2Fmedia&parent=5370"}],"wp:term":[{"taxonomy":"category","embeddable":true,"href":"https:\/\/buenosdiasbcs.com\/index.php?rest_route=%2Fwp%2Fv2%2Fcategories&post=5370"},{"taxonomy":"post_tag","embeddable":true,"href":"https:\/\/buenosdiasbcs.com\/index.php?rest_route=%2Fwp%2Fv2%2Ftags&post=5370"}],"curies":[{"name":"wp","href":"https:\/\/api.w.org\/{rel}","templated":true}]}}