{"id":5367,"date":"2026-03-17T00:39:00","date_gmt":"2026-03-17T07:39:00","guid":{"rendered":"https:\/\/buenosdiasbcs.com\/?p=5367"},"modified":"2026-03-16T23:41:38","modified_gmt":"2026-03-17T06:41:38","slug":"nyt-destapa-la-condicion-de-eu-para-hablar-con-cuba-fuera-diaz-canel","status":"publish","type":"post","link":"https:\/\/buenosdiasbcs.com\/?p=5367","title":{"rendered":"NYT destapa la condici\u00f3n de EU para hablar con Cuba: fuera D\u00edaz-Canel"},"content":{"rendered":"\n<h2 class=\"wp-block-heading\" id=\"h-un-reporte-del-new-york-times-revelo-que-washington-exige-la-remocion-de-diaz-canel-para-continuar-el-dialogo-mientras-la-habana-califica-la-postura-como-inaceptable\">Un reporte del New York Times revel\u00f3 que Washington exige la remoci\u00f3n de D\u00edaz-Canel para continuar el di\u00e1logo, mientras La Habana califica la postura como inaceptable.<\/h2>\n\n\n\n<p>El gobierno del presidente estadounidense&nbsp;<strong>Donald Trump<\/strong>&nbsp;habr\u00eda solicitado la&nbsp;<strong>salida de Miguel D\u00edaz-Canel del gobierno cubano<\/strong>&nbsp;como parte de las condiciones para avanzar en las negociaciones entre Washington y La Habana, de acuerdo con un reporte del&nbsp;<strong>The New York Times<\/strong>&nbsp;citado por medios internacionales.&nbsp;<\/p>\n\n\n\n<p>Seg\u00fan funcionarios citados por el diario, la propuesta de apartar al mandatario&nbsp;<strong>no tendr\u00eda como objetivo modificar la estructura del sistema pol\u00edtico cubano<\/strong>, sino facilitar avances en el di\u00e1logo entre ambos pa\u00edses en medio de la crisis que atraviesa la isla.&nbsp;<\/p>\n\n\n\n<h2 class=\"wp-block-heading\" id=\"h-dialogo-en-medio-de-la-crisis-cubana\">Di\u00e1logo en medio de la crisis cubana<\/h2>\n\n\n\n<p>Las conversaciones entre Estados Unidos y Cuba se desarrollan en un contexto de&nbsp;<strong>grave crisis energ\u00e9tica y econ\u00f3mica en la isla<\/strong>, marcada por apagones, escasez de combustible y protestas en algunas regiones.&nbsp;<\/p>\n\n\n\n<p>El propio&nbsp;<strong>Miguel D\u00edaz-Canel<\/strong>&nbsp;confirm\u00f3 previamente que funcionarios cubanos han mantenido contactos con representantes del gobierno estadounidense con el objetivo de&nbsp;<strong>buscar soluciones a las tensiones bilaterales mediante el di\u00e1logo<\/strong>, aunque se\u00f1al\u00f3 que a\u00fan no existen acuerdos concretos.&nbsp;<\/p>\n\n\n\n<h2 class=\"wp-block-heading\" id=\"h-cuba-rechaza-interferencias-politicas\">Cuba rechaza interferencias pol\u00edticas<\/h2>\n\n\n\n<p>De acuerdo con los reportes,&nbsp;<strong>La Habana ha rechazado cualquier intento de interferencia externa en su sistema pol\u00edtico<\/strong>, al insistir en que las negociaciones deben realizarse con respeto a la&nbsp;<strong>soberan\u00eda y la autodeterminaci\u00f3n del pa\u00eds<\/strong>.&nbsp;<\/p>\n\n\n\n<p>Mientras contin\u00faan los contactos diplom\u00e1ticos, el gobierno estadounidense mantiene una&nbsp;<strong>postura de presi\u00f3n sobre la isla<\/strong>, incluyendo sanciones y medidas econ\u00f3micas que han agravado la situaci\u00f3n energ\u00e9tica del pa\u00eds.&nbsp;<\/p>\n\n\n\n<h2 class=\"wp-block-heading\" id=\"h-tensiones-recientes-entre-ambos-gobiernos\">Tensiones recientes entre ambos gobiernos<\/h2>\n\n\n\n<p>Las negociaciones ocurren en medio de una escalada de declaraciones y medidas entre ambos pa\u00edses. En d\u00edas recientes, Trump afirm\u00f3 que Estados Unidos podr\u00eda&nbsp;<strong>\u201chacer lo que quiera con Cuba\u201d<\/strong>&nbsp;y sugiri\u00f3 la posibilidad de cambios pol\u00edticos en la isla.&nbsp;<\/p>\n\n\n\n<p>Analistas consideran que el di\u00e1logo forma parte de un momento delicado en la relaci\u00f3n bilateral, en el que Washington busca&nbsp;<strong>presionar por reformas pol\u00edticas<\/strong>, mientras Cuba intenta aliviar la crisis econ\u00f3mica que enfrenta el pa\u00eds.&nbsp;<\/p>\n\n\n\n<p><em>Con informaci\u00f3n de&nbsp;<strong>Latinus.<\/strong><\/em><\/p>\n","protected":false},"excerpt":{"rendered":"<p>Un reporte del New York Times revel\u00f3 que Washington exige la remoci\u00f3n de D\u00edaz-Canel para continuar el di\u00e1logo, mientras La&#8230;<\/p>\n","protected":false},"author":2,"featured_media":5368,"comment_status":"open","ping_status":"open","sticky":false,"template":"","format":"standard","meta":{"footnotes":""},"categories":[29],"tags":[],"class_list":["post-5367","post","type-post","status-publish","format-standard","has-post-thumbnail","hentry","category-internacional"],"yoast_head":"<!-- This site is optimized with the Yoast SEO Premium plugin v26.8 (Yoast SEO v27.5) - https:\/\/yoast.com\/product\/yoast-seo-premium-wordpress\/ -->\n<title>NYT destapa la condici\u00f3n de EU para hablar con Cuba: fuera D\u00edaz-Canel - Buenos D&iacute;as BCS<\/title>\n<meta name=\"robots\" content=\"index, follow, max-snippet:-1, max-image-preview:large, max-video-preview:-1\" \/>\n<link rel=\"canonical\" href=\"https:\/\/buenosdiasbcs.com\/?p=5367\" \/>\n<meta property=\"og:locale\" content=\"es_ES\" \/>\n<meta property=\"og:type\" content=\"article\" \/>\n<meta property=\"og:title\" content=\"NYT destapa la condici\u00f3n de EU para hablar con Cuba: fuera D\u00edaz-Canel\" \/>\n<meta property=\"og:description\" content=\"Un reporte del New York Times revel\u00f3 que Washington exige la remoci\u00f3n de D\u00edaz-Canel para continuar el di\u00e1logo, mientras La...\" \/>\n<meta property=\"og:url\" content=\"https:\/\/buenosdiasbcs.com\/?p=5367\" \/>\n<meta property=\"og:site_name\" content=\"Buenos D&iacute;as BCS\" \/>\n<meta property=\"article:published_time\" content=\"2026-03-17T07:39:00+00:00\" \/>\n<meta property=\"og:image\" content=\"https:\/\/buenosdiasbcs.com\/wp-content\/uploads\/2026\/03\/images-7.jpeg\" \/>\n\t<meta property=\"og:image:width\" content=\"273\" \/>\n\t<meta property=\"og:image:height\" content=\"184\" \/>\n\t<meta property=\"og:image:type\" content=\"image\/jpeg\" \/>\n<meta name=\"author\" content=\"Edici\u00f3n Buenos D\u00edas\" \/>\n<meta name=\"twitter:card\" content=\"summary_large_image\" \/>\n<meta name=\"twitter:label1\" content=\"Escrito por\" \/>\n\t<meta name=\"twitter:data1\" content=\"Edici\u00f3n Buenos D\u00edas\" \/>\n\t<meta name=\"twitter:label2\" content=\"Tiempo de lectura\" \/>\n\t<meta name=\"twitter:data2\" content=\"2 minutos\" \/>\n<script type=\"application\/ld+json\" class=\"yoast-schema-graph\">{\"@context\":\"https:\\\/\\\/schema.org\",\"@graph\":[{\"@type\":\"Article\",\"@id\":\"https:\\\/\\\/buenosdiasbcs.com\\\/?p=5367#article\",\"isPartOf\":{\"@id\":\"https:\\\/\\\/buenosdiasbcs.com\\\/?p=5367\"},\"author\":{\"name\":\"Edici\u00f3n Buenos D\u00edas\",\"@id\":\"https:\\\/\\\/buenosdiasbcs.com\\\/#\\\/schema\\\/person\\\/15aedc247eab7070ee5d76d6d069a821\"},\"headline\":\"NYT destapa la condici\u00f3n de EU para hablar con Cuba: fuera D\u00edaz-Canel\",\"datePublished\":\"2026-03-17T07:39:00+00:00\",\"mainEntityOfPage\":{\"@id\":\"https:\\\/\\\/buenosdiasbcs.com\\\/?p=5367\"},\"wordCount\":422,\"commentCount\":0,\"publisher\":{\"@id\":\"https:\\\/\\\/buenosdiasbcs.com\\\/#organization\"},\"image\":{\"@id\":\"https:\\\/\\\/buenosdiasbcs.com\\\/?p=5367#primaryimage\"},\"thumbnailUrl\":\"https:\\\/\\\/buenosdiasbcs.com\\\/wp-content\\\/uploads\\\/2026\\\/03\\\/images-7.jpeg\",\"articleSection\":[\"Internacional\"],\"inLanguage\":\"es\",\"potentialAction\":[{\"@type\":\"CommentAction\",\"name\":\"Comment\",\"target\":[\"https:\\\/\\\/buenosdiasbcs.com\\\/?p=5367#respond\"]}]},{\"@type\":\"WebPage\",\"@id\":\"https:\\\/\\\/buenosdiasbcs.com\\\/?p=5367\",\"url\":\"https:\\\/\\\/buenosdiasbcs.com\\\/?p=5367\",\"name\":\"NYT destapa la condici\u00f3n de EU para hablar con Cuba: fuera D\u00edaz-Canel - Buenos D&iacute;as BCS\",\"isPartOf\":{\"@id\":\"https:\\\/\\\/buenosdiasbcs.com\\\/#website\"},\"primaryImageOfPage\":{\"@id\":\"https:\\\/\\\/buenosdiasbcs.com\\\/?p=5367#primaryimage\"},\"image\":{\"@id\":\"https:\\\/\\\/buenosdiasbcs.com\\\/?p=5367#primaryimage\"},\"thumbnailUrl\":\"https:\\\/\\\/buenosdiasbcs.com\\\/wp-content\\\/uploads\\\/2026\\\/03\\\/images-7.jpeg\",\"datePublished\":\"2026-03-17T07:39:00+00:00\",\"breadcrumb\":{\"@id\":\"https:\\\/\\\/buenosdiasbcs.com\\\/?p=5367#breadcrumb\"},\"inLanguage\":\"es\",\"potentialAction\":[{\"@type\":\"ReadAction\",\"target\":[\"https:\\\/\\\/buenosdiasbcs.com\\\/?p=5367\"]}]},{\"@type\":\"ImageObject\",\"inLanguage\":\"es\",\"@id\":\"https:\\\/\\\/buenosdiasbcs.com\\\/?p=5367#primaryimage\",\"url\":\"https:\\\/\\\/buenosdiasbcs.com\\\/wp-content\\\/uploads\\\/2026\\\/03\\\/images-7.jpeg\",\"contentUrl\":\"https:\\\/\\\/buenosdiasbcs.com\\\/wp-content\\\/uploads\\\/2026\\\/03\\\/images-7.jpeg\",\"width\":273,\"height\":184},{\"@type\":\"BreadcrumbList\",\"@id\":\"https:\\\/\\\/buenosdiasbcs.com\\\/?p=5367#breadcrumb\",\"itemListElement\":[{\"@type\":\"ListItem\",\"position\":1,\"name\":\"Portada\",\"item\":\"https:\\\/\\\/buenosdiasbcs.com\\\/\"},{\"@type\":\"ListItem\",\"position\":2,\"name\":\"NYT destapa la condici\u00f3n de EU para hablar con Cuba: fuera D\u00edaz-Canel\"}]},{\"@type\":\"WebSite\",\"@id\":\"https:\\\/\\\/buenosdiasbcs.com\\\/#website\",\"url\":\"https:\\\/\\\/buenosdiasbcs.com\\\/\",\"name\":\"Buenos D\u00edas BCS\",\"description\":\"\",\"publisher\":{\"@id\":\"https:\\\/\\\/buenosdiasbcs.com\\\/#organization\"},\"potentialAction\":[{\"@type\":\"SearchAction\",\"target\":{\"@type\":\"EntryPoint\",\"urlTemplate\":\"https:\\\/\\\/buenosdiasbcs.com\\\/?s={search_term_string}\"},\"query-input\":{\"@type\":\"PropertyValueSpecification\",\"valueRequired\":true,\"valueName\":\"search_term_string\"}}],\"inLanguage\":\"es\"},{\"@type\":\"Organization\",\"@id\":\"https:\\\/\\\/buenosdiasbcs.com\\\/#organization\",\"name\":\"Buenos D\u00edas BCS\",\"url\":\"https:\\\/\\\/buenosdiasbcs.com\\\/\",\"logo\":{\"@type\":\"ImageObject\",\"inLanguage\":\"es\",\"@id\":\"https:\\\/\\\/buenosdiasbcs.com\\\/#\\\/schema\\\/logo\\\/image\\\/\",\"url\":\"https:\\\/\\\/buenosdiasbcs.com\\\/wp-content\\\/uploads\\\/2026\\\/01\\\/logo-buenos-dias-40-01.png\",\"contentUrl\":\"https:\\\/\\\/buenosdiasbcs.com\\\/wp-content\\\/uploads\\\/2026\\\/01\\\/logo-buenos-dias-40-01.png\",\"width\":277,\"height\":40,\"caption\":\"Buenos D\u00edas BCS\"},\"image\":{\"@id\":\"https:\\\/\\\/buenosdiasbcs.com\\\/#\\\/schema\\\/logo\\\/image\\\/\"}},{\"@type\":\"Person\",\"@id\":\"https:\\\/\\\/buenosdiasbcs.com\\\/#\\\/schema\\\/person\\\/15aedc247eab7070ee5d76d6d069a821\",\"name\":\"Edici\u00f3n Buenos D\u00edas\",\"image\":{\"@type\":\"ImageObject\",\"inLanguage\":\"es\",\"@id\":\"https:\\\/\\\/buenosdiasbcs.com\\\/wp-content\\\/uploads\\\/2026\\\/01\\\/cropped-sol-96x96.png\",\"url\":\"https:\\\/\\\/buenosdiasbcs.com\\\/wp-content\\\/uploads\\\/2026\\\/01\\\/cropped-sol-96x96.png\",\"contentUrl\":\"https:\\\/\\\/buenosdiasbcs.com\\\/wp-content\\\/uploads\\\/2026\\\/01\\\/cropped-sol-96x96.png\",\"caption\":\"Edici\u00f3n Buenos D\u00edas\"},\"url\":\"https:\\\/\\\/buenosdiasbcs.com\\\/?author=2\"}]}<\/script>\n<!-- \/ Yoast SEO Premium plugin. -->","yoast_head_json":{"title":"NYT destapa la condici\u00f3n de EU para hablar con Cuba: fuera D\u00edaz-Canel - Buenos D&iacute;as BCS","robots":{"index":"index","follow":"follow","max-snippet":"max-snippet:-1","max-image-preview":"max-image-preview:large","max-video-preview":"max-video-preview:-1"},"canonical":"https:\/\/buenosdiasbcs.com\/?p=5367","og_locale":"es_ES","og_type":"article","og_title":"NYT destapa la condici\u00f3n de EU para hablar con Cuba: fuera D\u00edaz-Canel","og_description":"Un reporte del New York Times revel\u00f3 que Washington exige la remoci\u00f3n de D\u00edaz-Canel para continuar el di\u00e1logo, mientras La...","og_url":"https:\/\/buenosdiasbcs.com\/?p=5367","og_site_name":"Buenos D&iacute;as BCS","article_published_time":"2026-03-17T07:39:00+00:00","og_image":[{"width":273,"height":184,"url":"https:\/\/buenosdiasbcs.com\/wp-content\/uploads\/2026\/03\/images-7.jpeg","type":"image\/jpeg"}],"author":"Edici\u00f3n Buenos D\u00edas","twitter_card":"summary_large_image","twitter_misc":{"Escrito por":"Edici\u00f3n Buenos D\u00edas","Tiempo de lectura":"2 minutos"},"schema":{"@context":"https:\/\/schema.org","@graph":[{"@type":"Article","@id":"https:\/\/buenosdiasbcs.com\/?p=5367#article","isPartOf":{"@id":"https:\/\/buenosdiasbcs.com\/?p=5367"},"author":{"name":"Edici\u00f3n Buenos D\u00edas","@id":"https:\/\/buenosdiasbcs.com\/#\/schema\/person\/15aedc247eab7070ee5d76d6d069a821"},"headline":"NYT destapa la condici\u00f3n de EU para hablar con Cuba: fuera D\u00edaz-Canel","datePublished":"2026-03-17T07:39:00+00:00","mainEntityOfPage":{"@id":"https:\/\/buenosdiasbcs.com\/?p=5367"},"wordCount":422,"commentCount":0,"publisher":{"@id":"https:\/\/buenosdiasbcs.com\/#organization"},"image":{"@id":"https:\/\/buenosdiasbcs.com\/?p=5367#primaryimage"},"thumbnailUrl":"https:\/\/buenosdiasbcs.com\/wp-content\/uploads\/2026\/03\/images-7.jpeg","articleSection":["Internacional"],"inLanguage":"es","potentialAction":[{"@type":"CommentAction","name":"Comment","target":["https:\/\/buenosdiasbcs.com\/?p=5367#respond"]}]},{"@type":"WebPage","@id":"https:\/\/buenosdiasbcs.com\/?p=5367","url":"https:\/\/buenosdiasbcs.com\/?p=5367","name":"NYT destapa la condici\u00f3n de EU para hablar con Cuba: fuera D\u00edaz-Canel - Buenos D&iacute;as BCS","isPartOf":{"@id":"https:\/\/buenosdiasbcs.com\/#website"},"primaryImageOfPage":{"@id":"https:\/\/buenosdiasbcs.com\/?p=5367#primaryimage"},"image":{"@id":"https:\/\/buenosdiasbcs.com\/?p=5367#primaryimage"},"thumbnailUrl":"https:\/\/buenosdiasbcs.com\/wp-content\/uploads\/2026\/03\/images-7.jpeg","datePublished":"2026-03-17T07:39:00+00:00","breadcrumb":{"@id":"https:\/\/buenosdiasbcs.com\/?p=5367#breadcrumb"},"inLanguage":"es","potentialAction":[{"@type":"ReadAction","target":["https:\/\/buenosdiasbcs.com\/?p=5367"]}]},{"@type":"ImageObject","inLanguage":"es","@id":"https:\/\/buenosdiasbcs.com\/?p=5367#primaryimage","url":"https:\/\/buenosdiasbcs.com\/wp-content\/uploads\/2026\/03\/images-7.jpeg","contentUrl":"https:\/\/buenosdiasbcs.com\/wp-content\/uploads\/2026\/03\/images-7.jpeg","width":273,"height":184},{"@type":"BreadcrumbList","@id":"https:\/\/buenosdiasbcs.com\/?p=5367#breadcrumb","itemListElement":[{"@type":"ListItem","position":1,"name":"Portada","item":"https:\/\/buenosdiasbcs.com\/"},{"@type":"ListItem","position":2,"name":"NYT destapa la condici\u00f3n de EU para hablar con Cuba: fuera D\u00edaz-Canel"}]},{"@type":"WebSite","@id":"https:\/\/buenosdiasbcs.com\/#website","url":"https:\/\/buenosdiasbcs.com\/","name":"Buenos D\u00edas BCS","description":"","publisher":{"@id":"https:\/\/buenosdiasbcs.com\/#organization"},"potentialAction":[{"@type":"SearchAction","target":{"@type":"EntryPoint","urlTemplate":"https:\/\/buenosdiasbcs.com\/?s={search_term_string}"},"query-input":{"@type":"PropertyValueSpecification","valueRequired":true,"valueName":"search_term_string"}}],"inLanguage":"es"},{"@type":"Organization","@id":"https:\/\/buenosdiasbcs.com\/#organization","name":"Buenos D\u00edas BCS","url":"https:\/\/buenosdiasbcs.com\/","logo":{"@type":"ImageObject","inLanguage":"es","@id":"https:\/\/buenosdiasbcs.com\/#\/schema\/logo\/image\/","url":"https:\/\/buenosdiasbcs.com\/wp-content\/uploads\/2026\/01\/logo-buenos-dias-40-01.png","contentUrl":"https:\/\/buenosdiasbcs.com\/wp-content\/uploads\/2026\/01\/logo-buenos-dias-40-01.png","width":277,"height":40,"caption":"Buenos D\u00edas BCS"},"image":{"@id":"https:\/\/buenosdiasbcs.com\/#\/schema\/logo\/image\/"}},{"@type":"Person","@id":"https:\/\/buenosdiasbcs.com\/#\/schema\/person\/15aedc247eab7070ee5d76d6d069a821","name":"Edici\u00f3n Buenos D\u00edas","image":{"@type":"ImageObject","inLanguage":"es","@id":"https:\/\/buenosdiasbcs.com\/wp-content\/uploads\/2026\/01\/cropped-sol-96x96.png","url":"https:\/\/buenosdiasbcs.com\/wp-content\/uploads\/2026\/01\/cropped-sol-96x96.png","contentUrl":"https:\/\/buenosdiasbcs.com\/wp-content\/uploads\/2026\/01\/cropped-sol-96x96.png","caption":"Edici\u00f3n Buenos D\u00edas"},"url":"https:\/\/buenosdiasbcs.com\/?author=2"}]}},"amp_enabled":true,"_links":{"self":[{"href":"https:\/\/buenosdiasbcs.com\/index.php?rest_route=\/wp\/v2\/posts\/5367","targetHints":{"allow":["GET"]}}],"collection":[{"href":"https:\/\/buenosdiasbcs.com\/index.php?rest_route=\/wp\/v2\/posts"}],"about":[{"href":"https:\/\/buenosdiasbcs.com\/index.php?rest_route=\/wp\/v2\/types\/post"}],"author":[{"embeddable":true,"href":"https:\/\/buenosdiasbcs.com\/index.php?rest_route=\/wp\/v2\/users\/2"}],"replies":[{"embeddable":true,"href":"https:\/\/buenosdiasbcs.com\/index.php?rest_route=%2Fwp%2Fv2%2Fcomments&post=5367"}],"version-history":[{"count":1,"href":"https:\/\/buenosdiasbcs.com\/index.php?rest_route=\/wp\/v2\/posts\/5367\/revisions"}],"predecessor-version":[{"id":5369,"href":"https:\/\/buenosdiasbcs.com\/index.php?rest_route=\/wp\/v2\/posts\/5367\/revisions\/5369"}],"wp:featuredmedia":[{"embeddable":true,"href":"https:\/\/buenosdiasbcs.com\/index.php?rest_route=\/wp\/v2\/media\/5368"}],"wp:attachment":[{"href":"https:\/\/buenosdiasbcs.com\/index.php?rest_route=%2Fwp%2Fv2%2Fmedia&parent=5367"}],"wp:term":[{"taxonomy":"category","embeddable":true,"href":"https:\/\/buenosdiasbcs.com\/index.php?rest_route=%2Fwp%2Fv2%2Fcategories&post=5367"},{"taxonomy":"post_tag","embeddable":true,"href":"https:\/\/buenosdiasbcs.com\/index.php?rest_route=%2Fwp%2Fv2%2Ftags&post=5367"}],"curies":[{"name":"wp","href":"https:\/\/api.w.org\/{rel}","templated":true}]}}