{"id":5364,"date":"2026-03-17T00:37:00","date_gmt":"2026-03-17T07:37:00","guid":{"rendered":"https:\/\/buenosdiasbcs.com\/?p=5364"},"modified":"2026-03-16T23:38:56","modified_gmt":"2026-03-17T06:38:56","slug":"felipe-vi-admite-mucho-abuso-durante-la-colonizacion-de-america","status":"publish","type":"post","link":"https:\/\/buenosdiasbcs.com\/?p=5364","title":{"rendered":"Felipe VI admite \u2018mucho abuso\u2019 durante la colonizaci\u00f3n de Am\u00e9rica"},"content":{"rendered":"\n<h2 class=\"wp-block-heading\" id=\"h-el-rey-de-espana-hablo-sobre-las-tensiones-eticas-y-morales-que-marcaron-ese-periodo-de-la-historia-durante-una-visita-al-museo-arqueologico-nacional-en-madrid\">El rey de Espa\u00f1a habl\u00f3 sobre las tensiones \u00e9ticas y morales que marcaron ese periodo de la historia durante una visita al Museo Arqueol\u00f3gico Nacional en Madrid.<a href=\"https:\/\/images.sipse.com\/ecnXvVQJTmFq2okYsPmTrqb44vQ=\/1640x1016\/smart\/filters:format(webp)\/2026\/03\/16\/1773688565656.png\"><\/a><\/h2>\n\n\n\n<p>El rey de Espa\u00f1a, Felipe VI, ha reconocido que durante la colonizaci\u00f3n de Am\u00e9rica \u201chubo mucho abuso\u201d por parte de los&nbsp;<strong><a href=\"https:\/\/sipse.com\/mundo\/conquista-y-mestizaje-la-vision-de-espana-que-causa-polemica-499605.html\" target=\"_blank\" rel=\"noreferrer noopener\">conquistadores espa\u00f1oles<\/a><\/strong>, al referirse a las tensiones \u00e9ticas y morales que marcaron ese periodo de la historia.<\/p>\n\n\n\n<h2 class=\"wp-block-heading\" id=\"h-felipe-vi-reconoce-mucho-abuso-por-parte-de-los-conquistadores-espanoles\">Felipe VI reconoce \u2018mucho abuso\u2019 por parte de los conquistadores espa\u00f1oles<\/h2>\n\n\n\n<p>El monarca espa\u00f1ol se expres\u00f3 as\u00ed en medio de una conversaci\u00f3n informal con el embajador de M\u00e9xico en Espa\u00f1a, Quirino Ordaz Coppel, mientras contemplaban la exposici\u00f3n&nbsp;La mitad del mundo. La mujer en el M\u00e9xico ind\u00edgena&nbsp;en el Museo Arqueol\u00f3gico Nacional, en Madrid.<\/p>\n\n\n\n<p>Esta exposici\u00f3n temporal fue organizada por el Ministerio de Asuntos Exteriores de Espa\u00f1a y la Secretar\u00eda de Cultura del Gobierno de M\u00e9xico. La Casa Real public\u00f3 un video del encuentro, el cual adem\u00e1s de no figurar en la agenda p\u00fablica de Felipe VI, se realiz\u00f3 sin anuncio previo.<\/p>\n\n\n\n<p>Durante la pl\u00e1tica, el rey explic\u00f3 que desde el inicio de la conquista existieron controversias sobre la forma en que se ejerc\u00eda el poder. Tambi\u00e9n mencion\u00f3 como ejemplos las directrices impulsadas por los Reyes Cat\u00f3licos y las llamadas Leyes de Indias, normas que buscaban regular la relaci\u00f3n entre los colonizadores y los pueblos ind\u00edgenas. Seg\u00fan explic\u00f3, ese marco jur\u00eddico reflejaba \u201cun af\u00e1n de protecci\u00f3n\u201d, aunque admiti\u00f3 que en la pr\u00e1ctica no siempre se aplic\u00f3.&nbsp;<\/p>\n\n\n\n<blockquote class=\"wp-block-quote is-layout-flow wp-block-quote-is-layout-flow\">\n<p><em>\u201cLa realidad hace que no se cumpla como se pretende y hay mucho, mucho abuso\u201d, declar\u00f3.<\/em><\/p>\n<\/blockquote>\n\n\n\n<h2 class=\"wp-block-heading\" id=\"h-tension-historica-entre-mexico-y-espana\">Tensi\u00f3n hist\u00f3rica entre M\u00e9xico y Espa\u00f1a<\/h2>\n\n\n\n<p>Desde hace varios a\u00f1os, M\u00e9xico ha solicitado a Espa\u00f1a reconocer los abusos cometidos durante aquel momento de la historia. El asunto lleg\u00f3 al punto en que, en 2019, el entonces presidente mexicano Andr\u00e9s Manuel L\u00f3pez Obrador envi\u00f3 una carta a Felipe VI exigiendo que la Corona espa\u00f1ola ofreciera disculpas.<\/p>\n\n\n\n<p>El rey, alineado con la postura del Gobierno espa\u00f1ol, no respondi\u00f3 p\u00fablicamente a la misiva, decisi\u00f3n que L\u00f3pez Obrador tom\u00f3 como una groser\u00eda, marcando el inicio de un periodo de tensi\u00f3n entre ambos pa\u00edses.<\/p>\n\n\n\n<p>Con informaci\u00f3n de Infobae<\/p>\n","protected":false},"excerpt":{"rendered":"<p>El rey de Espa\u00f1a habl\u00f3 sobre las tensiones \u00e9ticas y morales que marcaron ese periodo de la historia durante una&#8230;<\/p>\n","protected":false},"author":2,"featured_media":5365,"comment_status":"open","ping_status":"open","sticky":false,"template":"","format":"standard","meta":{"footnotes":""},"categories":[29],"tags":[],"class_list":["post-5364","post","type-post","status-publish","format-standard","has-post-thumbnail","hentry","category-internacional"],"yoast_head":"<!-- This site is optimized with the Yoast SEO Premium plugin v26.8 (Yoast SEO v27.5) - https:\/\/yoast.com\/product\/yoast-seo-premium-wordpress\/ -->\n<title>Felipe VI admite \u2018mucho abuso\u2019 durante la colonizaci\u00f3n de Am\u00e9rica - Buenos D&iacute;as BCS<\/title>\n<meta name=\"robots\" content=\"index, follow, max-snippet:-1, max-image-preview:large, max-video-preview:-1\" \/>\n<link rel=\"canonical\" href=\"https:\/\/buenosdiasbcs.com\/?p=5364\" \/>\n<meta property=\"og:locale\" content=\"es_ES\" \/>\n<meta property=\"og:type\" content=\"article\" \/>\n<meta property=\"og:title\" content=\"Felipe VI admite \u2018mucho abuso\u2019 durante la colonizaci\u00f3n de Am\u00e9rica\" \/>\n<meta property=\"og:description\" content=\"El rey de Espa\u00f1a habl\u00f3 sobre las tensiones \u00e9ticas y morales que marcaron ese periodo de la historia durante una...\" \/>\n<meta property=\"og:url\" content=\"https:\/\/buenosdiasbcs.com\/?p=5364\" \/>\n<meta property=\"og:site_name\" content=\"Buenos D&iacute;as BCS\" \/>\n<meta property=\"article:published_time\" content=\"2026-03-17T07:37:00+00:00\" \/>\n<meta property=\"og:image\" content=\"https:\/\/buenosdiasbcs.com\/wp-content\/uploads\/2026\/03\/1773688565656.png.webp\" \/>\n\t<meta property=\"og:image:width\" content=\"820\" \/>\n\t<meta property=\"og:image:height\" content=\"508\" \/>\n\t<meta property=\"og:image:type\" content=\"image\/webp\" \/>\n<meta name=\"author\" content=\"Edici\u00f3n Buenos D\u00edas\" \/>\n<meta name=\"twitter:card\" content=\"summary_large_image\" \/>\n<meta name=\"twitter:label1\" content=\"Escrito por\" \/>\n\t<meta name=\"twitter:data1\" content=\"Edici\u00f3n Buenos D\u00edas\" \/>\n\t<meta name=\"twitter:label2\" content=\"Tiempo de lectura\" \/>\n\t<meta name=\"twitter:data2\" content=\"2 minutos\" \/>\n<script type=\"application\/ld+json\" class=\"yoast-schema-graph\">{\"@context\":\"https:\\\/\\\/schema.org\",\"@graph\":[{\"@type\":\"Article\",\"@id\":\"https:\\\/\\\/buenosdiasbcs.com\\\/?p=5364#article\",\"isPartOf\":{\"@id\":\"https:\\\/\\\/buenosdiasbcs.com\\\/?p=5364\"},\"author\":{\"name\":\"Edici\u00f3n Buenos D\u00edas\",\"@id\":\"https:\\\/\\\/buenosdiasbcs.com\\\/#\\\/schema\\\/person\\\/15aedc247eab7070ee5d76d6d069a821\"},\"headline\":\"Felipe VI admite \u2018mucho abuso\u2019 durante la colonizaci\u00f3n de Am\u00e9rica\",\"datePublished\":\"2026-03-17T07:37:00+00:00\",\"mainEntityOfPage\":{\"@id\":\"https:\\\/\\\/buenosdiasbcs.com\\\/?p=5364\"},\"wordCount\":415,\"commentCount\":0,\"publisher\":{\"@id\":\"https:\\\/\\\/buenosdiasbcs.com\\\/#organization\"},\"image\":{\"@id\":\"https:\\\/\\\/buenosdiasbcs.com\\\/?p=5364#primaryimage\"},\"thumbnailUrl\":\"https:\\\/\\\/buenosdiasbcs.com\\\/wp-content\\\/uploads\\\/2026\\\/03\\\/1773688565656.png.webp\",\"articleSection\":[\"Internacional\"],\"inLanguage\":\"es\",\"potentialAction\":[{\"@type\":\"CommentAction\",\"name\":\"Comment\",\"target\":[\"https:\\\/\\\/buenosdiasbcs.com\\\/?p=5364#respond\"]}]},{\"@type\":\"WebPage\",\"@id\":\"https:\\\/\\\/buenosdiasbcs.com\\\/?p=5364\",\"url\":\"https:\\\/\\\/buenosdiasbcs.com\\\/?p=5364\",\"name\":\"Felipe VI admite \u2018mucho abuso\u2019 durante la colonizaci\u00f3n de Am\u00e9rica - Buenos D&iacute;as BCS\",\"isPartOf\":{\"@id\":\"https:\\\/\\\/buenosdiasbcs.com\\\/#website\"},\"primaryImageOfPage\":{\"@id\":\"https:\\\/\\\/buenosdiasbcs.com\\\/?p=5364#primaryimage\"},\"image\":{\"@id\":\"https:\\\/\\\/buenosdiasbcs.com\\\/?p=5364#primaryimage\"},\"thumbnailUrl\":\"https:\\\/\\\/buenosdiasbcs.com\\\/wp-content\\\/uploads\\\/2026\\\/03\\\/1773688565656.png.webp\",\"datePublished\":\"2026-03-17T07:37:00+00:00\",\"breadcrumb\":{\"@id\":\"https:\\\/\\\/buenosdiasbcs.com\\\/?p=5364#breadcrumb\"},\"inLanguage\":\"es\",\"potentialAction\":[{\"@type\":\"ReadAction\",\"target\":[\"https:\\\/\\\/buenosdiasbcs.com\\\/?p=5364\"]}]},{\"@type\":\"ImageObject\",\"inLanguage\":\"es\",\"@id\":\"https:\\\/\\\/buenosdiasbcs.com\\\/?p=5364#primaryimage\",\"url\":\"https:\\\/\\\/buenosdiasbcs.com\\\/wp-content\\\/uploads\\\/2026\\\/03\\\/1773688565656.png.webp\",\"contentUrl\":\"https:\\\/\\\/buenosdiasbcs.com\\\/wp-content\\\/uploads\\\/2026\\\/03\\\/1773688565656.png.webp\",\"width\":820,\"height\":508},{\"@type\":\"BreadcrumbList\",\"@id\":\"https:\\\/\\\/buenosdiasbcs.com\\\/?p=5364#breadcrumb\",\"itemListElement\":[{\"@type\":\"ListItem\",\"position\":1,\"name\":\"Portada\",\"item\":\"https:\\\/\\\/buenosdiasbcs.com\\\/\"},{\"@type\":\"ListItem\",\"position\":2,\"name\":\"Felipe VI admite \u2018mucho abuso\u2019 durante la colonizaci\u00f3n de Am\u00e9rica\"}]},{\"@type\":\"WebSite\",\"@id\":\"https:\\\/\\\/buenosdiasbcs.com\\\/#website\",\"url\":\"https:\\\/\\\/buenosdiasbcs.com\\\/\",\"name\":\"Buenos D\u00edas BCS\",\"description\":\"\",\"publisher\":{\"@id\":\"https:\\\/\\\/buenosdiasbcs.com\\\/#organization\"},\"potentialAction\":[{\"@type\":\"SearchAction\",\"target\":{\"@type\":\"EntryPoint\",\"urlTemplate\":\"https:\\\/\\\/buenosdiasbcs.com\\\/?s={search_term_string}\"},\"query-input\":{\"@type\":\"PropertyValueSpecification\",\"valueRequired\":true,\"valueName\":\"search_term_string\"}}],\"inLanguage\":\"es\"},{\"@type\":\"Organization\",\"@id\":\"https:\\\/\\\/buenosdiasbcs.com\\\/#organization\",\"name\":\"Buenos D\u00edas BCS\",\"url\":\"https:\\\/\\\/buenosdiasbcs.com\\\/\",\"logo\":{\"@type\":\"ImageObject\",\"inLanguage\":\"es\",\"@id\":\"https:\\\/\\\/buenosdiasbcs.com\\\/#\\\/schema\\\/logo\\\/image\\\/\",\"url\":\"https:\\\/\\\/buenosdiasbcs.com\\\/wp-content\\\/uploads\\\/2026\\\/01\\\/logo-buenos-dias-40-01.png\",\"contentUrl\":\"https:\\\/\\\/buenosdiasbcs.com\\\/wp-content\\\/uploads\\\/2026\\\/01\\\/logo-buenos-dias-40-01.png\",\"width\":277,\"height\":40,\"caption\":\"Buenos D\u00edas BCS\"},\"image\":{\"@id\":\"https:\\\/\\\/buenosdiasbcs.com\\\/#\\\/schema\\\/logo\\\/image\\\/\"}},{\"@type\":\"Person\",\"@id\":\"https:\\\/\\\/buenosdiasbcs.com\\\/#\\\/schema\\\/person\\\/15aedc247eab7070ee5d76d6d069a821\",\"name\":\"Edici\u00f3n Buenos D\u00edas\",\"image\":{\"@type\":\"ImageObject\",\"inLanguage\":\"es\",\"@id\":\"https:\\\/\\\/buenosdiasbcs.com\\\/wp-content\\\/uploads\\\/2026\\\/01\\\/cropped-sol-96x96.png\",\"url\":\"https:\\\/\\\/buenosdiasbcs.com\\\/wp-content\\\/uploads\\\/2026\\\/01\\\/cropped-sol-96x96.png\",\"contentUrl\":\"https:\\\/\\\/buenosdiasbcs.com\\\/wp-content\\\/uploads\\\/2026\\\/01\\\/cropped-sol-96x96.png\",\"caption\":\"Edici\u00f3n Buenos D\u00edas\"},\"url\":\"https:\\\/\\\/buenosdiasbcs.com\\\/?author=2\"}]}<\/script>\n<!-- \/ Yoast SEO Premium plugin. -->","yoast_head_json":{"title":"Felipe VI admite \u2018mucho abuso\u2019 durante la colonizaci\u00f3n de Am\u00e9rica - Buenos D&iacute;as BCS","robots":{"index":"index","follow":"follow","max-snippet":"max-snippet:-1","max-image-preview":"max-image-preview:large","max-video-preview":"max-video-preview:-1"},"canonical":"https:\/\/buenosdiasbcs.com\/?p=5364","og_locale":"es_ES","og_type":"article","og_title":"Felipe VI admite \u2018mucho abuso\u2019 durante la colonizaci\u00f3n de Am\u00e9rica","og_description":"El rey de Espa\u00f1a habl\u00f3 sobre las tensiones \u00e9ticas y morales que marcaron ese periodo de la historia durante una...","og_url":"https:\/\/buenosdiasbcs.com\/?p=5364","og_site_name":"Buenos D&iacute;as BCS","article_published_time":"2026-03-17T07:37:00+00:00","og_image":[{"width":820,"height":508,"url":"https:\/\/buenosdiasbcs.com\/wp-content\/uploads\/2026\/03\/1773688565656.png.webp","type":"image\/webp"}],"author":"Edici\u00f3n Buenos D\u00edas","twitter_card":"summary_large_image","twitter_misc":{"Escrito por":"Edici\u00f3n Buenos D\u00edas","Tiempo de lectura":"2 minutos"},"schema":{"@context":"https:\/\/schema.org","@graph":[{"@type":"Article","@id":"https:\/\/buenosdiasbcs.com\/?p=5364#article","isPartOf":{"@id":"https:\/\/buenosdiasbcs.com\/?p=5364"},"author":{"name":"Edici\u00f3n Buenos D\u00edas","@id":"https:\/\/buenosdiasbcs.com\/#\/schema\/person\/15aedc247eab7070ee5d76d6d069a821"},"headline":"Felipe VI admite \u2018mucho abuso\u2019 durante la colonizaci\u00f3n de Am\u00e9rica","datePublished":"2026-03-17T07:37:00+00:00","mainEntityOfPage":{"@id":"https:\/\/buenosdiasbcs.com\/?p=5364"},"wordCount":415,"commentCount":0,"publisher":{"@id":"https:\/\/buenosdiasbcs.com\/#organization"},"image":{"@id":"https:\/\/buenosdiasbcs.com\/?p=5364#primaryimage"},"thumbnailUrl":"https:\/\/buenosdiasbcs.com\/wp-content\/uploads\/2026\/03\/1773688565656.png.webp","articleSection":["Internacional"],"inLanguage":"es","potentialAction":[{"@type":"CommentAction","name":"Comment","target":["https:\/\/buenosdiasbcs.com\/?p=5364#respond"]}]},{"@type":"WebPage","@id":"https:\/\/buenosdiasbcs.com\/?p=5364","url":"https:\/\/buenosdiasbcs.com\/?p=5364","name":"Felipe VI admite \u2018mucho abuso\u2019 durante la colonizaci\u00f3n de Am\u00e9rica - Buenos D&iacute;as BCS","isPartOf":{"@id":"https:\/\/buenosdiasbcs.com\/#website"},"primaryImageOfPage":{"@id":"https:\/\/buenosdiasbcs.com\/?p=5364#primaryimage"},"image":{"@id":"https:\/\/buenosdiasbcs.com\/?p=5364#primaryimage"},"thumbnailUrl":"https:\/\/buenosdiasbcs.com\/wp-content\/uploads\/2026\/03\/1773688565656.png.webp","datePublished":"2026-03-17T07:37:00+00:00","breadcrumb":{"@id":"https:\/\/buenosdiasbcs.com\/?p=5364#breadcrumb"},"inLanguage":"es","potentialAction":[{"@type":"ReadAction","target":["https:\/\/buenosdiasbcs.com\/?p=5364"]}]},{"@type":"ImageObject","inLanguage":"es","@id":"https:\/\/buenosdiasbcs.com\/?p=5364#primaryimage","url":"https:\/\/buenosdiasbcs.com\/wp-content\/uploads\/2026\/03\/1773688565656.png.webp","contentUrl":"https:\/\/buenosdiasbcs.com\/wp-content\/uploads\/2026\/03\/1773688565656.png.webp","width":820,"height":508},{"@type":"BreadcrumbList","@id":"https:\/\/buenosdiasbcs.com\/?p=5364#breadcrumb","itemListElement":[{"@type":"ListItem","position":1,"name":"Portada","item":"https:\/\/buenosdiasbcs.com\/"},{"@type":"ListItem","position":2,"name":"Felipe VI admite \u2018mucho abuso\u2019 durante la colonizaci\u00f3n de Am\u00e9rica"}]},{"@type":"WebSite","@id":"https:\/\/buenosdiasbcs.com\/#website","url":"https:\/\/buenosdiasbcs.com\/","name":"Buenos D\u00edas BCS","description":"","publisher":{"@id":"https:\/\/buenosdiasbcs.com\/#organization"},"potentialAction":[{"@type":"SearchAction","target":{"@type":"EntryPoint","urlTemplate":"https:\/\/buenosdiasbcs.com\/?s={search_term_string}"},"query-input":{"@type":"PropertyValueSpecification","valueRequired":true,"valueName":"search_term_string"}}],"inLanguage":"es"},{"@type":"Organization","@id":"https:\/\/buenosdiasbcs.com\/#organization","name":"Buenos D\u00edas BCS","url":"https:\/\/buenosdiasbcs.com\/","logo":{"@type":"ImageObject","inLanguage":"es","@id":"https:\/\/buenosdiasbcs.com\/#\/schema\/logo\/image\/","url":"https:\/\/buenosdiasbcs.com\/wp-content\/uploads\/2026\/01\/logo-buenos-dias-40-01.png","contentUrl":"https:\/\/buenosdiasbcs.com\/wp-content\/uploads\/2026\/01\/logo-buenos-dias-40-01.png","width":277,"height":40,"caption":"Buenos D\u00edas BCS"},"image":{"@id":"https:\/\/buenosdiasbcs.com\/#\/schema\/logo\/image\/"}},{"@type":"Person","@id":"https:\/\/buenosdiasbcs.com\/#\/schema\/person\/15aedc247eab7070ee5d76d6d069a821","name":"Edici\u00f3n Buenos D\u00edas","image":{"@type":"ImageObject","inLanguage":"es","@id":"https:\/\/buenosdiasbcs.com\/wp-content\/uploads\/2026\/01\/cropped-sol-96x96.png","url":"https:\/\/buenosdiasbcs.com\/wp-content\/uploads\/2026\/01\/cropped-sol-96x96.png","contentUrl":"https:\/\/buenosdiasbcs.com\/wp-content\/uploads\/2026\/01\/cropped-sol-96x96.png","caption":"Edici\u00f3n Buenos D\u00edas"},"url":"https:\/\/buenosdiasbcs.com\/?author=2"}]}},"amp_enabled":true,"_links":{"self":[{"href":"https:\/\/buenosdiasbcs.com\/index.php?rest_route=\/wp\/v2\/posts\/5364","targetHints":{"allow":["GET"]}}],"collection":[{"href":"https:\/\/buenosdiasbcs.com\/index.php?rest_route=\/wp\/v2\/posts"}],"about":[{"href":"https:\/\/buenosdiasbcs.com\/index.php?rest_route=\/wp\/v2\/types\/post"}],"author":[{"embeddable":true,"href":"https:\/\/buenosdiasbcs.com\/index.php?rest_route=\/wp\/v2\/users\/2"}],"replies":[{"embeddable":true,"href":"https:\/\/buenosdiasbcs.com\/index.php?rest_route=%2Fwp%2Fv2%2Fcomments&post=5364"}],"version-history":[{"count":1,"href":"https:\/\/buenosdiasbcs.com\/index.php?rest_route=\/wp\/v2\/posts\/5364\/revisions"}],"predecessor-version":[{"id":5366,"href":"https:\/\/buenosdiasbcs.com\/index.php?rest_route=\/wp\/v2\/posts\/5364\/revisions\/5366"}],"wp:featuredmedia":[{"embeddable":true,"href":"https:\/\/buenosdiasbcs.com\/index.php?rest_route=\/wp\/v2\/media\/5365"}],"wp:attachment":[{"href":"https:\/\/buenosdiasbcs.com\/index.php?rest_route=%2Fwp%2Fv2%2Fmedia&parent=5364"}],"wp:term":[{"taxonomy":"category","embeddable":true,"href":"https:\/\/buenosdiasbcs.com\/index.php?rest_route=%2Fwp%2Fv2%2Fcategories&post=5364"},{"taxonomy":"post_tag","embeddable":true,"href":"https:\/\/buenosdiasbcs.com\/index.php?rest_route=%2Fwp%2Fv2%2Ftags&post=5364"}],"curies":[{"name":"wp","href":"https:\/\/api.w.org\/{rel}","templated":true}]}}