{"id":5358,"date":"2026-03-17T00:31:00","date_gmt":"2026-03-17T07:31:00","guid":{"rendered":"https:\/\/buenosdiasbcs.com\/?p=5358"},"modified":"2026-03-16T23:32:51","modified_gmt":"2026-03-17T06:32:51","slug":"marzo-suena-en-el-centro-ocho-conciertos-gratuitos-al-aire-libre-en-la-paz","status":"publish","type":"post","link":"https:\/\/buenosdiasbcs.com\/?p=5358","title":{"rendered":"Marzo suena en el Centro: ocho conciertos gratuitos al aire libre en La Paz"},"content":{"rendered":"\n<h2 class=\"wp-block-heading\" id=\"h-metal-son-jarocho-flamenco-soul-y-balada-pop-tomaran-los-parques-piedras-y-pajaros-y-postal-todos-los-viernes-y-sabados-a-las-18-00-horas-las-presentaciones-son-abiertas-al-publico-y-sin-costo\">Metal, son jarocho, flamenco, soul y balada pop tomar\u00e1n los parques Piedras y P\u00e1jaros y Postal todos los viernes y s\u00e1bados a las 18:00 horas; las presentaciones son abiertas al p\u00fablico y sin costo<\/h2>\n\n\n\n<p><strong>La Paz, Baja California Sur. \u2013<\/strong>&nbsp;Durante el&nbsp;<strong>mes de marzo<\/strong>, el&nbsp;<strong>centro de La Paz<\/strong>ser\u00e1 escenario de una agenda continua de&nbsp;<strong>conciertos abiertos al p\u00fablico<\/strong>, con presentaciones programadas&nbsp;<strong>los viernes y s\u00e1bados a las 18:00 horas en el&nbsp;<a rel=\"noreferrer noopener\" href=\"https:\/\/oem.com.mx\/elsudcaliforniano\/local\/abren-inscripciones-a-talleres-culturales-y-recreativos-gratuitos-en-parques-del-centro-historico-de-la-paz-28585489\" target=\"_blank\">Parque Piedras y P\u00e1jaros y el Parque Postal<\/a><\/strong>, espacios ubicados sobre la calle Constituci\u00f3n.<\/p>\n\n\n\n<p>La programaci\u00f3n contempla&nbsp;<strong>ocho fechas distribuidas a lo largo del mes<\/strong>, con propuestas que&nbsp;<strong>incluyen metal, balada pop, flamenco, son jarocho y rock en ingl\u00e9s<\/strong>, entre otros g\u00e9neros. Las actividades son organizadas por la&nbsp;<strong>asociaci\u00f3n civil \u201c\u00c1ndale La Paz\u201d<\/strong>&nbsp;como parte de su esquema permanente de&nbsp;<strong>activaci\u00f3n cultural en espacios p\u00fablicos.<\/strong><\/p>\n\n\n\n<p>De acuerdo con<strong>&nbsp;Ra\u00fal Cota \u00c1lvarez<\/strong>, gerente de espacios culturales y comunitarios de la asociaci\u00f3n, la iniciativa busca&nbsp;<strong>mantener ambos parques con actividades constantes.<\/strong>&nbsp;\u201cHa sido una intenci\u00f3n de la asociaci\u00f3n el tener estos parques&nbsp;<strong>habitados por arte y cultura<\/strong>, por eso tenemos permanentemente todos los viernes y s\u00e1bados a las seis de la tarde una&nbsp;<strong>presentaci\u00f3n art\u00edstica en alguno de estos dos parques<\/strong>\u201d, se\u00f1al\u00f3 en entrevista.<\/p>\n\n\n\n<p>La agenda inicia el viernes 6&nbsp;<strong>de marzo<\/strong>&nbsp;en el&nbsp;<strong>Parque Piedras y P\u00e1jaros<\/strong>, ubicado en calle Constituci\u00f3n entre Madero y Belisario Dom\u00ednguez, con la presentaci\u00f3n de&nbsp;<strong>Arturo Garrido y su propuesta \u201cMetal Madness &amp; Soft Issues\u201d<\/strong>. El s\u00e1bado&nbsp;<strong>7<\/strong>, en el&nbsp;<strong>Parque Postal<\/strong>&nbsp;\u2014situado en Constituci\u00f3n esquina Revoluci\u00f3n\u2014, se realizar\u00e1 el&nbsp;<strong>concierto unplugged \u201cVoz y Marea\u201d a cargo de Sasha Pierce.<\/strong><\/p>\n\n\n\n<p>El viernes&nbsp;<strong>13 de marzo<\/strong>,&nbsp;<strong>Vaiv\u00e9n Jarana<\/strong>&nbsp;ofrecer\u00e1 una&nbsp;<strong>\u201cTarde de Son Jarocho\u201d&nbsp;<\/strong>en el&nbsp;<strong>Parque Postal<\/strong>. Al d\u00eda siguiente, s\u00e1bado&nbsp;<strong>14<\/strong>, el Parque Piedras y P\u00e1jaros albergar\u00e1 la presentaci\u00f3n&nbsp;<strong>\u201cTarde de Cuerdas\u201d de El Vito Flamenco.<\/strong><\/p>\n\n\n\n<p>La programaci\u00f3n contin\u00faa el viernes&nbsp;<strong>20<\/strong>&nbsp;<strong>de marzo<\/strong>&nbsp;con&nbsp;<strong>Uri Zavala y su espect\u00e1culo \u201cAlma R\u00edos del Coraz\u00f3n\u201d<\/strong>&nbsp;en el Parque Piedras y P\u00e1jaros. El s\u00e1bado 21, en el Parque Postal,&nbsp;<strong>Mike \u00c1lvarez presentar\u00e1 \u201cBaja Soul\u201d.<\/strong><\/p>\n\n\n\n<p>Para el viernes<strong>&nbsp;27 de marzo<\/strong>&nbsp;est\u00e1 prevista la participaci\u00f3n de&nbsp;<strong>\u00c1ngel Cu&nbsp;<\/strong>con un&nbsp;<strong>repertorio de rock en ingl\u00e9s&nbsp;<\/strong>en el Parque Postal. Finalmente, el s\u00e1bado&nbsp;<strong>28<\/strong>,&nbsp;<strong>Edith Luna cerrar\u00e1 la agenda mensual con un concierto de balada pop<\/strong>&nbsp;en el Parque Piedras y P\u00e1jaros.<\/p>\n\n\n\n<p>Cota \u00c1lvarez explic\u00f3 que uno de los objetivos es que<strong>&nbsp;la ciudadan\u00eda identifique estos espacios como puntos de encuentro abiertos<\/strong>. \u201c<strong>Nuestra intenci\u00f3n es que conozcan los parques<\/strong>, que los identifiquen; son parques abiertos al p\u00fablico. Tienen un horario de&nbsp;<strong>apertura de ocho de la ma\u00f1ana y cierran a las ocho de la noche<\/strong>; cuentan con seguridad privada. Son&nbsp;<strong>espacios seguros<\/strong>, muy bien habilitados, limpios, para que pasen un<strong>&nbsp;rato agradable en familia<\/strong>, que puedan ir a disfrutar presentaciones art\u00edsticas y conocer el talento de nuestros artistas de&nbsp;<strong>manera gratuita<\/strong>\u201d, indic\u00f3.<\/p>\n\n\n\n<p>Ambos parques&nbsp;<strong>mantienen acceso libre<\/strong>&nbsp;y las presentaciones&nbsp;<strong>no tienen costo para los asistentes<\/strong>. Las actividades est\u00e1n dirigidas al&nbsp;<strong>p\u00fablico de todas las edades<\/strong>&nbsp;y forman parte de la programaci\u00f3n cultural que se desarrolla de manera regular en el primer cuadro de la ciudad.<\/p>\n\n\n\n<p>Con esta agenda, marzo concentrar\u00e1 propuestas musicales diversas en espacios p\u00fablicos del&nbsp;<strong>centro hist\u00f3rico<\/strong>, en horarios vespertinos que buscan&nbsp;<strong>facilitar la asistencia de familias y visitantes.<\/strong><\/p>\n","protected":false},"excerpt":{"rendered":"<p>Metal, son jarocho, flamenco, soul y balada pop tomar\u00e1n los parques Piedras y P\u00e1jaros y Postal todos los viernes y&#8230;<\/p>\n","protected":false},"author":2,"featured_media":5359,"comment_status":"open","ping_status":"open","sticky":false,"template":"","format":"standard","meta":{"footnotes":""},"categories":[19],"tags":[],"class_list":["post-5358","post","type-post","status-publish","format-standard","has-post-thumbnail","hentry","category-cultura"],"yoast_head":"<!-- This site is optimized with the Yoast SEO Premium plugin v26.8 (Yoast SEO v27.5) - https:\/\/yoast.com\/product\/yoast-seo-premium-wordpress\/ -->\n<title>Marzo suena en el Centro: ocho conciertos gratuitos al aire libre en La Paz - Buenos D&iacute;as BCS<\/title>\n<meta name=\"robots\" content=\"index, follow, max-snippet:-1, max-image-preview:large, max-video-preview:-1\" \/>\n<link rel=\"canonical\" href=\"https:\/\/buenosdiasbcs.com\/?p=5358\" \/>\n<meta property=\"og:locale\" content=\"es_ES\" \/>\n<meta property=\"og:type\" content=\"article\" \/>\n<meta property=\"og:title\" content=\"Marzo suena en el Centro: ocho conciertos gratuitos al aire libre en La Paz\" \/>\n<meta property=\"og:description\" content=\"Metal, son jarocho, flamenco, soul y balada pop tomar\u00e1n los parques Piedras y P\u00e1jaros y Postal todos los viernes y...\" \/>\n<meta property=\"og:url\" content=\"https:\/\/buenosdiasbcs.com\/?p=5358\" \/>\n<meta property=\"og:site_name\" content=\"Buenos D&iacute;as BCS\" \/>\n<meta property=\"article:published_time\" content=\"2026-03-17T07:31:00+00:00\" \/>\n<meta property=\"og:image\" content=\"https:\/\/buenosdiasbcs.com\/wp-content\/uploads\/2026\/03\/image-2-2.webp\" \/>\n\t<meta property=\"og:image:width\" content=\"1200\" \/>\n\t<meta property=\"og:image:height\" content=\"675\" \/>\n\t<meta property=\"og:image:type\" content=\"image\/webp\" \/>\n<meta name=\"author\" content=\"Edici\u00f3n Buenos D\u00edas\" \/>\n<meta name=\"twitter:card\" content=\"summary_large_image\" \/>\n<meta name=\"twitter:label1\" content=\"Escrito por\" \/>\n\t<meta name=\"twitter:data1\" content=\"Edici\u00f3n Buenos D\u00edas\" \/>\n\t<meta name=\"twitter:label2\" content=\"Tiempo de lectura\" \/>\n\t<meta name=\"twitter:data2\" content=\"3 minutos\" \/>\n<script type=\"application\/ld+json\" class=\"yoast-schema-graph\">{\"@context\":\"https:\\\/\\\/schema.org\",\"@graph\":[{\"@type\":\"Article\",\"@id\":\"https:\\\/\\\/buenosdiasbcs.com\\\/?p=5358#article\",\"isPartOf\":{\"@id\":\"https:\\\/\\\/buenosdiasbcs.com\\\/?p=5358\"},\"author\":{\"name\":\"Edici\u00f3n Buenos D\u00edas\",\"@id\":\"https:\\\/\\\/buenosdiasbcs.com\\\/#\\\/schema\\\/person\\\/15aedc247eab7070ee5d76d6d069a821\"},\"headline\":\"Marzo suena en el Centro: ocho conciertos gratuitos al aire libre en La Paz\",\"datePublished\":\"2026-03-17T07:31:00+00:00\",\"mainEntityOfPage\":{\"@id\":\"https:\\\/\\\/buenosdiasbcs.com\\\/?p=5358\"},\"wordCount\":663,\"commentCount\":0,\"publisher\":{\"@id\":\"https:\\\/\\\/buenosdiasbcs.com\\\/#organization\"},\"image\":{\"@id\":\"https:\\\/\\\/buenosdiasbcs.com\\\/?p=5358#primaryimage\"},\"thumbnailUrl\":\"https:\\\/\\\/buenosdiasbcs.com\\\/wp-content\\\/uploads\\\/2026\\\/03\\\/image-2-2.webp\",\"articleSection\":[\"Cultura\"],\"inLanguage\":\"es\",\"potentialAction\":[{\"@type\":\"CommentAction\",\"name\":\"Comment\",\"target\":[\"https:\\\/\\\/buenosdiasbcs.com\\\/?p=5358#respond\"]}]},{\"@type\":\"WebPage\",\"@id\":\"https:\\\/\\\/buenosdiasbcs.com\\\/?p=5358\",\"url\":\"https:\\\/\\\/buenosdiasbcs.com\\\/?p=5358\",\"name\":\"Marzo suena en el Centro: ocho conciertos gratuitos al aire libre en La Paz - Buenos D&iacute;as BCS\",\"isPartOf\":{\"@id\":\"https:\\\/\\\/buenosdiasbcs.com\\\/#website\"},\"primaryImageOfPage\":{\"@id\":\"https:\\\/\\\/buenosdiasbcs.com\\\/?p=5358#primaryimage\"},\"image\":{\"@id\":\"https:\\\/\\\/buenosdiasbcs.com\\\/?p=5358#primaryimage\"},\"thumbnailUrl\":\"https:\\\/\\\/buenosdiasbcs.com\\\/wp-content\\\/uploads\\\/2026\\\/03\\\/image-2-2.webp\",\"datePublished\":\"2026-03-17T07:31:00+00:00\",\"breadcrumb\":{\"@id\":\"https:\\\/\\\/buenosdiasbcs.com\\\/?p=5358#breadcrumb\"},\"inLanguage\":\"es\",\"potentialAction\":[{\"@type\":\"ReadAction\",\"target\":[\"https:\\\/\\\/buenosdiasbcs.com\\\/?p=5358\"]}]},{\"@type\":\"ImageObject\",\"inLanguage\":\"es\",\"@id\":\"https:\\\/\\\/buenosdiasbcs.com\\\/?p=5358#primaryimage\",\"url\":\"https:\\\/\\\/buenosdiasbcs.com\\\/wp-content\\\/uploads\\\/2026\\\/03\\\/image-2-2.webp\",\"contentUrl\":\"https:\\\/\\\/buenosdiasbcs.com\\\/wp-content\\\/uploads\\\/2026\\\/03\\\/image-2-2.webp\",\"width\":1200,\"height\":675},{\"@type\":\"BreadcrumbList\",\"@id\":\"https:\\\/\\\/buenosdiasbcs.com\\\/?p=5358#breadcrumb\",\"itemListElement\":[{\"@type\":\"ListItem\",\"position\":1,\"name\":\"Portada\",\"item\":\"https:\\\/\\\/buenosdiasbcs.com\\\/\"},{\"@type\":\"ListItem\",\"position\":2,\"name\":\"Marzo suena en el Centro: ocho conciertos gratuitos al aire libre en La Paz\"}]},{\"@type\":\"WebSite\",\"@id\":\"https:\\\/\\\/buenosdiasbcs.com\\\/#website\",\"url\":\"https:\\\/\\\/buenosdiasbcs.com\\\/\",\"name\":\"Buenos D\u00edas BCS\",\"description\":\"\",\"publisher\":{\"@id\":\"https:\\\/\\\/buenosdiasbcs.com\\\/#organization\"},\"potentialAction\":[{\"@type\":\"SearchAction\",\"target\":{\"@type\":\"EntryPoint\",\"urlTemplate\":\"https:\\\/\\\/buenosdiasbcs.com\\\/?s={search_term_string}\"},\"query-input\":{\"@type\":\"PropertyValueSpecification\",\"valueRequired\":true,\"valueName\":\"search_term_string\"}}],\"inLanguage\":\"es\"},{\"@type\":\"Organization\",\"@id\":\"https:\\\/\\\/buenosdiasbcs.com\\\/#organization\",\"name\":\"Buenos D\u00edas BCS\",\"url\":\"https:\\\/\\\/buenosdiasbcs.com\\\/\",\"logo\":{\"@type\":\"ImageObject\",\"inLanguage\":\"es\",\"@id\":\"https:\\\/\\\/buenosdiasbcs.com\\\/#\\\/schema\\\/logo\\\/image\\\/\",\"url\":\"https:\\\/\\\/buenosdiasbcs.com\\\/wp-content\\\/uploads\\\/2026\\\/01\\\/logo-buenos-dias-40-01.png\",\"contentUrl\":\"https:\\\/\\\/buenosdiasbcs.com\\\/wp-content\\\/uploads\\\/2026\\\/01\\\/logo-buenos-dias-40-01.png\",\"width\":277,\"height\":40,\"caption\":\"Buenos D\u00edas BCS\"},\"image\":{\"@id\":\"https:\\\/\\\/buenosdiasbcs.com\\\/#\\\/schema\\\/logo\\\/image\\\/\"}},{\"@type\":\"Person\",\"@id\":\"https:\\\/\\\/buenosdiasbcs.com\\\/#\\\/schema\\\/person\\\/15aedc247eab7070ee5d76d6d069a821\",\"name\":\"Edici\u00f3n Buenos D\u00edas\",\"image\":{\"@type\":\"ImageObject\",\"inLanguage\":\"es\",\"@id\":\"https:\\\/\\\/buenosdiasbcs.com\\\/wp-content\\\/uploads\\\/2026\\\/01\\\/cropped-sol-96x96.png\",\"url\":\"https:\\\/\\\/buenosdiasbcs.com\\\/wp-content\\\/uploads\\\/2026\\\/01\\\/cropped-sol-96x96.png\",\"contentUrl\":\"https:\\\/\\\/buenosdiasbcs.com\\\/wp-content\\\/uploads\\\/2026\\\/01\\\/cropped-sol-96x96.png\",\"caption\":\"Edici\u00f3n Buenos D\u00edas\"},\"url\":\"https:\\\/\\\/buenosdiasbcs.com\\\/?author=2\"}]}<\/script>\n<!-- \/ Yoast SEO Premium plugin. -->","yoast_head_json":{"title":"Marzo suena en el Centro: ocho conciertos gratuitos al aire libre en La Paz - Buenos D&iacute;as BCS","robots":{"index":"index","follow":"follow","max-snippet":"max-snippet:-1","max-image-preview":"max-image-preview:large","max-video-preview":"max-video-preview:-1"},"canonical":"https:\/\/buenosdiasbcs.com\/?p=5358","og_locale":"es_ES","og_type":"article","og_title":"Marzo suena en el Centro: ocho conciertos gratuitos al aire libre en La Paz","og_description":"Metal, son jarocho, flamenco, soul y balada pop tomar\u00e1n los parques Piedras y P\u00e1jaros y Postal todos los viernes y...","og_url":"https:\/\/buenosdiasbcs.com\/?p=5358","og_site_name":"Buenos D&iacute;as BCS","article_published_time":"2026-03-17T07:31:00+00:00","og_image":[{"width":1200,"height":675,"url":"https:\/\/buenosdiasbcs.com\/wp-content\/uploads\/2026\/03\/image-2-2.webp","type":"image\/webp"}],"author":"Edici\u00f3n Buenos D\u00edas","twitter_card":"summary_large_image","twitter_misc":{"Escrito por":"Edici\u00f3n Buenos D\u00edas","Tiempo de lectura":"3 minutos"},"schema":{"@context":"https:\/\/schema.org","@graph":[{"@type":"Article","@id":"https:\/\/buenosdiasbcs.com\/?p=5358#article","isPartOf":{"@id":"https:\/\/buenosdiasbcs.com\/?p=5358"},"author":{"name":"Edici\u00f3n Buenos D\u00edas","@id":"https:\/\/buenosdiasbcs.com\/#\/schema\/person\/15aedc247eab7070ee5d76d6d069a821"},"headline":"Marzo suena en el Centro: ocho conciertos gratuitos al aire libre en La Paz","datePublished":"2026-03-17T07:31:00+00:00","mainEntityOfPage":{"@id":"https:\/\/buenosdiasbcs.com\/?p=5358"},"wordCount":663,"commentCount":0,"publisher":{"@id":"https:\/\/buenosdiasbcs.com\/#organization"},"image":{"@id":"https:\/\/buenosdiasbcs.com\/?p=5358#primaryimage"},"thumbnailUrl":"https:\/\/buenosdiasbcs.com\/wp-content\/uploads\/2026\/03\/image-2-2.webp","articleSection":["Cultura"],"inLanguage":"es","potentialAction":[{"@type":"CommentAction","name":"Comment","target":["https:\/\/buenosdiasbcs.com\/?p=5358#respond"]}]},{"@type":"WebPage","@id":"https:\/\/buenosdiasbcs.com\/?p=5358","url":"https:\/\/buenosdiasbcs.com\/?p=5358","name":"Marzo suena en el Centro: ocho conciertos gratuitos al aire libre en La Paz - Buenos D&iacute;as BCS","isPartOf":{"@id":"https:\/\/buenosdiasbcs.com\/#website"},"primaryImageOfPage":{"@id":"https:\/\/buenosdiasbcs.com\/?p=5358#primaryimage"},"image":{"@id":"https:\/\/buenosdiasbcs.com\/?p=5358#primaryimage"},"thumbnailUrl":"https:\/\/buenosdiasbcs.com\/wp-content\/uploads\/2026\/03\/image-2-2.webp","datePublished":"2026-03-17T07:31:00+00:00","breadcrumb":{"@id":"https:\/\/buenosdiasbcs.com\/?p=5358#breadcrumb"},"inLanguage":"es","potentialAction":[{"@type":"ReadAction","target":["https:\/\/buenosdiasbcs.com\/?p=5358"]}]},{"@type":"ImageObject","inLanguage":"es","@id":"https:\/\/buenosdiasbcs.com\/?p=5358#primaryimage","url":"https:\/\/buenosdiasbcs.com\/wp-content\/uploads\/2026\/03\/image-2-2.webp","contentUrl":"https:\/\/buenosdiasbcs.com\/wp-content\/uploads\/2026\/03\/image-2-2.webp","width":1200,"height":675},{"@type":"BreadcrumbList","@id":"https:\/\/buenosdiasbcs.com\/?p=5358#breadcrumb","itemListElement":[{"@type":"ListItem","position":1,"name":"Portada","item":"https:\/\/buenosdiasbcs.com\/"},{"@type":"ListItem","position":2,"name":"Marzo suena en el Centro: ocho conciertos gratuitos al aire libre en La Paz"}]},{"@type":"WebSite","@id":"https:\/\/buenosdiasbcs.com\/#website","url":"https:\/\/buenosdiasbcs.com\/","name":"Buenos D\u00edas BCS","description":"","publisher":{"@id":"https:\/\/buenosdiasbcs.com\/#organization"},"potentialAction":[{"@type":"SearchAction","target":{"@type":"EntryPoint","urlTemplate":"https:\/\/buenosdiasbcs.com\/?s={search_term_string}"},"query-input":{"@type":"PropertyValueSpecification","valueRequired":true,"valueName":"search_term_string"}}],"inLanguage":"es"},{"@type":"Organization","@id":"https:\/\/buenosdiasbcs.com\/#organization","name":"Buenos D\u00edas BCS","url":"https:\/\/buenosdiasbcs.com\/","logo":{"@type":"ImageObject","inLanguage":"es","@id":"https:\/\/buenosdiasbcs.com\/#\/schema\/logo\/image\/","url":"https:\/\/buenosdiasbcs.com\/wp-content\/uploads\/2026\/01\/logo-buenos-dias-40-01.png","contentUrl":"https:\/\/buenosdiasbcs.com\/wp-content\/uploads\/2026\/01\/logo-buenos-dias-40-01.png","width":277,"height":40,"caption":"Buenos D\u00edas BCS"},"image":{"@id":"https:\/\/buenosdiasbcs.com\/#\/schema\/logo\/image\/"}},{"@type":"Person","@id":"https:\/\/buenosdiasbcs.com\/#\/schema\/person\/15aedc247eab7070ee5d76d6d069a821","name":"Edici\u00f3n Buenos D\u00edas","image":{"@type":"ImageObject","inLanguage":"es","@id":"https:\/\/buenosdiasbcs.com\/wp-content\/uploads\/2026\/01\/cropped-sol-96x96.png","url":"https:\/\/buenosdiasbcs.com\/wp-content\/uploads\/2026\/01\/cropped-sol-96x96.png","contentUrl":"https:\/\/buenosdiasbcs.com\/wp-content\/uploads\/2026\/01\/cropped-sol-96x96.png","caption":"Edici\u00f3n Buenos D\u00edas"},"url":"https:\/\/buenosdiasbcs.com\/?author=2"}]}},"amp_enabled":true,"_links":{"self":[{"href":"https:\/\/buenosdiasbcs.com\/index.php?rest_route=\/wp\/v2\/posts\/5358","targetHints":{"allow":["GET"]}}],"collection":[{"href":"https:\/\/buenosdiasbcs.com\/index.php?rest_route=\/wp\/v2\/posts"}],"about":[{"href":"https:\/\/buenosdiasbcs.com\/index.php?rest_route=\/wp\/v2\/types\/post"}],"author":[{"embeddable":true,"href":"https:\/\/buenosdiasbcs.com\/index.php?rest_route=\/wp\/v2\/users\/2"}],"replies":[{"embeddable":true,"href":"https:\/\/buenosdiasbcs.com\/index.php?rest_route=%2Fwp%2Fv2%2Fcomments&post=5358"}],"version-history":[{"count":1,"href":"https:\/\/buenosdiasbcs.com\/index.php?rest_route=\/wp\/v2\/posts\/5358\/revisions"}],"predecessor-version":[{"id":5360,"href":"https:\/\/buenosdiasbcs.com\/index.php?rest_route=\/wp\/v2\/posts\/5358\/revisions\/5360"}],"wp:featuredmedia":[{"embeddable":true,"href":"https:\/\/buenosdiasbcs.com\/index.php?rest_route=\/wp\/v2\/media\/5359"}],"wp:attachment":[{"href":"https:\/\/buenosdiasbcs.com\/index.php?rest_route=%2Fwp%2Fv2%2Fmedia&parent=5358"}],"wp:term":[{"taxonomy":"category","embeddable":true,"href":"https:\/\/buenosdiasbcs.com\/index.php?rest_route=%2Fwp%2Fv2%2Fcategories&post=5358"},{"taxonomy":"post_tag","embeddable":true,"href":"https:\/\/buenosdiasbcs.com\/index.php?rest_route=%2Fwp%2Fv2%2Ftags&post=5358"}],"curies":[{"name":"wp","href":"https:\/\/api.w.org\/{rel}","templated":true}]}}